{"id":240016,"date":"2025-06-02T11:36:52","date_gmt":"2025-06-02T15:36:52","guid":{"rendered":"https:\/\/www.manaus.am.gov.br\/semcom\/orientacao-certidoes-remembramento-desmembramento-terrenos\/"},"modified":"2025-06-02T12:47:32","modified_gmt":"2025-06-02T15:47:32","slug":"orientacao-certidoes-remembramento-desmembramento-terrenos","status":"publish","type":"post","link":"https:\/\/www.manaus.am.gov.br\/semcom\/orientacao-certidoes-remembramento-desmembramento-terrenos\/","title":{"rendered":"Prefeitura orienta sobre certid\u00f5es de remembramento e desmembramento de terrenos pelo Implurb em Manaus"},"content":{"rendered":"\n<p>A Prefeitura de Manaus, por meio do Instituto Municipal de Planejamento Urbano (Implurb), refor\u00e7a a import\u00e2ncia de seguir os tr\u00e2mites legais para regularizar modifica\u00e7\u00f5es em lotes urbanos, como o remembramento e o desmembramento. Esses procedimentos fazem parte do ordenamento do territ\u00f3rio urbano e s\u00e3o essenciais para garantir que o uso e ocupa\u00e7\u00e3o do solo estejam de acordo com as normas estabelecidas no Plano Diretor da capital, respeitando a Lei Complementar n\u00ba 004\/2014.<\/p>\n\n\n\n<p>O remembramento \u00e9 o processo de unifica\u00e7\u00e3o de dois ou mais lotes cont\u00edguos, transformando-os em um \u00fanico terreno maior. Essa pr\u00e1tica \u00e9 comum em empreendimentos que necessitam de uma \u00e1rea mais ampla para constru\u00e7\u00e3o, como residenciais multifamiliares, edifica\u00e7\u00f5es comerciais, centros log\u00edsticos ou mesmo para fins de regulariza\u00e7\u00e3o fundi\u00e1ria. A aprova\u00e7\u00e3o do remembramento \u00e9 obrigat\u00f3ria e deve ser feita junto ao Implurb antes de qualquer interven\u00e7\u00e3o f\u00edsica no local.<\/p>\n\n\n\n<p>J\u00e1 o desmembramento corresponde ao processo inverso, ou seja, a divis\u00e3o de um terreno maior em dois ou mais lotes menores, desde que respeitados os par\u00e2metros urban\u00edsticos, como \u00e1rea m\u00ednima permitida, acesso \u00e0 via p\u00fablica e disponibilidade de infraestrutura. Esse processo \u00e9 muito utilizado por propriet\u00e1rios que desejam fracionar seus im\u00f3veis para fins de venda ou para constru\u00e7\u00e3o individualizada. A formaliza\u00e7\u00e3o do desmembramento tamb\u00e9m \u00e9 obrigat\u00f3ria e passa por an\u00e1lise t\u00e9cnica do Implurb.<\/p>\n\n\n\n<p>\u201cArquitetos, engenheiros e um t\u00e9cnico de edifica\u00e7\u00e3o podem fazer os projetos de memoriais e apresentar no Implurb. Ap\u00f3s a an\u00e1lise e a expedi\u00e7\u00e3o da certid\u00e3o final, o propriet\u00e1rio pode ir ao cart\u00f3rio e registrar o terreno\u201d, explicou o gerente de Parcelamento do Solo (GPS) do Implurb,&nbsp;Cl\u00e1udio&nbsp;Bel\u00e9m.<\/p>\n\n\n\n<p><strong>Processos<\/strong><\/p>\n\n\n\n<p>Para ambos os processos, o interessado deve protocolar requerimento padr\u00e3o junto ao instituto, contendo dados completos do propriet\u00e1rio, procurador e\/ou respons\u00e1vel t\u00e9cnico, como nome, telefone, celular e e-mail. \u00c9 necess\u00e1rio apresentar a certid\u00e3o atualizada da matr\u00edcula da Gleba emitida pelo cart\u00f3rio de registro de im\u00f3veis (com validade de at\u00e9 180 dias) de cada lote envolvido. Quando o im\u00f3vel estiver localizado em \u00e1rea da Superintend\u00eancia da Zona Franca de Manaus (Suframa), o Termo de Reserva de \u00c1rea pode substituir a certid\u00e3o da matr\u00edcula.<\/p>\n\n\n\n<p>Tamb\u00e9m \u00e9 exigida a Certid\u00e3o Negativa do Imposto sobre a Propriedade Predial e Territorial Urbana (IPTU) ou a guia de quita\u00e7\u00e3o atual. Caso o im\u00f3vel esteja em situa\u00e7\u00e3o de isen\u00e7\u00e3o ou negocia\u00e7\u00e3o de d\u00e9bitos, pode ser apresentada a CPD \u2013 Certid\u00e3o Positiva com Efeito de Negativa expedida pela Secretaria Municipal de Finan\u00e7as e Tecnologia da Informa\u00e7\u00e3o (Semef). A apresenta\u00e7\u00e3o da Anota\u00e7\u00e3o de Responsabilidade T\u00e9cnica (ART) para profissionais registrados no Conselho Regional de Engenharia e Agronomia do Amazonas (Crea-AM), ou do Registro de Responsabilidade T\u00e9cnica (RRT), no caso de profissionais do Conselho de Arquitetura e Urbanismo do Amazonas (CAU-AM), \u00e9 obrigat\u00f3ria para atestar a legalidade e responsabilidade t\u00e9cnica dos projetos.<\/p>\n\n\n\n<p>A documenta\u00e7\u00e3o t\u00e9cnica inclui a planta de situa\u00e7\u00e3o da \u00e1rea, planta individual de cada lote envolvido com indica\u00e7\u00e3o de \u00e1rea, per\u00edmetro, confronta\u00e7\u00f5es, curvas de n\u00edvel e cursos d\u2019\u00e1gua (quando for o caso), al\u00e9m da planta final do novo lote (em caso de remembramento) ou dos lotes resultantes (em caso de desmembramento). Todos os projetos devem ser assinados pelo propriet\u00e1rio e pelo respons\u00e1vel t\u00e9cnico, e devem vir acompanhados dos respectivos memoriais descritivos e arquivos digitais, al\u00e9m dos documentos exigidos em legisla\u00e7\u00e3o.<\/p>\n\n\n\n<p>Todo o tr\u00e2mite deve ser formalizado presencialmente no balc\u00e3o de atendimento do Implurb. Para maior agilidade na comunica\u00e7\u00e3o, os solicitantes devem indicar um e-mail v\u00e1lido. O acompanhamento do processo pode ser feito on-line, pelo endere\u00e7o&nbsp;<a href=\"http:\/\/implurb.manaus.am.gov.br\/consulta-de-processos\" target=\"_blank\" rel=\"noreferrer noopener\">http:\/\/implurb.manaus.am.gov.br\/consulta-de-processos<\/a>.<\/p>\n\n\n\n<p>O atendimento presencial \u00e9 feito das 8h \u00e0s 14h, de segunda a sexta-feira (exceto feriados e pontos facultativos), para tirar d\u00favidas de requerentes.<\/p>\n\n\n\n<figure class=\"wp-block-image size-large\"><img loading=\"lazy\" decoding=\"async\" width=\"1024\" height=\"768\" src=\"https:\/\/www.manaus.am.gov.br\/semcom\/wp-content\/uploads\/sites\/5\/2025\/06\/GPS-4-1024x768.jpeg\" alt=\"\" class=\"wp-image-240020\" srcset=\"https:\/\/www.manaus.am.gov.br\/semcom\/wp-content\/uploads\/sites\/5\/2025\/06\/GPS-4-1024x768.jpeg 1024w, https:\/\/www.manaus.am.gov.br\/semcom\/wp-content\/uploads\/sites\/5\/2025\/06\/GPS-4-300x225.jpeg 300w, https:\/\/www.manaus.am.gov.br\/semcom\/wp-content\/uploads\/sites\/5\/2025\/06\/GPS-4-768x576.jpeg 768w, https:\/\/www.manaus.am.gov.br\/semcom\/wp-content\/uploads\/sites\/5\/2025\/06\/GPS-4-1536x1152.jpeg 1536w, https:\/\/www.manaus.am.gov.br\/semcom\/wp-content\/uploads\/sites\/5\/2025\/06\/GPS-4.jpeg 1600w\" sizes=\"(max-width: 1024px) 100vw, 1024px\" \/><\/figure>\n\n\n\n<p><strong>&#8212; &#8212; &#8212;<\/strong><\/p>\n\n\n\n<p><strong>Texto \u2013&nbsp;<\/strong>Yasmin Ferreira\/Implurb<\/p>\n\n\n\n<p><strong>Fotos \u2013&nbsp;<\/strong>Maxwell Oliveira\/Implurb<\/p>\n","protected":false},"excerpt":{"rendered":"","protected":false},"author":39,"featured_media":240017,"comment_status":"closed","ping_status":"closed","sticky":false,"template":"","format":"standard","meta":{"footnotes":""},"categories":[977],"tags":[15145,65,614,77,404],"acf":[],"yoast_head":"<!-- This site is optimized with the Yoast SEO plugin v23.0 - https:\/\/yoast.com\/wordpress\/plugins\/seo\/ -->\n<title>Orienta\u00e7\u00e3o sobre certid\u00f5es de terrenos pelo Implurb<\/title>\n<meta name=\"description\" content=\"Prefeitura de Manaus orienta sobre certid\u00f5es de remembramento e desmembramento de terrenos pelo Implurb na cidade.\" \/>\n<meta name=\"robots\" content=\"index, follow, max-snippet:-1, max-image-preview:large, max-video-preview:-1\" \/>\n<link rel=\"canonical\" href=\"https:\/\/www.manaus.am.gov.br\/semcom\/orientacao-certidoes-remembramento-desmembramento-terrenos\/\" \/>\n<meta property=\"og:locale\" content=\"pt_BR\" \/>\n<meta property=\"og:type\" content=\"article\" \/>\n<meta property=\"og:title\" content=\"Orienta\u00e7\u00e3o sobre certid\u00f5es de terrenos pelo Implurb\" \/>\n<meta property=\"og:description\" content=\"Prefeitura de Manaus orienta sobre certid\u00f5es de remembramento e desmembramento de terrenos pelo Implurb na cidade.\" \/>\n<meta property=\"og:url\" content=\"https:\/\/www.manaus.am.gov.br\/semcom\/orientacao-certidoes-remembramento-desmembramento-terrenos\/\" \/>\n<meta property=\"og:site_name\" content=\"SEMCOM\" \/>\n<meta property=\"article:published_time\" content=\"2025-06-02T15:36:52+00:00\" \/>\n<meta property=\"article:modified_time\" content=\"2025-06-02T15:47:32+00:00\" \/>\n<meta property=\"og:image\" content=\"https:\/\/www.manaus.am.gov.br\/semcom\/wp-content\/uploads\/sites\/5\/2025\/06\/gps6.jpeg\" \/>\n\t<meta property=\"og:image:width\" content=\"4032\" \/>\n\t<meta property=\"og:image:height\" content=\"3024\" \/>\n\t<meta property=\"og:image:type\" content=\"image\/jpeg\" \/>\n<meta name=\"author\" content=\"Bruna Greco\" \/>\n<meta name=\"twitter:card\" content=\"summary_large_image\" \/>\n<meta name=\"twitter:label1\" content=\"Written by\" \/>\n\t<meta name=\"twitter:data1\" content=\"Bruna Greco\" \/>\n\t<meta name=\"twitter:label2\" content=\"Est. reading time\" \/>\n\t<meta name=\"twitter:data2\" content=\"4 minutos\" \/>\n<script type=\"application\/ld+json\" class=\"yoast-schema-graph\">{\"@context\":\"https:\/\/schema.org\",\"@graph\":[{\"@type\":\"WebPage\",\"@id\":\"https:\/\/www.manaus.am.gov.br\/semcom\/orientacao-certidoes-remembramento-desmembramento-terrenos\/\",\"url\":\"https:\/\/www.manaus.am.gov.br\/semcom\/orientacao-certidoes-remembramento-desmembramento-terrenos\/\",\"name\":\"Orienta\u00e7\u00e3o sobre certid\u00f5es de terrenos pelo Implurb\",\"isPartOf\":{\"@id\":\"https:\/\/www.manaus.am.gov.br\/semcom\/#website\"},\"primaryImageOfPage\":{\"@id\":\"https:\/\/www.manaus.am.gov.br\/semcom\/orientacao-certidoes-remembramento-desmembramento-terrenos\/#primaryimage\"},\"image\":{\"@id\":\"https:\/\/www.manaus.am.gov.br\/semcom\/orientacao-certidoes-remembramento-desmembramento-terrenos\/#primaryimage\"},\"thumbnailUrl\":\"https:\/\/www.manaus.am.gov.br\/semcom\/wp-content\/uploads\/sites\/5\/2025\/06\/gps6.jpeg\",\"datePublished\":\"2025-06-02T15:36:52+00:00\",\"dateModified\":\"2025-06-02T15:47:32+00:00\",\"author\":{\"@id\":\"https:\/\/www.manaus.am.gov.br\/semcom\/#\/schema\/person\/05d223aea2bf115f9883a6ff3683d81b\"},\"description\":\"Prefeitura de Manaus orienta sobre certid\u00f5es de remembramento e desmembramento de terrenos pelo Implurb na cidade.\",\"inLanguage\":\"pt-BR\",\"potentialAction\":[{\"@type\":\"ReadAction\",\"target\":[\"https:\/\/www.manaus.am.gov.br\/semcom\/orientacao-certidoes-remembramento-desmembramento-terrenos\/\"]}]},{\"@type\":\"ImageObject\",\"inLanguage\":\"pt-BR\",\"@id\":\"https:\/\/www.manaus.am.gov.br\/semcom\/orientacao-certidoes-remembramento-desmembramento-terrenos\/#primaryimage\",\"url\":\"https:\/\/www.manaus.am.gov.br\/semcom\/wp-content\/uploads\/sites\/5\/2025\/06\/gps6.jpeg\",\"contentUrl\":\"https:\/\/www.manaus.am.gov.br\/semcom\/wp-content\/uploads\/sites\/5\/2025\/06\/gps6.jpeg\",\"width\":4032,\"height\":3024},{\"@type\":\"WebSite\",\"@id\":\"https:\/\/www.manaus.am.gov.br\/semcom\/#website\",\"url\":\"https:\/\/www.manaus.am.gov.br\/semcom\/\",\"name\":\"SEMCOM\",\"description\":\"Secretaria Municipal de Comunica\u00e7\u00e3o\",\"potentialAction\":[{\"@type\":\"SearchAction\",\"target\":{\"@type\":\"EntryPoint\",\"urlTemplate\":\"https:\/\/www.manaus.am.gov.br\/semcom\/?s={search_term_string}\"},\"query-input\":\"required name=search_term_string\"}],\"inLanguage\":\"pt-BR\"},{\"@type\":\"Person\",\"@id\":\"https:\/\/www.manaus.am.gov.br\/semcom\/#\/schema\/person\/05d223aea2bf115f9883a6ff3683d81b\",\"name\":\"Bruna Greco\",\"image\":{\"@type\":\"ImageObject\",\"inLanguage\":\"pt-BR\",\"@id\":\"https:\/\/www.manaus.am.gov.br\/semcom\/#\/schema\/person\/image\/\",\"url\":\"https:\/\/secure.gravatar.com\/avatar\/9c877d1a6adc2a055330e5c09a8653ce?s=96&d=mm&r=g\",\"contentUrl\":\"https:\/\/secure.gravatar.com\/avatar\/9c877d1a6adc2a055330e5c09a8653ce?s=96&d=mm&r=g\",\"caption\":\"Bruna Greco\"}}]}<\/script>\n<!-- \/ Yoast SEO plugin. -->","yoast_head_json":{"title":"Orienta\u00e7\u00e3o sobre certid\u00f5es de terrenos pelo Implurb","description":"Prefeitura de Manaus orienta sobre certid\u00f5es de remembramento e desmembramento de terrenos pelo Implurb na cidade.","robots":{"index":"index","follow":"follow","max-snippet":"max-snippet:-1","max-image-preview":"max-image-preview:large","max-video-preview":"max-video-preview:-1"},"canonical":"https:\/\/www.manaus.am.gov.br\/semcom\/orientacao-certidoes-remembramento-desmembramento-terrenos\/","og_locale":"pt_BR","og_type":"article","og_title":"Orienta\u00e7\u00e3o sobre certid\u00f5es de terrenos pelo Implurb","og_description":"Prefeitura de Manaus orienta sobre certid\u00f5es de remembramento e desmembramento de terrenos pelo Implurb na cidade.","og_url":"https:\/\/www.manaus.am.gov.br\/semcom\/orientacao-certidoes-remembramento-desmembramento-terrenos\/","og_site_name":"SEMCOM","article_published_time":"2025-06-02T15:36:52+00:00","article_modified_time":"2025-06-02T15:47:32+00:00","og_image":[{"width":4032,"height":3024,"url":"https:\/\/www.manaus.am.gov.br\/semcom\/wp-content\/uploads\/sites\/5\/2025\/06\/gps6.jpeg","type":"image\/jpeg"}],"author":"Bruna Greco","twitter_card":"summary_large_image","twitter_misc":{"Written by":"Bruna Greco","Est. reading time":"4 minutos"},"schema":{"@context":"https:\/\/schema.org","@graph":[{"@type":"WebPage","@id":"https:\/\/www.manaus.am.gov.br\/semcom\/orientacao-certidoes-remembramento-desmembramento-terrenos\/","url":"https:\/\/www.manaus.am.gov.br\/semcom\/orientacao-certidoes-remembramento-desmembramento-terrenos\/","name":"Orienta\u00e7\u00e3o sobre certid\u00f5es de terrenos pelo Implurb","isPartOf":{"@id":"https:\/\/www.manaus.am.gov.br\/semcom\/#website"},"primaryImageOfPage":{"@id":"https:\/\/www.manaus.am.gov.br\/semcom\/orientacao-certidoes-remembramento-desmembramento-terrenos\/#primaryimage"},"image":{"@id":"https:\/\/www.manaus.am.gov.br\/semcom\/orientacao-certidoes-remembramento-desmembramento-terrenos\/#primaryimage"},"thumbnailUrl":"https:\/\/www.manaus.am.gov.br\/semcom\/wp-content\/uploads\/sites\/5\/2025\/06\/gps6.jpeg","datePublished":"2025-06-02T15:36:52+00:00","dateModified":"2025-06-02T15:47:32+00:00","author":{"@id":"https:\/\/www.manaus.am.gov.br\/semcom\/#\/schema\/person\/05d223aea2bf115f9883a6ff3683d81b"},"description":"Prefeitura de Manaus orienta sobre certid\u00f5es de remembramento e desmembramento de terrenos pelo Implurb na cidade.","inLanguage":"pt-BR","potentialAction":[{"@type":"ReadAction","target":["https:\/\/www.manaus.am.gov.br\/semcom\/orientacao-certidoes-remembramento-desmembramento-terrenos\/"]}]},{"@type":"ImageObject","inLanguage":"pt-BR","@id":"https:\/\/www.manaus.am.gov.br\/semcom\/orientacao-certidoes-remembramento-desmembramento-terrenos\/#primaryimage","url":"https:\/\/www.manaus.am.gov.br\/semcom\/wp-content\/uploads\/sites\/5\/2025\/06\/gps6.jpeg","contentUrl":"https:\/\/www.manaus.am.gov.br\/semcom\/wp-content\/uploads\/sites\/5\/2025\/06\/gps6.jpeg","width":4032,"height":3024},{"@type":"WebSite","@id":"https:\/\/www.manaus.am.gov.br\/semcom\/#website","url":"https:\/\/www.manaus.am.gov.br\/semcom\/","name":"SEMCOM","description":"Secretaria Municipal de Comunica\u00e7\u00e3o","potentialAction":[{"@type":"SearchAction","target":{"@type":"EntryPoint","urlTemplate":"https:\/\/www.manaus.am.gov.br\/semcom\/?s={search_term_string}"},"query-input":"required name=search_term_string"}],"inLanguage":"pt-BR"},{"@type":"Person","@id":"https:\/\/www.manaus.am.gov.br\/semcom\/#\/schema\/person\/05d223aea2bf115f9883a6ff3683d81b","name":"Bruna Greco","image":{"@type":"ImageObject","inLanguage":"pt-BR","@id":"https:\/\/www.manaus.am.gov.br\/semcom\/#\/schema\/person\/image\/","url":"https:\/\/secure.gravatar.com\/avatar\/9c877d1a6adc2a055330e5c09a8653ce?s=96&d=mm&r=g","contentUrl":"https:\/\/secure.gravatar.com\/avatar\/9c877d1a6adc2a055330e5c09a8653ce?s=96&d=mm&r=g","caption":"Bruna Greco"}}]}},"_links":{"self":[{"href":"https:\/\/www.manaus.am.gov.br\/semcom\/wp-json\/wp\/v2\/posts\/240016"}],"collection":[{"href":"https:\/\/www.manaus.am.gov.br\/semcom\/wp-json\/wp\/v2\/posts"}],"about":[{"href":"https:\/\/www.manaus.am.gov.br\/semcom\/wp-json\/wp\/v2\/types\/post"}],"author":[{"embeddable":true,"href":"https:\/\/www.manaus.am.gov.br\/semcom\/wp-json\/wp\/v2\/users\/39"}],"replies":[{"embeddable":true,"href":"https:\/\/www.manaus.am.gov.br\/semcom\/wp-json\/wp\/v2\/comments?post=240016"}],"version-history":[{"count":4,"href":"https:\/\/www.manaus.am.gov.br\/semcom\/wp-json\/wp\/v2\/posts\/240016\/revisions"}],"predecessor-version":[{"id":240022,"href":"https:\/\/www.manaus.am.gov.br\/semcom\/wp-json\/wp\/v2\/posts\/240016\/revisions\/240022"}],"wp:featuredmedia":[{"embeddable":true,"href":"https:\/\/www.manaus.am.gov.br\/semcom\/wp-json\/wp\/v2\/media\/240017"}],"wp:attachment":[{"href":"https:\/\/www.manaus.am.gov.br\/semcom\/wp-json\/wp\/v2\/media?parent=240016"}],"wp:term":[{"taxonomy":"category","embeddable":true,"href":"https:\/\/www.manaus.am.gov.br\/semcom\/wp-json\/wp\/v2\/categories?post=240016"},{"taxonomy":"post_tag","embeddable":true,"href":"https:\/\/www.manaus.am.gov.br\/semcom\/wp-json\/wp\/v2\/tags?post=240016"}],"curies":[{"name":"wp","href":"https:\/\/api.w.org\/{rel}","templated":true}]}}