{"id":239997,"date":"2025-06-01T17:19:28","date_gmt":"2025-06-01T20:19:28","guid":{"rendered":"https:\/\/www.manaus.am.gov.br\/semcom\/prefeito-semhaf-doisanos\/"},"modified":"2025-06-01T17:20:14","modified_gmt":"2025-06-01T20:20:14","slug":"prefeito-semhaf-doisanos","status":"publish","type":"post","link":"https:\/\/www.manaus.am.gov.br\/semcom\/prefeito-semhaf-doisanos\/","title":{"rendered":"Prefeito David Almeida destaca avan\u00e7os na habita\u00e7\u00e3o durante celebra\u00e7\u00e3o dos dois anos da Semhaf"},"content":{"rendered":"\n<p>O prefeito de Manaus, David Almeida, celebrou neste domingo, 1\u00ba\/6, os dois anos de cria\u00e7\u00e3o da Secretaria Municipal de Habita\u00e7\u00e3o e Assuntos Fundi\u00e1rios (Semhaf), com um evento realizado na Casa de Praia Zezinho Corr\u00eaa, no complexo tur\u00edstico Ponta Negra, zona Oeste. O chefe do Executivo municipal ressaltou os avan\u00e7os promovidos pela secretaria, que tem transformado a vida de milhares de fam\u00edlias na capital.<\/p>\n\n\n\n<p>\u201cCriamos a Semhaf para dar respostas concretas a um problema hist\u00f3rico da cidade: a falta de moradia digna. Hoje, podemos afirmar com orgulho que estamos mudando essa realidade com trabalho s\u00e9rio e compromisso com quem mais precisa\u201d, afirmou o prefeito David Almeida.<\/p>\n\n\n\n<p>Criada em 2023, a Semhaf nasceu com o objetivo de estabelecer um canal direto com os movimentos sociais e acelerar solu\u00e7\u00f5es para o d\u00e9ficit habitacional de Manaus. Em apenas dois anos, a pasta j\u00e1 entregou mais de 400 reformas de casas por meio do programa \u201cCasa Manauara\u201d, regularizou mais de 7.000 im\u00f3veis e viabilizou a contrata\u00e7\u00e3o de mais de 4.700 unidades habitacionais do programa \u201cMinha Casa, Minha Vida\u201d.<\/p>\n\n\n\n<p>O titular da Semhaf, Jesus Alves, destacou o apoio recebido para ampliar o alcance das a\u00e7\u00f5es da pasta. \u201cA cria\u00e7\u00e3o da Semhaf foi um marco, porque permitiu abrir di\u00e1logo com os movimentos de moradia e atender com mais efici\u00eancia as demandas hist\u00f3ricas da popula\u00e7\u00e3o. Agrade\u00e7o, especialmente, ao prefeito David pela confian\u00e7a em meu trabalho e ao senador Eduardo Braga, que tem sido um parceiro fundamental ao destinar emendas que fortalecem nossas pol\u00edticas habitacionais\u201d, declarou.<\/p>\n\n\n\n<p>Representando os movimentos sociais, Julio C\u00e9sar Ferraz, do Movimento de Luta de Trabalhadores Independentes (MLTI), elogiou a iniciativa. \u201cA cria\u00e7\u00e3o da secretaria foi uma conquista importante. Ela estabeleceu um canal de di\u00e1logo com os movimentos de moradia e tem buscado solu\u00e7\u00f5es concretas. Isso \u00e9 algo que n\u00e3o existia antes em Manaus\u201d, comentou.<\/p>\n\n\n\n<p>A lideran\u00e7a ind\u00edgena Bia Kokama destacou o novo olhar da prefeitura para as associa\u00e7\u00f5es. \u201cNunca as associa\u00e7\u00f5es foram ouvidas como est\u00e3o sendo agora. O prefeito David Almeida est\u00e1 mudando essa hist\u00f3ria e tendo um olhar carinhoso com quem luta todos os dias pelo direito de morar com dignidade\u201d, afirmou.<\/p>\n\n\n\n<p>Entre os principais programas da secretaria est\u00e3o a \u201cCasa Manauara\u201d, com reformas com investimento de at\u00e9 R$ 27 mil por im\u00f3vel, beneficiando fam\u00edlias em situa\u00e7\u00e3o de vulnerabilidade social; \u201cMinha Casa, Minha Vida\u201d, sendo mais de 4.700 unidades contratadas com infraestrutura completa, e Regulariza\u00e7\u00e3o fundi\u00e1ria, com milhares de registros de im\u00f3veis entregues, garantindo seguran\u00e7a jur\u00eddica para comunidades hist\u00f3ricas da cidade.<\/p>\n\n\n\n<p>Com dois anos de atua\u00e7\u00e3o, a Semhaf se firmou como uma das pastas estrat\u00e9gicas da administra\u00e7\u00e3o municipal, com resultados concretos na amplia\u00e7\u00e3o do acesso \u00e0 moradia digna. As a\u00e7\u00f5es desenvolvidas pela secretaria colocam Manaus entre as capitais brasileiras com maior volume de investimentos habitacionais nos \u00faltimos anos, evidenciando o compromisso da gest\u00e3o municipal com pol\u00edticas p\u00fablicas voltadas \u00e0 inclus\u00e3o e \u00e0 melhoria da qualidade de vida da popula\u00e7\u00e3o.<\/p>\n\n\n\n<p>&#8212; &#8212; &#8212;&nbsp;<\/p>\n\n\n\n<p><strong>Texto<\/strong>\u00a0&#8211; \u00a0Leonardo Fierro \/Semhaf<\/p>\n\n\n\n<p><strong>Fotos\u00a0<\/strong>&#8211; Jo\u00e3o Viana \/ Semcom<\/p>\n\n\n\n<p><strong>Dispon\u00edveis<\/strong> <strong>em\u00a0<\/strong>&#8211;\u00a0<a href=\"https:\/\/flic.kr\/s\/aHBqjCgrXA\">https:\/\/flic.kr\/s\/aHBqjCgrXA<\/a><\/p>\n","protected":false},"excerpt":{"rendered":"","protected":false},"author":23,"featured_media":239998,"comment_status":"closed","ping_status":"closed","sticky":false,"template":"","format":"standard","meta":{"footnotes":""},"categories":[2162],"tags":[4190,1343,4192,3410,5706,458,484,5352],"acf":[],"yoast_head":"<!-- This site is optimized with the Yoast SEO plugin v23.0 - https:\/\/yoast.com\/wordpress\/plugins\/seo\/ -->\n<title>Prefeito David Almeida destaca avan\u00e7os na habita\u00e7\u00e3o durante celebra\u00e7\u00e3o dos dois anos da Semhaf<\/title>\n<meta name=\"description\" content=\"O prefeito de Manaus, David Almeida, celebrou neste domingo, 1\u00ba\/6, os dois anos de cria\u00e7\u00e3o da Secretaria Municipal de Habita\u00e7\u00e3o e Assuntos Fundi\u00e1rios (Semhaf), com um evento realizado na Casa de Praia Zezinho Corr\u00eaa, no complexo tur\u00edstico Ponta Negra, zona Oeste.\" \/>\n<meta name=\"robots\" content=\"index, follow, max-snippet:-1, max-image-preview:large, max-video-preview:-1\" \/>\n<link rel=\"canonical\" href=\"https:\/\/www.manaus.am.gov.br\/semcom\/prefeito-semhaf-doisanos\/\" \/>\n<meta property=\"og:locale\" content=\"pt_BR\" \/>\n<meta property=\"og:type\" content=\"article\" \/>\n<meta property=\"og:title\" content=\"Prefeito David Almeida destaca avan\u00e7os na habita\u00e7\u00e3o durante celebra\u00e7\u00e3o dos dois anos da Semhaf\" \/>\n<meta property=\"og:description\" content=\"O prefeito de Manaus, David Almeida, celebrou neste domingo, 1\u00ba\/6, os dois anos de cria\u00e7\u00e3o da Secretaria Municipal de Habita\u00e7\u00e3o e Assuntos Fundi\u00e1rios (Semhaf), com um evento realizado na Casa de Praia Zezinho Corr\u00eaa, no complexo tur\u00edstico Ponta Negra, zona Oeste.\" \/>\n<meta property=\"og:url\" content=\"https:\/\/www.manaus.am.gov.br\/semcom\/prefeito-semhaf-doisanos\/\" \/>\n<meta property=\"og:site_name\" content=\"SEMCOM\" \/>\n<meta property=\"article:published_time\" content=\"2025-06-01T20:19:28+00:00\" \/>\n<meta property=\"article:modified_time\" content=\"2025-06-01T20:20:14+00:00\" \/>\n<meta property=\"og:image\" content=\"https:\/\/www.manaus.am.gov.br\/semcom\/wp-content\/uploads\/sites\/5\/2025\/06\/54560684858_1a3e668623_c.jpg\" \/>\n\t<meta property=\"og:image:width\" content=\"799\" \/>\n\t<meta property=\"og:image:height\" content=\"533\" \/>\n\t<meta property=\"og:image:type\" content=\"image\/jpeg\" \/>\n<meta name=\"author\" content=\"Adriana Costa\" \/>\n<meta name=\"twitter:card\" content=\"summary_large_image\" \/>\n<meta name=\"twitter:label1\" content=\"Written by\" \/>\n\t<meta name=\"twitter:data1\" content=\"Adriana Costa\" \/>\n\t<meta name=\"twitter:label2\" content=\"Est. reading time\" \/>\n\t<meta name=\"twitter:data2\" content=\"3 minutos\" \/>\n<script type=\"application\/ld+json\" class=\"yoast-schema-graph\">{\"@context\":\"https:\/\/schema.org\",\"@graph\":[{\"@type\":\"WebPage\",\"@id\":\"https:\/\/www.manaus.am.gov.br\/semcom\/prefeito-semhaf-doisanos\/\",\"url\":\"https:\/\/www.manaus.am.gov.br\/semcom\/prefeito-semhaf-doisanos\/\",\"name\":\"Prefeito David Almeida destaca avan\u00e7os na habita\u00e7\u00e3o durante celebra\u00e7\u00e3o dos dois anos da Semhaf\",\"isPartOf\":{\"@id\":\"https:\/\/www.manaus.am.gov.br\/semcom\/#website\"},\"primaryImageOfPage\":{\"@id\":\"https:\/\/www.manaus.am.gov.br\/semcom\/prefeito-semhaf-doisanos\/#primaryimage\"},\"image\":{\"@id\":\"https:\/\/www.manaus.am.gov.br\/semcom\/prefeito-semhaf-doisanos\/#primaryimage\"},\"thumbnailUrl\":\"https:\/\/www.manaus.am.gov.br\/semcom\/wp-content\/uploads\/sites\/5\/2025\/06\/54560684858_1a3e668623_c.jpg\",\"datePublished\":\"2025-06-01T20:19:28+00:00\",\"dateModified\":\"2025-06-01T20:20:14+00:00\",\"author\":{\"@id\":\"https:\/\/www.manaus.am.gov.br\/semcom\/#\/schema\/person\/4e49f4e267757a06ca072ec61b2b9968\"},\"description\":\"O prefeito de Manaus, David Almeida, celebrou neste domingo, 1\u00ba\/6, os dois anos de cria\u00e7\u00e3o da Secretaria Municipal de Habita\u00e7\u00e3o e Assuntos Fundi\u00e1rios (Semhaf), com um evento realizado na Casa de Praia Zezinho Corr\u00eaa, no complexo tur\u00edstico Ponta Negra, zona Oeste.\",\"inLanguage\":\"pt-BR\",\"potentialAction\":[{\"@type\":\"ReadAction\",\"target\":[\"https:\/\/www.manaus.am.gov.br\/semcom\/prefeito-semhaf-doisanos\/\"]}]},{\"@type\":\"ImageObject\",\"inLanguage\":\"pt-BR\",\"@id\":\"https:\/\/www.manaus.am.gov.br\/semcom\/prefeito-semhaf-doisanos\/#primaryimage\",\"url\":\"https:\/\/www.manaus.am.gov.br\/semcom\/wp-content\/uploads\/sites\/5\/2025\/06\/54560684858_1a3e668623_c.jpg\",\"contentUrl\":\"https:\/\/www.manaus.am.gov.br\/semcom\/wp-content\/uploads\/sites\/5\/2025\/06\/54560684858_1a3e668623_c.jpg\",\"width\":799,\"height\":533},{\"@type\":\"WebSite\",\"@id\":\"https:\/\/www.manaus.am.gov.br\/semcom\/#website\",\"url\":\"https:\/\/www.manaus.am.gov.br\/semcom\/\",\"name\":\"SEMCOM\",\"description\":\"Secretaria Municipal de Comunica\u00e7\u00e3o\",\"potentialAction\":[{\"@type\":\"SearchAction\",\"target\":{\"@type\":\"EntryPoint\",\"urlTemplate\":\"https:\/\/www.manaus.am.gov.br\/semcom\/?s={search_term_string}\"},\"query-input\":\"required name=search_term_string\"}],\"inLanguage\":\"pt-BR\"},{\"@type\":\"Person\",\"@id\":\"https:\/\/www.manaus.am.gov.br\/semcom\/#\/schema\/person\/4e49f4e267757a06ca072ec61b2b9968\",\"name\":\"Adriana Costa\",\"image\":{\"@type\":\"ImageObject\",\"inLanguage\":\"pt-BR\",\"@id\":\"https:\/\/www.manaus.am.gov.br\/semcom\/#\/schema\/person\/image\/\",\"url\":\"https:\/\/secure.gravatar.com\/avatar\/576258617ef7194f718179e766d57bd4?s=96&d=mm&r=g\",\"contentUrl\":\"https:\/\/secure.gravatar.com\/avatar\/576258617ef7194f718179e766d57bd4?s=96&d=mm&r=g\",\"caption\":\"Adriana Costa\"}}]}<\/script>\n<!-- \/ Yoast SEO plugin. -->","yoast_head_json":{"title":"Prefeito David Almeida destaca avan\u00e7os na habita\u00e7\u00e3o durante celebra\u00e7\u00e3o dos dois anos da Semhaf","description":"O prefeito de Manaus, David Almeida, celebrou neste domingo, 1\u00ba\/6, os dois anos de cria\u00e7\u00e3o da Secretaria Municipal de Habita\u00e7\u00e3o e Assuntos Fundi\u00e1rios (Semhaf), com um evento realizado na Casa de Praia Zezinho Corr\u00eaa, no complexo tur\u00edstico Ponta Negra, zona Oeste.","robots":{"index":"index","follow":"follow","max-snippet":"max-snippet:-1","max-image-preview":"max-image-preview:large","max-video-preview":"max-video-preview:-1"},"canonical":"https:\/\/www.manaus.am.gov.br\/semcom\/prefeito-semhaf-doisanos\/","og_locale":"pt_BR","og_type":"article","og_title":"Prefeito David Almeida destaca avan\u00e7os na habita\u00e7\u00e3o durante celebra\u00e7\u00e3o dos dois anos da Semhaf","og_description":"O prefeito de Manaus, David Almeida, celebrou neste domingo, 1\u00ba\/6, os dois anos de cria\u00e7\u00e3o da Secretaria Municipal de Habita\u00e7\u00e3o e Assuntos Fundi\u00e1rios (Semhaf), com um evento realizado na Casa de Praia Zezinho Corr\u00eaa, no complexo tur\u00edstico Ponta Negra, zona Oeste.","og_url":"https:\/\/www.manaus.am.gov.br\/semcom\/prefeito-semhaf-doisanos\/","og_site_name":"SEMCOM","article_published_time":"2025-06-01T20:19:28+00:00","article_modified_time":"2025-06-01T20:20:14+00:00","og_image":[{"width":799,"height":533,"url":"https:\/\/www.manaus.am.gov.br\/semcom\/wp-content\/uploads\/sites\/5\/2025\/06\/54560684858_1a3e668623_c.jpg","type":"image\/jpeg"}],"author":"Adriana Costa","twitter_card":"summary_large_image","twitter_misc":{"Written by":"Adriana Costa","Est. reading time":"3 minutos"},"schema":{"@context":"https:\/\/schema.org","@graph":[{"@type":"WebPage","@id":"https:\/\/www.manaus.am.gov.br\/semcom\/prefeito-semhaf-doisanos\/","url":"https:\/\/www.manaus.am.gov.br\/semcom\/prefeito-semhaf-doisanos\/","name":"Prefeito David Almeida destaca avan\u00e7os na habita\u00e7\u00e3o durante celebra\u00e7\u00e3o dos dois anos da Semhaf","isPartOf":{"@id":"https:\/\/www.manaus.am.gov.br\/semcom\/#website"},"primaryImageOfPage":{"@id":"https:\/\/www.manaus.am.gov.br\/semcom\/prefeito-semhaf-doisanos\/#primaryimage"},"image":{"@id":"https:\/\/www.manaus.am.gov.br\/semcom\/prefeito-semhaf-doisanos\/#primaryimage"},"thumbnailUrl":"https:\/\/www.manaus.am.gov.br\/semcom\/wp-content\/uploads\/sites\/5\/2025\/06\/54560684858_1a3e668623_c.jpg","datePublished":"2025-06-01T20:19:28+00:00","dateModified":"2025-06-01T20:20:14+00:00","author":{"@id":"https:\/\/www.manaus.am.gov.br\/semcom\/#\/schema\/person\/4e49f4e267757a06ca072ec61b2b9968"},"description":"O prefeito de Manaus, David Almeida, celebrou neste domingo, 1\u00ba\/6, os dois anos de cria\u00e7\u00e3o da Secretaria Municipal de Habita\u00e7\u00e3o e Assuntos Fundi\u00e1rios (Semhaf), com um evento realizado na Casa de Praia Zezinho Corr\u00eaa, no complexo tur\u00edstico Ponta Negra, zona Oeste.","inLanguage":"pt-BR","potentialAction":[{"@type":"ReadAction","target":["https:\/\/www.manaus.am.gov.br\/semcom\/prefeito-semhaf-doisanos\/"]}]},{"@type":"ImageObject","inLanguage":"pt-BR","@id":"https:\/\/www.manaus.am.gov.br\/semcom\/prefeito-semhaf-doisanos\/#primaryimage","url":"https:\/\/www.manaus.am.gov.br\/semcom\/wp-content\/uploads\/sites\/5\/2025\/06\/54560684858_1a3e668623_c.jpg","contentUrl":"https:\/\/www.manaus.am.gov.br\/semcom\/wp-content\/uploads\/sites\/5\/2025\/06\/54560684858_1a3e668623_c.jpg","width":799,"height":533},{"@type":"WebSite","@id":"https:\/\/www.manaus.am.gov.br\/semcom\/#website","url":"https:\/\/www.manaus.am.gov.br\/semcom\/","name":"SEMCOM","description":"Secretaria Municipal de Comunica\u00e7\u00e3o","potentialAction":[{"@type":"SearchAction","target":{"@type":"EntryPoint","urlTemplate":"https:\/\/www.manaus.am.gov.br\/semcom\/?s={search_term_string}"},"query-input":"required name=search_term_string"}],"inLanguage":"pt-BR"},{"@type":"Person","@id":"https:\/\/www.manaus.am.gov.br\/semcom\/#\/schema\/person\/4e49f4e267757a06ca072ec61b2b9968","name":"Adriana Costa","image":{"@type":"ImageObject","inLanguage":"pt-BR","@id":"https:\/\/www.manaus.am.gov.br\/semcom\/#\/schema\/person\/image\/","url":"https:\/\/secure.gravatar.com\/avatar\/576258617ef7194f718179e766d57bd4?s=96&d=mm&r=g","contentUrl":"https:\/\/secure.gravatar.com\/avatar\/576258617ef7194f718179e766d57bd4?s=96&d=mm&r=g","caption":"Adriana Costa"}}]}},"_links":{"self":[{"href":"https:\/\/www.manaus.am.gov.br\/semcom\/wp-json\/wp\/v2\/posts\/239997"}],"collection":[{"href":"https:\/\/www.manaus.am.gov.br\/semcom\/wp-json\/wp\/v2\/posts"}],"about":[{"href":"https:\/\/www.manaus.am.gov.br\/semcom\/wp-json\/wp\/v2\/types\/post"}],"author":[{"embeddable":true,"href":"https:\/\/www.manaus.am.gov.br\/semcom\/wp-json\/wp\/v2\/users\/23"}],"replies":[{"embeddable":true,"href":"https:\/\/www.manaus.am.gov.br\/semcom\/wp-json\/wp\/v2\/comments?post=239997"}],"version-history":[{"count":1,"href":"https:\/\/www.manaus.am.gov.br\/semcom\/wp-json\/wp\/v2\/posts\/239997\/revisions"}],"predecessor-version":[{"id":239999,"href":"https:\/\/www.manaus.am.gov.br\/semcom\/wp-json\/wp\/v2\/posts\/239997\/revisions\/239999"}],"wp:featuredmedia":[{"embeddable":true,"href":"https:\/\/www.manaus.am.gov.br\/semcom\/wp-json\/wp\/v2\/media\/239998"}],"wp:attachment":[{"href":"https:\/\/www.manaus.am.gov.br\/semcom\/wp-json\/wp\/v2\/media?parent=239997"}],"wp:term":[{"taxonomy":"category","embeddable":true,"href":"https:\/\/www.manaus.am.gov.br\/semcom\/wp-json\/wp\/v2\/categories?post=239997"},{"taxonomy":"post_tag","embeddable":true,"href":"https:\/\/www.manaus.am.gov.br\/semcom\/wp-json\/wp\/v2\/tags?post=239997"}],"curies":[{"name":"wp","href":"https:\/\/api.w.org\/{rel}","templated":true}]}}