{"id":239971,"date":"2025-05-30T20:41:53","date_gmt":"2025-05-30T23:41:53","guid":{"rendered":"https:\/\/www.manaus.am.gov.br\/semcom\/megafeirao-de-empregabilidade\/"},"modified":"2025-05-30T20:41:54","modified_gmt":"2025-05-30T23:41:54","slug":"megafeirao-de-empregabilidade","status":"publish","type":"post","link":"https:\/\/www.manaus.am.gov.br\/semcom\/megafeirao-de-empregabilidade\/","title":{"rendered":"Encerramento do 1\u00ba Megafeir\u00e3o de Empregabilidade da Prefeitura de Manaus registra grande participa\u00e7\u00e3o e resultados expressivos"},"content":{"rendered":"\n<p><br>Ap\u00f3s dois dias de intensas atividades, o 1\u00ba Megafeir\u00e3o de Empregabilidade, promovido pela Prefeitura de Manaus, por meio da Secretaria Municipal do Trabalho, Empreendedorismo e Inova\u00e7\u00e3o (Semtepi), chegou ao fim nesta sexta-feira, 30\/5. Realizado na Central do Empreendedor, no shopping Phelippe Daou, zona Norte da cidade, o evento recebeu 2,6 mil pessoas e superou a marca de mais de 9,4 mil atendimentos, consolidando-se como uma das maiores a\u00e7\u00f5es de gera\u00e7\u00e3o de emprego j\u00e1 realizadas na capital amazonense.<br><br>A a\u00e7\u00e3o, que faz parte das metas da gest\u00e3o municipal, ofertou 2.136 vagas de emprego, em parceria com mais de 30 empresas locais e nacionais. Durante o feir\u00e3o, candidatos participaram de entrevistas presenciais, triagem de curr\u00edculos e, em muitos casos, j\u00e1 sa\u00edram com uma vaga garantida. Cada pessoa teve a oportunidade de se candidatar a mais de uma vaga. Foram 1,4 mil pessoas no primeiro dia e 1,2 mil no segundo dia.\u00a0<\/p>\n\n\n\n<p><br>\u201cNosso objetivo \u00e9 dar oportunidade \u00e0 popula\u00e7\u00e3o e abrir caminhos reais para quem precisa de emprego. Este megafeir\u00e3o mostrou que \u00e9 poss\u00edvel. Estamos muito satisfeitos com a resposta da popula\u00e7\u00e3o que saiu daqui com uma nova esperan\u00e7a. Alguns j\u00e1 sa\u00edram contratados, outros encaminhados para um processo seletivo, outros conseguiram se candidatar a vagas espec\u00edficas a qual v\u00e3o concorrer j\u00e1 na pr\u00f3xima semana. Tivemos candidatos que conseguiram uma vaga fora do Estado e todo esse trabalho conjunto gera resultados positivos\u201d, destacou o secret\u00e1rio da Semtepi, Alonso Oliveira.<br><br>Entre os casos de sucesso est\u00e1 o de Alexandro Tavares que estava h\u00e1 dez meses desempregado e saiu do megafeir\u00e3o com um encaminhamento para realizar exames admissionais no seu novo emprego. \u201cEu vim tentar uma vaga e estou muito feliz que consegui para auxiliar de limpeza em uma faculdade. Segunda-feira levo meus documentos e fa\u00e7o os exames para come\u00e7ar o quanto antes. Saio daqui com a autoestima l\u00e1 em cima\u201d, declarou.<br><br>Lucivaldo Lopes comemorou a oportunidade de poder voltar ao mercado de trabalho na \u00e1rea de seguran\u00e7a. \u201cGra\u00e7as a Deus eu consegui deixar meu curr\u00edculo aqui no megafeir\u00e3o para concorrer em um processo seletivo na minha \u00e1rea que \u00e9 a de seguran\u00e7a e estou muito otimista nessa vaga\u201d, afirmou Lucivaldo.<br><br>Al\u00e9m das vagas, o megafeir\u00e3o tamb\u00e9m ofereceu servi\u00e7os gratuitos como oficinas de curr\u00edculo, orienta\u00e7\u00e3o profissional, palestras e atendimento do Sine Manaus. O local contou ainda com salas para entrevistas on-line voltadas a empregos remotos.<br><br>Na segunda-feira o atendimento das unidades do Sine Manaus estar\u00e3o funcionando normalmente e as pessoas que n\u00e3o n\u00e3o conseguiram encaminhamento para participar de uma das vagas poder\u00e3o concorrer \u00e0s oportunidades ofertadas diariamente atrav\u00e9s da Prefeitura de Manaus.<\/p>\n\n\n\n<p>\u2014 \u2014 \u2014<br><strong>Texto<\/strong> &#8211; Asafe Augusto\/Semtepi<br><strong>Fotos <\/strong>&#8211; Jo\u00e3o Vianna\/Semcom&nbsp;<\/p>\n\n\n\n<p><strong>Dispon\u00edveis em &#8211;<\/strong> <a href=\"https:\/\/flic.kr\/s\/aHBqjCg1Tk\">https:\/\/flic.kr\/s\/aHBqjCg1Tk<\/a>&nbsp;<\/p>\n","protected":false},"excerpt":{"rendered":"","protected":false},"author":68,"featured_media":239972,"comment_status":"closed","ping_status":"closed","sticky":false,"template":"","format":"standard","meta":{"footnotes":""},"categories":[3951],"tags":[15135,77,22],"acf":[],"yoast_head":"<!-- This site is optimized with the Yoast SEO plugin v23.0 - https:\/\/yoast.com\/wordpress\/plugins\/seo\/ -->\n<title>Encerramento do 1\u00ba Megafeir\u00e3o de Empregabilidade da Prefeitura de Manaus registra grande participa\u00e7\u00e3o e resultados expressivos<\/title>\n<meta name=\"description\" content=\"Ap\u00f3s dois dias de intensas atividades, o 1\u00ba Megafeir\u00e3o de Empregabilidade, promovido pela Prefeitura de Manaus, por meio da Secretaria Municipal do Trabalho, Empreendedorismo e Inova\u00e7\u00e3o (Semtepi), chegou ao fim nesta sexta-feira, 30\/5. Realizado na Central do Empreendedor, no shopping Phelippe Daou, zona Norte da cidade, o evento recebeu 2,6 mil pessoas e superou a marca de mais de 9,4 mil atendimentos, consolidando-se como uma das maiores a\u00e7\u00f5es de gera\u00e7\u00e3o de emprego j\u00e1 realizadas na capital amazonense.\" \/>\n<meta name=\"robots\" content=\"index, follow, max-snippet:-1, max-image-preview:large, max-video-preview:-1\" \/>\n<link rel=\"canonical\" href=\"https:\/\/www.manaus.am.gov.br\/semcom\/megafeirao-de-empregabilidade\/\" \/>\n<meta property=\"og:locale\" content=\"pt_BR\" \/>\n<meta property=\"og:type\" content=\"article\" \/>\n<meta property=\"og:title\" content=\"Encerramento do 1\u00ba Megafeir\u00e3o de Empregabilidade da Prefeitura de Manaus registra grande participa\u00e7\u00e3o e resultados expressivos\" \/>\n<meta property=\"og:description\" content=\"Ap\u00f3s dois dias de intensas atividades, o 1\u00ba Megafeir\u00e3o de Empregabilidade, promovido pela Prefeitura de Manaus, por meio da Secretaria Municipal do Trabalho, Empreendedorismo e Inova\u00e7\u00e3o (Semtepi), chegou ao fim nesta sexta-feira, 30\/5. Realizado na Central do Empreendedor, no shopping Phelippe Daou, zona Norte da cidade, o evento recebeu 2,6 mil pessoas e superou a marca de mais de 9,4 mil atendimentos, consolidando-se como uma das maiores a\u00e7\u00f5es de gera\u00e7\u00e3o de emprego j\u00e1 realizadas na capital amazonense.\" \/>\n<meta property=\"og:url\" content=\"https:\/\/www.manaus.am.gov.br\/semcom\/megafeirao-de-empregabilidade\/\" \/>\n<meta property=\"og:site_name\" content=\"SEMCOM\" \/>\n<meta property=\"article:published_time\" content=\"2025-05-30T23:41:53+00:00\" \/>\n<meta property=\"article:modified_time\" content=\"2025-05-30T23:41:54+00:00\" \/>\n<meta property=\"og:image\" content=\"https:\/\/www.manaus.am.gov.br\/semcom\/wp-content\/uploads\/sites\/5\/2025\/05\/54554235713_4cd1cb5ec5_c.jpg\" \/>\n\t<meta property=\"og:image:width\" content=\"799\" \/>\n\t<meta property=\"og:image:height\" content=\"533\" \/>\n\t<meta property=\"og:image:type\" content=\"image\/jpeg\" \/>\n<meta name=\"author\" content=\"bvalente\" \/>\n<meta name=\"twitter:card\" content=\"summary_large_image\" \/>\n<meta name=\"twitter:label1\" content=\"Written by\" \/>\n\t<meta name=\"twitter:data1\" content=\"bvalente\" \/>\n\t<meta name=\"twitter:label2\" content=\"Est. reading time\" \/>\n\t<meta name=\"twitter:data2\" content=\"3 minutos\" \/>\n<script type=\"application\/ld+json\" class=\"yoast-schema-graph\">{\"@context\":\"https:\/\/schema.org\",\"@graph\":[{\"@type\":\"WebPage\",\"@id\":\"https:\/\/www.manaus.am.gov.br\/semcom\/megafeirao-de-empregabilidade\/\",\"url\":\"https:\/\/www.manaus.am.gov.br\/semcom\/megafeirao-de-empregabilidade\/\",\"name\":\"Encerramento do 1\u00ba Megafeir\u00e3o de Empregabilidade da Prefeitura de Manaus registra grande participa\u00e7\u00e3o e resultados expressivos\",\"isPartOf\":{\"@id\":\"https:\/\/www.manaus.am.gov.br\/semcom\/#website\"},\"primaryImageOfPage\":{\"@id\":\"https:\/\/www.manaus.am.gov.br\/semcom\/megafeirao-de-empregabilidade\/#primaryimage\"},\"image\":{\"@id\":\"https:\/\/www.manaus.am.gov.br\/semcom\/megafeirao-de-empregabilidade\/#primaryimage\"},\"thumbnailUrl\":\"https:\/\/www.manaus.am.gov.br\/semcom\/wp-content\/uploads\/sites\/5\/2025\/05\/54554235713_4cd1cb5ec5_c.jpg\",\"datePublished\":\"2025-05-30T23:41:53+00:00\",\"dateModified\":\"2025-05-30T23:41:54+00:00\",\"author\":{\"@id\":\"https:\/\/www.manaus.am.gov.br\/semcom\/#\/schema\/person\/466a0e03ae4b6062809046bd560ac955\"},\"description\":\"Ap\u00f3s dois dias de intensas atividades, o 1\u00ba Megafeir\u00e3o de Empregabilidade, promovido pela Prefeitura de Manaus, por meio da Secretaria Municipal do Trabalho, Empreendedorismo e Inova\u00e7\u00e3o (Semtepi), chegou ao fim nesta sexta-feira, 30\/5. Realizado na Central do Empreendedor, no shopping Phelippe Daou, zona Norte da cidade, o evento recebeu 2,6 mil pessoas e superou a marca de mais de 9,4 mil atendimentos, consolidando-se como uma das maiores a\u00e7\u00f5es de gera\u00e7\u00e3o de emprego j\u00e1 realizadas na capital amazonense.\",\"inLanguage\":\"pt-BR\",\"potentialAction\":[{\"@type\":\"ReadAction\",\"target\":[\"https:\/\/www.manaus.am.gov.br\/semcom\/megafeirao-de-empregabilidade\/\"]}]},{\"@type\":\"ImageObject\",\"inLanguage\":\"pt-BR\",\"@id\":\"https:\/\/www.manaus.am.gov.br\/semcom\/megafeirao-de-empregabilidade\/#primaryimage\",\"url\":\"https:\/\/www.manaus.am.gov.br\/semcom\/wp-content\/uploads\/sites\/5\/2025\/05\/54554235713_4cd1cb5ec5_c.jpg\",\"contentUrl\":\"https:\/\/www.manaus.am.gov.br\/semcom\/wp-content\/uploads\/sites\/5\/2025\/05\/54554235713_4cd1cb5ec5_c.jpg\",\"width\":799,\"height\":533},{\"@type\":\"WebSite\",\"@id\":\"https:\/\/www.manaus.am.gov.br\/semcom\/#website\",\"url\":\"https:\/\/www.manaus.am.gov.br\/semcom\/\",\"name\":\"SEMCOM\",\"description\":\"Secretaria Municipal de Comunica\u00e7\u00e3o\",\"potentialAction\":[{\"@type\":\"SearchAction\",\"target\":{\"@type\":\"EntryPoint\",\"urlTemplate\":\"https:\/\/www.manaus.am.gov.br\/semcom\/?s={search_term_string}\"},\"query-input\":\"required name=search_term_string\"}],\"inLanguage\":\"pt-BR\"},{\"@type\":\"Person\",\"@id\":\"https:\/\/www.manaus.am.gov.br\/semcom\/#\/schema\/person\/466a0e03ae4b6062809046bd560ac955\",\"name\":\"bvalente\",\"image\":{\"@type\":\"ImageObject\",\"inLanguage\":\"pt-BR\",\"@id\":\"https:\/\/www.manaus.am.gov.br\/semcom\/#\/schema\/person\/image\/\",\"url\":\"https:\/\/secure.gravatar.com\/avatar\/3e69bc2b014bdad41adfec3a39de07d2?s=96&d=mm&r=g\",\"contentUrl\":\"https:\/\/secure.gravatar.com\/avatar\/3e69bc2b014bdad41adfec3a39de07d2?s=96&d=mm&r=g\",\"caption\":\"bvalente\"}}]}<\/script>\n<!-- \/ Yoast SEO plugin. -->","yoast_head_json":{"title":"Encerramento do 1\u00ba Megafeir\u00e3o de Empregabilidade da Prefeitura de Manaus registra grande participa\u00e7\u00e3o e resultados expressivos","description":"Ap\u00f3s dois dias de intensas atividades, o 1\u00ba Megafeir\u00e3o de Empregabilidade, promovido pela Prefeitura de Manaus, por meio da Secretaria Municipal do Trabalho, Empreendedorismo e Inova\u00e7\u00e3o (Semtepi), chegou ao fim nesta sexta-feira, 30\/5. Realizado na Central do Empreendedor, no shopping Phelippe Daou, zona Norte da cidade, o evento recebeu 2,6 mil pessoas e superou a marca de mais de 9,4 mil atendimentos, consolidando-se como uma das maiores a\u00e7\u00f5es de gera\u00e7\u00e3o de emprego j\u00e1 realizadas na capital amazonense.","robots":{"index":"index","follow":"follow","max-snippet":"max-snippet:-1","max-image-preview":"max-image-preview:large","max-video-preview":"max-video-preview:-1"},"canonical":"https:\/\/www.manaus.am.gov.br\/semcom\/megafeirao-de-empregabilidade\/","og_locale":"pt_BR","og_type":"article","og_title":"Encerramento do 1\u00ba Megafeir\u00e3o de Empregabilidade da Prefeitura de Manaus registra grande participa\u00e7\u00e3o e resultados expressivos","og_description":"Ap\u00f3s dois dias de intensas atividades, o 1\u00ba Megafeir\u00e3o de Empregabilidade, promovido pela Prefeitura de Manaus, por meio da Secretaria Municipal do Trabalho, Empreendedorismo e Inova\u00e7\u00e3o (Semtepi), chegou ao fim nesta sexta-feira, 30\/5. Realizado na Central do Empreendedor, no shopping Phelippe Daou, zona Norte da cidade, o evento recebeu 2,6 mil pessoas e superou a marca de mais de 9,4 mil atendimentos, consolidando-se como uma das maiores a\u00e7\u00f5es de gera\u00e7\u00e3o de emprego j\u00e1 realizadas na capital amazonense.","og_url":"https:\/\/www.manaus.am.gov.br\/semcom\/megafeirao-de-empregabilidade\/","og_site_name":"SEMCOM","article_published_time":"2025-05-30T23:41:53+00:00","article_modified_time":"2025-05-30T23:41:54+00:00","og_image":[{"width":799,"height":533,"url":"https:\/\/www.manaus.am.gov.br\/semcom\/wp-content\/uploads\/sites\/5\/2025\/05\/54554235713_4cd1cb5ec5_c.jpg","type":"image\/jpeg"}],"author":"bvalente","twitter_card":"summary_large_image","twitter_misc":{"Written by":"bvalente","Est. reading time":"3 minutos"},"schema":{"@context":"https:\/\/schema.org","@graph":[{"@type":"WebPage","@id":"https:\/\/www.manaus.am.gov.br\/semcom\/megafeirao-de-empregabilidade\/","url":"https:\/\/www.manaus.am.gov.br\/semcom\/megafeirao-de-empregabilidade\/","name":"Encerramento do 1\u00ba Megafeir\u00e3o de Empregabilidade da Prefeitura de Manaus registra grande participa\u00e7\u00e3o e resultados expressivos","isPartOf":{"@id":"https:\/\/www.manaus.am.gov.br\/semcom\/#website"},"primaryImageOfPage":{"@id":"https:\/\/www.manaus.am.gov.br\/semcom\/megafeirao-de-empregabilidade\/#primaryimage"},"image":{"@id":"https:\/\/www.manaus.am.gov.br\/semcom\/megafeirao-de-empregabilidade\/#primaryimage"},"thumbnailUrl":"https:\/\/www.manaus.am.gov.br\/semcom\/wp-content\/uploads\/sites\/5\/2025\/05\/54554235713_4cd1cb5ec5_c.jpg","datePublished":"2025-05-30T23:41:53+00:00","dateModified":"2025-05-30T23:41:54+00:00","author":{"@id":"https:\/\/www.manaus.am.gov.br\/semcom\/#\/schema\/person\/466a0e03ae4b6062809046bd560ac955"},"description":"Ap\u00f3s dois dias de intensas atividades, o 1\u00ba Megafeir\u00e3o de Empregabilidade, promovido pela Prefeitura de Manaus, por meio da Secretaria Municipal do Trabalho, Empreendedorismo e Inova\u00e7\u00e3o (Semtepi), chegou ao fim nesta sexta-feira, 30\/5. Realizado na Central do Empreendedor, no shopping Phelippe Daou, zona Norte da cidade, o evento recebeu 2,6 mil pessoas e superou a marca de mais de 9,4 mil atendimentos, consolidando-se como uma das maiores a\u00e7\u00f5es de gera\u00e7\u00e3o de emprego j\u00e1 realizadas na capital amazonense.","inLanguage":"pt-BR","potentialAction":[{"@type":"ReadAction","target":["https:\/\/www.manaus.am.gov.br\/semcom\/megafeirao-de-empregabilidade\/"]}]},{"@type":"ImageObject","inLanguage":"pt-BR","@id":"https:\/\/www.manaus.am.gov.br\/semcom\/megafeirao-de-empregabilidade\/#primaryimage","url":"https:\/\/www.manaus.am.gov.br\/semcom\/wp-content\/uploads\/sites\/5\/2025\/05\/54554235713_4cd1cb5ec5_c.jpg","contentUrl":"https:\/\/www.manaus.am.gov.br\/semcom\/wp-content\/uploads\/sites\/5\/2025\/05\/54554235713_4cd1cb5ec5_c.jpg","width":799,"height":533},{"@type":"WebSite","@id":"https:\/\/www.manaus.am.gov.br\/semcom\/#website","url":"https:\/\/www.manaus.am.gov.br\/semcom\/","name":"SEMCOM","description":"Secretaria Municipal de Comunica\u00e7\u00e3o","potentialAction":[{"@type":"SearchAction","target":{"@type":"EntryPoint","urlTemplate":"https:\/\/www.manaus.am.gov.br\/semcom\/?s={search_term_string}"},"query-input":"required name=search_term_string"}],"inLanguage":"pt-BR"},{"@type":"Person","@id":"https:\/\/www.manaus.am.gov.br\/semcom\/#\/schema\/person\/466a0e03ae4b6062809046bd560ac955","name":"bvalente","image":{"@type":"ImageObject","inLanguage":"pt-BR","@id":"https:\/\/www.manaus.am.gov.br\/semcom\/#\/schema\/person\/image\/","url":"https:\/\/secure.gravatar.com\/avatar\/3e69bc2b014bdad41adfec3a39de07d2?s=96&d=mm&r=g","contentUrl":"https:\/\/secure.gravatar.com\/avatar\/3e69bc2b014bdad41adfec3a39de07d2?s=96&d=mm&r=g","caption":"bvalente"}}]}},"_links":{"self":[{"href":"https:\/\/www.manaus.am.gov.br\/semcom\/wp-json\/wp\/v2\/posts\/239971"}],"collection":[{"href":"https:\/\/www.manaus.am.gov.br\/semcom\/wp-json\/wp\/v2\/posts"}],"about":[{"href":"https:\/\/www.manaus.am.gov.br\/semcom\/wp-json\/wp\/v2\/types\/post"}],"author":[{"embeddable":true,"href":"https:\/\/www.manaus.am.gov.br\/semcom\/wp-json\/wp\/v2\/users\/68"}],"replies":[{"embeddable":true,"href":"https:\/\/www.manaus.am.gov.br\/semcom\/wp-json\/wp\/v2\/comments?post=239971"}],"version-history":[{"count":0,"href":"https:\/\/www.manaus.am.gov.br\/semcom\/wp-json\/wp\/v2\/posts\/239971\/revisions"}],"wp:featuredmedia":[{"embeddable":true,"href":"https:\/\/www.manaus.am.gov.br\/semcom\/wp-json\/wp\/v2\/media\/239972"}],"wp:attachment":[{"href":"https:\/\/www.manaus.am.gov.br\/semcom\/wp-json\/wp\/v2\/media?parent=239971"}],"wp:term":[{"taxonomy":"category","embeddable":true,"href":"https:\/\/www.manaus.am.gov.br\/semcom\/wp-json\/wp\/v2\/categories?post=239971"},{"taxonomy":"post_tag","embeddable":true,"href":"https:\/\/www.manaus.am.gov.br\/semcom\/wp-json\/wp\/v2\/tags?post=239971"}],"curies":[{"name":"wp","href":"https:\/\/api.w.org\/{rel}","templated":true}]}}