{"id":239957,"date":"2025-05-30T19:23:04","date_gmt":"2025-05-30T22:23:04","guid":{"rendered":"https:\/\/www.manaus.am.gov.br\/semcom\/prefeitura-de-manaus-teve-representacao-em-congresso-internacional-que-discutiu-controle-e-politicas-publicas\/"},"modified":"2025-05-30T19:23:06","modified_gmt":"2025-05-30T22:23:06","slug":"prefeitura-de-manaus-teve-representacao-em-congresso-internacional-que-discutiu-controle-e-politicas-publicas","status":"publish","type":"post","link":"https:\/\/www.manaus.am.gov.br\/semcom\/prefeitura-de-manaus-teve-representacao-em-congresso-internacional-que-discutiu-controle-e-politicas-publicas\/","title":{"rendered":"Prefeitura de Manaus teve representa\u00e7\u00e3o em congresso internacional que discutiu controle e pol\u00edticas p\u00fablicas"},"content":{"rendered":"\n<p>A Secretaria Municipal de Administra\u00e7\u00e3o, Planejamento e Gest\u00e3o (Semad) participou, como representante da Prefeitura de Manaus, do 9\u00ba Congresso Internacional de Controle e Pol\u00edticas P\u00fablicas (CICPP). Promovido pelo Instituto Rui Barbosa (IRB) e pelo Tribunal de Contas do Estado do Amazonas (TCE-AM), o encontro reuniu profissionais de diversos pa\u00edses e estados brasileiros em debates sobre os desafios globais e locais relacionados ao meio ambiente, \u00e0 efici\u00eancia dos servi\u00e7os p\u00fablicos e ao fortalecimento da atua\u00e7\u00e3o dos \u00f3rg\u00e3os de controle.<\/p>\n\n\n\n<p>Representando o prefeito David Almeida, o secret\u00e1rio municipal de Administra\u00e7\u00e3o, Planejamento e Gest\u00e3o, C\u00e9lio Guedes, ressaltou que \u201ca programa\u00e7\u00e3o buscou refor\u00e7ar o papel das institui\u00e7\u00f5es de controle na indu\u00e7\u00e3o de boas pr\u00e1ticas de governan\u00e7a ambiental e na promo\u00e7\u00e3o de pol\u00edticas p\u00fablicas mais sustent\u00e1veis\u201d.<\/p>\n\n\n\n<p>A programa\u00e7\u00e3o inclui palestras sobre Bioeconomia; a quest\u00e3o clim\u00e1tica e a iniciativa do ClimateScanner; e a atua\u00e7\u00e3o dos Tribunais de Contas no \u00e2mbito da Sustentabilidade Ambiental. H\u00e1, ainda, debates sobre a Federa\u00e7\u00e3o e as Pol\u00edticas P\u00fablicas; Sustentabilidade e a Educa\u00e7\u00e3o; e Desenvolvimento Sustent\u00e1vel, e pain\u00e9is abordando os Riscos Fiscais e Controle Preventivo de Pol\u00edticas P\u00fablicas; Controle e Pol\u00edticas Ambientais; e Emerg\u00eancia Clim\u00e1tica, Desastres Ambientais e a COP 30, entre outras atividades.<\/p>\n\n\n\n<p>Participou do congresso, como painelista, a Secret\u00e1ria Municipal de Gest\u00e3o da Prefeitura de S\u00e3o Paulo, Marcela Arruda, que falou sobre \u201cA Import\u00e2ncia do Controle nas Contas P\u00fablicas Sustent\u00e1veis&#8221;, no painel sobre Mudan\u00e7as Clim\u00e1ticas.<\/p>\n\n\n\n<p>Marcela Arruda, \u00e9 advogada, mestre em Gest\u00e3o em Pol\u00edticas P\u00fablicas pela Funda\u00e7\u00e3o Get\u00falio Vargas, especialista em Direito Administrativo pela Corte de S\u00e3o Paulo, em Direito Eleitoral pela Escola Judici\u00e1ria e Eleitoral Parlamentarista, e Direito Constitucional pela Escola Superior de Educa\u00e7\u00e3o da USP de S\u00e3o Paulo, autora do livro Controle de Contas 2.0.<\/p>\n\n\n\n<p>No congresso, ela destacou as contrata\u00e7\u00f5es p\u00fablicas sustent\u00e1veis e o papel dos \u00f3rg\u00e3os de controle nas mudan\u00e7as clim\u00e1ticas, apresentando um panorama das mudan\u00e7as clim\u00e1ticas e mencionou exemplos. Ao final, deixou uma mensagem para reflex\u00e3o. \u201cN\u00f3s precisamos agir. Se o mundo est\u00e1 em chamas, n\u00f3s precisamos apagar o fogo imediatamente. E \u00e9 este o convite que eu fa\u00e7o \u00e0 reflex\u00e3o dos Tribunais de Contas e dos demais \u00f3rg\u00e3os de controle e representa\u00e7\u00e3o de governos municipais que aqui est\u00e3o\u201d.<\/p>\n\n\n\n<p>&#8212; &#8212; &#8212;<\/p>\n\n\n\n<p><strong>Texto <\/strong>\u2013 Divulga\u00e7\u00e3o \/ Semad<\/p>\n\n\n\n<p><strong>Foto<\/strong> \u2013 Divulga\u00e7\u00e3o \/ Semad<\/p>\n","protected":false},"excerpt":{"rendered":"","protected":false},"author":57,"featured_media":239958,"comment_status":"closed","ping_status":"closed","sticky":false,"template":"","format":"standard","meta":{"footnotes":""},"categories":[3177],"tags":[15130,77,838],"acf":[],"yoast_head":"<!-- This site is optimized with the Yoast SEO plugin v23.0 - https:\/\/yoast.com\/wordpress\/plugins\/seo\/ -->\n<title>Prefeitura de Manaus teve representa\u00e7\u00e3o em congresso internacional que discutiu controle e pol\u00edticas p\u00fablicas - SEMCOM<\/title>\n<meta name=\"robots\" content=\"index, follow, max-snippet:-1, max-image-preview:large, max-video-preview:-1\" \/>\n<link rel=\"canonical\" href=\"https:\/\/www.manaus.am.gov.br\/semcom\/prefeitura-de-manaus-teve-representacao-em-congresso-internacional-que-discutiu-controle-e-politicas-publicas\/\" \/>\n<meta property=\"og:locale\" content=\"pt_BR\" \/>\n<meta property=\"og:type\" content=\"article\" \/>\n<meta property=\"og:title\" content=\"Prefeitura de Manaus teve representa\u00e7\u00e3o em congresso internacional que discutiu controle e pol\u00edticas p\u00fablicas - SEMCOM\" \/>\n<meta property=\"og:url\" content=\"https:\/\/www.manaus.am.gov.br\/semcom\/prefeitura-de-manaus-teve-representacao-em-congresso-internacional-que-discutiu-controle-e-politicas-publicas\/\" \/>\n<meta property=\"og:site_name\" content=\"SEMCOM\" \/>\n<meta property=\"article:published_time\" content=\"2025-05-30T22:23:04+00:00\" \/>\n<meta property=\"article:modified_time\" content=\"2025-05-30T22:23:06+00:00\" \/>\n<meta property=\"og:image\" content=\"https:\/\/www.manaus.am.gov.br\/semcom\/wp-content\/uploads\/sites\/5\/2025\/05\/IX-Congresso-Internacional-de-Controle-e-Politicas-Publicas-5-1.jpeg\" \/>\n\t<meta property=\"og:image:width\" content=\"2548\" \/>\n\t<meta property=\"og:image:height\" content=\"1372\" \/>\n\t<meta property=\"og:image:type\" content=\"image\/jpeg\" \/>\n<meta name=\"author\" content=\"Thiago Fernando\" \/>\n<meta name=\"twitter:card\" content=\"summary_large_image\" \/>\n<meta name=\"twitter:label1\" content=\"Written by\" \/>\n\t<meta name=\"twitter:data1\" content=\"Thiago Fernando\" \/>\n\t<meta name=\"twitter:label2\" content=\"Est. reading time\" \/>\n\t<meta name=\"twitter:data2\" content=\"3 minutos\" \/>\n<script type=\"application\/ld+json\" class=\"yoast-schema-graph\">{\"@context\":\"https:\/\/schema.org\",\"@graph\":[{\"@type\":\"WebPage\",\"@id\":\"https:\/\/www.manaus.am.gov.br\/semcom\/prefeitura-de-manaus-teve-representacao-em-congresso-internacional-que-discutiu-controle-e-politicas-publicas\/\",\"url\":\"https:\/\/www.manaus.am.gov.br\/semcom\/prefeitura-de-manaus-teve-representacao-em-congresso-internacional-que-discutiu-controle-e-politicas-publicas\/\",\"name\":\"Prefeitura de Manaus teve representa\u00e7\u00e3o em congresso internacional que discutiu controle e pol\u00edticas p\u00fablicas - SEMCOM\",\"isPartOf\":{\"@id\":\"https:\/\/www.manaus.am.gov.br\/semcom\/#website\"},\"primaryImageOfPage\":{\"@id\":\"https:\/\/www.manaus.am.gov.br\/semcom\/prefeitura-de-manaus-teve-representacao-em-congresso-internacional-que-discutiu-controle-e-politicas-publicas\/#primaryimage\"},\"image\":{\"@id\":\"https:\/\/www.manaus.am.gov.br\/semcom\/prefeitura-de-manaus-teve-representacao-em-congresso-internacional-que-discutiu-controle-e-politicas-publicas\/#primaryimage\"},\"thumbnailUrl\":\"https:\/\/www.manaus.am.gov.br\/semcom\/wp-content\/uploads\/sites\/5\/2025\/05\/IX-Congresso-Internacional-de-Controle-e-Politicas-Publicas-5-1.jpeg\",\"datePublished\":\"2025-05-30T22:23:04+00:00\",\"dateModified\":\"2025-05-30T22:23:06+00:00\",\"author\":{\"@id\":\"https:\/\/www.manaus.am.gov.br\/semcom\/#\/schema\/person\/a5ee5376db6e21af026374b369f30882\"},\"inLanguage\":\"pt-BR\",\"potentialAction\":[{\"@type\":\"ReadAction\",\"target\":[\"https:\/\/www.manaus.am.gov.br\/semcom\/prefeitura-de-manaus-teve-representacao-em-congresso-internacional-que-discutiu-controle-e-politicas-publicas\/\"]}]},{\"@type\":\"ImageObject\",\"inLanguage\":\"pt-BR\",\"@id\":\"https:\/\/www.manaus.am.gov.br\/semcom\/prefeitura-de-manaus-teve-representacao-em-congresso-internacional-que-discutiu-controle-e-politicas-publicas\/#primaryimage\",\"url\":\"https:\/\/www.manaus.am.gov.br\/semcom\/wp-content\/uploads\/sites\/5\/2025\/05\/IX-Congresso-Internacional-de-Controle-e-Politicas-Publicas-5-1.jpeg\",\"contentUrl\":\"https:\/\/www.manaus.am.gov.br\/semcom\/wp-content\/uploads\/sites\/5\/2025\/05\/IX-Congresso-Internacional-de-Controle-e-Politicas-Publicas-5-1.jpeg\",\"width\":2548,\"height\":1372},{\"@type\":\"WebSite\",\"@id\":\"https:\/\/www.manaus.am.gov.br\/semcom\/#website\",\"url\":\"https:\/\/www.manaus.am.gov.br\/semcom\/\",\"name\":\"SEMCOM\",\"description\":\"Secretaria Municipal de Comunica\u00e7\u00e3o\",\"potentialAction\":[{\"@type\":\"SearchAction\",\"target\":{\"@type\":\"EntryPoint\",\"urlTemplate\":\"https:\/\/www.manaus.am.gov.br\/semcom\/?s={search_term_string}\"},\"query-input\":\"required name=search_term_string\"}],\"inLanguage\":\"pt-BR\"},{\"@type\":\"Person\",\"@id\":\"https:\/\/www.manaus.am.gov.br\/semcom\/#\/schema\/person\/a5ee5376db6e21af026374b369f30882\",\"name\":\"Thiago Fernando\",\"image\":{\"@type\":\"ImageObject\",\"inLanguage\":\"pt-BR\",\"@id\":\"https:\/\/www.manaus.am.gov.br\/semcom\/#\/schema\/person\/image\/\",\"url\":\"https:\/\/secure.gravatar.com\/avatar\/f5aab8722444041451501c077052ac07?s=96&d=mm&r=g\",\"contentUrl\":\"https:\/\/secure.gravatar.com\/avatar\/f5aab8722444041451501c077052ac07?s=96&d=mm&r=g\",\"caption\":\"Thiago Fernando\"}}]}<\/script>\n<!-- \/ Yoast SEO plugin. -->","yoast_head_json":{"title":"Prefeitura de Manaus teve representa\u00e7\u00e3o em congresso internacional que discutiu controle e pol\u00edticas p\u00fablicas - SEMCOM","robots":{"index":"index","follow":"follow","max-snippet":"max-snippet:-1","max-image-preview":"max-image-preview:large","max-video-preview":"max-video-preview:-1"},"canonical":"https:\/\/www.manaus.am.gov.br\/semcom\/prefeitura-de-manaus-teve-representacao-em-congresso-internacional-que-discutiu-controle-e-politicas-publicas\/","og_locale":"pt_BR","og_type":"article","og_title":"Prefeitura de Manaus teve representa\u00e7\u00e3o em congresso internacional que discutiu controle e pol\u00edticas p\u00fablicas - SEMCOM","og_url":"https:\/\/www.manaus.am.gov.br\/semcom\/prefeitura-de-manaus-teve-representacao-em-congresso-internacional-que-discutiu-controle-e-politicas-publicas\/","og_site_name":"SEMCOM","article_published_time":"2025-05-30T22:23:04+00:00","article_modified_time":"2025-05-30T22:23:06+00:00","og_image":[{"width":2548,"height":1372,"url":"https:\/\/www.manaus.am.gov.br\/semcom\/wp-content\/uploads\/sites\/5\/2025\/05\/IX-Congresso-Internacional-de-Controle-e-Politicas-Publicas-5-1.jpeg","type":"image\/jpeg"}],"author":"Thiago Fernando","twitter_card":"summary_large_image","twitter_misc":{"Written by":"Thiago Fernando","Est. reading time":"3 minutos"},"schema":{"@context":"https:\/\/schema.org","@graph":[{"@type":"WebPage","@id":"https:\/\/www.manaus.am.gov.br\/semcom\/prefeitura-de-manaus-teve-representacao-em-congresso-internacional-que-discutiu-controle-e-politicas-publicas\/","url":"https:\/\/www.manaus.am.gov.br\/semcom\/prefeitura-de-manaus-teve-representacao-em-congresso-internacional-que-discutiu-controle-e-politicas-publicas\/","name":"Prefeitura de Manaus teve representa\u00e7\u00e3o em congresso internacional que discutiu controle e pol\u00edticas p\u00fablicas - SEMCOM","isPartOf":{"@id":"https:\/\/www.manaus.am.gov.br\/semcom\/#website"},"primaryImageOfPage":{"@id":"https:\/\/www.manaus.am.gov.br\/semcom\/prefeitura-de-manaus-teve-representacao-em-congresso-internacional-que-discutiu-controle-e-politicas-publicas\/#primaryimage"},"image":{"@id":"https:\/\/www.manaus.am.gov.br\/semcom\/prefeitura-de-manaus-teve-representacao-em-congresso-internacional-que-discutiu-controle-e-politicas-publicas\/#primaryimage"},"thumbnailUrl":"https:\/\/www.manaus.am.gov.br\/semcom\/wp-content\/uploads\/sites\/5\/2025\/05\/IX-Congresso-Internacional-de-Controle-e-Politicas-Publicas-5-1.jpeg","datePublished":"2025-05-30T22:23:04+00:00","dateModified":"2025-05-30T22:23:06+00:00","author":{"@id":"https:\/\/www.manaus.am.gov.br\/semcom\/#\/schema\/person\/a5ee5376db6e21af026374b369f30882"},"inLanguage":"pt-BR","potentialAction":[{"@type":"ReadAction","target":["https:\/\/www.manaus.am.gov.br\/semcom\/prefeitura-de-manaus-teve-representacao-em-congresso-internacional-que-discutiu-controle-e-politicas-publicas\/"]}]},{"@type":"ImageObject","inLanguage":"pt-BR","@id":"https:\/\/www.manaus.am.gov.br\/semcom\/prefeitura-de-manaus-teve-representacao-em-congresso-internacional-que-discutiu-controle-e-politicas-publicas\/#primaryimage","url":"https:\/\/www.manaus.am.gov.br\/semcom\/wp-content\/uploads\/sites\/5\/2025\/05\/IX-Congresso-Internacional-de-Controle-e-Politicas-Publicas-5-1.jpeg","contentUrl":"https:\/\/www.manaus.am.gov.br\/semcom\/wp-content\/uploads\/sites\/5\/2025\/05\/IX-Congresso-Internacional-de-Controle-e-Politicas-Publicas-5-1.jpeg","width":2548,"height":1372},{"@type":"WebSite","@id":"https:\/\/www.manaus.am.gov.br\/semcom\/#website","url":"https:\/\/www.manaus.am.gov.br\/semcom\/","name":"SEMCOM","description":"Secretaria Municipal de Comunica\u00e7\u00e3o","potentialAction":[{"@type":"SearchAction","target":{"@type":"EntryPoint","urlTemplate":"https:\/\/www.manaus.am.gov.br\/semcom\/?s={search_term_string}"},"query-input":"required name=search_term_string"}],"inLanguage":"pt-BR"},{"@type":"Person","@id":"https:\/\/www.manaus.am.gov.br\/semcom\/#\/schema\/person\/a5ee5376db6e21af026374b369f30882","name":"Thiago Fernando","image":{"@type":"ImageObject","inLanguage":"pt-BR","@id":"https:\/\/www.manaus.am.gov.br\/semcom\/#\/schema\/person\/image\/","url":"https:\/\/secure.gravatar.com\/avatar\/f5aab8722444041451501c077052ac07?s=96&d=mm&r=g","contentUrl":"https:\/\/secure.gravatar.com\/avatar\/f5aab8722444041451501c077052ac07?s=96&d=mm&r=g","caption":"Thiago Fernando"}}]}},"_links":{"self":[{"href":"https:\/\/www.manaus.am.gov.br\/semcom\/wp-json\/wp\/v2\/posts\/239957"}],"collection":[{"href":"https:\/\/www.manaus.am.gov.br\/semcom\/wp-json\/wp\/v2\/posts"}],"about":[{"href":"https:\/\/www.manaus.am.gov.br\/semcom\/wp-json\/wp\/v2\/types\/post"}],"author":[{"embeddable":true,"href":"https:\/\/www.manaus.am.gov.br\/semcom\/wp-json\/wp\/v2\/users\/57"}],"replies":[{"embeddable":true,"href":"https:\/\/www.manaus.am.gov.br\/semcom\/wp-json\/wp\/v2\/comments?post=239957"}],"version-history":[{"count":0,"href":"https:\/\/www.manaus.am.gov.br\/semcom\/wp-json\/wp\/v2\/posts\/239957\/revisions"}],"wp:featuredmedia":[{"embeddable":true,"href":"https:\/\/www.manaus.am.gov.br\/semcom\/wp-json\/wp\/v2\/media\/239958"}],"wp:attachment":[{"href":"https:\/\/www.manaus.am.gov.br\/semcom\/wp-json\/wp\/v2\/media?parent=239957"}],"wp:term":[{"taxonomy":"category","embeddable":true,"href":"https:\/\/www.manaus.am.gov.br\/semcom\/wp-json\/wp\/v2\/categories?post=239957"},{"taxonomy":"post_tag","embeddable":true,"href":"https:\/\/www.manaus.am.gov.br\/semcom\/wp-json\/wp\/v2\/tags?post=239957"}],"curies":[{"name":"wp","href":"https:\/\/api.w.org\/{rel}","templated":true}]}}