{"id":239940,"date":"2025-05-30T18:04:26","date_gmt":"2025-05-30T21:04:26","guid":{"rendered":"https:\/\/www.manaus.am.gov.br\/semcom\/festival-de-cultura-e-desporto-cidade-de-deus\/"},"modified":"2025-05-30T18:04:28","modified_gmt":"2025-05-30T21:04:28","slug":"festival-de-cultura-e-desporto-cidade-de-deus","status":"publish","type":"post","link":"https:\/\/www.manaus.am.gov.br\/semcom\/festival-de-cultura-e-desporto-cidade-de-deus\/","title":{"rendered":"Prefeitura de Manaus investe na cultura local e apoia 3\u00aa edi\u00e7\u00e3o do Festival de Cultura e Desporto Cidade de Deus"},"content":{"rendered":"\n<p><br>A Prefeitura de Manaus, por meio da Funda\u00e7\u00e3o Municipal de Cultura, Turismo e Eventos (ManausCult), reafirma seu compromisso com a cultura nas comunidades ao apoiar a 3\u00aa edi\u00e7\u00e3o do Festival de Cultura e Desporto Cidade de Deus, que ser\u00e1 realizada nos dias 30 e 31 de maio e 1\u00ba de junho, no estacionamento do Shopping Phelippe Daou, na zona Norte da cidade.<br><br>Com entrada gratuita e voltado a todas as idades, o festival \u00e9 promovido pelo Instituto Conex\u00e3o Brasil e conta com o apoio da prefeitura por meio de emenda parlamentar, que possibilita a execu\u00e7\u00e3o de projetos culturais comunit\u00e1rios em diferentes regi\u00f5es da capital.<br><br>Durante os tr\u00eas dias de programa\u00e7\u00e3o, o p\u00fablico poder\u00e1 vivenciar uma s\u00e9rie de atividades que celebram a diversidade cultural, o esporte e o empreendedorismo local. Entre as atra\u00e7\u00f5es, est\u00e3o batalhas de MCs, grafite ao vivo, apresenta\u00e7\u00f5es de dan\u00e7a urbana, campeonatos de skate, feira empreendedora, brinquedos infl\u00e1veis e atra\u00e7\u00f5es musicais.<br><br>A iniciativa busca conectar a cultura urbana com a identidade local, criando um espa\u00e7o de conviv\u00eancia, express\u00e3o art\u00edstica e fortalecimento comunit\u00e1rio.<br><br>\u201cO apoio da ManausCult vai al\u00e9m da valoriza\u00e7\u00e3o de talentos art\u00edsticos. Apoiamos a cultura nas comunidades porque acreditamos que ela \u00e9 uma ferramenta poderosa para transformar realidades, fortalecer v\u00ednculos e construir pertencimento. Investir em eventos como esse \u00e9 investir no cora\u00e7\u00e3o das nossas comunidades\u201d, afirma o diretor-presidente da ManausCult, Jender Lobato.<br><br>Al\u00e9m do apoio institucional, a equipe t\u00e9cnica da ManausCult tamb\u00e9m estar\u00e1 presente no local durante os tr\u00eas dias de festival, realizando o monitoramento e a fiscaliza\u00e7\u00e3o das atividades. A medida refor\u00e7a o compromisso da gest\u00e3o com a boa aplica\u00e7\u00e3o dos recursos p\u00fablicos, especialmente os oriundos de emendas parlamentares destinadas \u00e0 Funda\u00e7\u00e3o para o fomento de iniciativas culturais nas comunidades.<br><br>O presidente do Instituto Conex\u00e3o Brasil, Irailton Xavier de Arruda, agradeceu o apoio da Prefeitura de Manaus na realiza\u00e7\u00e3o do evento. \u201cSomos gratos \u00e0 Prefeitura de Manaus, por meio da ManausCult, por acreditarem no potencial das comunidades e tornarem poss\u00edvel mais uma edi\u00e7\u00e3o do nosso festival. Esse apoio \u00e9 fundamental para que iniciativas como a nossa continuem promovendo transforma\u00e7\u00e3o social por meio da cultura e do esporte\u201d, destacou.<br><strong><br>Programa\u00e7\u00e3o:<\/strong><\/p>\n\n\n\n<p><strong>30\/5, <\/strong>abertura oficial com apresenta\u00e7\u00f5es culturais e shows musicais.<\/p>\n\n\n\n<p><strong>31\/5, <\/strong>batalhas de MCs, grafite ao vivo, dan\u00e7a, feira e atra\u00e7\u00f5es para crian\u00e7as.<\/p>\n\n\n\n<p><strong>1\u00ba\/6,<\/strong> torneios de skate, feira empreendedora, shows de encerramento e o \u201cParc Divers\u00e3o\u201d.<br><br>O evento \u00e9 mais uma a\u00e7\u00e3o que promove a cultura da cidade e refor\u00e7a o papel da ManausCult como incentivadora da arte e do pertencimento social nos territ\u00f3rios.<\/p>\n\n\n\n<p>\u2014 \u2014 \u2014<br><strong>Texto &#8211; <\/strong>J\u00e9ssica Trajano \/ ManausCult<br><strong>Fotos &#8211;<\/strong> Thelson Souza \/ ManausCult<\/p>\n","protected":false},"excerpt":{"rendered":"","protected":false},"author":68,"featured_media":239941,"comment_status":"closed","ping_status":"closed","sticky":false,"template":"","format":"standard","meta":{"footnotes":""},"categories":[1969],"tags":[307,77,15123],"acf":[],"yoast_head":"<!-- This site is optimized with the Yoast SEO plugin v23.0 - https:\/\/yoast.com\/wordpress\/plugins\/seo\/ -->\n<title>Prefeitura de Manaus investe na cultura local e apoia 3\u00aa edi\u00e7\u00e3o do Festival de Cultura e Desporto Cidade de Deus<\/title>\n<meta name=\"description\" content=\"A Prefeitura de Manaus, por meio da Funda\u00e7\u00e3o Municipal de Cultura, Turismo e Eventos (ManausCult), reafirma seu compromisso com a cultura nas comunidades ao apoiar a 3\u00aa edi\u00e7\u00e3o do Festival de Cultura e Desporto Cidade de Deus, que ser\u00e1 realizada nos dias 30 e 31 de maio e 1\u00ba de junho, no estacionamento do Shopping Phelippe Daou, na zona Norte da cidade.\" \/>\n<meta name=\"robots\" content=\"index, follow, max-snippet:-1, max-image-preview:large, max-video-preview:-1\" \/>\n<link rel=\"canonical\" href=\"https:\/\/www.manaus.am.gov.br\/semcom\/festival-de-cultura-e-desporto-cidade-de-deus\/\" \/>\n<meta property=\"og:locale\" content=\"pt_BR\" \/>\n<meta property=\"og:type\" content=\"article\" \/>\n<meta property=\"og:title\" content=\"Prefeitura de Manaus investe na cultura local e apoia 3\u00aa edi\u00e7\u00e3o do Festival de Cultura e Desporto Cidade de Deus\" \/>\n<meta property=\"og:description\" content=\"A Prefeitura de Manaus, por meio da Funda\u00e7\u00e3o Municipal de Cultura, Turismo e Eventos (ManausCult), reafirma seu compromisso com a cultura nas comunidades ao apoiar a 3\u00aa edi\u00e7\u00e3o do Festival de Cultura e Desporto Cidade de Deus, que ser\u00e1 realizada nos dias 30 e 31 de maio e 1\u00ba de junho, no estacionamento do Shopping Phelippe Daou, na zona Norte da cidade.\" \/>\n<meta property=\"og:url\" content=\"https:\/\/www.manaus.am.gov.br\/semcom\/festival-de-cultura-e-desporto-cidade-de-deus\/\" \/>\n<meta property=\"og:site_name\" content=\"SEMCOM\" \/>\n<meta property=\"article:published_time\" content=\"2025-05-30T21:04:26+00:00\" \/>\n<meta property=\"article:modified_time\" content=\"2025-05-30T21:04:28+00:00\" \/>\n<meta property=\"og:image\" content=\"https:\/\/www.manaus.am.gov.br\/semcom\/wp-content\/uploads\/sites\/5\/2025\/05\/ed83ee5f-d8dd-4a14-8da4-13fc82bb395a.jpeg\" \/>\n\t<meta property=\"og:image:width\" content=\"4160\" \/>\n\t<meta property=\"og:image:height\" content=\"2774\" \/>\n\t<meta property=\"og:image:type\" content=\"image\/jpeg\" \/>\n<meta name=\"author\" content=\"bvalente\" \/>\n<meta name=\"twitter:card\" content=\"summary_large_image\" \/>\n<meta name=\"twitter:label1\" content=\"Written by\" \/>\n\t<meta name=\"twitter:data1\" content=\"bvalente\" \/>\n\t<meta name=\"twitter:label2\" content=\"Est. reading time\" \/>\n\t<meta name=\"twitter:data2\" content=\"3 minutos\" \/>\n<script type=\"application\/ld+json\" class=\"yoast-schema-graph\">{\"@context\":\"https:\/\/schema.org\",\"@graph\":[{\"@type\":\"WebPage\",\"@id\":\"https:\/\/www.manaus.am.gov.br\/semcom\/festival-de-cultura-e-desporto-cidade-de-deus\/\",\"url\":\"https:\/\/www.manaus.am.gov.br\/semcom\/festival-de-cultura-e-desporto-cidade-de-deus\/\",\"name\":\"Prefeitura de Manaus investe na cultura local e apoia 3\u00aa edi\u00e7\u00e3o do Festival de Cultura e Desporto Cidade de Deus\",\"isPartOf\":{\"@id\":\"https:\/\/www.manaus.am.gov.br\/semcom\/#website\"},\"primaryImageOfPage\":{\"@id\":\"https:\/\/www.manaus.am.gov.br\/semcom\/festival-de-cultura-e-desporto-cidade-de-deus\/#primaryimage\"},\"image\":{\"@id\":\"https:\/\/www.manaus.am.gov.br\/semcom\/festival-de-cultura-e-desporto-cidade-de-deus\/#primaryimage\"},\"thumbnailUrl\":\"https:\/\/www.manaus.am.gov.br\/semcom\/wp-content\/uploads\/sites\/5\/2025\/05\/ed83ee5f-d8dd-4a14-8da4-13fc82bb395a.jpeg\",\"datePublished\":\"2025-05-30T21:04:26+00:00\",\"dateModified\":\"2025-05-30T21:04:28+00:00\",\"author\":{\"@id\":\"https:\/\/www.manaus.am.gov.br\/semcom\/#\/schema\/person\/466a0e03ae4b6062809046bd560ac955\"},\"description\":\"A Prefeitura de Manaus, por meio da Funda\u00e7\u00e3o Municipal de Cultura, Turismo e Eventos (ManausCult), reafirma seu compromisso com a cultura nas comunidades ao apoiar a 3\u00aa edi\u00e7\u00e3o do Festival de Cultura e Desporto Cidade de Deus, que ser\u00e1 realizada nos dias 30 e 31 de maio e 1\u00ba de junho, no estacionamento do Shopping Phelippe Daou, na zona Norte da cidade.\",\"inLanguage\":\"pt-BR\",\"potentialAction\":[{\"@type\":\"ReadAction\",\"target\":[\"https:\/\/www.manaus.am.gov.br\/semcom\/festival-de-cultura-e-desporto-cidade-de-deus\/\"]}]},{\"@type\":\"ImageObject\",\"inLanguage\":\"pt-BR\",\"@id\":\"https:\/\/www.manaus.am.gov.br\/semcom\/festival-de-cultura-e-desporto-cidade-de-deus\/#primaryimage\",\"url\":\"https:\/\/www.manaus.am.gov.br\/semcom\/wp-content\/uploads\/sites\/5\/2025\/05\/ed83ee5f-d8dd-4a14-8da4-13fc82bb395a.jpeg\",\"contentUrl\":\"https:\/\/www.manaus.am.gov.br\/semcom\/wp-content\/uploads\/sites\/5\/2025\/05\/ed83ee5f-d8dd-4a14-8da4-13fc82bb395a.jpeg\",\"width\":4160,\"height\":2774},{\"@type\":\"WebSite\",\"@id\":\"https:\/\/www.manaus.am.gov.br\/semcom\/#website\",\"url\":\"https:\/\/www.manaus.am.gov.br\/semcom\/\",\"name\":\"SEMCOM\",\"description\":\"Secretaria Municipal de Comunica\u00e7\u00e3o\",\"potentialAction\":[{\"@type\":\"SearchAction\",\"target\":{\"@type\":\"EntryPoint\",\"urlTemplate\":\"https:\/\/www.manaus.am.gov.br\/semcom\/?s={search_term_string}\"},\"query-input\":\"required name=search_term_string\"}],\"inLanguage\":\"pt-BR\"},{\"@type\":\"Person\",\"@id\":\"https:\/\/www.manaus.am.gov.br\/semcom\/#\/schema\/person\/466a0e03ae4b6062809046bd560ac955\",\"name\":\"bvalente\",\"image\":{\"@type\":\"ImageObject\",\"inLanguage\":\"pt-BR\",\"@id\":\"https:\/\/www.manaus.am.gov.br\/semcom\/#\/schema\/person\/image\/\",\"url\":\"https:\/\/secure.gravatar.com\/avatar\/3e69bc2b014bdad41adfec3a39de07d2?s=96&d=mm&r=g\",\"contentUrl\":\"https:\/\/secure.gravatar.com\/avatar\/3e69bc2b014bdad41adfec3a39de07d2?s=96&d=mm&r=g\",\"caption\":\"bvalente\"}}]}<\/script>\n<!-- \/ Yoast SEO plugin. -->","yoast_head_json":{"title":"Prefeitura de Manaus investe na cultura local e apoia 3\u00aa edi\u00e7\u00e3o do Festival de Cultura e Desporto Cidade de Deus","description":"A Prefeitura de Manaus, por meio da Funda\u00e7\u00e3o Municipal de Cultura, Turismo e Eventos (ManausCult), reafirma seu compromisso com a cultura nas comunidades ao apoiar a 3\u00aa edi\u00e7\u00e3o do Festival de Cultura e Desporto Cidade de Deus, que ser\u00e1 realizada nos dias 30 e 31 de maio e 1\u00ba de junho, no estacionamento do Shopping Phelippe Daou, na zona Norte da cidade.","robots":{"index":"index","follow":"follow","max-snippet":"max-snippet:-1","max-image-preview":"max-image-preview:large","max-video-preview":"max-video-preview:-1"},"canonical":"https:\/\/www.manaus.am.gov.br\/semcom\/festival-de-cultura-e-desporto-cidade-de-deus\/","og_locale":"pt_BR","og_type":"article","og_title":"Prefeitura de Manaus investe na cultura local e apoia 3\u00aa edi\u00e7\u00e3o do Festival de Cultura e Desporto Cidade de Deus","og_description":"A Prefeitura de Manaus, por meio da Funda\u00e7\u00e3o Municipal de Cultura, Turismo e Eventos (ManausCult), reafirma seu compromisso com a cultura nas comunidades ao apoiar a 3\u00aa edi\u00e7\u00e3o do Festival de Cultura e Desporto Cidade de Deus, que ser\u00e1 realizada nos dias 30 e 31 de maio e 1\u00ba de junho, no estacionamento do Shopping Phelippe Daou, na zona Norte da cidade.","og_url":"https:\/\/www.manaus.am.gov.br\/semcom\/festival-de-cultura-e-desporto-cidade-de-deus\/","og_site_name":"SEMCOM","article_published_time":"2025-05-30T21:04:26+00:00","article_modified_time":"2025-05-30T21:04:28+00:00","og_image":[{"width":4160,"height":2774,"url":"https:\/\/www.manaus.am.gov.br\/semcom\/wp-content\/uploads\/sites\/5\/2025\/05\/ed83ee5f-d8dd-4a14-8da4-13fc82bb395a.jpeg","type":"image\/jpeg"}],"author":"bvalente","twitter_card":"summary_large_image","twitter_misc":{"Written by":"bvalente","Est. reading time":"3 minutos"},"schema":{"@context":"https:\/\/schema.org","@graph":[{"@type":"WebPage","@id":"https:\/\/www.manaus.am.gov.br\/semcom\/festival-de-cultura-e-desporto-cidade-de-deus\/","url":"https:\/\/www.manaus.am.gov.br\/semcom\/festival-de-cultura-e-desporto-cidade-de-deus\/","name":"Prefeitura de Manaus investe na cultura local e apoia 3\u00aa edi\u00e7\u00e3o do Festival de Cultura e Desporto Cidade de Deus","isPartOf":{"@id":"https:\/\/www.manaus.am.gov.br\/semcom\/#website"},"primaryImageOfPage":{"@id":"https:\/\/www.manaus.am.gov.br\/semcom\/festival-de-cultura-e-desporto-cidade-de-deus\/#primaryimage"},"image":{"@id":"https:\/\/www.manaus.am.gov.br\/semcom\/festival-de-cultura-e-desporto-cidade-de-deus\/#primaryimage"},"thumbnailUrl":"https:\/\/www.manaus.am.gov.br\/semcom\/wp-content\/uploads\/sites\/5\/2025\/05\/ed83ee5f-d8dd-4a14-8da4-13fc82bb395a.jpeg","datePublished":"2025-05-30T21:04:26+00:00","dateModified":"2025-05-30T21:04:28+00:00","author":{"@id":"https:\/\/www.manaus.am.gov.br\/semcom\/#\/schema\/person\/466a0e03ae4b6062809046bd560ac955"},"description":"A Prefeitura de Manaus, por meio da Funda\u00e7\u00e3o Municipal de Cultura, Turismo e Eventos (ManausCult), reafirma seu compromisso com a cultura nas comunidades ao apoiar a 3\u00aa edi\u00e7\u00e3o do Festival de Cultura e Desporto Cidade de Deus, que ser\u00e1 realizada nos dias 30 e 31 de maio e 1\u00ba de junho, no estacionamento do Shopping Phelippe Daou, na zona Norte da cidade.","inLanguage":"pt-BR","potentialAction":[{"@type":"ReadAction","target":["https:\/\/www.manaus.am.gov.br\/semcom\/festival-de-cultura-e-desporto-cidade-de-deus\/"]}]},{"@type":"ImageObject","inLanguage":"pt-BR","@id":"https:\/\/www.manaus.am.gov.br\/semcom\/festival-de-cultura-e-desporto-cidade-de-deus\/#primaryimage","url":"https:\/\/www.manaus.am.gov.br\/semcom\/wp-content\/uploads\/sites\/5\/2025\/05\/ed83ee5f-d8dd-4a14-8da4-13fc82bb395a.jpeg","contentUrl":"https:\/\/www.manaus.am.gov.br\/semcom\/wp-content\/uploads\/sites\/5\/2025\/05\/ed83ee5f-d8dd-4a14-8da4-13fc82bb395a.jpeg","width":4160,"height":2774},{"@type":"WebSite","@id":"https:\/\/www.manaus.am.gov.br\/semcom\/#website","url":"https:\/\/www.manaus.am.gov.br\/semcom\/","name":"SEMCOM","description":"Secretaria Municipal de Comunica\u00e7\u00e3o","potentialAction":[{"@type":"SearchAction","target":{"@type":"EntryPoint","urlTemplate":"https:\/\/www.manaus.am.gov.br\/semcom\/?s={search_term_string}"},"query-input":"required name=search_term_string"}],"inLanguage":"pt-BR"},{"@type":"Person","@id":"https:\/\/www.manaus.am.gov.br\/semcom\/#\/schema\/person\/466a0e03ae4b6062809046bd560ac955","name":"bvalente","image":{"@type":"ImageObject","inLanguage":"pt-BR","@id":"https:\/\/www.manaus.am.gov.br\/semcom\/#\/schema\/person\/image\/","url":"https:\/\/secure.gravatar.com\/avatar\/3e69bc2b014bdad41adfec3a39de07d2?s=96&d=mm&r=g","contentUrl":"https:\/\/secure.gravatar.com\/avatar\/3e69bc2b014bdad41adfec3a39de07d2?s=96&d=mm&r=g","caption":"bvalente"}}]}},"_links":{"self":[{"href":"https:\/\/www.manaus.am.gov.br\/semcom\/wp-json\/wp\/v2\/posts\/239940"}],"collection":[{"href":"https:\/\/www.manaus.am.gov.br\/semcom\/wp-json\/wp\/v2\/posts"}],"about":[{"href":"https:\/\/www.manaus.am.gov.br\/semcom\/wp-json\/wp\/v2\/types\/post"}],"author":[{"embeddable":true,"href":"https:\/\/www.manaus.am.gov.br\/semcom\/wp-json\/wp\/v2\/users\/68"}],"replies":[{"embeddable":true,"href":"https:\/\/www.manaus.am.gov.br\/semcom\/wp-json\/wp\/v2\/comments?post=239940"}],"version-history":[{"count":0,"href":"https:\/\/www.manaus.am.gov.br\/semcom\/wp-json\/wp\/v2\/posts\/239940\/revisions"}],"wp:featuredmedia":[{"embeddable":true,"href":"https:\/\/www.manaus.am.gov.br\/semcom\/wp-json\/wp\/v2\/media\/239941"}],"wp:attachment":[{"href":"https:\/\/www.manaus.am.gov.br\/semcom\/wp-json\/wp\/v2\/media?parent=239940"}],"wp:term":[{"taxonomy":"category","embeddable":true,"href":"https:\/\/www.manaus.am.gov.br\/semcom\/wp-json\/wp\/v2\/categories?post=239940"},{"taxonomy":"post_tag","embeddable":true,"href":"https:\/\/www.manaus.am.gov.br\/semcom\/wp-json\/wp\/v2\/tags?post=239940"}],"curies":[{"name":"wp","href":"https:\/\/api.w.org\/{rel}","templated":true}]}}