{"id":239909,"date":"2025-05-30T13:31:02","date_gmt":"2025-05-30T17:31:02","guid":{"rendered":"https:\/\/www.manaus.am.gov.br\/semcom\/nova-sala-recursos-creche-zona-norte\/"},"modified":"2025-05-30T13:31:02","modified_gmt":"2025-05-30T17:31:02","slug":"nova-sala-recursos-creche-zona-norte","status":"publish","type":"post","link":"https:\/\/www.manaus.am.gov.br\/semcom\/nova-sala-recursos-creche-zona-norte\/","title":{"rendered":"Nova sala de recursos \u00e9 inaugurada pela Prefeitura de Manaus em creche na zona Norte"},"content":{"rendered":"\n<p>Com o compromisso de incluir&nbsp;e&nbsp;acreditar que cada crian\u00e7a, com suas singularidades, tem o direito de aprender, brincar e se desenvolver plenamente,&nbsp;a Prefeitura de Manaus, por meio da Secretaria Municipal de Educa\u00e7\u00e3o (Semed), inaugurou, nesta sexta-feira, 30\/5, mais uma sala de recursos voltada \u00e0 educa\u00e7\u00e3o especial, desta vez na creche municipal Professora Maria da Anuncia\u00e7\u00e3o Noronha Pinto, no bairro Osvaldo Frota, zona Norte.<\/p>\n\n\n\n<p>O evento, que marca mais um passo importante no cuidado com a educa\u00e7\u00e3o inclusiva na primeira inf\u00e2ncia, contou com a presen\u00e7a dos pais&nbsp;ou respons\u00e1veis das crian\u00e7as. Com&nbsp;essa entrega, a rede passa a ter&nbsp;249&nbsp;salas de recursos.&nbsp;<\/p>\n\n\n\n<p>O novo espa\u00e7o est\u00e1 adaptado para atender crian\u00e7as com defici\u00eancia e necessidades educacionais espec\u00edficas, oferecendo suporte pedag\u00f3gico individualizado, materiais acess\u00edveis e profissionais especializados. A iniciativa refor\u00e7a a pol\u00edtica de inclus\u00e3o da educa\u00e7\u00e3o infantil em Manaus, garantindo o acesso \u00e0 aprendizagem de forma equitativa desde os primeiros anos escolares.&nbsp;<\/p>\n\n\n\n<p>A gerente de creches, professora&nbsp;Wissilene&nbsp;Brand\u00e3o, destacou a import\u00e2ncia da iniciativa.&nbsp;\u201cA oferta dessa sala amplia as possibilidades de atendimento \u00e0s crian\u00e7as que mais precisam, conforme suas necessidades espec\u00edficas\u201d, afirmou.&nbsp;<\/p>\n\n\n\n<p>J\u00e1 a diretora da unidade,&nbsp;Ariadine&nbsp;Caldas, comemorou a conquista.&nbsp;\u201cEsse \u00e9 um momento especial. A sala vai fazer toda a diferen\u00e7a na vida das nossas crian\u00e7as e fam\u00edlias, com respeito, acolhimento e afeto\u201d, destacou.&nbsp;<\/p>\n\n\n\n<p>Jessica de Souza,\u00a0m\u00e3e do pequeno Cairo,\u00a0tamb\u00e9m esteve presente\u00a0no evento\u00a0e compartilhou a emo\u00e7\u00e3o de ver o filho sendo inclu\u00eddo com dignidade.\u00a0\u201cA sala de recursos tem feito toda a diferen\u00e7a para o desenvolvimento dele, j\u00e1 que \u00e9 uma crian\u00e7a n\u00e3o verbal e diagnosticado com\u00a0Transtorno do Espectro Autista (TEA). Em pouco tempo, j\u00e1 consigo ver avan\u00e7os. Ele est\u00e1 conseguindo se comunicar melhor com os coleguinhas\u201d, relatou.\u00a0<\/p>\n\n\n\n<figure class=\"wp-block-image size-large\"><img loading=\"lazy\" decoding=\"async\" width=\"1024\" height=\"768\" src=\"https:\/\/www.manaus.am.gov.br\/semcom\/wp-content\/uploads\/sites\/5\/2025\/05\/IMG_3698-1024x768.jpg\" alt=\"\" class=\"wp-image-239910\" srcset=\"https:\/\/www.manaus.am.gov.br\/semcom\/wp-content\/uploads\/sites\/5\/2025\/05\/IMG_3698-1024x768.jpg 1024w, https:\/\/www.manaus.am.gov.br\/semcom\/wp-content\/uploads\/sites\/5\/2025\/05\/IMG_3698-300x225.jpg 300w, https:\/\/www.manaus.am.gov.br\/semcom\/wp-content\/uploads\/sites\/5\/2025\/05\/IMG_3698-768x576.jpg 768w, https:\/\/www.manaus.am.gov.br\/semcom\/wp-content\/uploads\/sites\/5\/2025\/05\/IMG_3698-1536x1152.jpg 1536w, https:\/\/www.manaus.am.gov.br\/semcom\/wp-content\/uploads\/sites\/5\/2025\/05\/IMG_3698-2048x1536.jpg 2048w\" sizes=\"(max-width: 1024px) 100vw, 1024px\" \/><\/figure>\n\n\n\n<p>&#8212; &#8212; &#8212;<\/p>\n\n\n\n<p><strong>Texto &#8211;<\/strong>\u00a0Jordana Rodrigues\/Semed\u00a0<\/p>\n\n\n\n<p><strong>Fotos &#8211;<\/strong> Divulga\u00e7\u00e3o\/Semed\u00a0<\/p>\n","protected":false},"excerpt":{"rendered":"","protected":false},"author":39,"featured_media":239911,"comment_status":"closed","ping_status":"closed","sticky":false,"template":"","format":"standard","meta":{"footnotes":""},"categories":[1625],"tags":[15107,1671,15108,77,62],"acf":[],"yoast_head":"<!-- This site is optimized with the Yoast SEO plugin v23.0 - https:\/\/yoast.com\/wordpress\/plugins\/seo\/ -->\n<title>Nova sala de recursos \u00e9 inaugurada em creche na zona Norte<\/title>\n<meta name=\"description\" content=\"Nova sala de recursos \u00e9 inaugurada, nesta sexta-feira, 30\/5, pela Prefeitura de Manaus, por meio da Semed, em creche na zona Norte.\" \/>\n<meta name=\"robots\" content=\"index, follow, max-snippet:-1, max-image-preview:large, max-video-preview:-1\" \/>\n<link rel=\"canonical\" href=\"https:\/\/www.manaus.am.gov.br\/semcom\/nova-sala-recursos-creche-zona-norte\/\" \/>\n<meta property=\"og:locale\" content=\"pt_BR\" \/>\n<meta property=\"og:type\" content=\"article\" \/>\n<meta property=\"og:title\" content=\"Nova sala de recursos \u00e9 inaugurada em creche na zona Norte\" \/>\n<meta property=\"og:description\" content=\"Nova sala de recursos \u00e9 inaugurada, nesta sexta-feira, 30\/5, pela Prefeitura de Manaus, por meio da Semed, em creche na zona Norte.\" \/>\n<meta property=\"og:url\" content=\"https:\/\/www.manaus.am.gov.br\/semcom\/nova-sala-recursos-creche-zona-norte\/\" \/>\n<meta property=\"og:site_name\" content=\"SEMCOM\" \/>\n<meta property=\"article:published_time\" content=\"2025-05-30T17:31:02+00:00\" \/>\n<meta property=\"og:image\" content=\"https:\/\/www.manaus.am.gov.br\/semcom\/wp-content\/uploads\/sites\/5\/2025\/05\/IMG_3674-1024x768.jpg\" \/>\n\t<meta property=\"og:image:width\" content=\"1024\" \/>\n\t<meta property=\"og:image:height\" content=\"768\" \/>\n\t<meta property=\"og:image:type\" content=\"image\/jpeg\" \/>\n<meta name=\"author\" content=\"Bruna Greco\" \/>\n<meta name=\"twitter:card\" content=\"summary_large_image\" \/>\n<meta name=\"twitter:label1\" content=\"Written by\" \/>\n\t<meta name=\"twitter:data1\" content=\"Bruna Greco\" \/>\n\t<meta name=\"twitter:label2\" content=\"Est. reading time\" \/>\n\t<meta name=\"twitter:data2\" content=\"3 minutos\" \/>\n<script type=\"application\/ld+json\" class=\"yoast-schema-graph\">{\"@context\":\"https:\/\/schema.org\",\"@graph\":[{\"@type\":\"WebPage\",\"@id\":\"https:\/\/www.manaus.am.gov.br\/semcom\/nova-sala-recursos-creche-zona-norte\/\",\"url\":\"https:\/\/www.manaus.am.gov.br\/semcom\/nova-sala-recursos-creche-zona-norte\/\",\"name\":\"Nova sala de recursos \u00e9 inaugurada em creche na zona Norte\",\"isPartOf\":{\"@id\":\"https:\/\/www.manaus.am.gov.br\/semcom\/#website\"},\"primaryImageOfPage\":{\"@id\":\"https:\/\/www.manaus.am.gov.br\/semcom\/nova-sala-recursos-creche-zona-norte\/#primaryimage\"},\"image\":{\"@id\":\"https:\/\/www.manaus.am.gov.br\/semcom\/nova-sala-recursos-creche-zona-norte\/#primaryimage\"},\"thumbnailUrl\":\"https:\/\/www.manaus.am.gov.br\/semcom\/wp-content\/uploads\/sites\/5\/2025\/05\/IMG_3674.jpg\",\"datePublished\":\"2025-05-30T17:31:02+00:00\",\"dateModified\":\"2025-05-30T17:31:02+00:00\",\"author\":{\"@id\":\"https:\/\/www.manaus.am.gov.br\/semcom\/#\/schema\/person\/05d223aea2bf115f9883a6ff3683d81b\"},\"description\":\"Nova sala de recursos \u00e9 inaugurada, nesta sexta-feira, 30\/5, pela Prefeitura de Manaus, por meio da Semed, em creche na zona Norte.\",\"inLanguage\":\"pt-BR\",\"potentialAction\":[{\"@type\":\"ReadAction\",\"target\":[\"https:\/\/www.manaus.am.gov.br\/semcom\/nova-sala-recursos-creche-zona-norte\/\"]}]},{\"@type\":\"ImageObject\",\"inLanguage\":\"pt-BR\",\"@id\":\"https:\/\/www.manaus.am.gov.br\/semcom\/nova-sala-recursos-creche-zona-norte\/#primaryimage\",\"url\":\"https:\/\/www.manaus.am.gov.br\/semcom\/wp-content\/uploads\/sites\/5\/2025\/05\/IMG_3674.jpg\",\"contentUrl\":\"https:\/\/www.manaus.am.gov.br\/semcom\/wp-content\/uploads\/sites\/5\/2025\/05\/IMG_3674.jpg\",\"width\":4032,\"height\":3024,\"caption\":\"#paratodosverem - Servidores da Semed realizando a inaugura\u00e7\u00e3o da sala de recursos creche municipal Professora Maria da Anuncia\u00e7\u00e3o Noronha Pinto, no bairro Osvaldo Frota\"},{\"@type\":\"WebSite\",\"@id\":\"https:\/\/www.manaus.am.gov.br\/semcom\/#website\",\"url\":\"https:\/\/www.manaus.am.gov.br\/semcom\/\",\"name\":\"SEMCOM\",\"description\":\"Secretaria Municipal de Comunica\u00e7\u00e3o\",\"potentialAction\":[{\"@type\":\"SearchAction\",\"target\":{\"@type\":\"EntryPoint\",\"urlTemplate\":\"https:\/\/www.manaus.am.gov.br\/semcom\/?s={search_term_string}\"},\"query-input\":\"required name=search_term_string\"}],\"inLanguage\":\"pt-BR\"},{\"@type\":\"Person\",\"@id\":\"https:\/\/www.manaus.am.gov.br\/semcom\/#\/schema\/person\/05d223aea2bf115f9883a6ff3683d81b\",\"name\":\"Bruna Greco\",\"image\":{\"@type\":\"ImageObject\",\"inLanguage\":\"pt-BR\",\"@id\":\"https:\/\/www.manaus.am.gov.br\/semcom\/#\/schema\/person\/image\/\",\"url\":\"https:\/\/secure.gravatar.com\/avatar\/9c877d1a6adc2a055330e5c09a8653ce?s=96&d=mm&r=g\",\"contentUrl\":\"https:\/\/secure.gravatar.com\/avatar\/9c877d1a6adc2a055330e5c09a8653ce?s=96&d=mm&r=g\",\"caption\":\"Bruna Greco\"}}]}<\/script>\n<!-- \/ Yoast SEO plugin. -->","yoast_head_json":{"title":"Nova sala de recursos \u00e9 inaugurada em creche na zona Norte","description":"Nova sala de recursos \u00e9 inaugurada, nesta sexta-feira, 30\/5, pela Prefeitura de Manaus, por meio da Semed, em creche na zona Norte.","robots":{"index":"index","follow":"follow","max-snippet":"max-snippet:-1","max-image-preview":"max-image-preview:large","max-video-preview":"max-video-preview:-1"},"canonical":"https:\/\/www.manaus.am.gov.br\/semcom\/nova-sala-recursos-creche-zona-norte\/","og_locale":"pt_BR","og_type":"article","og_title":"Nova sala de recursos \u00e9 inaugurada em creche na zona Norte","og_description":"Nova sala de recursos \u00e9 inaugurada, nesta sexta-feira, 30\/5, pela Prefeitura de Manaus, por meio da Semed, em creche na zona Norte.","og_url":"https:\/\/www.manaus.am.gov.br\/semcom\/nova-sala-recursos-creche-zona-norte\/","og_site_name":"SEMCOM","article_published_time":"2025-05-30T17:31:02+00:00","og_image":[{"width":1024,"height":768,"url":"https:\/\/www.manaus.am.gov.br\/semcom\/wp-content\/uploads\/sites\/5\/2025\/05\/IMG_3674-1024x768.jpg","type":"image\/jpeg"}],"author":"Bruna Greco","twitter_card":"summary_large_image","twitter_misc":{"Written by":"Bruna Greco","Est. reading time":"3 minutos"},"schema":{"@context":"https:\/\/schema.org","@graph":[{"@type":"WebPage","@id":"https:\/\/www.manaus.am.gov.br\/semcom\/nova-sala-recursos-creche-zona-norte\/","url":"https:\/\/www.manaus.am.gov.br\/semcom\/nova-sala-recursos-creche-zona-norte\/","name":"Nova sala de recursos \u00e9 inaugurada em creche na zona Norte","isPartOf":{"@id":"https:\/\/www.manaus.am.gov.br\/semcom\/#website"},"primaryImageOfPage":{"@id":"https:\/\/www.manaus.am.gov.br\/semcom\/nova-sala-recursos-creche-zona-norte\/#primaryimage"},"image":{"@id":"https:\/\/www.manaus.am.gov.br\/semcom\/nova-sala-recursos-creche-zona-norte\/#primaryimage"},"thumbnailUrl":"https:\/\/www.manaus.am.gov.br\/semcom\/wp-content\/uploads\/sites\/5\/2025\/05\/IMG_3674.jpg","datePublished":"2025-05-30T17:31:02+00:00","dateModified":"2025-05-30T17:31:02+00:00","author":{"@id":"https:\/\/www.manaus.am.gov.br\/semcom\/#\/schema\/person\/05d223aea2bf115f9883a6ff3683d81b"},"description":"Nova sala de recursos \u00e9 inaugurada, nesta sexta-feira, 30\/5, pela Prefeitura de Manaus, por meio da Semed, em creche na zona Norte.","inLanguage":"pt-BR","potentialAction":[{"@type":"ReadAction","target":["https:\/\/www.manaus.am.gov.br\/semcom\/nova-sala-recursos-creche-zona-norte\/"]}]},{"@type":"ImageObject","inLanguage":"pt-BR","@id":"https:\/\/www.manaus.am.gov.br\/semcom\/nova-sala-recursos-creche-zona-norte\/#primaryimage","url":"https:\/\/www.manaus.am.gov.br\/semcom\/wp-content\/uploads\/sites\/5\/2025\/05\/IMG_3674.jpg","contentUrl":"https:\/\/www.manaus.am.gov.br\/semcom\/wp-content\/uploads\/sites\/5\/2025\/05\/IMG_3674.jpg","width":4032,"height":3024,"caption":"#paratodosverem - Servidores da Semed realizando a inaugura\u00e7\u00e3o da sala de recursos creche municipal Professora Maria da Anuncia\u00e7\u00e3o Noronha Pinto, no bairro Osvaldo Frota"},{"@type":"WebSite","@id":"https:\/\/www.manaus.am.gov.br\/semcom\/#website","url":"https:\/\/www.manaus.am.gov.br\/semcom\/","name":"SEMCOM","description":"Secretaria Municipal de Comunica\u00e7\u00e3o","potentialAction":[{"@type":"SearchAction","target":{"@type":"EntryPoint","urlTemplate":"https:\/\/www.manaus.am.gov.br\/semcom\/?s={search_term_string}"},"query-input":"required name=search_term_string"}],"inLanguage":"pt-BR"},{"@type":"Person","@id":"https:\/\/www.manaus.am.gov.br\/semcom\/#\/schema\/person\/05d223aea2bf115f9883a6ff3683d81b","name":"Bruna Greco","image":{"@type":"ImageObject","inLanguage":"pt-BR","@id":"https:\/\/www.manaus.am.gov.br\/semcom\/#\/schema\/person\/image\/","url":"https:\/\/secure.gravatar.com\/avatar\/9c877d1a6adc2a055330e5c09a8653ce?s=96&d=mm&r=g","contentUrl":"https:\/\/secure.gravatar.com\/avatar\/9c877d1a6adc2a055330e5c09a8653ce?s=96&d=mm&r=g","caption":"Bruna Greco"}}]}},"_links":{"self":[{"href":"https:\/\/www.manaus.am.gov.br\/semcom\/wp-json\/wp\/v2\/posts\/239909"}],"collection":[{"href":"https:\/\/www.manaus.am.gov.br\/semcom\/wp-json\/wp\/v2\/posts"}],"about":[{"href":"https:\/\/www.manaus.am.gov.br\/semcom\/wp-json\/wp\/v2\/types\/post"}],"author":[{"embeddable":true,"href":"https:\/\/www.manaus.am.gov.br\/semcom\/wp-json\/wp\/v2\/users\/39"}],"replies":[{"embeddable":true,"href":"https:\/\/www.manaus.am.gov.br\/semcom\/wp-json\/wp\/v2\/comments?post=239909"}],"version-history":[{"count":1,"href":"https:\/\/www.manaus.am.gov.br\/semcom\/wp-json\/wp\/v2\/posts\/239909\/revisions"}],"predecessor-version":[{"id":239912,"href":"https:\/\/www.manaus.am.gov.br\/semcom\/wp-json\/wp\/v2\/posts\/239909\/revisions\/239912"}],"wp:featuredmedia":[{"embeddable":true,"href":"https:\/\/www.manaus.am.gov.br\/semcom\/wp-json\/wp\/v2\/media\/239911"}],"wp:attachment":[{"href":"https:\/\/www.manaus.am.gov.br\/semcom\/wp-json\/wp\/v2\/media?parent=239909"}],"wp:term":[{"taxonomy":"category","embeddable":true,"href":"https:\/\/www.manaus.am.gov.br\/semcom\/wp-json\/wp\/v2\/categories?post=239909"},{"taxonomy":"post_tag","embeddable":true,"href":"https:\/\/www.manaus.am.gov.br\/semcom\/wp-json\/wp\/v2\/tags?post=239909"}],"curies":[{"name":"wp","href":"https:\/\/api.w.org\/{rel}","templated":true}]}}