{"id":239720,"date":"2025-05-28T11:31:51","date_gmt":"2025-05-28T15:31:51","guid":{"rendered":"https:\/\/www.manaus.am.gov.br\/semcom\/manausprev-oficina-da-memoria\/"},"modified":"2025-05-28T12:32:40","modified_gmt":"2025-05-28T15:32:40","slug":"manausprev-oficina-da-memoria","status":"publish","type":"post","link":"https:\/\/www.manaus.am.gov.br\/semcom\/manausprev-oficina-da-memoria\/","title":{"rendered":"Manausprev estimula a sa\u00fade mental de aposentados com \u2018Oficina da Mem\u00f3ria\u2019"},"content":{"rendered":"\n<p>A Prefeitura de Manaus, por meio da Manaus Previd\u00eancia, concluiu mais uma a\u00e7\u00e3o de promo\u00e7\u00e3o da sa\u00fade e do bem-estar da pessoa idosa, nesta ter\u00e7a-feira, 27\/5, com a \u201cOficina da Mem\u00f3ria\u201d, voltada a aposentados municipais que exercitaram a mem\u00f3ria, a aten\u00e7\u00e3o e concentra\u00e7\u00e3o, al\u00e9m de fortalecerem a autoestima e o conv\u00edvio social.<\/p>\n\n\n\n<p>A \u201cOficina da Mem\u00f3ria\u201d, que faz parte do programa &#8220;Vitalidade&#8221;, contemplou 25 participantes com 12 horas de atividades, que iniciaram no dia 8\/4, na sede da autarquia, localizada na avenida Constantino Nery, bairro Chapada, zona Centro-Sul. A iniciativa tamb\u00e9m oferta aulas de dan\u00e7a e sess\u00f5es de musicoterapia.<\/p>\n\n\n\n<p>\u201cSempre recebemos sugest\u00f5es do nosso p\u00fablico em rela\u00e7\u00e3o \u00e0 promo\u00e7\u00e3o de a\u00e7\u00f5es e a \u2018Oficina da Mem\u00f3ria\u2019 \u00e9 uma delas. \u00c9 muito pedida e os participantes t\u00eam um \u00f3timo aproveitamento\u201d, explica a diretora-presidente da Manausprev, Daniela Benayon.<\/p>\n\n\n\n<p>A oficina, coordenada pelo setor Psicossocial e conduzida por uma psic\u00f3loga e uma assistente social, oferta atividades l\u00fadicas com din\u00e2micas em grupo e jogos manuais (quebra-cabe\u00e7a, ca\u00e7a-palavras, pintura, entre outros). O foco \u00e9 estimular a mem\u00f3ria, a aten\u00e7\u00e3o, a concentra\u00e7\u00e3o e a percep\u00e7\u00e3o, enquanto \u00e9 fortalecida a autoestima e a conviv\u00eancia social positiva.<\/p>\n\n\n\n<p>A professora aposentada Ana Claudia Menezes, que participou da oficina, relatou que a experi\u00eancia foi muito significativa e que ser\u00e1 uma agente multiplicadora do que aprendeu. \u201cCom certeza, vou compartilhar com outras pessoas o que aprendi. Isso aqui serve para todas as idades. Tudo o que \u00e9 novo \u00e9 bom de aprender. Foi \u00f3timo, agrade\u00e7o \u00e0 equipe da Manausprev que est\u00e1 de parab\u00e9ns. Vou participar das outras atividades porque sou aposentada, mas estou viva\u201d, disse animada.<\/p>\n\n\n\n<p>Devido \u00e0 grande procura e ao sucesso da iniciativa, a Manaus Previd\u00eancia j\u00e1 planeja uma nova turma para o pr\u00f3ximo semestre, expandindo a oportunidade para mais aposentados e pensionistas. A data exata das inscri\u00e7\u00f5es ainda n\u00e3o est\u00e1 definida, mas a informa\u00e7\u00e3o ser\u00e1 amplamente divulgada.<\/p>\n\n\n\n<figure class=\"wp-block-image size-large\"><img loading=\"lazy\" decoding=\"async\" width=\"1024\" height=\"768\" src=\"https:\/\/www.manaus.am.gov.br\/semcom\/wp-content\/uploads\/sites\/5\/2025\/05\/Encerramento-Oficina-Memoria-3-1024x768.jpeg\" alt=\"\" class=\"wp-image-239723\" srcset=\"https:\/\/www.manaus.am.gov.br\/semcom\/wp-content\/uploads\/sites\/5\/2025\/05\/Encerramento-Oficina-Memoria-3-1024x768.jpeg 1024w, https:\/\/www.manaus.am.gov.br\/semcom\/wp-content\/uploads\/sites\/5\/2025\/05\/Encerramento-Oficina-Memoria-3-300x225.jpeg 300w, https:\/\/www.manaus.am.gov.br\/semcom\/wp-content\/uploads\/sites\/5\/2025\/05\/Encerramento-Oficina-Memoria-3-768x576.jpeg 768w, https:\/\/www.manaus.am.gov.br\/semcom\/wp-content\/uploads\/sites\/5\/2025\/05\/Encerramento-Oficina-Memoria-3-1536x1152.jpeg 1536w, https:\/\/www.manaus.am.gov.br\/semcom\/wp-content\/uploads\/sites\/5\/2025\/05\/Encerramento-Oficina-Memoria-3.jpeg 1600w\" sizes=\"(max-width: 1024px) 100vw, 1024px\" \/><\/figure>\n\n\n\n<p>&#8212; &#8212; &#8212;<\/p>\n\n\n\n<p><strong>Texto e fotos<\/strong>\u00a0\u2013 Renata Felix\/Manaus Previd\u00eancia<\/p>\n\n\n\n<p> <\/p>\n","protected":false},"excerpt":{"rendered":"","protected":false},"author":39,"featured_media":239721,"comment_status":"closed","ping_status":"closed","sticky":false,"template":"","format":"standard","meta":{"footnotes":""},"categories":[7843],"tags":[228,15045,77,11822,288,1813],"acf":[],"yoast_head":"<!-- This site is optimized with the Yoast SEO plugin v23.0 - https:\/\/yoast.com\/wordpress\/plugins\/seo\/ -->\n<title>Manausprev estimula aposentados com \u2018Oficina da Mem\u00f3ria\u2019<\/title>\n<meta name=\"description\" content=\"Manaus Previd\u00eancia estimula a sa\u00fade mental de aposentados com \u2018Oficina da Mem\u00f3ria\u2019, realizada nesta ter\u00e7a-feira, 27\/5.\" \/>\n<meta name=\"robots\" content=\"index, follow, max-snippet:-1, max-image-preview:large, max-video-preview:-1\" \/>\n<link rel=\"canonical\" href=\"https:\/\/www.manaus.am.gov.br\/semcom\/manausprev-oficina-da-memoria\/\" \/>\n<meta property=\"og:locale\" content=\"pt_BR\" \/>\n<meta property=\"og:type\" content=\"article\" \/>\n<meta property=\"og:title\" content=\"Manausprev estimula aposentados com \u2018Oficina da Mem\u00f3ria\u2019\" \/>\n<meta property=\"og:description\" content=\"Manaus Previd\u00eancia estimula a sa\u00fade mental de aposentados com \u2018Oficina da Mem\u00f3ria\u2019, realizada nesta ter\u00e7a-feira, 27\/5.\" \/>\n<meta property=\"og:url\" content=\"https:\/\/www.manaus.am.gov.br\/semcom\/manausprev-oficina-da-memoria\/\" \/>\n<meta property=\"og:site_name\" content=\"SEMCOM\" \/>\n<meta property=\"article:published_time\" content=\"2025-05-28T15:31:51+00:00\" \/>\n<meta property=\"article:modified_time\" content=\"2025-05-28T15:32:40+00:00\" \/>\n<meta property=\"og:image\" content=\"https:\/\/www.manaus.am.gov.br\/semcom\/wp-content\/uploads\/sites\/5\/2025\/05\/Encerramento-Oficina-Memoria-1.jpeg\" \/>\n\t<meta property=\"og:image:width\" content=\"1600\" \/>\n\t<meta property=\"og:image:height\" content=\"1200\" \/>\n\t<meta property=\"og:image:type\" content=\"image\/jpeg\" \/>\n<meta name=\"author\" content=\"Bruna Greco\" \/>\n<meta name=\"twitter:card\" content=\"summary_large_image\" \/>\n<meta name=\"twitter:label1\" content=\"Written by\" \/>\n\t<meta name=\"twitter:data1\" content=\"Bruna Greco\" \/>\n\t<meta name=\"twitter:label2\" content=\"Est. reading time\" \/>\n\t<meta name=\"twitter:data2\" content=\"3 minutos\" \/>\n<script type=\"application\/ld+json\" class=\"yoast-schema-graph\">{\"@context\":\"https:\/\/schema.org\",\"@graph\":[{\"@type\":\"WebPage\",\"@id\":\"https:\/\/www.manaus.am.gov.br\/semcom\/manausprev-oficina-da-memoria\/\",\"url\":\"https:\/\/www.manaus.am.gov.br\/semcom\/manausprev-oficina-da-memoria\/\",\"name\":\"Manausprev estimula aposentados com \u2018Oficina da Mem\u00f3ria\u2019\",\"isPartOf\":{\"@id\":\"https:\/\/www.manaus.am.gov.br\/semcom\/#website\"},\"primaryImageOfPage\":{\"@id\":\"https:\/\/www.manaus.am.gov.br\/semcom\/manausprev-oficina-da-memoria\/#primaryimage\"},\"image\":{\"@id\":\"https:\/\/www.manaus.am.gov.br\/semcom\/manausprev-oficina-da-memoria\/#primaryimage\"},\"thumbnailUrl\":\"https:\/\/www.manaus.am.gov.br\/semcom\/wp-content\/uploads\/sites\/5\/2025\/05\/Encerramento-Oficina-Memoria-1.jpeg\",\"datePublished\":\"2025-05-28T15:31:51+00:00\",\"dateModified\":\"2025-05-28T15:32:40+00:00\",\"author\":{\"@id\":\"https:\/\/www.manaus.am.gov.br\/semcom\/#\/schema\/person\/05d223aea2bf115f9883a6ff3683d81b\"},\"description\":\"Manaus Previd\u00eancia estimula a sa\u00fade mental de aposentados com \u2018Oficina da Mem\u00f3ria\u2019, realizada nesta ter\u00e7a-feira, 27\/5.\",\"inLanguage\":\"pt-BR\",\"potentialAction\":[{\"@type\":\"ReadAction\",\"target\":[\"https:\/\/www.manaus.am.gov.br\/semcom\/manausprev-oficina-da-memoria\/\"]}]},{\"@type\":\"ImageObject\",\"inLanguage\":\"pt-BR\",\"@id\":\"https:\/\/www.manaus.am.gov.br\/semcom\/manausprev-oficina-da-memoria\/#primaryimage\",\"url\":\"https:\/\/www.manaus.am.gov.br\/semcom\/wp-content\/uploads\/sites\/5\/2025\/05\/Encerramento-Oficina-Memoria-1.jpeg\",\"contentUrl\":\"https:\/\/www.manaus.am.gov.br\/semcom\/wp-content\/uploads\/sites\/5\/2025\/05\/Encerramento-Oficina-Memoria-1.jpeg\",\"width\":1600,\"height\":1200,\"caption\":\"#paratodosverem - Servidores da Manaus Previd\u00eancia e aposentados reunidos durante encerramento da \\\"Oficina da Mem\u00f3ria\\\"\"},{\"@type\":\"WebSite\",\"@id\":\"https:\/\/www.manaus.am.gov.br\/semcom\/#website\",\"url\":\"https:\/\/www.manaus.am.gov.br\/semcom\/\",\"name\":\"SEMCOM\",\"description\":\"Secretaria Municipal de Comunica\u00e7\u00e3o\",\"potentialAction\":[{\"@type\":\"SearchAction\",\"target\":{\"@type\":\"EntryPoint\",\"urlTemplate\":\"https:\/\/www.manaus.am.gov.br\/semcom\/?s={search_term_string}\"},\"query-input\":\"required name=search_term_string\"}],\"inLanguage\":\"pt-BR\"},{\"@type\":\"Person\",\"@id\":\"https:\/\/www.manaus.am.gov.br\/semcom\/#\/schema\/person\/05d223aea2bf115f9883a6ff3683d81b\",\"name\":\"Bruna Greco\",\"image\":{\"@type\":\"ImageObject\",\"inLanguage\":\"pt-BR\",\"@id\":\"https:\/\/www.manaus.am.gov.br\/semcom\/#\/schema\/person\/image\/\",\"url\":\"https:\/\/secure.gravatar.com\/avatar\/9c877d1a6adc2a055330e5c09a8653ce?s=96&d=mm&r=g\",\"contentUrl\":\"https:\/\/secure.gravatar.com\/avatar\/9c877d1a6adc2a055330e5c09a8653ce?s=96&d=mm&r=g\",\"caption\":\"Bruna Greco\"}}]}<\/script>\n<!-- \/ Yoast SEO plugin. -->","yoast_head_json":{"title":"Manausprev estimula aposentados com \u2018Oficina da Mem\u00f3ria\u2019","description":"Manaus Previd\u00eancia estimula a sa\u00fade mental de aposentados com \u2018Oficina da Mem\u00f3ria\u2019, realizada nesta ter\u00e7a-feira, 27\/5.","robots":{"index":"index","follow":"follow","max-snippet":"max-snippet:-1","max-image-preview":"max-image-preview:large","max-video-preview":"max-video-preview:-1"},"canonical":"https:\/\/www.manaus.am.gov.br\/semcom\/manausprev-oficina-da-memoria\/","og_locale":"pt_BR","og_type":"article","og_title":"Manausprev estimula aposentados com \u2018Oficina da Mem\u00f3ria\u2019","og_description":"Manaus Previd\u00eancia estimula a sa\u00fade mental de aposentados com \u2018Oficina da Mem\u00f3ria\u2019, realizada nesta ter\u00e7a-feira, 27\/5.","og_url":"https:\/\/www.manaus.am.gov.br\/semcom\/manausprev-oficina-da-memoria\/","og_site_name":"SEMCOM","article_published_time":"2025-05-28T15:31:51+00:00","article_modified_time":"2025-05-28T15:32:40+00:00","og_image":[{"width":1600,"height":1200,"url":"https:\/\/www.manaus.am.gov.br\/semcom\/wp-content\/uploads\/sites\/5\/2025\/05\/Encerramento-Oficina-Memoria-1.jpeg","type":"image\/jpeg"}],"author":"Bruna Greco","twitter_card":"summary_large_image","twitter_misc":{"Written by":"Bruna Greco","Est. reading time":"3 minutos"},"schema":{"@context":"https:\/\/schema.org","@graph":[{"@type":"WebPage","@id":"https:\/\/www.manaus.am.gov.br\/semcom\/manausprev-oficina-da-memoria\/","url":"https:\/\/www.manaus.am.gov.br\/semcom\/manausprev-oficina-da-memoria\/","name":"Manausprev estimula aposentados com \u2018Oficina da Mem\u00f3ria\u2019","isPartOf":{"@id":"https:\/\/www.manaus.am.gov.br\/semcom\/#website"},"primaryImageOfPage":{"@id":"https:\/\/www.manaus.am.gov.br\/semcom\/manausprev-oficina-da-memoria\/#primaryimage"},"image":{"@id":"https:\/\/www.manaus.am.gov.br\/semcom\/manausprev-oficina-da-memoria\/#primaryimage"},"thumbnailUrl":"https:\/\/www.manaus.am.gov.br\/semcom\/wp-content\/uploads\/sites\/5\/2025\/05\/Encerramento-Oficina-Memoria-1.jpeg","datePublished":"2025-05-28T15:31:51+00:00","dateModified":"2025-05-28T15:32:40+00:00","author":{"@id":"https:\/\/www.manaus.am.gov.br\/semcom\/#\/schema\/person\/05d223aea2bf115f9883a6ff3683d81b"},"description":"Manaus Previd\u00eancia estimula a sa\u00fade mental de aposentados com \u2018Oficina da Mem\u00f3ria\u2019, realizada nesta ter\u00e7a-feira, 27\/5.","inLanguage":"pt-BR","potentialAction":[{"@type":"ReadAction","target":["https:\/\/www.manaus.am.gov.br\/semcom\/manausprev-oficina-da-memoria\/"]}]},{"@type":"ImageObject","inLanguage":"pt-BR","@id":"https:\/\/www.manaus.am.gov.br\/semcom\/manausprev-oficina-da-memoria\/#primaryimage","url":"https:\/\/www.manaus.am.gov.br\/semcom\/wp-content\/uploads\/sites\/5\/2025\/05\/Encerramento-Oficina-Memoria-1.jpeg","contentUrl":"https:\/\/www.manaus.am.gov.br\/semcom\/wp-content\/uploads\/sites\/5\/2025\/05\/Encerramento-Oficina-Memoria-1.jpeg","width":1600,"height":1200,"caption":"#paratodosverem - Servidores da Manaus Previd\u00eancia e aposentados reunidos durante encerramento da \"Oficina da Mem\u00f3ria\""},{"@type":"WebSite","@id":"https:\/\/www.manaus.am.gov.br\/semcom\/#website","url":"https:\/\/www.manaus.am.gov.br\/semcom\/","name":"SEMCOM","description":"Secretaria Municipal de Comunica\u00e7\u00e3o","potentialAction":[{"@type":"SearchAction","target":{"@type":"EntryPoint","urlTemplate":"https:\/\/www.manaus.am.gov.br\/semcom\/?s={search_term_string}"},"query-input":"required name=search_term_string"}],"inLanguage":"pt-BR"},{"@type":"Person","@id":"https:\/\/www.manaus.am.gov.br\/semcom\/#\/schema\/person\/05d223aea2bf115f9883a6ff3683d81b","name":"Bruna Greco","image":{"@type":"ImageObject","inLanguage":"pt-BR","@id":"https:\/\/www.manaus.am.gov.br\/semcom\/#\/schema\/person\/image\/","url":"https:\/\/secure.gravatar.com\/avatar\/9c877d1a6adc2a055330e5c09a8653ce?s=96&d=mm&r=g","contentUrl":"https:\/\/secure.gravatar.com\/avatar\/9c877d1a6adc2a055330e5c09a8653ce?s=96&d=mm&r=g","caption":"Bruna Greco"}}]}},"_links":{"self":[{"href":"https:\/\/www.manaus.am.gov.br\/semcom\/wp-json\/wp\/v2\/posts\/239720"}],"collection":[{"href":"https:\/\/www.manaus.am.gov.br\/semcom\/wp-json\/wp\/v2\/posts"}],"about":[{"href":"https:\/\/www.manaus.am.gov.br\/semcom\/wp-json\/wp\/v2\/types\/post"}],"author":[{"embeddable":true,"href":"https:\/\/www.manaus.am.gov.br\/semcom\/wp-json\/wp\/v2\/users\/39"}],"replies":[{"embeddable":true,"href":"https:\/\/www.manaus.am.gov.br\/semcom\/wp-json\/wp\/v2\/comments?post=239720"}],"version-history":[{"count":2,"href":"https:\/\/www.manaus.am.gov.br\/semcom\/wp-json\/wp\/v2\/posts\/239720\/revisions"}],"predecessor-version":[{"id":239724,"href":"https:\/\/www.manaus.am.gov.br\/semcom\/wp-json\/wp\/v2\/posts\/239720\/revisions\/239724"}],"wp:featuredmedia":[{"embeddable":true,"href":"https:\/\/www.manaus.am.gov.br\/semcom\/wp-json\/wp\/v2\/media\/239721"}],"wp:attachment":[{"href":"https:\/\/www.manaus.am.gov.br\/semcom\/wp-json\/wp\/v2\/media?parent=239720"}],"wp:term":[{"taxonomy":"category","embeddable":true,"href":"https:\/\/www.manaus.am.gov.br\/semcom\/wp-json\/wp\/v2\/categories?post=239720"},{"taxonomy":"post_tag","embeddable":true,"href":"https:\/\/www.manaus.am.gov.br\/semcom\/wp-json\/wp\/v2\/tags?post=239720"}],"curies":[{"name":"wp","href":"https:\/\/api.w.org\/{rel}","templated":true}]}}