{"id":239716,"date":"2025-05-28T11:24:43","date_gmt":"2025-05-28T15:24:43","guid":{"rendered":"https:\/\/www.manaus.am.gov.br\/semcom\/apoio-prefeitura-espetaculo-teatro-amazonas\/"},"modified":"2025-05-28T11:24:43","modified_gmt":"2025-05-28T15:24:43","slug":"apoio-prefeitura-espetaculo-teatro-amazonas","status":"publish","type":"post","link":"https:\/\/www.manaus.am.gov.br\/semcom\/apoio-prefeitura-espetaculo-teatro-amazonas\/","title":{"rendered":"Com apoio da prefeitura, o espet\u00e1culo \u2018Manaus, Meu Amor \u2013 Po\u00e9tica Cantada\u2019 celebra a cultura da cidade no Teatro Amazonas"},"content":{"rendered":"\n<p>Em uma celebra\u00e7\u00e3o que exalta a cultura, a diversidade e a alma forte da capital amazonense, o cantor e compositor Marquinhos Negritude apresenta, nesta sexta-feira, 30\/5, \u00e0s 20h, no Teatro Amazonas, o espet\u00e1culo \u201cManaus, Meu Amor \u2013 Po\u00e9tica Cantada\u201d. A entrada \u00e9 franca.<\/p>\n\n\n\n<p>Dentre as 11 can\u00e7\u00f5es interpretadas no show, tr\u00eas fazem parte do \u00e1lbum Canta Negritude, projeto contemplado pelo Edital Macro 2024, na categoria M\u00fasica, da Pol\u00edtica Nacional Aldir Blanc (Pnab), promovido pela Prefeitura de Manaus, por meio do Conselho Municipal de Cultura (Concultura).<\/p>\n\n\n\n<p>\u201cManaus \u00e9 um celeiro de talentos e de manifesta\u00e7\u00f5es culturais riqu\u00edssimas. Esse espet\u00e1culo do Marquinhos Negritude celebra tudo isso, a for\u00e7a do nosso povo, a poesia do nosso cotidiano e o orgulho de sermos amaz\u00f4nidas. O Concultura tem como miss\u00e3o apoiar iniciativas que valorizam as nossas ra\u00edzes e a nossa identidade. \u00c9 um privil\u00e9gio ver a arte da nossa terra ganhando vida no palco do Teatro Amazonas\u201d, afirmou o presidente do Concultura, Tony Medeiros.<\/p>\n\n\n\n<p>\u201cManaus, Meu Amor &#8211; Po\u00e9tica Cantada\u201d \u00e9 um tributo ao povo ordeiro, \u00e0s m\u00faltiplas religi\u00f5es, \u00e0 resist\u00eancia cultural e \u00e0 beleza da conviv\u00eancia plural em meio \u00e0 floresta. Em cena, can\u00e7\u00f5es autorais e poesias exaltam o cotidiano, os s\u00edmbolos, as cores e os encantos da cidade, convidando o p\u00fablico a mergulhar em um espet\u00e1culo que \u00e9, ao mesmo tempo, mem\u00f3ria, afeto e celebra\u00e7\u00e3o.<\/p>\n\n\n\n<p>O artista Marquinhos Negritude explicou que o espet\u00e1culo \u00e9 uma forma de corresponder \u00e0 popula\u00e7\u00e3o manauara pela acolhida na cidade. \u201cManaus, Meu Amor &#8211; Po\u00e9tica Cantada \u00e9 mais que um espet\u00e1culo, \u00e9 um ato de amor e gratid\u00e3o a esta cidade, a esse lugar. Cantar as belezas, a alma e a diversidade dessa terra no palco do Teatro Amazonas, um dos oito mais belos teatros do mundo \u00e9 uma honra imensa. Eu s\u00f3 tenho a agradecer ao povo manauara por me inspirar com tanta arte, afeto e resist\u00eancia\u201d, ressaltou o artista.<\/p>\n\n\n\n<p>Durante o show, ser\u00e3o apresentadas m\u00fasicas que exaltam as belezas do Amazonas, como: Manaus, Meu Amor, Teatro Amazonas, Rio Negro, Largo de S\u00e3o Sebasti\u00e3o, Sou Manaus, Morena, Manaus Morena, Amaz\u00f4nia \u00e9 Vida, Sou Amazonas, entre outras composi\u00e7\u00f5es.<\/p>\n\n\n\n<p>O sarau contar\u00e1 ainda com a participa\u00e7\u00e3o especial dos poetas Anete Valdevino, Wanderley Freitas, Francin\u00e1 Lira, Gracinete Felinto e Bosquinho Poeta.<\/p>\n\n\n\n<figure class=\"wp-block-image size-large\"><img loading=\"lazy\" decoding=\"async\" width=\"1024\" height=\"683\" src=\"https:\/\/www.manaus.am.gov.br\/semcom\/wp-content\/uploads\/sites\/5\/2025\/05\/Marquinhos-Negritude-1024x683.jpg\" alt=\"\" class=\"wp-image-239718\" srcset=\"https:\/\/www.manaus.am.gov.br\/semcom\/wp-content\/uploads\/sites\/5\/2025\/05\/Marquinhos-Negritude-1024x683.jpg 1024w, https:\/\/www.manaus.am.gov.br\/semcom\/wp-content\/uploads\/sites\/5\/2025\/05\/Marquinhos-Negritude-300x200.jpg 300w, https:\/\/www.manaus.am.gov.br\/semcom\/wp-content\/uploads\/sites\/5\/2025\/05\/Marquinhos-Negritude-768x512.jpg 768w, https:\/\/www.manaus.am.gov.br\/semcom\/wp-content\/uploads\/sites\/5\/2025\/05\/Marquinhos-Negritude-1536x1024.jpg 1536w, https:\/\/www.manaus.am.gov.br\/semcom\/wp-content\/uploads\/sites\/5\/2025\/05\/Marquinhos-Negritude-2048x1365.jpg 2048w\" sizes=\"(max-width: 1024px) 100vw, 1024px\" \/><\/figure>\n\n\n\n<p>&#8212; &#8212; &#8212;<\/p>\n\n\n\n<p><strong>Texto <\/strong>\u2013 Ismael Oliveira\/Concultura<\/p>\n\n\n\n<p><strong>Fotos \u2013<\/strong> Divulga\u00e7\u00e3o\/Marquinhos Negritude<\/p>\n","protected":false},"excerpt":{"rendered":"","protected":false},"author":39,"featured_media":239717,"comment_status":"closed","ping_status":"closed","sticky":false,"template":"","format":"standard","meta":{"footnotes":""},"categories":[9365],"tags":[1786,695,15043,15044,77,10827],"acf":[],"yoast_head":"<!-- This site is optimized with the Yoast SEO plugin v23.0 - https:\/\/yoast.com\/wordpress\/plugins\/seo\/ -->\n<title>Com apoio da prefeitura, o espet\u00e1culo celebra a cultura da cidade<\/title>\n<meta name=\"description\" content=\"Com apoio da prefeitura, o espet\u00e1culo \u2018Manaus, Meu Amor \u2013 Po\u00e9tica Cantada\u2019 celebra a cultura da cidade no Teatro Amazonas.\" \/>\n<meta name=\"robots\" content=\"index, follow, max-snippet:-1, max-image-preview:large, max-video-preview:-1\" \/>\n<link rel=\"canonical\" href=\"https:\/\/www.manaus.am.gov.br\/semcom\/apoio-prefeitura-espetaculo-teatro-amazonas\/\" \/>\n<meta property=\"og:locale\" content=\"pt_BR\" \/>\n<meta property=\"og:type\" content=\"article\" \/>\n<meta property=\"og:title\" content=\"Com apoio da prefeitura, o espet\u00e1culo celebra a cultura da cidade\" \/>\n<meta property=\"og:description\" content=\"Com apoio da prefeitura, o espet\u00e1culo \u2018Manaus, Meu Amor \u2013 Po\u00e9tica Cantada\u2019 celebra a cultura da cidade no Teatro Amazonas.\" \/>\n<meta property=\"og:url\" content=\"https:\/\/www.manaus.am.gov.br\/semcom\/apoio-prefeitura-espetaculo-teatro-amazonas\/\" \/>\n<meta property=\"og:site_name\" content=\"SEMCOM\" \/>\n<meta property=\"article:published_time\" content=\"2025-05-28T15:24:43+00:00\" \/>\n<meta property=\"og:image\" content=\"https:\/\/www.manaus.am.gov.br\/semcom\/wp-content\/uploads\/sites\/5\/2025\/05\/Marquinhos-Negritude-e1748445738184.jpeg\" \/>\n\t<meta property=\"og:image:width\" content=\"1066\" \/>\n\t<meta property=\"og:image:height\" content=\"1461\" \/>\n\t<meta property=\"og:image:type\" content=\"image\/jpeg\" \/>\n<meta name=\"author\" content=\"Bruna Greco\" \/>\n<meta name=\"twitter:card\" content=\"summary_large_image\" \/>\n<meta name=\"twitter:label1\" content=\"Written by\" \/>\n\t<meta name=\"twitter:data1\" content=\"Bruna Greco\" \/>\n\t<meta name=\"twitter:label2\" content=\"Est. reading time\" \/>\n\t<meta name=\"twitter:data2\" content=\"3 minutos\" \/>\n<script type=\"application\/ld+json\" class=\"yoast-schema-graph\">{\"@context\":\"https:\/\/schema.org\",\"@graph\":[{\"@type\":\"WebPage\",\"@id\":\"https:\/\/www.manaus.am.gov.br\/semcom\/apoio-prefeitura-espetaculo-teatro-amazonas\/\",\"url\":\"https:\/\/www.manaus.am.gov.br\/semcom\/apoio-prefeitura-espetaculo-teatro-amazonas\/\",\"name\":\"Com apoio da prefeitura, o espet\u00e1culo celebra a cultura da cidade\",\"isPartOf\":{\"@id\":\"https:\/\/www.manaus.am.gov.br\/semcom\/#website\"},\"primaryImageOfPage\":{\"@id\":\"https:\/\/www.manaus.am.gov.br\/semcom\/apoio-prefeitura-espetaculo-teatro-amazonas\/#primaryimage\"},\"image\":{\"@id\":\"https:\/\/www.manaus.am.gov.br\/semcom\/apoio-prefeitura-espetaculo-teatro-amazonas\/#primaryimage\"},\"thumbnailUrl\":\"https:\/\/www.manaus.am.gov.br\/semcom\/wp-content\/uploads\/sites\/5\/2025\/05\/Marquinhos-Negritude-e1748445738184.jpeg\",\"datePublished\":\"2025-05-28T15:24:43+00:00\",\"dateModified\":\"2025-05-28T15:24:43+00:00\",\"author\":{\"@id\":\"https:\/\/www.manaus.am.gov.br\/semcom\/#\/schema\/person\/05d223aea2bf115f9883a6ff3683d81b\"},\"description\":\"Com apoio da prefeitura, o espet\u00e1culo \u2018Manaus, Meu Amor \u2013 Po\u00e9tica Cantada\u2019 celebra a cultura da cidade no Teatro Amazonas.\",\"inLanguage\":\"pt-BR\",\"potentialAction\":[{\"@type\":\"ReadAction\",\"target\":[\"https:\/\/www.manaus.am.gov.br\/semcom\/apoio-prefeitura-espetaculo-teatro-amazonas\/\"]}]},{\"@type\":\"ImageObject\",\"inLanguage\":\"pt-BR\",\"@id\":\"https:\/\/www.manaus.am.gov.br\/semcom\/apoio-prefeitura-espetaculo-teatro-amazonas\/#primaryimage\",\"url\":\"https:\/\/www.manaus.am.gov.br\/semcom\/wp-content\/uploads\/sites\/5\/2025\/05\/Marquinhos-Negritude-e1748445738184.jpeg\",\"contentUrl\":\"https:\/\/www.manaus.am.gov.br\/semcom\/wp-content\/uploads\/sites\/5\/2025\/05\/Marquinhos-Negritude-e1748445738184.jpeg\",\"width\":1066,\"height\":1461,\"caption\":\"#paratodosverem - Cantor e compositor Marquinhos Negritude\"},{\"@type\":\"WebSite\",\"@id\":\"https:\/\/www.manaus.am.gov.br\/semcom\/#website\",\"url\":\"https:\/\/www.manaus.am.gov.br\/semcom\/\",\"name\":\"SEMCOM\",\"description\":\"Secretaria Municipal de Comunica\u00e7\u00e3o\",\"potentialAction\":[{\"@type\":\"SearchAction\",\"target\":{\"@type\":\"EntryPoint\",\"urlTemplate\":\"https:\/\/www.manaus.am.gov.br\/semcom\/?s={search_term_string}\"},\"query-input\":\"required name=search_term_string\"}],\"inLanguage\":\"pt-BR\"},{\"@type\":\"Person\",\"@id\":\"https:\/\/www.manaus.am.gov.br\/semcom\/#\/schema\/person\/05d223aea2bf115f9883a6ff3683d81b\",\"name\":\"Bruna Greco\",\"image\":{\"@type\":\"ImageObject\",\"inLanguage\":\"pt-BR\",\"@id\":\"https:\/\/www.manaus.am.gov.br\/semcom\/#\/schema\/person\/image\/\",\"url\":\"https:\/\/secure.gravatar.com\/avatar\/9c877d1a6adc2a055330e5c09a8653ce?s=96&d=mm&r=g\",\"contentUrl\":\"https:\/\/secure.gravatar.com\/avatar\/9c877d1a6adc2a055330e5c09a8653ce?s=96&d=mm&r=g\",\"caption\":\"Bruna Greco\"}}]}<\/script>\n<!-- \/ Yoast SEO plugin. -->","yoast_head_json":{"title":"Com apoio da prefeitura, o espet\u00e1culo celebra a cultura da cidade","description":"Com apoio da prefeitura, o espet\u00e1culo \u2018Manaus, Meu Amor \u2013 Po\u00e9tica Cantada\u2019 celebra a cultura da cidade no Teatro Amazonas.","robots":{"index":"index","follow":"follow","max-snippet":"max-snippet:-1","max-image-preview":"max-image-preview:large","max-video-preview":"max-video-preview:-1"},"canonical":"https:\/\/www.manaus.am.gov.br\/semcom\/apoio-prefeitura-espetaculo-teatro-amazonas\/","og_locale":"pt_BR","og_type":"article","og_title":"Com apoio da prefeitura, o espet\u00e1culo celebra a cultura da cidade","og_description":"Com apoio da prefeitura, o espet\u00e1culo \u2018Manaus, Meu Amor \u2013 Po\u00e9tica Cantada\u2019 celebra a cultura da cidade no Teatro Amazonas.","og_url":"https:\/\/www.manaus.am.gov.br\/semcom\/apoio-prefeitura-espetaculo-teatro-amazonas\/","og_site_name":"SEMCOM","article_published_time":"2025-05-28T15:24:43+00:00","og_image":[{"width":1066,"height":1461,"url":"https:\/\/www.manaus.am.gov.br\/semcom\/wp-content\/uploads\/sites\/5\/2025\/05\/Marquinhos-Negritude-e1748445738184.jpeg","type":"image\/jpeg"}],"author":"Bruna Greco","twitter_card":"summary_large_image","twitter_misc":{"Written by":"Bruna Greco","Est. reading time":"3 minutos"},"schema":{"@context":"https:\/\/schema.org","@graph":[{"@type":"WebPage","@id":"https:\/\/www.manaus.am.gov.br\/semcom\/apoio-prefeitura-espetaculo-teatro-amazonas\/","url":"https:\/\/www.manaus.am.gov.br\/semcom\/apoio-prefeitura-espetaculo-teatro-amazonas\/","name":"Com apoio da prefeitura, o espet\u00e1culo celebra a cultura da cidade","isPartOf":{"@id":"https:\/\/www.manaus.am.gov.br\/semcom\/#website"},"primaryImageOfPage":{"@id":"https:\/\/www.manaus.am.gov.br\/semcom\/apoio-prefeitura-espetaculo-teatro-amazonas\/#primaryimage"},"image":{"@id":"https:\/\/www.manaus.am.gov.br\/semcom\/apoio-prefeitura-espetaculo-teatro-amazonas\/#primaryimage"},"thumbnailUrl":"https:\/\/www.manaus.am.gov.br\/semcom\/wp-content\/uploads\/sites\/5\/2025\/05\/Marquinhos-Negritude-e1748445738184.jpeg","datePublished":"2025-05-28T15:24:43+00:00","dateModified":"2025-05-28T15:24:43+00:00","author":{"@id":"https:\/\/www.manaus.am.gov.br\/semcom\/#\/schema\/person\/05d223aea2bf115f9883a6ff3683d81b"},"description":"Com apoio da prefeitura, o espet\u00e1culo \u2018Manaus, Meu Amor \u2013 Po\u00e9tica Cantada\u2019 celebra a cultura da cidade no Teatro Amazonas.","inLanguage":"pt-BR","potentialAction":[{"@type":"ReadAction","target":["https:\/\/www.manaus.am.gov.br\/semcom\/apoio-prefeitura-espetaculo-teatro-amazonas\/"]}]},{"@type":"ImageObject","inLanguage":"pt-BR","@id":"https:\/\/www.manaus.am.gov.br\/semcom\/apoio-prefeitura-espetaculo-teatro-amazonas\/#primaryimage","url":"https:\/\/www.manaus.am.gov.br\/semcom\/wp-content\/uploads\/sites\/5\/2025\/05\/Marquinhos-Negritude-e1748445738184.jpeg","contentUrl":"https:\/\/www.manaus.am.gov.br\/semcom\/wp-content\/uploads\/sites\/5\/2025\/05\/Marquinhos-Negritude-e1748445738184.jpeg","width":1066,"height":1461,"caption":"#paratodosverem - Cantor e compositor Marquinhos Negritude"},{"@type":"WebSite","@id":"https:\/\/www.manaus.am.gov.br\/semcom\/#website","url":"https:\/\/www.manaus.am.gov.br\/semcom\/","name":"SEMCOM","description":"Secretaria Municipal de Comunica\u00e7\u00e3o","potentialAction":[{"@type":"SearchAction","target":{"@type":"EntryPoint","urlTemplate":"https:\/\/www.manaus.am.gov.br\/semcom\/?s={search_term_string}"},"query-input":"required name=search_term_string"}],"inLanguage":"pt-BR"},{"@type":"Person","@id":"https:\/\/www.manaus.am.gov.br\/semcom\/#\/schema\/person\/05d223aea2bf115f9883a6ff3683d81b","name":"Bruna Greco","image":{"@type":"ImageObject","inLanguage":"pt-BR","@id":"https:\/\/www.manaus.am.gov.br\/semcom\/#\/schema\/person\/image\/","url":"https:\/\/secure.gravatar.com\/avatar\/9c877d1a6adc2a055330e5c09a8653ce?s=96&d=mm&r=g","contentUrl":"https:\/\/secure.gravatar.com\/avatar\/9c877d1a6adc2a055330e5c09a8653ce?s=96&d=mm&r=g","caption":"Bruna Greco"}}]}},"_links":{"self":[{"href":"https:\/\/www.manaus.am.gov.br\/semcom\/wp-json\/wp\/v2\/posts\/239716"}],"collection":[{"href":"https:\/\/www.manaus.am.gov.br\/semcom\/wp-json\/wp\/v2\/posts"}],"about":[{"href":"https:\/\/www.manaus.am.gov.br\/semcom\/wp-json\/wp\/v2\/types\/post"}],"author":[{"embeddable":true,"href":"https:\/\/www.manaus.am.gov.br\/semcom\/wp-json\/wp\/v2\/users\/39"}],"replies":[{"embeddable":true,"href":"https:\/\/www.manaus.am.gov.br\/semcom\/wp-json\/wp\/v2\/comments?post=239716"}],"version-history":[{"count":1,"href":"https:\/\/www.manaus.am.gov.br\/semcom\/wp-json\/wp\/v2\/posts\/239716\/revisions"}],"predecessor-version":[{"id":239719,"href":"https:\/\/www.manaus.am.gov.br\/semcom\/wp-json\/wp\/v2\/posts\/239716\/revisions\/239719"}],"wp:featuredmedia":[{"embeddable":true,"href":"https:\/\/www.manaus.am.gov.br\/semcom\/wp-json\/wp\/v2\/media\/239717"}],"wp:attachment":[{"href":"https:\/\/www.manaus.am.gov.br\/semcom\/wp-json\/wp\/v2\/media?parent=239716"}],"wp:term":[{"taxonomy":"category","embeddable":true,"href":"https:\/\/www.manaus.am.gov.br\/semcom\/wp-json\/wp\/v2\/categories?post=239716"},{"taxonomy":"post_tag","embeddable":true,"href":"https:\/\/www.manaus.am.gov.br\/semcom\/wp-json\/wp\/v2\/tags?post=239716"}],"curies":[{"name":"wp","href":"https:\/\/api.w.org\/{rel}","templated":true}]}}