{"id":239585,"date":"2025-05-26T16:16:34","date_gmt":"2025-05-26T20:16:34","guid":{"rendered":"https:\/\/www.manaus.am.gov.br\/semcom\/david-almeida-acoes-prioritarias\/"},"modified":"2025-05-26T16:16:34","modified_gmt":"2025-05-26T20:16:34","slug":"david-almeida-acoes-prioritarias","status":"publish","type":"post","link":"https:\/\/www.manaus.am.gov.br\/semcom\/david-almeida-acoes-prioritarias\/","title":{"rendered":"Prefeito David Almeida destaca a\u00e7\u00f5es priorit\u00e1rias em andamento e pr\u00f3ximas interven\u00e7\u00f5es da gest\u00e3o"},"content":{"rendered":"\n<p>Em entrevista ao vivo, concedida nesta segunda-feira, 26\/5, ao jornalista F\u00e1bio Melo, na Rede Tiradentes, o prefeito de Manaus, David Almeida, apresentou um verdadeiro \u201craio-x\u201d da gest\u00e3o municipal e anunciou novos investimentos que j\u00e1 est\u00e3o em curso ou prestes a sair do papel. S\u00e3o a\u00e7\u00f5es estruturantes, organizadas dentro do planejamento estrat\u00e9gico que guia a administra\u00e7\u00e3o municipal, com sete eixos que norteiam o desenvolvimento sustent\u00e1vel e a melhoria da qualidade de vida da popula\u00e7\u00e3o.<\/p>\n\n\n\n<p>\u201cTudo o que estamos fazendo \u00e9 fruto de planejamento. N\u00e3o estamos improvisando: temos uma vis\u00e3o clara de cidade, e cada obra, cada concurso, cada projeto tem lugar nesse plano de transforma\u00e7\u00e3o de Manaus\u201d, destacou o prefeito.<\/p>\n\n\n\n<p>Entre os destaques est\u00e3o a realiza\u00e7\u00e3o de tr\u00eas concursos p\u00fablicos, grandes obras de mobilidade urbana, investimentos em habita\u00e7\u00e3o, infraestrutura e o fortalecimento de parcerias com o governo federal e parlamentares comprometidos com a capital.<\/p>\n\n\n\n<p>O chefe do Executivo municipal confirmou que a prefeitura lan\u00e7ar\u00e1, at\u00e9 o in\u00edcio de 2026, os tr\u00eas concursos p\u00fablicos, e o da Secretaria Municipal de Educa\u00e7\u00e3o (Semed) deve ser o primeiro, previsto para janeiro de 2026. \u201cEstamos formatando os editais com responsabilidade e dentro da capacidade or\u00e7ament\u00e1ria do munic\u00edpio. Muito provavelmente o da Semed j\u00e1 acontece em janeiro\u201d, explicou.<\/p>\n\n\n\n<p>Questionado sobre os desafios da malha vi\u00e1ria, o prefeito foi categ\u00f3rico: mais de 3.200 ruas foram recapeadas e 2.700 recuperadas, n\u00fameros que mostram o maior programa de infraestrutura vi\u00e1ria da hist\u00f3ria de Manaus. \u201cO \u00faltimo inverno foi muito rigoroso, mas j\u00e1 iniciamos um amplo programa de recupera\u00e7\u00e3o de ruas e avenidas\u201d, informou.<\/p>\n\n\n\n<p>De acordo com ele, a meta, com apoio de emendas parlamentares e recursos de um empr\u00e9stimo em fase final de contrata\u00e7\u00e3o com o Banco do Brasil, \u00e9 recuperar todas as vias danificadas pelas chuvas intensas dos \u00faltimos meses.<\/p>\n\n\n\n<p><strong>Investimentos estruturantes<\/strong><\/p>\n\n\n\n<p>Obras emblem\u00e1ticas foram destacadas, como a duplica\u00e7\u00e3o da avenida do Turismo, o recapeamento da avenida Djalma Batista, Brasil, Camapu\u00e3, Ita\u00faba e a requalifica\u00e7\u00e3o de ruas hist\u00f3ricas, como Carvalho Leal e Castelo Branco. Al\u00e9m disso, o complexo vi\u00e1rio Rei Pel\u00e9 ser\u00e1 entregue em 16 de junho, devolvendo \u00e0 zona Leste a tradicional rotat\u00f3ria do Produtor, agora como espa\u00e7o de lazer, cultura e conviv\u00eancia. \u201cVamos devolver a bola do Produtor \u00e0 popula\u00e7\u00e3o, com \u00e1reas de lazer, zumba, basquete, caminhada e uma arena para lutas\u201d, detalhou.<\/p>\n\n\n\n<p><strong>Habita\u00e7\u00e3o<\/strong><\/p>\n\n\n\n<p>A habita\u00e7\u00e3o tamb\u00e9m avan\u00e7a com for\u00e7a: dois conjuntos com 576 moradias, cada, ser\u00e3o entregues ainda em 2025, sendo um no Parque das Tribos e outro na avenida do Turismo. Mais cinco conjuntos est\u00e3o em obras, com previs\u00e3o de entrega ao longo de 2026, com contrapartida da prefeitura. \u201cEstamos investindo R$ 100 milh\u00f5es em contrapartidas municipais para viabilizar mais de R$ 1 bilh\u00e3o em recursos federais, no maior programa habitacional da cidade\u201d, afirmou.<\/p>\n\n\n\n<p>O gestor municipal tamb\u00e9m destacou que a Prefeitura de Manaus vai entregar, a partir do programa \u201cManaus Minha Terra\u201d, um novo bairro planejado, com 3.600 lotes no Lago Azul, zona Norte. \u201cEstamos trabalhando para a diminui\u00e7\u00e3o do d\u00e9ficit habitacional. Atualmente, temos 180 mil inscritos em nosso banco de dados que ser\u00e3o selecionadas dentro de um padr\u00e3o que \u00e9 determinado pela Caixa Econ\u00f4mica Federal e governo federal, e dentro dessa sele\u00e7\u00e3o eles v\u00e3o fazer a escolha das pessoas que ser\u00e3o as contempladas, tanto com os apartamentos quanto com os lotes de terras urbanizados\u201d, esclareceu.<\/p>\n\n\n\n<figure class=\"wp-block-image size-full\"><img loading=\"lazy\" decoding=\"async\" width=\"799\" height=\"533\" src=\"https:\/\/www.manaus.am.gov.br\/semcom\/wp-content\/uploads\/sites\/5\/2025\/05\/WhatsApp-Image-2025-05-26-at-16.04.07.jpeg\" alt=\"\" class=\"wp-image-239586\" srcset=\"https:\/\/www.manaus.am.gov.br\/semcom\/wp-content\/uploads\/sites\/5\/2025\/05\/WhatsApp-Image-2025-05-26-at-16.04.07.jpeg 799w, https:\/\/www.manaus.am.gov.br\/semcom\/wp-content\/uploads\/sites\/5\/2025\/05\/WhatsApp-Image-2025-05-26-at-16.04.07-300x200.jpeg 300w, https:\/\/www.manaus.am.gov.br\/semcom\/wp-content\/uploads\/sites\/5\/2025\/05\/WhatsApp-Image-2025-05-26-at-16.04.07-768x512.jpeg 768w\" sizes=\"(max-width: 799px) 100vw, 799px\" \/><figcaption class=\"wp-element-caption\">#paratodosverem prefeito David Almeida destacou avan\u00e7os na habita\u00e7\u00e3o<\/figcaption><\/figure>\n\n\n\n<p><strong>Mais projetos<\/strong><\/p>\n\n\n\n<p>Entre os novos equipamentos p\u00fablicos em fase de projeto ou licita\u00e7\u00e3o, o prefeito anunciou: o Aqu\u00e1rio Municipal de Manaus, com esp\u00e9cies amaz\u00f4nicas, no Centro; o Hospital Municipal, que j\u00e1 est\u00e1 com recursos garantidos; e a Cidade do Autismo, projeto pioneiro para acolhimento e atendimento especializado.<\/p>\n\n\n\n<p><strong>Gest\u00e3o com rumo e entrega<\/strong><\/p>\n\n\n\n<p>A entrevista refor\u00e7ou o ritmo intenso da Prefeitura de Manaus, que atua com base em um planejamento de longo prazo, focado em sustentabilidade, infraestrutura, inclus\u00e3o, moderniza\u00e7\u00e3o, qualidade de vida, desenvolvimento social e econ\u00f4mico, os sete eixos que estruturam a atual gest\u00e3o.<\/p>\n\n\n\n<p>\u201cTemos planejamento, foco e responsabilidade. Estamos transformando Manaus com obras, programas sociais e oportunidades reais para a popula\u00e7\u00e3o. Seguimos prestando contas ao povo, que \u00e9 nosso verdadeiro patr\u00e3o. E o melhor ainda est\u00e1 por vir\u201d, concluiu David Almeida.<\/p>\n\n\n\n<p>&#8212; &#8212; &#8212;<\/p>\n\n\n\n<p><strong>Texto<\/strong> &#8211; Emanuelle Baires \/ Semcom<\/p>\n\n\n\n<p><strong>Fotos<\/strong> &#8211; Dhyeizo Lemos \/ Semcom<\/p>\n","protected":false},"excerpt":{"rendered":"","protected":false},"author":25,"featured_media":239587,"comment_status":"closed","ping_status":"closed","sticky":false,"template":"","format":"standard","meta":{"footnotes":""},"categories":[57],"tags":[15007,35,15008,1353,4192,15009,15010],"acf":[],"yoast_head":"<!-- This site is optimized with the Yoast SEO plugin v23.0 - https:\/\/yoast.com\/wordpress\/plugins\/seo\/ -->\n<title>Prefeito David Almeida destaca a\u00e7\u00f5es priorit\u00e1rias em andamento e pr\u00f3ximas interven\u00e7\u00f5es da gest\u00e3o<\/title>\n<meta name=\"description\" content=\"Em entrevista ao vivo, concedida nesta segunda-feira, 26\/5, ao jornalista F\u00e1bio Melo, na Rede Tiradentes, o prefeito de Manaus, David Almeida\" \/>\n<meta name=\"robots\" content=\"index, follow, max-snippet:-1, max-image-preview:large, max-video-preview:-1\" \/>\n<link rel=\"canonical\" href=\"https:\/\/www.manaus.am.gov.br\/semcom\/david-almeida-acoes-prioritarias\/\" \/>\n<meta property=\"og:locale\" content=\"pt_BR\" \/>\n<meta property=\"og:type\" content=\"article\" \/>\n<meta property=\"og:title\" content=\"Prefeito David Almeida destaca a\u00e7\u00f5es priorit\u00e1rias em andamento e pr\u00f3ximas interven\u00e7\u00f5es da gest\u00e3o\" \/>\n<meta property=\"og:description\" content=\"Em entrevista ao vivo, concedida nesta segunda-feira, 26\/5, ao jornalista F\u00e1bio Melo, na Rede Tiradentes, o prefeito de Manaus, David Almeida\" \/>\n<meta property=\"og:url\" content=\"https:\/\/www.manaus.am.gov.br\/semcom\/david-almeida-acoes-prioritarias\/\" \/>\n<meta property=\"og:site_name\" content=\"SEMCOM\" \/>\n<meta property=\"article:published_time\" content=\"2025-05-26T20:16:34+00:00\" \/>\n<meta property=\"og:image\" content=\"https:\/\/www.manaus.am.gov.br\/semcom\/wp-content\/uploads\/sites\/5\/2025\/05\/WhatsApp-Image-2025-05-26-at-16.04.06.jpeg\" \/>\n\t<meta property=\"og:image:width\" content=\"1600\" \/>\n\t<meta property=\"og:image:height\" content=\"1066\" \/>\n\t<meta property=\"og:image:type\" content=\"image\/jpeg\" \/>\n<meta name=\"author\" content=\"Maur\u00edcio Freire\" \/>\n<meta name=\"twitter:card\" content=\"summary_large_image\" \/>\n<meta name=\"twitter:label1\" content=\"Written by\" \/>\n\t<meta name=\"twitter:data1\" content=\"Maur\u00edcio Freire\" \/>\n\t<meta name=\"twitter:label2\" content=\"Est. reading time\" \/>\n\t<meta name=\"twitter:data2\" content=\"5 minutos\" \/>\n<script type=\"application\/ld+json\" class=\"yoast-schema-graph\">{\"@context\":\"https:\/\/schema.org\",\"@graph\":[{\"@type\":\"WebPage\",\"@id\":\"https:\/\/www.manaus.am.gov.br\/semcom\/david-almeida-acoes-prioritarias\/\",\"url\":\"https:\/\/www.manaus.am.gov.br\/semcom\/david-almeida-acoes-prioritarias\/\",\"name\":\"Prefeito David Almeida destaca a\u00e7\u00f5es priorit\u00e1rias em andamento e pr\u00f3ximas interven\u00e7\u00f5es da gest\u00e3o\",\"isPartOf\":{\"@id\":\"https:\/\/www.manaus.am.gov.br\/semcom\/#website\"},\"primaryImageOfPage\":{\"@id\":\"https:\/\/www.manaus.am.gov.br\/semcom\/david-almeida-acoes-prioritarias\/#primaryimage\"},\"image\":{\"@id\":\"https:\/\/www.manaus.am.gov.br\/semcom\/david-almeida-acoes-prioritarias\/#primaryimage\"},\"thumbnailUrl\":\"https:\/\/www.manaus.am.gov.br\/semcom\/wp-content\/uploads\/sites\/5\/2025\/05\/WhatsApp-Image-2025-05-26-at-16.04.06.jpeg\",\"datePublished\":\"2025-05-26T20:16:34+00:00\",\"dateModified\":\"2025-05-26T20:16:34+00:00\",\"author\":{\"@id\":\"https:\/\/www.manaus.am.gov.br\/semcom\/#\/schema\/person\/587989a23a463cde5618e6a028977a9a\"},\"description\":\"Em entrevista ao vivo, concedida nesta segunda-feira, 26\/5, ao jornalista F\u00e1bio Melo, na Rede Tiradentes, o prefeito de Manaus, David Almeida\",\"inLanguage\":\"pt-BR\",\"potentialAction\":[{\"@type\":\"ReadAction\",\"target\":[\"https:\/\/www.manaus.am.gov.br\/semcom\/david-almeida-acoes-prioritarias\/\"]}]},{\"@type\":\"ImageObject\",\"inLanguage\":\"pt-BR\",\"@id\":\"https:\/\/www.manaus.am.gov.br\/semcom\/david-almeida-acoes-prioritarias\/#primaryimage\",\"url\":\"https:\/\/www.manaus.am.gov.br\/semcom\/wp-content\/uploads\/sites\/5\/2025\/05\/WhatsApp-Image-2025-05-26-at-16.04.06.jpeg\",\"contentUrl\":\"https:\/\/www.manaus.am.gov.br\/semcom\/wp-content\/uploads\/sites\/5\/2025\/05\/WhatsApp-Image-2025-05-26-at-16.04.06.jpeg\",\"width\":1600,\"height\":1066,\"caption\":\"#paratodosverem prefeito David Almeida em concedida nesta segunda-feira, 26\/5, ao jornalista F\u00e1bio Melo, na Rede Tiradentes\"},{\"@type\":\"WebSite\",\"@id\":\"https:\/\/www.manaus.am.gov.br\/semcom\/#website\",\"url\":\"https:\/\/www.manaus.am.gov.br\/semcom\/\",\"name\":\"SEMCOM\",\"description\":\"Secretaria Municipal de Comunica\u00e7\u00e3o\",\"potentialAction\":[{\"@type\":\"SearchAction\",\"target\":{\"@type\":\"EntryPoint\",\"urlTemplate\":\"https:\/\/www.manaus.am.gov.br\/semcom\/?s={search_term_string}\"},\"query-input\":\"required name=search_term_string\"}],\"inLanguage\":\"pt-BR\"},{\"@type\":\"Person\",\"@id\":\"https:\/\/www.manaus.am.gov.br\/semcom\/#\/schema\/person\/587989a23a463cde5618e6a028977a9a\",\"name\":\"Maur\u00edcio Freire\",\"image\":{\"@type\":\"ImageObject\",\"inLanguage\":\"pt-BR\",\"@id\":\"https:\/\/www.manaus.am.gov.br\/semcom\/#\/schema\/person\/image\/\",\"url\":\"https:\/\/secure.gravatar.com\/avatar\/dc1481799a1f75c733ac3b2634cd6749?s=96&d=mm&r=g\",\"contentUrl\":\"https:\/\/secure.gravatar.com\/avatar\/dc1481799a1f75c733ac3b2634cd6749?s=96&d=mm&r=g\",\"caption\":\"Maur\u00edcio Freire\"}}]}<\/script>\n<!-- \/ Yoast SEO plugin. -->","yoast_head_json":{"title":"Prefeito David Almeida destaca a\u00e7\u00f5es priorit\u00e1rias em andamento e pr\u00f3ximas interven\u00e7\u00f5es da gest\u00e3o","description":"Em entrevista ao vivo, concedida nesta segunda-feira, 26\/5, ao jornalista F\u00e1bio Melo, na Rede Tiradentes, o prefeito de Manaus, David Almeida","robots":{"index":"index","follow":"follow","max-snippet":"max-snippet:-1","max-image-preview":"max-image-preview:large","max-video-preview":"max-video-preview:-1"},"canonical":"https:\/\/www.manaus.am.gov.br\/semcom\/david-almeida-acoes-prioritarias\/","og_locale":"pt_BR","og_type":"article","og_title":"Prefeito David Almeida destaca a\u00e7\u00f5es priorit\u00e1rias em andamento e pr\u00f3ximas interven\u00e7\u00f5es da gest\u00e3o","og_description":"Em entrevista ao vivo, concedida nesta segunda-feira, 26\/5, ao jornalista F\u00e1bio Melo, na Rede Tiradentes, o prefeito de Manaus, David Almeida","og_url":"https:\/\/www.manaus.am.gov.br\/semcom\/david-almeida-acoes-prioritarias\/","og_site_name":"SEMCOM","article_published_time":"2025-05-26T20:16:34+00:00","og_image":[{"width":1600,"height":1066,"url":"https:\/\/www.manaus.am.gov.br\/semcom\/wp-content\/uploads\/sites\/5\/2025\/05\/WhatsApp-Image-2025-05-26-at-16.04.06.jpeg","type":"image\/jpeg"}],"author":"Maur\u00edcio Freire","twitter_card":"summary_large_image","twitter_misc":{"Written by":"Maur\u00edcio Freire","Est. reading time":"5 minutos"},"schema":{"@context":"https:\/\/schema.org","@graph":[{"@type":"WebPage","@id":"https:\/\/www.manaus.am.gov.br\/semcom\/david-almeida-acoes-prioritarias\/","url":"https:\/\/www.manaus.am.gov.br\/semcom\/david-almeida-acoes-prioritarias\/","name":"Prefeito David Almeida destaca a\u00e7\u00f5es priorit\u00e1rias em andamento e pr\u00f3ximas interven\u00e7\u00f5es da gest\u00e3o","isPartOf":{"@id":"https:\/\/www.manaus.am.gov.br\/semcom\/#website"},"primaryImageOfPage":{"@id":"https:\/\/www.manaus.am.gov.br\/semcom\/david-almeida-acoes-prioritarias\/#primaryimage"},"image":{"@id":"https:\/\/www.manaus.am.gov.br\/semcom\/david-almeida-acoes-prioritarias\/#primaryimage"},"thumbnailUrl":"https:\/\/www.manaus.am.gov.br\/semcom\/wp-content\/uploads\/sites\/5\/2025\/05\/WhatsApp-Image-2025-05-26-at-16.04.06.jpeg","datePublished":"2025-05-26T20:16:34+00:00","dateModified":"2025-05-26T20:16:34+00:00","author":{"@id":"https:\/\/www.manaus.am.gov.br\/semcom\/#\/schema\/person\/587989a23a463cde5618e6a028977a9a"},"description":"Em entrevista ao vivo, concedida nesta segunda-feira, 26\/5, ao jornalista F\u00e1bio Melo, na Rede Tiradentes, o prefeito de Manaus, David Almeida","inLanguage":"pt-BR","potentialAction":[{"@type":"ReadAction","target":["https:\/\/www.manaus.am.gov.br\/semcom\/david-almeida-acoes-prioritarias\/"]}]},{"@type":"ImageObject","inLanguage":"pt-BR","@id":"https:\/\/www.manaus.am.gov.br\/semcom\/david-almeida-acoes-prioritarias\/#primaryimage","url":"https:\/\/www.manaus.am.gov.br\/semcom\/wp-content\/uploads\/sites\/5\/2025\/05\/WhatsApp-Image-2025-05-26-at-16.04.06.jpeg","contentUrl":"https:\/\/www.manaus.am.gov.br\/semcom\/wp-content\/uploads\/sites\/5\/2025\/05\/WhatsApp-Image-2025-05-26-at-16.04.06.jpeg","width":1600,"height":1066,"caption":"#paratodosverem prefeito David Almeida em concedida nesta segunda-feira, 26\/5, ao jornalista F\u00e1bio Melo, na Rede Tiradentes"},{"@type":"WebSite","@id":"https:\/\/www.manaus.am.gov.br\/semcom\/#website","url":"https:\/\/www.manaus.am.gov.br\/semcom\/","name":"SEMCOM","description":"Secretaria Municipal de Comunica\u00e7\u00e3o","potentialAction":[{"@type":"SearchAction","target":{"@type":"EntryPoint","urlTemplate":"https:\/\/www.manaus.am.gov.br\/semcom\/?s={search_term_string}"},"query-input":"required name=search_term_string"}],"inLanguage":"pt-BR"},{"@type":"Person","@id":"https:\/\/www.manaus.am.gov.br\/semcom\/#\/schema\/person\/587989a23a463cde5618e6a028977a9a","name":"Maur\u00edcio Freire","image":{"@type":"ImageObject","inLanguage":"pt-BR","@id":"https:\/\/www.manaus.am.gov.br\/semcom\/#\/schema\/person\/image\/","url":"https:\/\/secure.gravatar.com\/avatar\/dc1481799a1f75c733ac3b2634cd6749?s=96&d=mm&r=g","contentUrl":"https:\/\/secure.gravatar.com\/avatar\/dc1481799a1f75c733ac3b2634cd6749?s=96&d=mm&r=g","caption":"Maur\u00edcio Freire"}}]}},"_links":{"self":[{"href":"https:\/\/www.manaus.am.gov.br\/semcom\/wp-json\/wp\/v2\/posts\/239585"}],"collection":[{"href":"https:\/\/www.manaus.am.gov.br\/semcom\/wp-json\/wp\/v2\/posts"}],"about":[{"href":"https:\/\/www.manaus.am.gov.br\/semcom\/wp-json\/wp\/v2\/types\/post"}],"author":[{"embeddable":true,"href":"https:\/\/www.manaus.am.gov.br\/semcom\/wp-json\/wp\/v2\/users\/25"}],"replies":[{"embeddable":true,"href":"https:\/\/www.manaus.am.gov.br\/semcom\/wp-json\/wp\/v2\/comments?post=239585"}],"version-history":[{"count":1,"href":"https:\/\/www.manaus.am.gov.br\/semcom\/wp-json\/wp\/v2\/posts\/239585\/revisions"}],"predecessor-version":[{"id":239588,"href":"https:\/\/www.manaus.am.gov.br\/semcom\/wp-json\/wp\/v2\/posts\/239585\/revisions\/239588"}],"wp:featuredmedia":[{"embeddable":true,"href":"https:\/\/www.manaus.am.gov.br\/semcom\/wp-json\/wp\/v2\/media\/239587"}],"wp:attachment":[{"href":"https:\/\/www.manaus.am.gov.br\/semcom\/wp-json\/wp\/v2\/media?parent=239585"}],"wp:term":[{"taxonomy":"category","embeddable":true,"href":"https:\/\/www.manaus.am.gov.br\/semcom\/wp-json\/wp\/v2\/categories?post=239585"},{"taxonomy":"post_tag","embeddable":true,"href":"https:\/\/www.manaus.am.gov.br\/semcom\/wp-json\/wp\/v2\/tags?post=239585"}],"curies":[{"name":"wp","href":"https:\/\/api.w.org\/{rel}","templated":true}]}}