{"id":239529,"date":"2025-05-23T18:07:55","date_gmt":"2025-05-23T21:07:55","guid":{"rendered":"https:\/\/www.manaus.am.gov.br\/semcom\/entrega-de-premios-campanha-iptu-premiado\/"},"modified":"2025-05-23T18:07:56","modified_gmt":"2025-05-23T21:07:56","slug":"entrega-de-premios-campanha-iptu-premiado","status":"publish","type":"post","link":"https:\/\/www.manaus.am.gov.br\/semcom\/entrega-de-premios-campanha-iptu-premiado\/","title":{"rendered":"Prefeitura de Manaus realiza segunda entrega de pr\u00eamios do ano da Campanha IPTU Premiado"},"content":{"rendered":"\n<p><br>A Prefeitura de Manaus, por meio da Secretaria Municipal de Finan\u00e7as e Tecnologia da Informa\u00e7\u00e3o (Semef), realizou, nesta sexta-feira, 23\/5, a segunda entrega de pr\u00eamios do ano da Campanha IPTU Premiado. A cerim\u00f4nia ocorreu no audit\u00f3rio da subsecretaria da Receita da Semef, localizado na avenida Japur\u00e1, no Centro, anexo ao Manaus Atende.<br><br>O sorteio de n\u00famero 202502 contemplou contribuintes pessoas f\u00edsicas que pagaram a cota \u00fanica ou as duas primeiras parcelas do Imposto sobre a Propriedade Predial e Territorial Urbana (IPTU) de 2025. Durante a solenidade, os vencedores receberam cheques simb\u00f3licos com valores de R$ 5 mil a R$ 40 mil.<br><br>A campanha, implementada em 2022, \u00e9 uma das iniciativas do programa de Educa\u00e7\u00e3o Fiscal do munic\u00edpio, com o objetivo de conscientizar e incentivar os manauaras a manterem seus tributos em dia, refor\u00e7ando a import\u00e2ncia da participa\u00e7\u00e3o cidad\u00e3.<br><br>\u201cEstamos aqui para, mais uma vez, entregar os pr\u00eamios aos felizardos sorteados neste segundo sorteio do ano do IPTU Premiado. Voc\u00ea que ainda n\u00e3o ganhou, basta pagar em dia seu IPTU para concorrer aos pr\u00eamios mensais, al\u00e9m das premia\u00e7\u00f5es extras no final do ano de R$ 200 mil e R$ 300 mil\u201d, destacou o subsecret\u00e1rio da Receita da Semef, Arminio Pontes.<br><br>O cobrador de \u00f4nibus, Carlos Medeiros, ganhador do pr\u00eamio principal, no valor de R$ 40 mil, n\u00e3o escondeu a felicidade ao receber o cheque simb\u00f3lico. \u201cSuperou todas as expectativas. Eu estava atr\u00e1s de um cart\u00e3o de cr\u00e9dito para conseguir um valor para financiar uma obra e chegou no momento certo, no momento exato. Estou muito feliz e com muita gratid\u00e3o. Sempre pago meu IPTU em dia e sem essa iniciativa da prefeitura eu n\u00e3o estaria realizando esse sonho\u201d, celebrou Medeiros, emocionado.<br><br>A Campanha IPTU Premiado seguir\u00e1 com sorteios mensais ao longo do ano, com a expectativa de continuar estimulando a adimpl\u00eancia dos contribuintes e refor\u00e7ando a cultura de cidadania fiscal em Manaus.<\/p>\n\n\n\n<p>\u2014 \u2014 \u2014<\/p>\n\n\n\n<p><strong>Texto<\/strong> &#8211;&nbsp; Anderson Farias \/ Semef<\/p>\n\n\n\n<p><strong>Fotos &#8211; <\/strong>&nbsp;Jo\u00e3o Viana \/ Semcom<br><strong>Dispon\u00edveis em &#8211; <\/strong><a href=\"https:\/\/flic.kr\/s\/aHBqjCfeMo\">https:\/\/flic.kr\/s\/aHBqjCfeMo<\/a><strong>&nbsp;<\/strong><\/p>\n","protected":false},"excerpt":{"rendered":"","protected":false},"author":68,"featured_media":239530,"comment_status":"closed","ping_status":"closed","sticky":false,"template":"","format":"standard","meta":{"footnotes":""},"categories":[419],"tags":[77,14988,157],"acf":[],"yoast_head":"<!-- This site is optimized with the Yoast SEO plugin v23.0 - https:\/\/yoast.com\/wordpress\/plugins\/seo\/ -->\n<title>Prefeitura de Manaus realiza segunda entrega de pr\u00eamios do ano da Campanha IPTU Premiado<\/title>\n<meta name=\"description\" content=\"A Prefeitura de Manaus, por meio da Secretaria Municipal de Finan\u00e7as e Tecnologia da Informa\u00e7\u00e3o (Semef), realizou, nesta sexta-feira, 23\/5, a segunda entrega de pr\u00eamios do ano da Campanha IPTU Premiado. A cerim\u00f4nia ocorreu no audit\u00f3rio da subsecretaria da Receita da Semef, localizado na avenida Japur\u00e1, no Centro, anexo ao Manaus Atende.\" \/>\n<meta name=\"robots\" content=\"index, follow, max-snippet:-1, max-image-preview:large, max-video-preview:-1\" \/>\n<link rel=\"canonical\" href=\"https:\/\/www.manaus.am.gov.br\/semcom\/entrega-de-premios-campanha-iptu-premiado\/\" \/>\n<meta property=\"og:locale\" content=\"pt_BR\" \/>\n<meta property=\"og:type\" content=\"article\" \/>\n<meta property=\"og:title\" content=\"Prefeitura de Manaus realiza segunda entrega de pr\u00eamios do ano da Campanha IPTU Premiado\" \/>\n<meta property=\"og:description\" content=\"A Prefeitura de Manaus, por meio da Secretaria Municipal de Finan\u00e7as e Tecnologia da Informa\u00e7\u00e3o (Semef), realizou, nesta sexta-feira, 23\/5, a segunda entrega de pr\u00eamios do ano da Campanha IPTU Premiado. A cerim\u00f4nia ocorreu no audit\u00f3rio da subsecretaria da Receita da Semef, localizado na avenida Japur\u00e1, no Centro, anexo ao Manaus Atende.\" \/>\n<meta property=\"og:url\" content=\"https:\/\/www.manaus.am.gov.br\/semcom\/entrega-de-premios-campanha-iptu-premiado\/\" \/>\n<meta property=\"og:site_name\" content=\"SEMCOM\" \/>\n<meta property=\"article:published_time\" content=\"2025-05-23T21:07:55+00:00\" \/>\n<meta property=\"article:modified_time\" content=\"2025-05-23T21:07:56+00:00\" \/>\n<meta property=\"og:image\" content=\"https:\/\/www.manaus.am.gov.br\/semcom\/wp-content\/uploads\/sites\/5\/2025\/05\/54540006368_49ea9211b1_c.jpg\" \/>\n\t<meta property=\"og:image:width\" content=\"799\" \/>\n\t<meta property=\"og:image:height\" content=\"533\" \/>\n\t<meta property=\"og:image:type\" content=\"image\/jpeg\" \/>\n<meta name=\"author\" content=\"bvalente\" \/>\n<meta name=\"twitter:card\" content=\"summary_large_image\" \/>\n<meta name=\"twitter:label1\" content=\"Written by\" \/>\n\t<meta name=\"twitter:data1\" content=\"bvalente\" \/>\n\t<meta name=\"twitter:label2\" content=\"Est. reading time\" \/>\n\t<meta name=\"twitter:data2\" content=\"2 minutos\" \/>\n<script type=\"application\/ld+json\" class=\"yoast-schema-graph\">{\"@context\":\"https:\/\/schema.org\",\"@graph\":[{\"@type\":\"WebPage\",\"@id\":\"https:\/\/www.manaus.am.gov.br\/semcom\/entrega-de-premios-campanha-iptu-premiado\/\",\"url\":\"https:\/\/www.manaus.am.gov.br\/semcom\/entrega-de-premios-campanha-iptu-premiado\/\",\"name\":\"Prefeitura de Manaus realiza segunda entrega de pr\u00eamios do ano da Campanha IPTU Premiado\",\"isPartOf\":{\"@id\":\"https:\/\/www.manaus.am.gov.br\/semcom\/#website\"},\"primaryImageOfPage\":{\"@id\":\"https:\/\/www.manaus.am.gov.br\/semcom\/entrega-de-premios-campanha-iptu-premiado\/#primaryimage\"},\"image\":{\"@id\":\"https:\/\/www.manaus.am.gov.br\/semcom\/entrega-de-premios-campanha-iptu-premiado\/#primaryimage\"},\"thumbnailUrl\":\"https:\/\/www.manaus.am.gov.br\/semcom\/wp-content\/uploads\/sites\/5\/2025\/05\/54540006368_49ea9211b1_c.jpg\",\"datePublished\":\"2025-05-23T21:07:55+00:00\",\"dateModified\":\"2025-05-23T21:07:56+00:00\",\"author\":{\"@id\":\"https:\/\/www.manaus.am.gov.br\/semcom\/#\/schema\/person\/466a0e03ae4b6062809046bd560ac955\"},\"description\":\"A Prefeitura de Manaus, por meio da Secretaria Municipal de Finan\u00e7as e Tecnologia da Informa\u00e7\u00e3o (Semef), realizou, nesta sexta-feira, 23\/5, a segunda entrega de pr\u00eamios do ano da Campanha IPTU Premiado. A cerim\u00f4nia ocorreu no audit\u00f3rio da subsecretaria da Receita da Semef, localizado na avenida Japur\u00e1, no Centro, anexo ao Manaus Atende.\",\"inLanguage\":\"pt-BR\",\"potentialAction\":[{\"@type\":\"ReadAction\",\"target\":[\"https:\/\/www.manaus.am.gov.br\/semcom\/entrega-de-premios-campanha-iptu-premiado\/\"]}]},{\"@type\":\"ImageObject\",\"inLanguage\":\"pt-BR\",\"@id\":\"https:\/\/www.manaus.am.gov.br\/semcom\/entrega-de-premios-campanha-iptu-premiado\/#primaryimage\",\"url\":\"https:\/\/www.manaus.am.gov.br\/semcom\/wp-content\/uploads\/sites\/5\/2025\/05\/54540006368_49ea9211b1_c.jpg\",\"contentUrl\":\"https:\/\/www.manaus.am.gov.br\/semcom\/wp-content\/uploads\/sites\/5\/2025\/05\/54540006368_49ea9211b1_c.jpg\",\"width\":799,\"height\":533},{\"@type\":\"WebSite\",\"@id\":\"https:\/\/www.manaus.am.gov.br\/semcom\/#website\",\"url\":\"https:\/\/www.manaus.am.gov.br\/semcom\/\",\"name\":\"SEMCOM\",\"description\":\"Secretaria Municipal de Comunica\u00e7\u00e3o\",\"potentialAction\":[{\"@type\":\"SearchAction\",\"target\":{\"@type\":\"EntryPoint\",\"urlTemplate\":\"https:\/\/www.manaus.am.gov.br\/semcom\/?s={search_term_string}\"},\"query-input\":\"required name=search_term_string\"}],\"inLanguage\":\"pt-BR\"},{\"@type\":\"Person\",\"@id\":\"https:\/\/www.manaus.am.gov.br\/semcom\/#\/schema\/person\/466a0e03ae4b6062809046bd560ac955\",\"name\":\"bvalente\",\"image\":{\"@type\":\"ImageObject\",\"inLanguage\":\"pt-BR\",\"@id\":\"https:\/\/www.manaus.am.gov.br\/semcom\/#\/schema\/person\/image\/\",\"url\":\"https:\/\/secure.gravatar.com\/avatar\/3e69bc2b014bdad41adfec3a39de07d2?s=96&d=mm&r=g\",\"contentUrl\":\"https:\/\/secure.gravatar.com\/avatar\/3e69bc2b014bdad41adfec3a39de07d2?s=96&d=mm&r=g\",\"caption\":\"bvalente\"}}]}<\/script>\n<!-- \/ Yoast SEO plugin. -->","yoast_head_json":{"title":"Prefeitura de Manaus realiza segunda entrega de pr\u00eamios do ano da Campanha IPTU Premiado","description":"A Prefeitura de Manaus, por meio da Secretaria Municipal de Finan\u00e7as e Tecnologia da Informa\u00e7\u00e3o (Semef), realizou, nesta sexta-feira, 23\/5, a segunda entrega de pr\u00eamios do ano da Campanha IPTU Premiado. A cerim\u00f4nia ocorreu no audit\u00f3rio da subsecretaria da Receita da Semef, localizado na avenida Japur\u00e1, no Centro, anexo ao Manaus Atende.","robots":{"index":"index","follow":"follow","max-snippet":"max-snippet:-1","max-image-preview":"max-image-preview:large","max-video-preview":"max-video-preview:-1"},"canonical":"https:\/\/www.manaus.am.gov.br\/semcom\/entrega-de-premios-campanha-iptu-premiado\/","og_locale":"pt_BR","og_type":"article","og_title":"Prefeitura de Manaus realiza segunda entrega de pr\u00eamios do ano da Campanha IPTU Premiado","og_description":"A Prefeitura de Manaus, por meio da Secretaria Municipal de Finan\u00e7as e Tecnologia da Informa\u00e7\u00e3o (Semef), realizou, nesta sexta-feira, 23\/5, a segunda entrega de pr\u00eamios do ano da Campanha IPTU Premiado. A cerim\u00f4nia ocorreu no audit\u00f3rio da subsecretaria da Receita da Semef, localizado na avenida Japur\u00e1, no Centro, anexo ao Manaus Atende.","og_url":"https:\/\/www.manaus.am.gov.br\/semcom\/entrega-de-premios-campanha-iptu-premiado\/","og_site_name":"SEMCOM","article_published_time":"2025-05-23T21:07:55+00:00","article_modified_time":"2025-05-23T21:07:56+00:00","og_image":[{"width":799,"height":533,"url":"https:\/\/www.manaus.am.gov.br\/semcom\/wp-content\/uploads\/sites\/5\/2025\/05\/54540006368_49ea9211b1_c.jpg","type":"image\/jpeg"}],"author":"bvalente","twitter_card":"summary_large_image","twitter_misc":{"Written by":"bvalente","Est. reading time":"2 minutos"},"schema":{"@context":"https:\/\/schema.org","@graph":[{"@type":"WebPage","@id":"https:\/\/www.manaus.am.gov.br\/semcom\/entrega-de-premios-campanha-iptu-premiado\/","url":"https:\/\/www.manaus.am.gov.br\/semcom\/entrega-de-premios-campanha-iptu-premiado\/","name":"Prefeitura de Manaus realiza segunda entrega de pr\u00eamios do ano da Campanha IPTU Premiado","isPartOf":{"@id":"https:\/\/www.manaus.am.gov.br\/semcom\/#website"},"primaryImageOfPage":{"@id":"https:\/\/www.manaus.am.gov.br\/semcom\/entrega-de-premios-campanha-iptu-premiado\/#primaryimage"},"image":{"@id":"https:\/\/www.manaus.am.gov.br\/semcom\/entrega-de-premios-campanha-iptu-premiado\/#primaryimage"},"thumbnailUrl":"https:\/\/www.manaus.am.gov.br\/semcom\/wp-content\/uploads\/sites\/5\/2025\/05\/54540006368_49ea9211b1_c.jpg","datePublished":"2025-05-23T21:07:55+00:00","dateModified":"2025-05-23T21:07:56+00:00","author":{"@id":"https:\/\/www.manaus.am.gov.br\/semcom\/#\/schema\/person\/466a0e03ae4b6062809046bd560ac955"},"description":"A Prefeitura de Manaus, por meio da Secretaria Municipal de Finan\u00e7as e Tecnologia da Informa\u00e7\u00e3o (Semef), realizou, nesta sexta-feira, 23\/5, a segunda entrega de pr\u00eamios do ano da Campanha IPTU Premiado. A cerim\u00f4nia ocorreu no audit\u00f3rio da subsecretaria da Receita da Semef, localizado na avenida Japur\u00e1, no Centro, anexo ao Manaus Atende.","inLanguage":"pt-BR","potentialAction":[{"@type":"ReadAction","target":["https:\/\/www.manaus.am.gov.br\/semcom\/entrega-de-premios-campanha-iptu-premiado\/"]}]},{"@type":"ImageObject","inLanguage":"pt-BR","@id":"https:\/\/www.manaus.am.gov.br\/semcom\/entrega-de-premios-campanha-iptu-premiado\/#primaryimage","url":"https:\/\/www.manaus.am.gov.br\/semcom\/wp-content\/uploads\/sites\/5\/2025\/05\/54540006368_49ea9211b1_c.jpg","contentUrl":"https:\/\/www.manaus.am.gov.br\/semcom\/wp-content\/uploads\/sites\/5\/2025\/05\/54540006368_49ea9211b1_c.jpg","width":799,"height":533},{"@type":"WebSite","@id":"https:\/\/www.manaus.am.gov.br\/semcom\/#website","url":"https:\/\/www.manaus.am.gov.br\/semcom\/","name":"SEMCOM","description":"Secretaria Municipal de Comunica\u00e7\u00e3o","potentialAction":[{"@type":"SearchAction","target":{"@type":"EntryPoint","urlTemplate":"https:\/\/www.manaus.am.gov.br\/semcom\/?s={search_term_string}"},"query-input":"required name=search_term_string"}],"inLanguage":"pt-BR"},{"@type":"Person","@id":"https:\/\/www.manaus.am.gov.br\/semcom\/#\/schema\/person\/466a0e03ae4b6062809046bd560ac955","name":"bvalente","image":{"@type":"ImageObject","inLanguage":"pt-BR","@id":"https:\/\/www.manaus.am.gov.br\/semcom\/#\/schema\/person\/image\/","url":"https:\/\/secure.gravatar.com\/avatar\/3e69bc2b014bdad41adfec3a39de07d2?s=96&d=mm&r=g","contentUrl":"https:\/\/secure.gravatar.com\/avatar\/3e69bc2b014bdad41adfec3a39de07d2?s=96&d=mm&r=g","caption":"bvalente"}}]}},"_links":{"self":[{"href":"https:\/\/www.manaus.am.gov.br\/semcom\/wp-json\/wp\/v2\/posts\/239529"}],"collection":[{"href":"https:\/\/www.manaus.am.gov.br\/semcom\/wp-json\/wp\/v2\/posts"}],"about":[{"href":"https:\/\/www.manaus.am.gov.br\/semcom\/wp-json\/wp\/v2\/types\/post"}],"author":[{"embeddable":true,"href":"https:\/\/www.manaus.am.gov.br\/semcom\/wp-json\/wp\/v2\/users\/68"}],"replies":[{"embeddable":true,"href":"https:\/\/www.manaus.am.gov.br\/semcom\/wp-json\/wp\/v2\/comments?post=239529"}],"version-history":[{"count":0,"href":"https:\/\/www.manaus.am.gov.br\/semcom\/wp-json\/wp\/v2\/posts\/239529\/revisions"}],"wp:featuredmedia":[{"embeddable":true,"href":"https:\/\/www.manaus.am.gov.br\/semcom\/wp-json\/wp\/v2\/media\/239530"}],"wp:attachment":[{"href":"https:\/\/www.manaus.am.gov.br\/semcom\/wp-json\/wp\/v2\/media?parent=239529"}],"wp:term":[{"taxonomy":"category","embeddable":true,"href":"https:\/\/www.manaus.am.gov.br\/semcom\/wp-json\/wp\/v2\/categories?post=239529"},{"taxonomy":"post_tag","embeddable":true,"href":"https:\/\/www.manaus.am.gov.br\/semcom\/wp-json\/wp\/v2\/tags?post=239529"}],"curies":[{"name":"wp","href":"https:\/\/api.w.org\/{rel}","templated":true}]}}