{"id":239472,"date":"2025-05-23T11:27:02","date_gmt":"2025-05-23T14:27:02","guid":{"rendered":"https:\/\/www.manaus.am.gov.br\/semcom\/prefeitura-implurb-mapeamento-centro\/"},"modified":"2025-05-23T11:27:03","modified_gmt":"2025-05-23T14:27:03","slug":"prefeitura-implurb-mapeamento-centro","status":"publish","type":"post","link":"https:\/\/www.manaus.am.gov.br\/semcom\/prefeitura-implurb-mapeamento-centro\/","title":{"rendered":"Prefeitura chega a 90% da atualiza\u00e7\u00e3o de im\u00f3veis listados no setor especial do Centro"},"content":{"rendered":"\n<p>A Prefeitura de Manaus j\u00e1 cobriu 90% da \u00e1rea de monitoramento para a atualiza\u00e7\u00e3o dos bens listados pelo Decreto Municipal 7.176\/2004, que estabelece o setor especial das Unidades de Interesse de Preserva\u00e7\u00e3o, localizado no centro antigo da cidade, listando im\u00f3veis, \u00e1rea portu\u00e1ria e pra\u00e7as p\u00fablicas.<\/p>\n\n\n\n<p>Todas as ter\u00e7as e quintas-feiras, equipes do Instituto Municipal de Planejamento Urbano (Implurb), da Ger\u00eancia de Patrim\u00f4nio Hist\u00f3rico (GPH), est\u00e3o nas ruas da capital para verificar as unidades para a atualiza\u00e7\u00e3o. O trabalho consiste em verificar quais im\u00f3veis e lotes v\u00e3o permanecer, quais ser\u00e3o retirados e os que podem ser inclu\u00eddos com base no Decreto 7.176, j\u00e1 que se passaram 21 anos desde a sua publica\u00e7\u00e3o.<\/p>\n\n\n\n<p>Com o uso de ferramentas de tecnologia e software, as a\u00e7\u00f5es em campo ocorrem, de forma simult\u00e2nea, com a inclus\u00e3o dos dados em tempo real. \u201cO levantamento f\u00edsico do local das unidades que est\u00e3o no decreto, que possuem classifica\u00e7\u00f5es de primeiro e segundo graus, chegou a 90%. Tamb\u00e9m est\u00e3o neste conjunto as verifica\u00e7\u00f5es de unidades que existiam no decreto e, infelizmente, foram demolidas, e das novas unidades que n\u00e3o estavam no decreto e que v\u00e3o passar a fazer parte da atualiza\u00e7\u00e3o. A import\u00e2ncia do trabalho \u00e9 justamente podermos ter uma ideia real do que hoje comp\u00f5e a malha do centro hist\u00f3rico e seu entorno\u201d, comentou a gerente do GPH, arquiteta e urbanista Landa Bernardo.<\/p>\n\n\n\n<p>Para a atualiza\u00e7\u00e3o, as equipes do Implurb trabalharam na cria\u00e7\u00e3o de uma camada \u00fanica de informa\u00e7\u00f5es que represente cada unidade edificada. A primeira etapa \u00e9 feita com a coleta em campo, com levantamento fotogr\u00e1fico, usando o aplicativo FieldMaps. No retorno do campo, os t\u00e9cnicos fazem a verifica\u00e7\u00e3o e separam o material para inclus\u00e3o no sistema do ArcGIS.<\/p>\n\n\n\n<p>\u201cEstamos fazendo a base do geocadastro e toda a compatibiliza\u00e7\u00e3o das informa\u00e7\u00f5es sobre as unidades, com o status real dos im\u00f3veis. Com essas a\u00e7\u00f5es, teremos uma base bem real\u00edstica da malha dos edif\u00edcios e unidades preservadas, das n\u00e3o preservadas e conservadas, assim como tamb\u00e9m uma vis\u00e3o de quadra, que n\u00e3o se tinha at\u00e9 ent\u00e3o. As unidades que ser\u00e3o inclu\u00eddas v\u00e3o ressaltar a valoriza\u00e7\u00e3o do patrim\u00f4nio hist\u00f3rico e edificado da capital, e os propriet\u00e1rios dos im\u00f3veis v\u00e3o saber a import\u00e2ncia que seus bens t\u00eam para a mem\u00f3ria vida da cidade\u201d, pontuou Landa.<\/p>\n\n\n\n<p>FieldMaps<\/p>\n\n\n\n<p>Usando o aplicativo, t\u00e9cnicos alimentam, em tempo real, o banco de dados para posterior consulta p\u00fablica. \u201cVamos aos locais, registramos as informa\u00e7\u00f5es, produzimos fotos e refer\u00eancias, e usamos o aplicativo, fornecendo os dados como ano, endere\u00e7o, se \u00e9 um bem de compet\u00eancia federal, estadual ou municipal\u201d, explicou a arquiteta Lorena Mota.<\/p>\n\n\n\n<p>Sem papel<\/p>\n\n\n\n<p>Com o app, a prefeitura eliminou as fichas de cadastro feitas em papel, usadas at\u00e9 ent\u00e3o para realizar o mapeamento e monitoramento dos itens. Al\u00e9m de deixar de usar fichas manuais e em papel, o ganho ainda \u00e9 na precis\u00e3o de dados, principalmente nos pontos, porque eles s\u00e3o georreferenciados. \u201cGanhamos em tempo, precis\u00e3o e em agilidade\u201d, afirmou Landa.<\/p>\n\n\n\n<p>A Ger\u00eancia de Patrim\u00f4nio tem atendimento presencial \u00e0s segundas, quartas e sextas (exceto feriados e pontos facultativos), das 8h \u00e0s 11h, mas den\u00fancias e informa\u00e7\u00f5es podem ser encaminhadas pelo telefone (92) 3625-6577, de segunda a sexta, no mesmo hor\u00e1rio.<\/p>\n\n\n\n<p>&#8212; &#8212; &#8212;<\/p>\n\n\n\n<p><strong>Texto\u00a0<\/strong>\u2013\u00a0Claudia do Valle \/ Implurb<\/p>\n\n\n\n<p><strong>Fotos\u00a0<\/strong>\u2013\u00a0Divulga\u00e7\u00e3o<\/p>\n","protected":false},"excerpt":{"rendered":"","protected":false},"author":23,"featured_media":239473,"comment_status":"closed","ping_status":"closed","sticky":false,"template":"","format":"standard","meta":{"footnotes":""},"categories":[3411],"tags":[1562,5852,65,910,77],"acf":[],"yoast_head":"<!-- This site is optimized with the Yoast SEO plugin v23.0 - https:\/\/yoast.com\/wordpress\/plugins\/seo\/ -->\n<title>Prefeitura chega a 90% da atualiza\u00e7\u00e3o de im\u00f3veis listados no setor especial do Centro<\/title>\n<meta name=\"description\" content=\"A Prefeitura de Manaus j\u00e1 cobriu 90% da \u00e1rea de monitoramento para a atualiza\u00e7\u00e3o dos bens listados pelo Decreto Municipal 7.176\/2004, que estabelece o setor especial das Unidades de Interesse de Preserva\u00e7\u00e3o, localizado no centro antigo da cidade, listando im\u00f3veis, \u00e1rea portu\u00e1ria e pra\u00e7as p\u00fablicas.\" \/>\n<meta name=\"robots\" content=\"index, follow, max-snippet:-1, max-image-preview:large, max-video-preview:-1\" \/>\n<link rel=\"canonical\" href=\"https:\/\/www.manaus.am.gov.br\/semcom\/prefeitura-implurb-mapeamento-centro\/\" \/>\n<meta property=\"og:locale\" content=\"pt_BR\" \/>\n<meta property=\"og:type\" content=\"article\" \/>\n<meta property=\"og:title\" content=\"Prefeitura chega a 90% da atualiza\u00e7\u00e3o de im\u00f3veis listados no setor especial do Centro\" \/>\n<meta property=\"og:description\" content=\"A Prefeitura de Manaus j\u00e1 cobriu 90% da \u00e1rea de monitoramento para a atualiza\u00e7\u00e3o dos bens listados pelo Decreto Municipal 7.176\/2004, que estabelece o setor especial das Unidades de Interesse de Preserva\u00e7\u00e3o, localizado no centro antigo da cidade, listando im\u00f3veis, \u00e1rea portu\u00e1ria e pra\u00e7as p\u00fablicas.\" \/>\n<meta property=\"og:url\" content=\"https:\/\/www.manaus.am.gov.br\/semcom\/prefeitura-implurb-mapeamento-centro\/\" \/>\n<meta property=\"og:site_name\" content=\"SEMCOM\" \/>\n<meta property=\"article:published_time\" content=\"2025-05-23T14:27:02+00:00\" \/>\n<meta property=\"article:modified_time\" content=\"2025-05-23T14:27:03+00:00\" \/>\n<meta property=\"og:image\" content=\"https:\/\/www.manaus.am.gov.br\/semcom\/wp-content\/uploads\/sites\/5\/2025\/05\/GPHmaio.jpeg\" \/>\n\t<meta property=\"og:image:width\" content=\"4032\" \/>\n\t<meta property=\"og:image:height\" content=\"3024\" \/>\n\t<meta property=\"og:image:type\" content=\"image\/jpeg\" \/>\n<meta name=\"author\" content=\"Adriana Costa\" \/>\n<meta name=\"twitter:card\" content=\"summary_large_image\" \/>\n<meta name=\"twitter:label1\" content=\"Written by\" \/>\n\t<meta name=\"twitter:data1\" content=\"Adriana Costa\" \/>\n\t<meta name=\"twitter:label2\" content=\"Est. reading time\" \/>\n\t<meta name=\"twitter:data2\" content=\"4 minutos\" \/>\n<script type=\"application\/ld+json\" class=\"yoast-schema-graph\">{\"@context\":\"https:\/\/schema.org\",\"@graph\":[{\"@type\":\"WebPage\",\"@id\":\"https:\/\/www.manaus.am.gov.br\/semcom\/prefeitura-implurb-mapeamento-centro\/\",\"url\":\"https:\/\/www.manaus.am.gov.br\/semcom\/prefeitura-implurb-mapeamento-centro\/\",\"name\":\"Prefeitura chega a 90% da atualiza\u00e7\u00e3o de im\u00f3veis listados no setor especial do Centro\",\"isPartOf\":{\"@id\":\"https:\/\/www.manaus.am.gov.br\/semcom\/#website\"},\"primaryImageOfPage\":{\"@id\":\"https:\/\/www.manaus.am.gov.br\/semcom\/prefeitura-implurb-mapeamento-centro\/#primaryimage\"},\"image\":{\"@id\":\"https:\/\/www.manaus.am.gov.br\/semcom\/prefeitura-implurb-mapeamento-centro\/#primaryimage\"},\"thumbnailUrl\":\"https:\/\/www.manaus.am.gov.br\/semcom\/wp-content\/uploads\/sites\/5\/2025\/05\/GPHmaio.jpeg\",\"datePublished\":\"2025-05-23T14:27:02+00:00\",\"dateModified\":\"2025-05-23T14:27:03+00:00\",\"author\":{\"@id\":\"https:\/\/www.manaus.am.gov.br\/semcom\/#\/schema\/person\/4e49f4e267757a06ca072ec61b2b9968\"},\"description\":\"A Prefeitura de Manaus j\u00e1 cobriu 90% da \u00e1rea de monitoramento para a atualiza\u00e7\u00e3o dos bens listados pelo Decreto Municipal 7.176\/2004, que estabelece o setor especial das Unidades de Interesse de Preserva\u00e7\u00e3o, localizado no centro antigo da cidade, listando im\u00f3veis, \u00e1rea portu\u00e1ria e pra\u00e7as p\u00fablicas.\",\"inLanguage\":\"pt-BR\",\"potentialAction\":[{\"@type\":\"ReadAction\",\"target\":[\"https:\/\/www.manaus.am.gov.br\/semcom\/prefeitura-implurb-mapeamento-centro\/\"]}]},{\"@type\":\"ImageObject\",\"inLanguage\":\"pt-BR\",\"@id\":\"https:\/\/www.manaus.am.gov.br\/semcom\/prefeitura-implurb-mapeamento-centro\/#primaryimage\",\"url\":\"https:\/\/www.manaus.am.gov.br\/semcom\/wp-content\/uploads\/sites\/5\/2025\/05\/GPHmaio.jpeg\",\"contentUrl\":\"https:\/\/www.manaus.am.gov.br\/semcom\/wp-content\/uploads\/sites\/5\/2025\/05\/GPHmaio.jpeg\",\"width\":4032,\"height\":3024},{\"@type\":\"WebSite\",\"@id\":\"https:\/\/www.manaus.am.gov.br\/semcom\/#website\",\"url\":\"https:\/\/www.manaus.am.gov.br\/semcom\/\",\"name\":\"SEMCOM\",\"description\":\"Secretaria Municipal de Comunica\u00e7\u00e3o\",\"potentialAction\":[{\"@type\":\"SearchAction\",\"target\":{\"@type\":\"EntryPoint\",\"urlTemplate\":\"https:\/\/www.manaus.am.gov.br\/semcom\/?s={search_term_string}\"},\"query-input\":\"required name=search_term_string\"}],\"inLanguage\":\"pt-BR\"},{\"@type\":\"Person\",\"@id\":\"https:\/\/www.manaus.am.gov.br\/semcom\/#\/schema\/person\/4e49f4e267757a06ca072ec61b2b9968\",\"name\":\"Adriana Costa\",\"image\":{\"@type\":\"ImageObject\",\"inLanguage\":\"pt-BR\",\"@id\":\"https:\/\/www.manaus.am.gov.br\/semcom\/#\/schema\/person\/image\/\",\"url\":\"https:\/\/secure.gravatar.com\/avatar\/576258617ef7194f718179e766d57bd4?s=96&d=mm&r=g\",\"contentUrl\":\"https:\/\/secure.gravatar.com\/avatar\/576258617ef7194f718179e766d57bd4?s=96&d=mm&r=g\",\"caption\":\"Adriana Costa\"}}]}<\/script>\n<!-- \/ Yoast SEO plugin. -->","yoast_head_json":{"title":"Prefeitura chega a 90% da atualiza\u00e7\u00e3o de im\u00f3veis listados no setor especial do Centro","description":"A Prefeitura de Manaus j\u00e1 cobriu 90% da \u00e1rea de monitoramento para a atualiza\u00e7\u00e3o dos bens listados pelo Decreto Municipal 7.176\/2004, que estabelece o setor especial das Unidades de Interesse de Preserva\u00e7\u00e3o, localizado no centro antigo da cidade, listando im\u00f3veis, \u00e1rea portu\u00e1ria e pra\u00e7as p\u00fablicas.","robots":{"index":"index","follow":"follow","max-snippet":"max-snippet:-1","max-image-preview":"max-image-preview:large","max-video-preview":"max-video-preview:-1"},"canonical":"https:\/\/www.manaus.am.gov.br\/semcom\/prefeitura-implurb-mapeamento-centro\/","og_locale":"pt_BR","og_type":"article","og_title":"Prefeitura chega a 90% da atualiza\u00e7\u00e3o de im\u00f3veis listados no setor especial do Centro","og_description":"A Prefeitura de Manaus j\u00e1 cobriu 90% da \u00e1rea de monitoramento para a atualiza\u00e7\u00e3o dos bens listados pelo Decreto Municipal 7.176\/2004, que estabelece o setor especial das Unidades de Interesse de Preserva\u00e7\u00e3o, localizado no centro antigo da cidade, listando im\u00f3veis, \u00e1rea portu\u00e1ria e pra\u00e7as p\u00fablicas.","og_url":"https:\/\/www.manaus.am.gov.br\/semcom\/prefeitura-implurb-mapeamento-centro\/","og_site_name":"SEMCOM","article_published_time":"2025-05-23T14:27:02+00:00","article_modified_time":"2025-05-23T14:27:03+00:00","og_image":[{"width":4032,"height":3024,"url":"https:\/\/www.manaus.am.gov.br\/semcom\/wp-content\/uploads\/sites\/5\/2025\/05\/GPHmaio.jpeg","type":"image\/jpeg"}],"author":"Adriana Costa","twitter_card":"summary_large_image","twitter_misc":{"Written by":"Adriana Costa","Est. reading time":"4 minutos"},"schema":{"@context":"https:\/\/schema.org","@graph":[{"@type":"WebPage","@id":"https:\/\/www.manaus.am.gov.br\/semcom\/prefeitura-implurb-mapeamento-centro\/","url":"https:\/\/www.manaus.am.gov.br\/semcom\/prefeitura-implurb-mapeamento-centro\/","name":"Prefeitura chega a 90% da atualiza\u00e7\u00e3o de im\u00f3veis listados no setor especial do Centro","isPartOf":{"@id":"https:\/\/www.manaus.am.gov.br\/semcom\/#website"},"primaryImageOfPage":{"@id":"https:\/\/www.manaus.am.gov.br\/semcom\/prefeitura-implurb-mapeamento-centro\/#primaryimage"},"image":{"@id":"https:\/\/www.manaus.am.gov.br\/semcom\/prefeitura-implurb-mapeamento-centro\/#primaryimage"},"thumbnailUrl":"https:\/\/www.manaus.am.gov.br\/semcom\/wp-content\/uploads\/sites\/5\/2025\/05\/GPHmaio.jpeg","datePublished":"2025-05-23T14:27:02+00:00","dateModified":"2025-05-23T14:27:03+00:00","author":{"@id":"https:\/\/www.manaus.am.gov.br\/semcom\/#\/schema\/person\/4e49f4e267757a06ca072ec61b2b9968"},"description":"A Prefeitura de Manaus j\u00e1 cobriu 90% da \u00e1rea de monitoramento para a atualiza\u00e7\u00e3o dos bens listados pelo Decreto Municipal 7.176\/2004, que estabelece o setor especial das Unidades de Interesse de Preserva\u00e7\u00e3o, localizado no centro antigo da cidade, listando im\u00f3veis, \u00e1rea portu\u00e1ria e pra\u00e7as p\u00fablicas.","inLanguage":"pt-BR","potentialAction":[{"@type":"ReadAction","target":["https:\/\/www.manaus.am.gov.br\/semcom\/prefeitura-implurb-mapeamento-centro\/"]}]},{"@type":"ImageObject","inLanguage":"pt-BR","@id":"https:\/\/www.manaus.am.gov.br\/semcom\/prefeitura-implurb-mapeamento-centro\/#primaryimage","url":"https:\/\/www.manaus.am.gov.br\/semcom\/wp-content\/uploads\/sites\/5\/2025\/05\/GPHmaio.jpeg","contentUrl":"https:\/\/www.manaus.am.gov.br\/semcom\/wp-content\/uploads\/sites\/5\/2025\/05\/GPHmaio.jpeg","width":4032,"height":3024},{"@type":"WebSite","@id":"https:\/\/www.manaus.am.gov.br\/semcom\/#website","url":"https:\/\/www.manaus.am.gov.br\/semcom\/","name":"SEMCOM","description":"Secretaria Municipal de Comunica\u00e7\u00e3o","potentialAction":[{"@type":"SearchAction","target":{"@type":"EntryPoint","urlTemplate":"https:\/\/www.manaus.am.gov.br\/semcom\/?s={search_term_string}"},"query-input":"required name=search_term_string"}],"inLanguage":"pt-BR"},{"@type":"Person","@id":"https:\/\/www.manaus.am.gov.br\/semcom\/#\/schema\/person\/4e49f4e267757a06ca072ec61b2b9968","name":"Adriana Costa","image":{"@type":"ImageObject","inLanguage":"pt-BR","@id":"https:\/\/www.manaus.am.gov.br\/semcom\/#\/schema\/person\/image\/","url":"https:\/\/secure.gravatar.com\/avatar\/576258617ef7194f718179e766d57bd4?s=96&d=mm&r=g","contentUrl":"https:\/\/secure.gravatar.com\/avatar\/576258617ef7194f718179e766d57bd4?s=96&d=mm&r=g","caption":"Adriana Costa"}}]}},"_links":{"self":[{"href":"https:\/\/www.manaus.am.gov.br\/semcom\/wp-json\/wp\/v2\/posts\/239472"}],"collection":[{"href":"https:\/\/www.manaus.am.gov.br\/semcom\/wp-json\/wp\/v2\/posts"}],"about":[{"href":"https:\/\/www.manaus.am.gov.br\/semcom\/wp-json\/wp\/v2\/types\/post"}],"author":[{"embeddable":true,"href":"https:\/\/www.manaus.am.gov.br\/semcom\/wp-json\/wp\/v2\/users\/23"}],"replies":[{"embeddable":true,"href":"https:\/\/www.manaus.am.gov.br\/semcom\/wp-json\/wp\/v2\/comments?post=239472"}],"version-history":[{"count":0,"href":"https:\/\/www.manaus.am.gov.br\/semcom\/wp-json\/wp\/v2\/posts\/239472\/revisions"}],"wp:featuredmedia":[{"embeddable":true,"href":"https:\/\/www.manaus.am.gov.br\/semcom\/wp-json\/wp\/v2\/media\/239473"}],"wp:attachment":[{"href":"https:\/\/www.manaus.am.gov.br\/semcom\/wp-json\/wp\/v2\/media?parent=239472"}],"wp:term":[{"taxonomy":"category","embeddable":true,"href":"https:\/\/www.manaus.am.gov.br\/semcom\/wp-json\/wp\/v2\/categories?post=239472"},{"taxonomy":"post_tag","embeddable":true,"href":"https:\/\/www.manaus.am.gov.br\/semcom\/wp-json\/wp\/v2\/tags?post=239472"}],"curies":[{"name":"wp","href":"https:\/\/api.w.org\/{rel}","templated":true}]}}