{"id":239441,"date":"2025-05-22T18:03:37","date_gmt":"2025-05-22T21:03:37","guid":{"rendered":"https:\/\/www.manaus.am.gov.br\/semcom\/prefeito-david-almeida-entrega-403-titulos-definitivos-no-novo-reino-1-e-reforca-maior-programa-de-regularizacao-fundiaria-da-historia-de-manaus\/"},"modified":"2025-05-22T18:04:04","modified_gmt":"2025-05-22T21:04:04","slug":"entrega-403-titulos-definitivos","status":"publish","type":"post","link":"https:\/\/www.manaus.am.gov.br\/semcom\/entrega-403-titulos-definitivos\/","title":{"rendered":"Prefeito David Almeida entrega 403 t\u00edtulos definitivos no Novo Reino 1 e refor\u00e7a maior programa de regulariza\u00e7\u00e3o fundi\u00e1ria da hist\u00f3ria de Manaus"},"content":{"rendered":"\n<p>Com uma gest\u00e3o voltada para a inclus\u00e3o social e o desenvolvimento urbano sustent\u00e1vel, o prefeito de Manaus, David Almeida, entregou, nesta quinta-feira, 22\/5, 403 registros definitivos de im\u00f3veis a fam\u00edlias da comunidade Novo Reino 1, na zona Leste da cidade. A a\u00e7\u00e3o integra o maior programa de regulariza\u00e7\u00e3o fundi\u00e1ria da capital, conduzido pela Secretaria Municipal de Habita\u00e7\u00e3o e Assuntos Fundi\u00e1rios (Semhaf), e d\u00e1 fim a uma espera de quase 20 anos.<\/p>\n\n\n\n<p>Com o olhar voltado para a justi\u00e7a social e a dignidade habitacional, o prefeito David Almeida protagonizou mais um cap\u00edtulo transformador em sua gest\u00e3o. A entrega dos t\u00edtulos de propriedade no Novo Reino 1 representa muito mais do que a legaliza\u00e7\u00e3o de terrenos \u2014 \u00e9 a garantia de pertencimento, seguran\u00e7a jur\u00eddica e acesso a direitos para centenas de fam\u00edlias que, por d\u00e9cadas, viveram sob a incerteza da posse informal.<\/p>\n\n\n\n<p>\u201cN\u00f3s estamos fazendo o maior programa de regulariza\u00e7\u00e3o fundi\u00e1ria da hist\u00f3ria de Manaus. E estamos fazendo com recurso pr\u00f3prio, com coragem e com decis\u00e3o. Nossa meta \u00e9 clara: at\u00e9 o fim do mandato, entregar dignidade para 20 mil fam\u00edlias manauaras\u201d, afirmou o prefeito David Almeida durante a solenidade.<\/p>\n\n\n\n<p>A cerim\u00f4nia foi marcada por forte emo\u00e7\u00e3o e simbolismo. As fam\u00edlias beneficiadas passaram, oficialmente, a ser donas de seus im\u00f3veis, um marco importante no avan\u00e7o da pol\u00edtica habitacional da Prefeitura de Manaus. Desde a cria\u00e7\u00e3o da Semhaf, em junho de 2023, mais de 8.400 registros j\u00e1 foram emitidos. A meta da atual gest\u00e3o \u00e9 chegar a 20 mil at\u00e9 o final do mandato, incluindo 3.600 lotes no bairro planejado e 4.700 novas unidades habitacionais por meio do programa \u201cMinha Casa, Minha Vida&#8221;.<\/p>\n\n\n\n<p>Para o secret\u00e1rio da Semhaf, Jesus Alves, a entrega no Novo Reino 1 representa um resgate de dignidade. \u201cAssim como um dia tive a emo\u00e7\u00e3o de ver meu nome num documento do meu primeiro bem, hoje compartilho a alegria dessas fam\u00edlias. Isso s\u00f3 \u00e9 poss\u00edvel, porque o prefeito teve coragem de criar a Semhaf, mesmo em tempos de restri\u00e7\u00e3o or\u00e7ament\u00e1ria. Ele tirou recursos de onde n\u00e3o tinha para garantir o direito de quem mais precisa\u201d.<\/p>\n\n\n\n<p><strong>Processo<\/strong><\/p>\n\n\n\n<p>A estrat\u00e9gia da prefeitura inclui desapropria\u00e7\u00f5es legais, pagamentos de indeniza\u00e7\u00f5es aos antigos propriet\u00e1rios, registros em cart\u00f3rio e cobertura total dos custos burocr\u00e1ticos por parte do munic\u00edpio. A meta, segundo o prefeito, \u00e9 garantir que nenhuma fam\u00edlia continue \u00e0 margem do direito \u00e0 moradia formal.<\/p>\n\n\n\n<p>Al\u00e9m da entrega dos t\u00edtulos, a comunidade recebeu o an\u00fancio de um novo programa: o \u201cCasa Manauara\u201d, voltado para a reforma de habita\u00e7\u00f5es de fam\u00edlias em situa\u00e7\u00e3o de vulnerabilidade. A iniciativa come\u00e7a a ser executada em junho e refor\u00e7a a atua\u00e7\u00e3o da prefeitura na melhoria das condi\u00e7\u00f5es de vida da popula\u00e7\u00e3o de baixa renda.<\/p>\n\n\n\n<p>A a\u00e7\u00e3o se insere diretamente no eixo \u201cManaus que cuida das pessoas\u201d, uma das sete diretrizes estruturantes do plano de governo de David Almeida. A regulariza\u00e7\u00e3o fundi\u00e1ria se mostra uma ferramenta poderosa de combate \u00e0 desigualdade, promovendo desenvolvimento urbano, inclus\u00e3o social e fortalecimento da cidadania.<\/p>\n\n\n\n<p>O defensor p\u00fablico do N\u00facleo de Moradia da Defensoria P\u00fablica do Estado do Amazonas, Thiago Rosas, tamb\u00e9m destacou o papel do prefeito. \u201cDavid Almeida sempre foi um homem de di\u00e1logo e de compromisso com os vulner\u00e1veis. Manaus, hoje, \u00e9 a capital que mais entrega t\u00edtulos definitivos no Brasil. Isso \u00e9 fruto de uma gest\u00e3o que acredita na transforma\u00e7\u00e3o por meio do direito \u00e0 moradia\u201d.<\/p>\n\n\n\n<p><strong>Beneficiados&nbsp;<\/strong><\/p>\n\n\n\n<p>Entre os moradores, o sentimento era de al\u00edvio e gratid\u00e3o. \u201cEsperei quase 20 anos por esse papel. Hoje, posso dizer que essa casa \u00e9 minha de verdade. Obrigado, prefeito, por lembrar da gente\u201d, disse a moradora Maria do Carmo Silva, emocionada.<\/p>\n\n\n\n<p>A entrega dos registros definitivos em Novo Reino 1 n\u00e3o apenas regulariza moradias, mas inaugura uma nova etapa de oportunidades. A Prefeitura de Manaus reafirma, com esta a\u00e7\u00e3o, seu compromisso de construir uma cidade mais justa, segura e inclusiva. Por meio da habita\u00e7\u00e3o digna, a gest\u00e3o David Almeida avan\u00e7a em um dos pilares centrais de seu governo: cuidar das pessoas e transformar realidades.<\/p>\n\n\n\n<p>\u2014 \u2014 \u2014<\/p>\n\n\n\n<p><strong>Texto &#8211; <\/strong>Emanuelle Baires \/ Semcom<\/p>\n\n\n\n<p><strong>Fotos <\/strong>&#8211; Dhyeizo Lemos&nbsp; e Jo\u00e3o Viana\/ Semcom<\/p>\n\n\n\n<p><strong>Dispon\u00edveis em &#8211;<\/strong> <a href=\"https:\/\/flic.kr\/s\/aHBqjCfeEG\">https:\/\/flic.kr\/s\/aHBqjCfeEG<\/a>&nbsp;<\/p>\n","protected":false},"excerpt":{"rendered":"","protected":false},"author":68,"featured_media":239442,"comment_status":"closed","ping_status":"closed","sticky":false,"template":"","format":"standard","meta":{"footnotes":""},"categories":[2179],"tags":[35,14047,14961,77],"acf":[],"yoast_head":"<!-- This site is optimized with the Yoast SEO plugin v23.0 - https:\/\/yoast.com\/wordpress\/plugins\/seo\/ -->\n<title>Prefeito David Almeida entrega 403 t\u00edtulos definitivos no Novo Reino 1 e refor\u00e7a maior programa de regulariza\u00e7\u00e3o fundi\u00e1ria da hist\u00f3ria de Manaus<\/title>\n<meta name=\"description\" content=\"Com uma gest\u00e3o voltada para a inclus\u00e3o social e o desenvolvimento urbano sustent\u00e1vel, o prefeito de Manaus, David Almeida, entregou, nesta quinta-feira, 22\/5, 403 registros definitivos de im\u00f3veis a fam\u00edlias da comunidade Novo Reino 1, na zona Leste da cidade. A a\u00e7\u00e3o integra o maior programa de regulariza\u00e7\u00e3o fundi\u00e1ria da capital, conduzido pela Secretaria Municipal de Habita\u00e7\u00e3o e Assuntos Fundi\u00e1rios (Semhaf), e d\u00e1 fim a uma espera de quase 20 anos.\" \/>\n<meta name=\"robots\" content=\"index, follow, max-snippet:-1, max-image-preview:large, max-video-preview:-1\" \/>\n<link rel=\"canonical\" href=\"https:\/\/www.manaus.am.gov.br\/semcom\/entrega-403-titulos-definitivos\/\" \/>\n<meta property=\"og:locale\" content=\"pt_BR\" \/>\n<meta property=\"og:type\" content=\"article\" \/>\n<meta property=\"og:title\" content=\"Prefeito David Almeida entrega 403 t\u00edtulos definitivos no Novo Reino 1 e refor\u00e7a maior programa de regulariza\u00e7\u00e3o fundi\u00e1ria da hist\u00f3ria de Manaus\" \/>\n<meta property=\"og:description\" content=\"Com uma gest\u00e3o voltada para a inclus\u00e3o social e o desenvolvimento urbano sustent\u00e1vel, o prefeito de Manaus, David Almeida, entregou, nesta quinta-feira, 22\/5, 403 registros definitivos de im\u00f3veis a fam\u00edlias da comunidade Novo Reino 1, na zona Leste da cidade. A a\u00e7\u00e3o integra o maior programa de regulariza\u00e7\u00e3o fundi\u00e1ria da capital, conduzido pela Secretaria Municipal de Habita\u00e7\u00e3o e Assuntos Fundi\u00e1rios (Semhaf), e d\u00e1 fim a uma espera de quase 20 anos.\" \/>\n<meta property=\"og:url\" content=\"https:\/\/www.manaus.am.gov.br\/semcom\/entrega-403-titulos-definitivos\/\" \/>\n<meta property=\"og:site_name\" content=\"SEMCOM\" \/>\n<meta property=\"article:published_time\" content=\"2025-05-22T21:03:37+00:00\" \/>\n<meta property=\"article:modified_time\" content=\"2025-05-22T21:04:04+00:00\" \/>\n<meta property=\"og:image\" content=\"https:\/\/www.manaus.am.gov.br\/semcom\/wp-content\/uploads\/sites\/5\/2025\/05\/54537996828_7cf5d7d9f1_c.jpg\" \/>\n\t<meta property=\"og:image:width\" content=\"799\" \/>\n\t<meta property=\"og:image:height\" content=\"533\" \/>\n\t<meta property=\"og:image:type\" content=\"image\/jpeg\" \/>\n<meta name=\"author\" content=\"bvalente\" \/>\n<meta name=\"twitter:card\" content=\"summary_large_image\" \/>\n<meta name=\"twitter:label1\" content=\"Written by\" \/>\n\t<meta name=\"twitter:data1\" content=\"bvalente\" \/>\n\t<meta name=\"twitter:label2\" content=\"Est. reading time\" \/>\n\t<meta name=\"twitter:data2\" content=\"4 minutos\" \/>\n<script type=\"application\/ld+json\" class=\"yoast-schema-graph\">{\"@context\":\"https:\/\/schema.org\",\"@graph\":[{\"@type\":\"WebPage\",\"@id\":\"https:\/\/www.manaus.am.gov.br\/semcom\/entrega-403-titulos-definitivos\/\",\"url\":\"https:\/\/www.manaus.am.gov.br\/semcom\/entrega-403-titulos-definitivos\/\",\"name\":\"Prefeito David Almeida entrega 403 t\u00edtulos definitivos no Novo Reino 1 e refor\u00e7a maior programa de regulariza\u00e7\u00e3o fundi\u00e1ria da hist\u00f3ria de Manaus\",\"isPartOf\":{\"@id\":\"https:\/\/www.manaus.am.gov.br\/semcom\/#website\"},\"primaryImageOfPage\":{\"@id\":\"https:\/\/www.manaus.am.gov.br\/semcom\/entrega-403-titulos-definitivos\/#primaryimage\"},\"image\":{\"@id\":\"https:\/\/www.manaus.am.gov.br\/semcom\/entrega-403-titulos-definitivos\/#primaryimage\"},\"thumbnailUrl\":\"https:\/\/www.manaus.am.gov.br\/semcom\/wp-content\/uploads\/sites\/5\/2025\/05\/54537996828_7cf5d7d9f1_c.jpg\",\"datePublished\":\"2025-05-22T21:03:37+00:00\",\"dateModified\":\"2025-05-22T21:04:04+00:00\",\"author\":{\"@id\":\"https:\/\/www.manaus.am.gov.br\/semcom\/#\/schema\/person\/466a0e03ae4b6062809046bd560ac955\"},\"description\":\"Com uma gest\u00e3o voltada para a inclus\u00e3o social e o desenvolvimento urbano sustent\u00e1vel, o prefeito de Manaus, David Almeida, entregou, nesta quinta-feira, 22\/5, 403 registros definitivos de im\u00f3veis a fam\u00edlias da comunidade Novo Reino 1, na zona Leste da cidade. A a\u00e7\u00e3o integra o maior programa de regulariza\u00e7\u00e3o fundi\u00e1ria da capital, conduzido pela Secretaria Municipal de Habita\u00e7\u00e3o e Assuntos Fundi\u00e1rios (Semhaf), e d\u00e1 fim a uma espera de quase 20 anos.\",\"inLanguage\":\"pt-BR\",\"potentialAction\":[{\"@type\":\"ReadAction\",\"target\":[\"https:\/\/www.manaus.am.gov.br\/semcom\/entrega-403-titulos-definitivos\/\"]}]},{\"@type\":\"ImageObject\",\"inLanguage\":\"pt-BR\",\"@id\":\"https:\/\/www.manaus.am.gov.br\/semcom\/entrega-403-titulos-definitivos\/#primaryimage\",\"url\":\"https:\/\/www.manaus.am.gov.br\/semcom\/wp-content\/uploads\/sites\/5\/2025\/05\/54537996828_7cf5d7d9f1_c.jpg\",\"contentUrl\":\"https:\/\/www.manaus.am.gov.br\/semcom\/wp-content\/uploads\/sites\/5\/2025\/05\/54537996828_7cf5d7d9f1_c.jpg\",\"width\":799,\"height\":533},{\"@type\":\"WebSite\",\"@id\":\"https:\/\/www.manaus.am.gov.br\/semcom\/#website\",\"url\":\"https:\/\/www.manaus.am.gov.br\/semcom\/\",\"name\":\"SEMCOM\",\"description\":\"Secretaria Municipal de Comunica\u00e7\u00e3o\",\"potentialAction\":[{\"@type\":\"SearchAction\",\"target\":{\"@type\":\"EntryPoint\",\"urlTemplate\":\"https:\/\/www.manaus.am.gov.br\/semcom\/?s={search_term_string}\"},\"query-input\":\"required name=search_term_string\"}],\"inLanguage\":\"pt-BR\"},{\"@type\":\"Person\",\"@id\":\"https:\/\/www.manaus.am.gov.br\/semcom\/#\/schema\/person\/466a0e03ae4b6062809046bd560ac955\",\"name\":\"bvalente\",\"image\":{\"@type\":\"ImageObject\",\"inLanguage\":\"pt-BR\",\"@id\":\"https:\/\/www.manaus.am.gov.br\/semcom\/#\/schema\/person\/image\/\",\"url\":\"https:\/\/secure.gravatar.com\/avatar\/3e69bc2b014bdad41adfec3a39de07d2?s=96&d=mm&r=g\",\"contentUrl\":\"https:\/\/secure.gravatar.com\/avatar\/3e69bc2b014bdad41adfec3a39de07d2?s=96&d=mm&r=g\",\"caption\":\"bvalente\"}}]}<\/script>\n<!-- \/ Yoast SEO plugin. -->","yoast_head_json":{"title":"Prefeito David Almeida entrega 403 t\u00edtulos definitivos no Novo Reino 1 e refor\u00e7a maior programa de regulariza\u00e7\u00e3o fundi\u00e1ria da hist\u00f3ria de Manaus","description":"Com uma gest\u00e3o voltada para a inclus\u00e3o social e o desenvolvimento urbano sustent\u00e1vel, o prefeito de Manaus, David Almeida, entregou, nesta quinta-feira, 22\/5, 403 registros definitivos de im\u00f3veis a fam\u00edlias da comunidade Novo Reino 1, na zona Leste da cidade. A a\u00e7\u00e3o integra o maior programa de regulariza\u00e7\u00e3o fundi\u00e1ria da capital, conduzido pela Secretaria Municipal de Habita\u00e7\u00e3o e Assuntos Fundi\u00e1rios (Semhaf), e d\u00e1 fim a uma espera de quase 20 anos.","robots":{"index":"index","follow":"follow","max-snippet":"max-snippet:-1","max-image-preview":"max-image-preview:large","max-video-preview":"max-video-preview:-1"},"canonical":"https:\/\/www.manaus.am.gov.br\/semcom\/entrega-403-titulos-definitivos\/","og_locale":"pt_BR","og_type":"article","og_title":"Prefeito David Almeida entrega 403 t\u00edtulos definitivos no Novo Reino 1 e refor\u00e7a maior programa de regulariza\u00e7\u00e3o fundi\u00e1ria da hist\u00f3ria de Manaus","og_description":"Com uma gest\u00e3o voltada para a inclus\u00e3o social e o desenvolvimento urbano sustent\u00e1vel, o prefeito de Manaus, David Almeida, entregou, nesta quinta-feira, 22\/5, 403 registros definitivos de im\u00f3veis a fam\u00edlias da comunidade Novo Reino 1, na zona Leste da cidade. A a\u00e7\u00e3o integra o maior programa de regulariza\u00e7\u00e3o fundi\u00e1ria da capital, conduzido pela Secretaria Municipal de Habita\u00e7\u00e3o e Assuntos Fundi\u00e1rios (Semhaf), e d\u00e1 fim a uma espera de quase 20 anos.","og_url":"https:\/\/www.manaus.am.gov.br\/semcom\/entrega-403-titulos-definitivos\/","og_site_name":"SEMCOM","article_published_time":"2025-05-22T21:03:37+00:00","article_modified_time":"2025-05-22T21:04:04+00:00","og_image":[{"width":799,"height":533,"url":"https:\/\/www.manaus.am.gov.br\/semcom\/wp-content\/uploads\/sites\/5\/2025\/05\/54537996828_7cf5d7d9f1_c.jpg","type":"image\/jpeg"}],"author":"bvalente","twitter_card":"summary_large_image","twitter_misc":{"Written by":"bvalente","Est. reading time":"4 minutos"},"schema":{"@context":"https:\/\/schema.org","@graph":[{"@type":"WebPage","@id":"https:\/\/www.manaus.am.gov.br\/semcom\/entrega-403-titulos-definitivos\/","url":"https:\/\/www.manaus.am.gov.br\/semcom\/entrega-403-titulos-definitivos\/","name":"Prefeito David Almeida entrega 403 t\u00edtulos definitivos no Novo Reino 1 e refor\u00e7a maior programa de regulariza\u00e7\u00e3o fundi\u00e1ria da hist\u00f3ria de Manaus","isPartOf":{"@id":"https:\/\/www.manaus.am.gov.br\/semcom\/#website"},"primaryImageOfPage":{"@id":"https:\/\/www.manaus.am.gov.br\/semcom\/entrega-403-titulos-definitivos\/#primaryimage"},"image":{"@id":"https:\/\/www.manaus.am.gov.br\/semcom\/entrega-403-titulos-definitivos\/#primaryimage"},"thumbnailUrl":"https:\/\/www.manaus.am.gov.br\/semcom\/wp-content\/uploads\/sites\/5\/2025\/05\/54537996828_7cf5d7d9f1_c.jpg","datePublished":"2025-05-22T21:03:37+00:00","dateModified":"2025-05-22T21:04:04+00:00","author":{"@id":"https:\/\/www.manaus.am.gov.br\/semcom\/#\/schema\/person\/466a0e03ae4b6062809046bd560ac955"},"description":"Com uma gest\u00e3o voltada para a inclus\u00e3o social e o desenvolvimento urbano sustent\u00e1vel, o prefeito de Manaus, David Almeida, entregou, nesta quinta-feira, 22\/5, 403 registros definitivos de im\u00f3veis a fam\u00edlias da comunidade Novo Reino 1, na zona Leste da cidade. A a\u00e7\u00e3o integra o maior programa de regulariza\u00e7\u00e3o fundi\u00e1ria da capital, conduzido pela Secretaria Municipal de Habita\u00e7\u00e3o e Assuntos Fundi\u00e1rios (Semhaf), e d\u00e1 fim a uma espera de quase 20 anos.","inLanguage":"pt-BR","potentialAction":[{"@type":"ReadAction","target":["https:\/\/www.manaus.am.gov.br\/semcom\/entrega-403-titulos-definitivos\/"]}]},{"@type":"ImageObject","inLanguage":"pt-BR","@id":"https:\/\/www.manaus.am.gov.br\/semcom\/entrega-403-titulos-definitivos\/#primaryimage","url":"https:\/\/www.manaus.am.gov.br\/semcom\/wp-content\/uploads\/sites\/5\/2025\/05\/54537996828_7cf5d7d9f1_c.jpg","contentUrl":"https:\/\/www.manaus.am.gov.br\/semcom\/wp-content\/uploads\/sites\/5\/2025\/05\/54537996828_7cf5d7d9f1_c.jpg","width":799,"height":533},{"@type":"WebSite","@id":"https:\/\/www.manaus.am.gov.br\/semcom\/#website","url":"https:\/\/www.manaus.am.gov.br\/semcom\/","name":"SEMCOM","description":"Secretaria Municipal de Comunica\u00e7\u00e3o","potentialAction":[{"@type":"SearchAction","target":{"@type":"EntryPoint","urlTemplate":"https:\/\/www.manaus.am.gov.br\/semcom\/?s={search_term_string}"},"query-input":"required name=search_term_string"}],"inLanguage":"pt-BR"},{"@type":"Person","@id":"https:\/\/www.manaus.am.gov.br\/semcom\/#\/schema\/person\/466a0e03ae4b6062809046bd560ac955","name":"bvalente","image":{"@type":"ImageObject","inLanguage":"pt-BR","@id":"https:\/\/www.manaus.am.gov.br\/semcom\/#\/schema\/person\/image\/","url":"https:\/\/secure.gravatar.com\/avatar\/3e69bc2b014bdad41adfec3a39de07d2?s=96&d=mm&r=g","contentUrl":"https:\/\/secure.gravatar.com\/avatar\/3e69bc2b014bdad41adfec3a39de07d2?s=96&d=mm&r=g","caption":"bvalente"}}]}},"_links":{"self":[{"href":"https:\/\/www.manaus.am.gov.br\/semcom\/wp-json\/wp\/v2\/posts\/239441"}],"collection":[{"href":"https:\/\/www.manaus.am.gov.br\/semcom\/wp-json\/wp\/v2\/posts"}],"about":[{"href":"https:\/\/www.manaus.am.gov.br\/semcom\/wp-json\/wp\/v2\/types\/post"}],"author":[{"embeddable":true,"href":"https:\/\/www.manaus.am.gov.br\/semcom\/wp-json\/wp\/v2\/users\/68"}],"replies":[{"embeddable":true,"href":"https:\/\/www.manaus.am.gov.br\/semcom\/wp-json\/wp\/v2\/comments?post=239441"}],"version-history":[{"count":1,"href":"https:\/\/www.manaus.am.gov.br\/semcom\/wp-json\/wp\/v2\/posts\/239441\/revisions"}],"predecessor-version":[{"id":239443,"href":"https:\/\/www.manaus.am.gov.br\/semcom\/wp-json\/wp\/v2\/posts\/239441\/revisions\/239443"}],"wp:featuredmedia":[{"embeddable":true,"href":"https:\/\/www.manaus.am.gov.br\/semcom\/wp-json\/wp\/v2\/media\/239442"}],"wp:attachment":[{"href":"https:\/\/www.manaus.am.gov.br\/semcom\/wp-json\/wp\/v2\/media?parent=239441"}],"wp:term":[{"taxonomy":"category","embeddable":true,"href":"https:\/\/www.manaus.am.gov.br\/semcom\/wp-json\/wp\/v2\/categories?post=239441"},{"taxonomy":"post_tag","embeddable":true,"href":"https:\/\/www.manaus.am.gov.br\/semcom\/wp-json\/wp\/v2\/tags?post=239441"}],"curies":[{"name":"wp","href":"https:\/\/api.w.org\/{rel}","templated":true}]}}