{"id":239423,"date":"2025-05-22T15:42:31","date_gmt":"2025-05-22T18:42:31","guid":{"rendered":"https:\/\/www.manaus.am.gov.br\/semcom\/prefeitura-semed-saladerecurso-crechezonaleste\/"},"modified":"2025-05-22T15:42:33","modified_gmt":"2025-05-22T18:42:33","slug":"prefeitura-semed-saladerecurso-crechezonaleste","status":"publish","type":"post","link":"https:\/\/www.manaus.am.gov.br\/semcom\/prefeitura-semed-saladerecurso-crechezonaleste\/","title":{"rendered":"Prefeitura de Manaus inaugura sala de recurso na creche Maria Aparecida Silva Dantas\u00a0"},"content":{"rendered":"\n<p>A Prefeitura de Manaus, por meio da Secretaria Municipal de Educa\u00e7\u00e3o (Semed), inaugurou, nesta quinta-feira, 22\/5, a sala de recurso multifuncional, da creche municipal Maria Aparecida Silva Dantas, no bairro Armando Mendes, na zona Leste da capital. A iniciativa refor\u00e7a o compromisso da gest\u00e3o municipal com a inclus\u00e3o e o atendimento educacional especializado para crian\u00e7as com defici\u00eancia, transtornos globais do desenvolvimento, altas habilidades e superdota\u00e7\u00e3o.&nbsp;<\/p>\n\n\n\n<p>A sala de recurso vai oferecer atendimento especializado e de qualidade para 12 crian\u00e7as com laudo m\u00e9dico e que necessitam de acompanhamento complementar. O espa\u00e7o conta com estrutura adequada e est\u00e1 equipado com materiais pedag\u00f3gicos espec\u00edficos, proporcionando um ambiente inclusivo, acess\u00edvel e preparado para atender \u00e0s necessidades individuais de cada aluno.&nbsp;<\/p>\n\n\n\n<p>Para a gestora da unidade escolar, Idalina Wei, a cria\u00e7\u00e3o da sala faz parte do plano de ampliar as a\u00e7\u00f5es voltadas \u00e0 educa\u00e7\u00e3o inclusiva na rede municipal, oferecendo um atendimento mais individualizado e acolhedor, em parceria com as fam\u00edlias, os educadores e os profissionais da educa\u00e7\u00e3o especial.&nbsp;<\/p>\n\n\n\n<p>\u201c\u00c9 maravilhoso ver o sonho de ter uma sala de recurso se tornar realidade. \u00c9 muito importante garantir que todas as crian\u00e7as tenham as mesmas oportunidades de aprender e crescer. Estou imensamente feliz com esta conquista e, acima de tudo, por saber que este espa\u00e7o vai impactar positivamente a vida de muitas fam\u00edlias\u201d, destacou a gestora.&nbsp;<\/p>\n\n\n\n<p>Durante a inaugura\u00e7\u00e3o, a gerente de Educa\u00e7\u00e3o Especial, Amanda&nbsp;Macanoni, ressaltou a import\u00e2ncia de proporcionar igualdade de oportunidades no ambiente escolar.&nbsp;<\/p>\n\n\n\n<p>\u201cEssa sala \u00e9 mais do que apenas um novo espa\u00e7o, \u00e9 um passo real em dire\u00e7\u00e3o a uma educa\u00e7\u00e3o mais justa, que respeita e valoriza as diferen\u00e7as de cada crian\u00e7a. Fico muito feliz, porque isso \u00e9 resultado do trabalho em equipe da&nbsp;Semed. Tenho certeza de que esta sala de recurso far\u00e1 a diferen\u00e7a na vida de muitas crian\u00e7as\u201d, afirmou Amanda.&nbsp;<\/p>\n\n\n\n<p>Edevaldo Siqueira, pai da pequena Ana Liz Siqueira, tamb\u00e9m se mostrou satisfeito com a implanta\u00e7\u00e3o do espa\u00e7o na creche.&nbsp;<\/p>\n\n\n\n<p>\u201cTenho quatro filhas, sendo tr\u00eas diagnosticadas com autismo. A Ana Liz ainda est\u00e1 em fase de investiga\u00e7\u00e3o. Tr\u00eas delas estudaram aqui. S\u00f3 tenho a agradecer a toda a equipe da&nbsp;Semed&nbsp;pelo excelente trabalho. Minhas filhas sempre foram muito bem acolhidas e tiveram um desenvolvimento not\u00e1vel desde que chegaram \u00e0 creche\u201d, comentou Edevaldo.&nbsp;<\/p>\n\n\n\n<p>&#8212; &#8212; &#8212;<\/p>\n\n\n\n<p><strong>Texto<\/strong>&nbsp;&#8211; Thalia Rodrigues \/&nbsp;Semed&nbsp;<\/p>\n\n\n\n<p><strong>Foto<\/strong>&nbsp;&#8211;&nbsp;Eliton&nbsp;Santos\/&nbsp;Semed&nbsp;<\/p>\n\n\n\n<p><strong>Dispon\u00edveis em<\/strong> &#8211; <a href=\"https:\/\/flic.kr\/s\/aHBqjCf7ip\">https:\/\/flic.kr\/s\/aHBqjCf7ip<\/a><\/p>\n","protected":false},"excerpt":{"rendered":"","protected":false},"author":23,"featured_media":239424,"comment_status":"closed","ping_status":"closed","sticky":false,"template":"","format":"standard","meta":{"footnotes":""},"categories":[1625],"tags":[14957,1671,77,3194,62,108],"acf":[],"yoast_head":"<!-- This site is optimized with the Yoast SEO plugin v23.0 - https:\/\/yoast.com\/wordpress\/plugins\/seo\/ -->\n<title>Prefeitura de Manaus inaugura sala de recurso na creche Maria Aparecida Silva Dantas<\/title>\n<meta name=\"description\" content=\"A Prefeitura de Manaus, por meio da Secretaria Municipal de Educa\u00e7\u00e3o (Semed), inaugurou, nesta quinta-feira, 22\/5, a sala de recurso multifuncional, da creche municipal Maria Aparecida Silva Dantas, no bairro Armando Mendes, na zona Leste da capital\" \/>\n<meta name=\"robots\" content=\"index, follow, max-snippet:-1, max-image-preview:large, max-video-preview:-1\" \/>\n<link rel=\"canonical\" href=\"https:\/\/www.manaus.am.gov.br\/semcom\/prefeitura-semed-saladerecurso-crechezonaleste\/\" \/>\n<meta property=\"og:locale\" content=\"pt_BR\" \/>\n<meta property=\"og:type\" content=\"article\" \/>\n<meta property=\"og:title\" content=\"Prefeitura de Manaus inaugura sala de recurso na creche Maria Aparecida Silva Dantas\" \/>\n<meta property=\"og:description\" content=\"A Prefeitura de Manaus, por meio da Secretaria Municipal de Educa\u00e7\u00e3o (Semed), inaugurou, nesta quinta-feira, 22\/5, a sala de recurso multifuncional, da creche municipal Maria Aparecida Silva Dantas, no bairro Armando Mendes, na zona Leste da capital\" \/>\n<meta property=\"og:url\" content=\"https:\/\/www.manaus.am.gov.br\/semcom\/prefeitura-semed-saladerecurso-crechezonaleste\/\" \/>\n<meta property=\"og:site_name\" content=\"SEMCOM\" \/>\n<meta property=\"article:published_time\" content=\"2025-05-22T18:42:31+00:00\" \/>\n<meta property=\"article:modified_time\" content=\"2025-05-22T18:42:33+00:00\" \/>\n<meta property=\"og:image\" content=\"https:\/\/www.manaus.am.gov.br\/semcom\/wp-content\/uploads\/sites\/5\/2025\/05\/54536820017_4059360752_c.jpg\" \/>\n\t<meta property=\"og:image:width\" content=\"799\" \/>\n\t<meta property=\"og:image:height\" content=\"533\" \/>\n\t<meta property=\"og:image:type\" content=\"image\/jpeg\" \/>\n<meta name=\"author\" content=\"Adriana Costa\" \/>\n<meta name=\"twitter:card\" content=\"summary_large_image\" \/>\n<meta name=\"twitter:label1\" content=\"Written by\" \/>\n\t<meta name=\"twitter:data1\" content=\"Adriana Costa\" \/>\n\t<meta name=\"twitter:label2\" content=\"Est. reading time\" \/>\n\t<meta name=\"twitter:data2\" content=\"3 minutos\" \/>\n<script type=\"application\/ld+json\" class=\"yoast-schema-graph\">{\"@context\":\"https:\/\/schema.org\",\"@graph\":[{\"@type\":\"WebPage\",\"@id\":\"https:\/\/www.manaus.am.gov.br\/semcom\/prefeitura-semed-saladerecurso-crechezonaleste\/\",\"url\":\"https:\/\/www.manaus.am.gov.br\/semcom\/prefeitura-semed-saladerecurso-crechezonaleste\/\",\"name\":\"Prefeitura de Manaus inaugura sala de recurso na creche Maria Aparecida Silva Dantas\",\"isPartOf\":{\"@id\":\"https:\/\/www.manaus.am.gov.br\/semcom\/#website\"},\"primaryImageOfPage\":{\"@id\":\"https:\/\/www.manaus.am.gov.br\/semcom\/prefeitura-semed-saladerecurso-crechezonaleste\/#primaryimage\"},\"image\":{\"@id\":\"https:\/\/www.manaus.am.gov.br\/semcom\/prefeitura-semed-saladerecurso-crechezonaleste\/#primaryimage\"},\"thumbnailUrl\":\"https:\/\/www.manaus.am.gov.br\/semcom\/wp-content\/uploads\/sites\/5\/2025\/05\/54536820017_4059360752_c.jpg\",\"datePublished\":\"2025-05-22T18:42:31+00:00\",\"dateModified\":\"2025-05-22T18:42:33+00:00\",\"author\":{\"@id\":\"https:\/\/www.manaus.am.gov.br\/semcom\/#\/schema\/person\/4e49f4e267757a06ca072ec61b2b9968\"},\"description\":\"A Prefeitura de Manaus, por meio da Secretaria Municipal de Educa\u00e7\u00e3o (Semed), inaugurou, nesta quinta-feira, 22\/5, a sala de recurso multifuncional, da creche municipal Maria Aparecida Silva Dantas, no bairro Armando Mendes, na zona Leste da capital\",\"inLanguage\":\"pt-BR\",\"potentialAction\":[{\"@type\":\"ReadAction\",\"target\":[\"https:\/\/www.manaus.am.gov.br\/semcom\/prefeitura-semed-saladerecurso-crechezonaleste\/\"]}]},{\"@type\":\"ImageObject\",\"inLanguage\":\"pt-BR\",\"@id\":\"https:\/\/www.manaus.am.gov.br\/semcom\/prefeitura-semed-saladerecurso-crechezonaleste\/#primaryimage\",\"url\":\"https:\/\/www.manaus.am.gov.br\/semcom\/wp-content\/uploads\/sites\/5\/2025\/05\/54536820017_4059360752_c.jpg\",\"contentUrl\":\"https:\/\/www.manaus.am.gov.br\/semcom\/wp-content\/uploads\/sites\/5\/2025\/05\/54536820017_4059360752_c.jpg\",\"width\":799,\"height\":533},{\"@type\":\"WebSite\",\"@id\":\"https:\/\/www.manaus.am.gov.br\/semcom\/#website\",\"url\":\"https:\/\/www.manaus.am.gov.br\/semcom\/\",\"name\":\"SEMCOM\",\"description\":\"Secretaria Municipal de Comunica\u00e7\u00e3o\",\"potentialAction\":[{\"@type\":\"SearchAction\",\"target\":{\"@type\":\"EntryPoint\",\"urlTemplate\":\"https:\/\/www.manaus.am.gov.br\/semcom\/?s={search_term_string}\"},\"query-input\":\"required name=search_term_string\"}],\"inLanguage\":\"pt-BR\"},{\"@type\":\"Person\",\"@id\":\"https:\/\/www.manaus.am.gov.br\/semcom\/#\/schema\/person\/4e49f4e267757a06ca072ec61b2b9968\",\"name\":\"Adriana Costa\",\"image\":{\"@type\":\"ImageObject\",\"inLanguage\":\"pt-BR\",\"@id\":\"https:\/\/www.manaus.am.gov.br\/semcom\/#\/schema\/person\/image\/\",\"url\":\"https:\/\/secure.gravatar.com\/avatar\/576258617ef7194f718179e766d57bd4?s=96&d=mm&r=g\",\"contentUrl\":\"https:\/\/secure.gravatar.com\/avatar\/576258617ef7194f718179e766d57bd4?s=96&d=mm&r=g\",\"caption\":\"Adriana Costa\"}}]}<\/script>\n<!-- \/ Yoast SEO plugin. -->","yoast_head_json":{"title":"Prefeitura de Manaus inaugura sala de recurso na creche Maria Aparecida Silva Dantas","description":"A Prefeitura de Manaus, por meio da Secretaria Municipal de Educa\u00e7\u00e3o (Semed), inaugurou, nesta quinta-feira, 22\/5, a sala de recurso multifuncional, da creche municipal Maria Aparecida Silva Dantas, no bairro Armando Mendes, na zona Leste da capital","robots":{"index":"index","follow":"follow","max-snippet":"max-snippet:-1","max-image-preview":"max-image-preview:large","max-video-preview":"max-video-preview:-1"},"canonical":"https:\/\/www.manaus.am.gov.br\/semcom\/prefeitura-semed-saladerecurso-crechezonaleste\/","og_locale":"pt_BR","og_type":"article","og_title":"Prefeitura de Manaus inaugura sala de recurso na creche Maria Aparecida Silva Dantas","og_description":"A Prefeitura de Manaus, por meio da Secretaria Municipal de Educa\u00e7\u00e3o (Semed), inaugurou, nesta quinta-feira, 22\/5, a sala de recurso multifuncional, da creche municipal Maria Aparecida Silva Dantas, no bairro Armando Mendes, na zona Leste da capital","og_url":"https:\/\/www.manaus.am.gov.br\/semcom\/prefeitura-semed-saladerecurso-crechezonaleste\/","og_site_name":"SEMCOM","article_published_time":"2025-05-22T18:42:31+00:00","article_modified_time":"2025-05-22T18:42:33+00:00","og_image":[{"width":799,"height":533,"url":"https:\/\/www.manaus.am.gov.br\/semcom\/wp-content\/uploads\/sites\/5\/2025\/05\/54536820017_4059360752_c.jpg","type":"image\/jpeg"}],"author":"Adriana Costa","twitter_card":"summary_large_image","twitter_misc":{"Written by":"Adriana Costa","Est. reading time":"3 minutos"},"schema":{"@context":"https:\/\/schema.org","@graph":[{"@type":"WebPage","@id":"https:\/\/www.manaus.am.gov.br\/semcom\/prefeitura-semed-saladerecurso-crechezonaleste\/","url":"https:\/\/www.manaus.am.gov.br\/semcom\/prefeitura-semed-saladerecurso-crechezonaleste\/","name":"Prefeitura de Manaus inaugura sala de recurso na creche Maria Aparecida Silva Dantas","isPartOf":{"@id":"https:\/\/www.manaus.am.gov.br\/semcom\/#website"},"primaryImageOfPage":{"@id":"https:\/\/www.manaus.am.gov.br\/semcom\/prefeitura-semed-saladerecurso-crechezonaleste\/#primaryimage"},"image":{"@id":"https:\/\/www.manaus.am.gov.br\/semcom\/prefeitura-semed-saladerecurso-crechezonaleste\/#primaryimage"},"thumbnailUrl":"https:\/\/www.manaus.am.gov.br\/semcom\/wp-content\/uploads\/sites\/5\/2025\/05\/54536820017_4059360752_c.jpg","datePublished":"2025-05-22T18:42:31+00:00","dateModified":"2025-05-22T18:42:33+00:00","author":{"@id":"https:\/\/www.manaus.am.gov.br\/semcom\/#\/schema\/person\/4e49f4e267757a06ca072ec61b2b9968"},"description":"A Prefeitura de Manaus, por meio da Secretaria Municipal de Educa\u00e7\u00e3o (Semed), inaugurou, nesta quinta-feira, 22\/5, a sala de recurso multifuncional, da creche municipal Maria Aparecida Silva Dantas, no bairro Armando Mendes, na zona Leste da capital","inLanguage":"pt-BR","potentialAction":[{"@type":"ReadAction","target":["https:\/\/www.manaus.am.gov.br\/semcom\/prefeitura-semed-saladerecurso-crechezonaleste\/"]}]},{"@type":"ImageObject","inLanguage":"pt-BR","@id":"https:\/\/www.manaus.am.gov.br\/semcom\/prefeitura-semed-saladerecurso-crechezonaleste\/#primaryimage","url":"https:\/\/www.manaus.am.gov.br\/semcom\/wp-content\/uploads\/sites\/5\/2025\/05\/54536820017_4059360752_c.jpg","contentUrl":"https:\/\/www.manaus.am.gov.br\/semcom\/wp-content\/uploads\/sites\/5\/2025\/05\/54536820017_4059360752_c.jpg","width":799,"height":533},{"@type":"WebSite","@id":"https:\/\/www.manaus.am.gov.br\/semcom\/#website","url":"https:\/\/www.manaus.am.gov.br\/semcom\/","name":"SEMCOM","description":"Secretaria Municipal de Comunica\u00e7\u00e3o","potentialAction":[{"@type":"SearchAction","target":{"@type":"EntryPoint","urlTemplate":"https:\/\/www.manaus.am.gov.br\/semcom\/?s={search_term_string}"},"query-input":"required name=search_term_string"}],"inLanguage":"pt-BR"},{"@type":"Person","@id":"https:\/\/www.manaus.am.gov.br\/semcom\/#\/schema\/person\/4e49f4e267757a06ca072ec61b2b9968","name":"Adriana Costa","image":{"@type":"ImageObject","inLanguage":"pt-BR","@id":"https:\/\/www.manaus.am.gov.br\/semcom\/#\/schema\/person\/image\/","url":"https:\/\/secure.gravatar.com\/avatar\/576258617ef7194f718179e766d57bd4?s=96&d=mm&r=g","contentUrl":"https:\/\/secure.gravatar.com\/avatar\/576258617ef7194f718179e766d57bd4?s=96&d=mm&r=g","caption":"Adriana Costa"}}]}},"_links":{"self":[{"href":"https:\/\/www.manaus.am.gov.br\/semcom\/wp-json\/wp\/v2\/posts\/239423"}],"collection":[{"href":"https:\/\/www.manaus.am.gov.br\/semcom\/wp-json\/wp\/v2\/posts"}],"about":[{"href":"https:\/\/www.manaus.am.gov.br\/semcom\/wp-json\/wp\/v2\/types\/post"}],"author":[{"embeddable":true,"href":"https:\/\/www.manaus.am.gov.br\/semcom\/wp-json\/wp\/v2\/users\/23"}],"replies":[{"embeddable":true,"href":"https:\/\/www.manaus.am.gov.br\/semcom\/wp-json\/wp\/v2\/comments?post=239423"}],"version-history":[{"count":0,"href":"https:\/\/www.manaus.am.gov.br\/semcom\/wp-json\/wp\/v2\/posts\/239423\/revisions"}],"wp:featuredmedia":[{"embeddable":true,"href":"https:\/\/www.manaus.am.gov.br\/semcom\/wp-json\/wp\/v2\/media\/239424"}],"wp:attachment":[{"href":"https:\/\/www.manaus.am.gov.br\/semcom\/wp-json\/wp\/v2\/media?parent=239423"}],"wp:term":[{"taxonomy":"category","embeddable":true,"href":"https:\/\/www.manaus.am.gov.br\/semcom\/wp-json\/wp\/v2\/categories?post=239423"},{"taxonomy":"post_tag","embeddable":true,"href":"https:\/\/www.manaus.am.gov.br\/semcom\/wp-json\/wp\/v2\/tags?post=239423"}],"curies":[{"name":"wp","href":"https:\/\/api.w.org\/{rel}","templated":true}]}}