{"id":239116,"date":"2025-05-16T14:40:44","date_gmt":"2025-05-16T18:40:44","guid":{"rendered":"https:\/\/www.manaus.am.gov.br\/semcom\/operacao-clinicas-de-cirurgia-plastica\/"},"modified":"2025-05-16T14:40:44","modified_gmt":"2025-05-16T18:40:44","slug":"operacao-clinicas-de-cirurgia-plastica","status":"publish","type":"post","link":"https:\/\/www.manaus.am.gov.br\/semcom\/operacao-clinicas-de-cirurgia-plastica\/","title":{"rendered":"Procon Manaus realiza opera\u00e7\u00e3o para fiscalizar cl\u00ednicas de cirurgia pl\u00e1stica na capital"},"content":{"rendered":"\n<p>Com o objetivo de garantir o cumprimento dos direitos b\u00e1sicos do consumidor, a Prefeitura de Manaus, por meio do Servi\u00e7o de Atendimento e Prote\u00e7\u00e3o ao Consumidor (Procon Manaus), realizou, nos dias 14, 15 e 16, a opera\u00e7\u00e3o &#8220;Cl\u00ednicas de Cirurgia Pl\u00e1stica&#8221;. A a\u00e7\u00e3o teve como foco assegurar a seguran\u00e7a dos pacientes, promover a informa\u00e7\u00e3o adequada e coibir pr\u00e1ticas abusivas nas rela\u00e7\u00f5es de consumo envolvendo procedimentos est\u00e9ticos e cir\u00fargicos.<\/p>\n\n\n\n<p>Ao todo, sete cl\u00ednicas especializadas em cirurgia pl\u00e1stica foram fiscalizadas em diferentes zonas da capital. Durante as inspe\u00e7\u00f5es, foram lavrados sete autos de constata\u00e7\u00e3o por irregularidades como a aus\u00eancia do C\u00f3digo de Defesa do Consumidor (CDC) nos estabelecimentos, n\u00e3o apresenta\u00e7\u00e3o de contrato de presta\u00e7\u00e3o de servi\u00e7os, falta de placas com informa\u00e7\u00f5es do Procon Manaus e aus\u00eancia de sinaliza\u00e7\u00e3o para atendimentos priorit\u00e1rios.<\/p>\n\n\n\n<p>Al\u00e9m disso, a fiscaliza\u00e7\u00e3o avaliou aspectos como a regularidade da contrata\u00e7\u00e3o dos servi\u00e7os, a exist\u00eancia de cl\u00e1usulas abusivas, venda casada, publicidade enganosa e a transpar\u00eancia nas informa\u00e7\u00f5es fornecidas aos consumidores \u2014 incluindo valores, formas de pagamento, prazos, pol\u00edticas de cancelamento, riscos dos procedimentos, garantias e promessas de resultados.<\/p>\n\n\n\n<p>\u201cEssa fiscaliza\u00e7\u00e3o \u00e9 essencial para proteger consumidores que buscam procedimentos est\u00e9ticos que exigem responsabilidade e cuidado. Nosso papel \u00e9 garantir que essas rela\u00e7\u00f5es de consumo sejam equilibradas, seguras e transparentes, para que nenhum direito seja violado. A cirurgia pl\u00e1stica n\u00e3o pode ser tratada como um produto qualquer e, por isso, precisa de aten\u00e7\u00e3o redobrada\u201d, afirmou a presidente do Procon Manaus, Onilda Abreu.<\/p>\n\n\n\n<p>O Procon Manaus refor\u00e7a que segue atento \u00e0s demandas da popula\u00e7\u00e3o e orienta os consumidores que se sintam lesados a registrar den\u00fancias por meio do n\u00famero 151 ou pelo e-mail\u00a0<a href=\"mailto:proconmanaus@manaus.am.gov.br\" target=\"_blank\" rel=\"noreferrer noopener\">proconmanaus@manaus.am.gov.br<\/a>.<\/p>\n\n\n\n<figure class=\"wp-block-image size-large\"><img loading=\"lazy\" decoding=\"async\" width=\"1024\" height=\"768\" src=\"https:\/\/www.manaus.am.gov.br\/semcom\/wp-content\/uploads\/sites\/5\/2025\/05\/Operacao-3-1024x768.jpeg\" alt=\"\" class=\"wp-image-239117\" srcset=\"https:\/\/www.manaus.am.gov.br\/semcom\/wp-content\/uploads\/sites\/5\/2025\/05\/Operacao-3-1024x768.jpeg 1024w, https:\/\/www.manaus.am.gov.br\/semcom\/wp-content\/uploads\/sites\/5\/2025\/05\/Operacao-3-300x225.jpeg 300w, https:\/\/www.manaus.am.gov.br\/semcom\/wp-content\/uploads\/sites\/5\/2025\/05\/Operacao-3-768x576.jpeg 768w, https:\/\/www.manaus.am.gov.br\/semcom\/wp-content\/uploads\/sites\/5\/2025\/05\/Operacao-3-1536x1152.jpeg 1536w, https:\/\/www.manaus.am.gov.br\/semcom\/wp-content\/uploads\/sites\/5\/2025\/05\/Operacao-3.jpeg 1600w\" sizes=\"(max-width: 1024px) 100vw, 1024px\" \/><\/figure>\n\n\n\n<p>&#8212; &#8212; &#8212;<\/p>\n\n\n\n<p><strong>Texto<\/strong>\u00a0\u2013\u00a0Lara Bernardes\/Procon Manaus<\/p>\n\n\n\n<p><strong>Fotos <\/strong>\u2013\u00a0Divulga\u00e7\u00e3o\/Procon Manaus<\/p>\n","protected":false},"excerpt":{"rendered":"","protected":false},"author":39,"featured_media":239118,"comment_status":"closed","ping_status":"closed","sticky":false,"template":"","format":"standard","meta":{"footnotes":""},"categories":[9823],"tags":[14858,771,77,9825],"acf":[],"yoast_head":"<!-- This site is optimized with the Yoast SEO plugin v23.0 - https:\/\/yoast.com\/wordpress\/plugins\/seo\/ -->\n<title>Opera\u00e7\u00e3o para fiscalizar cl\u00ednicas de cirurgia pl\u00e1stica na capital<\/title>\n<meta name=\"description\" content=\"Procon Manaus realiza opera\u00e7\u00e3o para fiscalizar cl\u00ednicas de cirurgia pl\u00e1stica na capital nos dias 14, 15 e 16\/5.\" \/>\n<meta name=\"robots\" content=\"index, follow, max-snippet:-1, max-image-preview:large, max-video-preview:-1\" \/>\n<link rel=\"canonical\" href=\"https:\/\/www.manaus.am.gov.br\/semcom\/operacao-clinicas-de-cirurgia-plastica\/\" \/>\n<meta property=\"og:locale\" content=\"pt_BR\" \/>\n<meta property=\"og:type\" content=\"article\" \/>\n<meta property=\"og:title\" content=\"Opera\u00e7\u00e3o para fiscalizar cl\u00ednicas de cirurgia pl\u00e1stica na capital\" \/>\n<meta property=\"og:description\" content=\"Procon Manaus realiza opera\u00e7\u00e3o para fiscalizar cl\u00ednicas de cirurgia pl\u00e1stica na capital nos dias 14, 15 e 16\/5.\" \/>\n<meta property=\"og:url\" content=\"https:\/\/www.manaus.am.gov.br\/semcom\/operacao-clinicas-de-cirurgia-plastica\/\" \/>\n<meta property=\"og:site_name\" content=\"SEMCOM\" \/>\n<meta property=\"article:published_time\" content=\"2025-05-16T18:40:44+00:00\" \/>\n<meta property=\"og:image\" content=\"https:\/\/www.manaus.am.gov.br\/semcom\/wp-content\/uploads\/sites\/5\/2025\/05\/Operacao-1.jpeg\" \/>\n\t<meta property=\"og:image:width\" content=\"1600\" \/>\n\t<meta property=\"og:image:height\" content=\"1200\" \/>\n\t<meta property=\"og:image:type\" content=\"image\/jpeg\" \/>\n<meta name=\"author\" content=\"Bruna Greco\" \/>\n<meta name=\"twitter:card\" content=\"summary_large_image\" \/>\n<meta name=\"twitter:label1\" content=\"Written by\" \/>\n\t<meta name=\"twitter:data1\" content=\"Bruna Greco\" \/>\n\t<meta name=\"twitter:label2\" content=\"Est. reading time\" \/>\n\t<meta name=\"twitter:data2\" content=\"2 minutos\" \/>\n<script type=\"application\/ld+json\" class=\"yoast-schema-graph\">{\"@context\":\"https:\/\/schema.org\",\"@graph\":[{\"@type\":\"WebPage\",\"@id\":\"https:\/\/www.manaus.am.gov.br\/semcom\/operacao-clinicas-de-cirurgia-plastica\/\",\"url\":\"https:\/\/www.manaus.am.gov.br\/semcom\/operacao-clinicas-de-cirurgia-plastica\/\",\"name\":\"Opera\u00e7\u00e3o para fiscalizar cl\u00ednicas de cirurgia pl\u00e1stica na capital\",\"isPartOf\":{\"@id\":\"https:\/\/www.manaus.am.gov.br\/semcom\/#website\"},\"primaryImageOfPage\":{\"@id\":\"https:\/\/www.manaus.am.gov.br\/semcom\/operacao-clinicas-de-cirurgia-plastica\/#primaryimage\"},\"image\":{\"@id\":\"https:\/\/www.manaus.am.gov.br\/semcom\/operacao-clinicas-de-cirurgia-plastica\/#primaryimage\"},\"thumbnailUrl\":\"https:\/\/www.manaus.am.gov.br\/semcom\/wp-content\/uploads\/sites\/5\/2025\/05\/Operacao-1.jpeg\",\"datePublished\":\"2025-05-16T18:40:44+00:00\",\"dateModified\":\"2025-05-16T18:40:44+00:00\",\"author\":{\"@id\":\"https:\/\/www.manaus.am.gov.br\/semcom\/#\/schema\/person\/05d223aea2bf115f9883a6ff3683d81b\"},\"description\":\"Procon Manaus realiza opera\u00e7\u00e3o para fiscalizar cl\u00ednicas de cirurgia pl\u00e1stica na capital nos dias 14, 15 e 16\/5.\",\"inLanguage\":\"pt-BR\",\"potentialAction\":[{\"@type\":\"ReadAction\",\"target\":[\"https:\/\/www.manaus.am.gov.br\/semcom\/operacao-clinicas-de-cirurgia-plastica\/\"]}]},{\"@type\":\"ImageObject\",\"inLanguage\":\"pt-BR\",\"@id\":\"https:\/\/www.manaus.am.gov.br\/semcom\/operacao-clinicas-de-cirurgia-plastica\/#primaryimage\",\"url\":\"https:\/\/www.manaus.am.gov.br\/semcom\/wp-content\/uploads\/sites\/5\/2025\/05\/Operacao-1.jpeg\",\"contentUrl\":\"https:\/\/www.manaus.am.gov.br\/semcom\/wp-content\/uploads\/sites\/5\/2025\/05\/Operacao-1.jpeg\",\"width\":1600,\"height\":1200,\"caption\":\"#paratodosverem - Equipe do Procon Manaus realizando , a opera\u00e7\u00e3o \\\"Cl\u00ednicas de Cirurgia Pl\u00e1stica\\\"\"},{\"@type\":\"WebSite\",\"@id\":\"https:\/\/www.manaus.am.gov.br\/semcom\/#website\",\"url\":\"https:\/\/www.manaus.am.gov.br\/semcom\/\",\"name\":\"SEMCOM\",\"description\":\"Secretaria Municipal de Comunica\u00e7\u00e3o\",\"potentialAction\":[{\"@type\":\"SearchAction\",\"target\":{\"@type\":\"EntryPoint\",\"urlTemplate\":\"https:\/\/www.manaus.am.gov.br\/semcom\/?s={search_term_string}\"},\"query-input\":\"required name=search_term_string\"}],\"inLanguage\":\"pt-BR\"},{\"@type\":\"Person\",\"@id\":\"https:\/\/www.manaus.am.gov.br\/semcom\/#\/schema\/person\/05d223aea2bf115f9883a6ff3683d81b\",\"name\":\"Bruna Greco\",\"image\":{\"@type\":\"ImageObject\",\"inLanguage\":\"pt-BR\",\"@id\":\"https:\/\/www.manaus.am.gov.br\/semcom\/#\/schema\/person\/image\/\",\"url\":\"https:\/\/secure.gravatar.com\/avatar\/9c877d1a6adc2a055330e5c09a8653ce?s=96&d=mm&r=g\",\"contentUrl\":\"https:\/\/secure.gravatar.com\/avatar\/9c877d1a6adc2a055330e5c09a8653ce?s=96&d=mm&r=g\",\"caption\":\"Bruna Greco\"}}]}<\/script>\n<!-- \/ Yoast SEO plugin. -->","yoast_head_json":{"title":"Opera\u00e7\u00e3o para fiscalizar cl\u00ednicas de cirurgia pl\u00e1stica na capital","description":"Procon Manaus realiza opera\u00e7\u00e3o para fiscalizar cl\u00ednicas de cirurgia pl\u00e1stica na capital nos dias 14, 15 e 16\/5.","robots":{"index":"index","follow":"follow","max-snippet":"max-snippet:-1","max-image-preview":"max-image-preview:large","max-video-preview":"max-video-preview:-1"},"canonical":"https:\/\/www.manaus.am.gov.br\/semcom\/operacao-clinicas-de-cirurgia-plastica\/","og_locale":"pt_BR","og_type":"article","og_title":"Opera\u00e7\u00e3o para fiscalizar cl\u00ednicas de cirurgia pl\u00e1stica na capital","og_description":"Procon Manaus realiza opera\u00e7\u00e3o para fiscalizar cl\u00ednicas de cirurgia pl\u00e1stica na capital nos dias 14, 15 e 16\/5.","og_url":"https:\/\/www.manaus.am.gov.br\/semcom\/operacao-clinicas-de-cirurgia-plastica\/","og_site_name":"SEMCOM","article_published_time":"2025-05-16T18:40:44+00:00","og_image":[{"width":1600,"height":1200,"url":"https:\/\/www.manaus.am.gov.br\/semcom\/wp-content\/uploads\/sites\/5\/2025\/05\/Operacao-1.jpeg","type":"image\/jpeg"}],"author":"Bruna Greco","twitter_card":"summary_large_image","twitter_misc":{"Written by":"Bruna Greco","Est. reading time":"2 minutos"},"schema":{"@context":"https:\/\/schema.org","@graph":[{"@type":"WebPage","@id":"https:\/\/www.manaus.am.gov.br\/semcom\/operacao-clinicas-de-cirurgia-plastica\/","url":"https:\/\/www.manaus.am.gov.br\/semcom\/operacao-clinicas-de-cirurgia-plastica\/","name":"Opera\u00e7\u00e3o para fiscalizar cl\u00ednicas de cirurgia pl\u00e1stica na capital","isPartOf":{"@id":"https:\/\/www.manaus.am.gov.br\/semcom\/#website"},"primaryImageOfPage":{"@id":"https:\/\/www.manaus.am.gov.br\/semcom\/operacao-clinicas-de-cirurgia-plastica\/#primaryimage"},"image":{"@id":"https:\/\/www.manaus.am.gov.br\/semcom\/operacao-clinicas-de-cirurgia-plastica\/#primaryimage"},"thumbnailUrl":"https:\/\/www.manaus.am.gov.br\/semcom\/wp-content\/uploads\/sites\/5\/2025\/05\/Operacao-1.jpeg","datePublished":"2025-05-16T18:40:44+00:00","dateModified":"2025-05-16T18:40:44+00:00","author":{"@id":"https:\/\/www.manaus.am.gov.br\/semcom\/#\/schema\/person\/05d223aea2bf115f9883a6ff3683d81b"},"description":"Procon Manaus realiza opera\u00e7\u00e3o para fiscalizar cl\u00ednicas de cirurgia pl\u00e1stica na capital nos dias 14, 15 e 16\/5.","inLanguage":"pt-BR","potentialAction":[{"@type":"ReadAction","target":["https:\/\/www.manaus.am.gov.br\/semcom\/operacao-clinicas-de-cirurgia-plastica\/"]}]},{"@type":"ImageObject","inLanguage":"pt-BR","@id":"https:\/\/www.manaus.am.gov.br\/semcom\/operacao-clinicas-de-cirurgia-plastica\/#primaryimage","url":"https:\/\/www.manaus.am.gov.br\/semcom\/wp-content\/uploads\/sites\/5\/2025\/05\/Operacao-1.jpeg","contentUrl":"https:\/\/www.manaus.am.gov.br\/semcom\/wp-content\/uploads\/sites\/5\/2025\/05\/Operacao-1.jpeg","width":1600,"height":1200,"caption":"#paratodosverem - Equipe do Procon Manaus realizando , a opera\u00e7\u00e3o \"Cl\u00ednicas de Cirurgia Pl\u00e1stica\""},{"@type":"WebSite","@id":"https:\/\/www.manaus.am.gov.br\/semcom\/#website","url":"https:\/\/www.manaus.am.gov.br\/semcom\/","name":"SEMCOM","description":"Secretaria Municipal de Comunica\u00e7\u00e3o","potentialAction":[{"@type":"SearchAction","target":{"@type":"EntryPoint","urlTemplate":"https:\/\/www.manaus.am.gov.br\/semcom\/?s={search_term_string}"},"query-input":"required name=search_term_string"}],"inLanguage":"pt-BR"},{"@type":"Person","@id":"https:\/\/www.manaus.am.gov.br\/semcom\/#\/schema\/person\/05d223aea2bf115f9883a6ff3683d81b","name":"Bruna Greco","image":{"@type":"ImageObject","inLanguage":"pt-BR","@id":"https:\/\/www.manaus.am.gov.br\/semcom\/#\/schema\/person\/image\/","url":"https:\/\/secure.gravatar.com\/avatar\/9c877d1a6adc2a055330e5c09a8653ce?s=96&d=mm&r=g","contentUrl":"https:\/\/secure.gravatar.com\/avatar\/9c877d1a6adc2a055330e5c09a8653ce?s=96&d=mm&r=g","caption":"Bruna Greco"}}]}},"_links":{"self":[{"href":"https:\/\/www.manaus.am.gov.br\/semcom\/wp-json\/wp\/v2\/posts\/239116"}],"collection":[{"href":"https:\/\/www.manaus.am.gov.br\/semcom\/wp-json\/wp\/v2\/posts"}],"about":[{"href":"https:\/\/www.manaus.am.gov.br\/semcom\/wp-json\/wp\/v2\/types\/post"}],"author":[{"embeddable":true,"href":"https:\/\/www.manaus.am.gov.br\/semcom\/wp-json\/wp\/v2\/users\/39"}],"replies":[{"embeddable":true,"href":"https:\/\/www.manaus.am.gov.br\/semcom\/wp-json\/wp\/v2\/comments?post=239116"}],"version-history":[{"count":1,"href":"https:\/\/www.manaus.am.gov.br\/semcom\/wp-json\/wp\/v2\/posts\/239116\/revisions"}],"predecessor-version":[{"id":239119,"href":"https:\/\/www.manaus.am.gov.br\/semcom\/wp-json\/wp\/v2\/posts\/239116\/revisions\/239119"}],"wp:featuredmedia":[{"embeddable":true,"href":"https:\/\/www.manaus.am.gov.br\/semcom\/wp-json\/wp\/v2\/media\/239118"}],"wp:attachment":[{"href":"https:\/\/www.manaus.am.gov.br\/semcom\/wp-json\/wp\/v2\/media?parent=239116"}],"wp:term":[{"taxonomy":"category","embeddable":true,"href":"https:\/\/www.manaus.am.gov.br\/semcom\/wp-json\/wp\/v2\/categories?post=239116"},{"taxonomy":"post_tag","embeddable":true,"href":"https:\/\/www.manaus.am.gov.br\/semcom\/wp-json\/wp\/v2\/tags?post=239116"}],"curies":[{"name":"wp","href":"https:\/\/api.w.org\/{rel}","templated":true}]}}