{"id":239068,"date":"2025-05-15T21:50:07","date_gmt":"2025-05-16T01:50:07","guid":{"rendered":"https:\/\/www.manaus.am.gov.br\/semcom\/celebracao-do-dia-do-gari\/"},"modified":"2025-05-15T21:50:07","modified_gmt":"2025-05-16T01:50:07","slug":"celebracao-do-dia-do-gari","status":"publish","type":"post","link":"https:\/\/www.manaus.am.gov.br\/semcom\/celebracao-do-dia-do-gari\/","title":{"rendered":"Prefeito David Almeida antecipa celebra\u00e7\u00e3o do Dia do Gari e destaca pagamento de produtividade aguardada h\u00e1 mais de 20 anos"},"content":{"rendered":"\n<p>O prefeito de Manaus, David Almeida, participou, nesta quinta-feira, 15\/5, do grande evento em homenagem ao Dia do Gari, celebrado oficialmente em 16 de maio. A comemora\u00e7\u00e3o reuniu centenas de servidores da limpeza urbana na sede da Secretaria Municipal de Limpeza Urbana (Semulsp), na zona Oeste, em uma programa\u00e7\u00e3o especial voltada ao reconhecimento e valoriza\u00e7\u00e3o desses profissionais que atuam diariamente na manuten\u00e7\u00e3o da cidade.<\/p>\n\n\n\n<p>Durante o evento, o prefeito David Almeida anunciou um marco aguardado h\u00e1 mais de duas d\u00e9cadas: o pagamento da produtividade para cerca de mil garis, um direito hist\u00f3rico da categoria que passou a ser efetivado em sua gest\u00e3o.<\/p>\n\n\n\n<p>\u201cOs garis de Manaus ganharam protagonismo na nossa gest\u00e3o. S\u00e3o fundamentais no dia a dia da cidade e nada mais justo do que homenage\u00e1-los, reconhecendo seu valor, seu trabalho e, acima de tudo, sua dedica\u00e7\u00e3o em melhorar a vida das pessoas\u201d, afirmou o prefeito em discurso emocionado.<\/p>\n\n\n\n<p>A celebra\u00e7\u00e3o contou com final de campeonato de futebol entre servidores, atra\u00e7\u00f5es culturais e homenagens a nomes simb\u00f3licos da categoria, como o \u201cGari da Alegria\u201d Eliezer Abreu e a veterana Maria Arlete, de 65 anos, que atua h\u00e1 30 anos na fun\u00e7\u00e3o.<\/p>\n\n\n\n<p>O chefe do Executivo municipal tamb\u00e9m refor\u00e7ou a necessidade de colabora\u00e7\u00e3o da popula\u00e7\u00e3o para manter a cidade limpa. \u201c\u00c9 preciso que cada um tome para si a responsabilidade de manter Manaus limpa. A gente limpa \u00e0s 7h da manh\u00e3, mas \u00e0s 9h o local j\u00e1 est\u00e1 sujo de novo. Isso nos entristece. A participa\u00e7\u00e3o da popula\u00e7\u00e3o \u00e9 fundamental para avan\u00e7armos\u201d.<\/p>\n\n\n\n<p>O secret\u00e1rio da Semulsp, Sab\u00e1 Reis, destacou o impacto das a\u00e7\u00f5es da atual gest\u00e3o na vida dos servidores. \u201cQuando David chegou \u00e0 prefeitura, muitos garis aguardavam h\u00e1 mais de 20 anos por justi\u00e7a. Hoje, quase mil j\u00e1 foram alcan\u00e7ados com a produtividade, e at\u00e9 o fim da gest\u00e3o, todos estar\u00e3o contemplados. S\u00f3 faltam menos de 200\u201d, afirmou.<\/p>\n\n\n\n<p>O vice-prefeito e secret\u00e1rio de Infraestrutura, Renato Junior, elogiou o compromisso do prefeito com os trabalhadores da limpeza. \u201cO senhor fez at\u00e9 o presidente da Rep\u00fablica parar para agradecer os garis. Isso s\u00f3 aconteceu em Manaus, na sua gest\u00e3o. O gari \u00e9 o bra\u00e7o forte dessa gest\u00e3o. E o senhor se orgulha disso, porque \u00e9 um prefeito do povo, focado no trabalho\u201d, destacou.<\/p>\n\n\n\n<p>Em clima de emo\u00e7\u00e3o e orgulho, os homenageados agradeceram o reconhecimento. \u201cSer gari \u00e9 uma honra. Estamos sempre nas ruas com alegria contagiante. Hoje \u00e9 o nosso dia e \u00e9 um privil\u00e9gio ter o reconhecimento do prefeito\u201d, afirmou Eliezer. J\u00e1 a dona Maria Arlete resumiu. \u201cCriei meus filhos com esse trabalho. Tenho orgulho de fazer parte dessa equipe h\u00e1 30 anos\u201d.<br><\/p>\n\n\n\n<figure class=\"wp-block-image size-full\"><img loading=\"lazy\" decoding=\"async\" width=\"799\" height=\"533\" src=\"https:\/\/www.manaus.am.gov.br\/semcom\/wp-content\/uploads\/sites\/5\/2025\/05\/54522514943_0a5d4ffa91_c.jpg\" alt=\"\" class=\"wp-image-239069\" srcset=\"https:\/\/www.manaus.am.gov.br\/semcom\/wp-content\/uploads\/sites\/5\/2025\/05\/54522514943_0a5d4ffa91_c.jpg 799w, https:\/\/www.manaus.am.gov.br\/semcom\/wp-content\/uploads\/sites\/5\/2025\/05\/54522514943_0a5d4ffa91_c-300x200.jpg 300w, https:\/\/www.manaus.am.gov.br\/semcom\/wp-content\/uploads\/sites\/5\/2025\/05\/54522514943_0a5d4ffa91_c-768x512.jpg 768w\" sizes=\"(max-width: 799px) 100vw, 799px\" \/><\/figure>\n\n\n\n<p>A celebra\u00e7\u00e3o refor\u00e7a o compromisso da gest\u00e3o David Almeida com a valoriza\u00e7\u00e3o humana, o respeito aos profissionais da limpeza urbana e o fortalecimento de pol\u00edticas p\u00fablicas que reconhecem o protagonismo de quem cuida da cidade com dignidade.<\/p>\n\n\n\n<p>&#8212; &#8212; \u2013<br><strong>Texto &#8211;<\/strong> Emanuelle Baires \/ Semcom<\/p>\n\n\n\n<p><strong>Fotos &#8211; <\/strong>Ant\u00f4nio Pereira e Cl\u00f3vis Miranda \/ Semcom<strong><br><\/strong><strong>Dispon\u00edveis em &#8211; <\/strong><a href=\"https:\/\/flic.kr\/s\/aHBqjCejGr\">https:\/\/flic.kr\/s\/aHBqjCejGr<\/a>&nbsp;<\/p>\n","protected":false},"excerpt":{"rendered":"","protected":false},"author":68,"featured_media":239070,"comment_status":"closed","ping_status":"closed","sticky":false,"template":"","format":"standard","meta":{"footnotes":""},"categories":[1183],"tags":[35,14847,77],"acf":[],"yoast_head":"<!-- This site is optimized with the Yoast SEO plugin v23.0 - https:\/\/yoast.com\/wordpress\/plugins\/seo\/ -->\n<title>Prefeito David Almeida antecipa celebra\u00e7\u00e3o do Dia do Gari e destaca pagamento de produtividade aguardada h\u00e1 mais de 20 anos<\/title>\n<meta name=\"description\" content=\"O prefeito de Manaus, David Almeida, participou, nesta quinta-feira, 15\/5, do grande evento em homenagem ao Dia do Gari, celebrado oficialmente em 16 de maio. A comemora\u00e7\u00e3o reuniu centenas de servidores da limpeza urbana na sede da Secretaria Municipal de Limpeza Urbana (Semulsp), na zona Oeste, em uma programa\u00e7\u00e3o especial voltada ao reconhecimento e valoriza\u00e7\u00e3o desses profissionais que atuam diariamente na manuten\u00e7\u00e3o da cidade.\" \/>\n<meta name=\"robots\" content=\"index, follow, max-snippet:-1, max-image-preview:large, max-video-preview:-1\" \/>\n<link rel=\"canonical\" href=\"https:\/\/www.manaus.am.gov.br\/semcom\/celebracao-do-dia-do-gari\/\" \/>\n<meta property=\"og:locale\" content=\"pt_BR\" \/>\n<meta property=\"og:type\" content=\"article\" \/>\n<meta property=\"og:title\" content=\"Prefeito David Almeida antecipa celebra\u00e7\u00e3o do Dia do Gari e destaca pagamento de produtividade aguardada h\u00e1 mais de 20 anos\" \/>\n<meta property=\"og:description\" content=\"O prefeito de Manaus, David Almeida, participou, nesta quinta-feira, 15\/5, do grande evento em homenagem ao Dia do Gari, celebrado oficialmente em 16 de maio. A comemora\u00e7\u00e3o reuniu centenas de servidores da limpeza urbana na sede da Secretaria Municipal de Limpeza Urbana (Semulsp), na zona Oeste, em uma programa\u00e7\u00e3o especial voltada ao reconhecimento e valoriza\u00e7\u00e3o desses profissionais que atuam diariamente na manuten\u00e7\u00e3o da cidade.\" \/>\n<meta property=\"og:url\" content=\"https:\/\/www.manaus.am.gov.br\/semcom\/celebracao-do-dia-do-gari\/\" \/>\n<meta property=\"og:site_name\" content=\"SEMCOM\" \/>\n<meta property=\"article:published_time\" content=\"2025-05-16T01:50:07+00:00\" \/>\n<meta property=\"og:image\" content=\"https:\/\/www.manaus.am.gov.br\/semcom\/wp-content\/uploads\/sites\/5\/2025\/05\/WhatsApp-Image-2025-05-15-at-19.38.07.jpeg\" \/>\n\t<meta property=\"og:image:width\" content=\"4160\" \/>\n\t<meta property=\"og:image:height\" content=\"2774\" \/>\n\t<meta property=\"og:image:type\" content=\"image\/jpeg\" \/>\n<meta name=\"author\" content=\"bvalente\" \/>\n<meta name=\"twitter:card\" content=\"summary_large_image\" \/>\n<meta name=\"twitter:label1\" content=\"Written by\" \/>\n\t<meta name=\"twitter:data1\" content=\"bvalente\" \/>\n\t<meta name=\"twitter:label2\" content=\"Est. reading time\" \/>\n\t<meta name=\"twitter:data2\" content=\"4 minutos\" \/>\n<script type=\"application\/ld+json\" class=\"yoast-schema-graph\">{\"@context\":\"https:\/\/schema.org\",\"@graph\":[{\"@type\":\"WebPage\",\"@id\":\"https:\/\/www.manaus.am.gov.br\/semcom\/celebracao-do-dia-do-gari\/\",\"url\":\"https:\/\/www.manaus.am.gov.br\/semcom\/celebracao-do-dia-do-gari\/\",\"name\":\"Prefeito David Almeida antecipa celebra\u00e7\u00e3o do Dia do Gari e destaca pagamento de produtividade aguardada h\u00e1 mais de 20 anos\",\"isPartOf\":{\"@id\":\"https:\/\/www.manaus.am.gov.br\/semcom\/#website\"},\"primaryImageOfPage\":{\"@id\":\"https:\/\/www.manaus.am.gov.br\/semcom\/celebracao-do-dia-do-gari\/#primaryimage\"},\"image\":{\"@id\":\"https:\/\/www.manaus.am.gov.br\/semcom\/celebracao-do-dia-do-gari\/#primaryimage\"},\"thumbnailUrl\":\"https:\/\/www.manaus.am.gov.br\/semcom\/wp-content\/uploads\/sites\/5\/2025\/05\/WhatsApp-Image-2025-05-15-at-19.38.07.jpeg\",\"datePublished\":\"2025-05-16T01:50:07+00:00\",\"dateModified\":\"2025-05-16T01:50:07+00:00\",\"author\":{\"@id\":\"https:\/\/www.manaus.am.gov.br\/semcom\/#\/schema\/person\/466a0e03ae4b6062809046bd560ac955\"},\"description\":\"O prefeito de Manaus, David Almeida, participou, nesta quinta-feira, 15\/5, do grande evento em homenagem ao Dia do Gari, celebrado oficialmente em 16 de maio. A comemora\u00e7\u00e3o reuniu centenas de servidores da limpeza urbana na sede da Secretaria Municipal de Limpeza Urbana (Semulsp), na zona Oeste, em uma programa\u00e7\u00e3o especial voltada ao reconhecimento e valoriza\u00e7\u00e3o desses profissionais que atuam diariamente na manuten\u00e7\u00e3o da cidade.\",\"inLanguage\":\"pt-BR\",\"potentialAction\":[{\"@type\":\"ReadAction\",\"target\":[\"https:\/\/www.manaus.am.gov.br\/semcom\/celebracao-do-dia-do-gari\/\"]}]},{\"@type\":\"ImageObject\",\"inLanguage\":\"pt-BR\",\"@id\":\"https:\/\/www.manaus.am.gov.br\/semcom\/celebracao-do-dia-do-gari\/#primaryimage\",\"url\":\"https:\/\/www.manaus.am.gov.br\/semcom\/wp-content\/uploads\/sites\/5\/2025\/05\/WhatsApp-Image-2025-05-15-at-19.38.07.jpeg\",\"contentUrl\":\"https:\/\/www.manaus.am.gov.br\/semcom\/wp-content\/uploads\/sites\/5\/2025\/05\/WhatsApp-Image-2025-05-15-at-19.38.07.jpeg\",\"width\":4160,\"height\":2774},{\"@type\":\"WebSite\",\"@id\":\"https:\/\/www.manaus.am.gov.br\/semcom\/#website\",\"url\":\"https:\/\/www.manaus.am.gov.br\/semcom\/\",\"name\":\"SEMCOM\",\"description\":\"Secretaria Municipal de Comunica\u00e7\u00e3o\",\"potentialAction\":[{\"@type\":\"SearchAction\",\"target\":{\"@type\":\"EntryPoint\",\"urlTemplate\":\"https:\/\/www.manaus.am.gov.br\/semcom\/?s={search_term_string}\"},\"query-input\":\"required name=search_term_string\"}],\"inLanguage\":\"pt-BR\"},{\"@type\":\"Person\",\"@id\":\"https:\/\/www.manaus.am.gov.br\/semcom\/#\/schema\/person\/466a0e03ae4b6062809046bd560ac955\",\"name\":\"bvalente\",\"image\":{\"@type\":\"ImageObject\",\"inLanguage\":\"pt-BR\",\"@id\":\"https:\/\/www.manaus.am.gov.br\/semcom\/#\/schema\/person\/image\/\",\"url\":\"https:\/\/secure.gravatar.com\/avatar\/3e69bc2b014bdad41adfec3a39de07d2?s=96&d=mm&r=g\",\"contentUrl\":\"https:\/\/secure.gravatar.com\/avatar\/3e69bc2b014bdad41adfec3a39de07d2?s=96&d=mm&r=g\",\"caption\":\"bvalente\"}}]}<\/script>\n<!-- \/ Yoast SEO plugin. -->","yoast_head_json":{"title":"Prefeito David Almeida antecipa celebra\u00e7\u00e3o do Dia do Gari e destaca pagamento de produtividade aguardada h\u00e1 mais de 20 anos","description":"O prefeito de Manaus, David Almeida, participou, nesta quinta-feira, 15\/5, do grande evento em homenagem ao Dia do Gari, celebrado oficialmente em 16 de maio. A comemora\u00e7\u00e3o reuniu centenas de servidores da limpeza urbana na sede da Secretaria Municipal de Limpeza Urbana (Semulsp), na zona Oeste, em uma programa\u00e7\u00e3o especial voltada ao reconhecimento e valoriza\u00e7\u00e3o desses profissionais que atuam diariamente na manuten\u00e7\u00e3o da cidade.","robots":{"index":"index","follow":"follow","max-snippet":"max-snippet:-1","max-image-preview":"max-image-preview:large","max-video-preview":"max-video-preview:-1"},"canonical":"https:\/\/www.manaus.am.gov.br\/semcom\/celebracao-do-dia-do-gari\/","og_locale":"pt_BR","og_type":"article","og_title":"Prefeito David Almeida antecipa celebra\u00e7\u00e3o do Dia do Gari e destaca pagamento de produtividade aguardada h\u00e1 mais de 20 anos","og_description":"O prefeito de Manaus, David Almeida, participou, nesta quinta-feira, 15\/5, do grande evento em homenagem ao Dia do Gari, celebrado oficialmente em 16 de maio. A comemora\u00e7\u00e3o reuniu centenas de servidores da limpeza urbana na sede da Secretaria Municipal de Limpeza Urbana (Semulsp), na zona Oeste, em uma programa\u00e7\u00e3o especial voltada ao reconhecimento e valoriza\u00e7\u00e3o desses profissionais que atuam diariamente na manuten\u00e7\u00e3o da cidade.","og_url":"https:\/\/www.manaus.am.gov.br\/semcom\/celebracao-do-dia-do-gari\/","og_site_name":"SEMCOM","article_published_time":"2025-05-16T01:50:07+00:00","og_image":[{"width":4160,"height":2774,"url":"https:\/\/www.manaus.am.gov.br\/semcom\/wp-content\/uploads\/sites\/5\/2025\/05\/WhatsApp-Image-2025-05-15-at-19.38.07.jpeg","type":"image\/jpeg"}],"author":"bvalente","twitter_card":"summary_large_image","twitter_misc":{"Written by":"bvalente","Est. reading time":"4 minutos"},"schema":{"@context":"https:\/\/schema.org","@graph":[{"@type":"WebPage","@id":"https:\/\/www.manaus.am.gov.br\/semcom\/celebracao-do-dia-do-gari\/","url":"https:\/\/www.manaus.am.gov.br\/semcom\/celebracao-do-dia-do-gari\/","name":"Prefeito David Almeida antecipa celebra\u00e7\u00e3o do Dia do Gari e destaca pagamento de produtividade aguardada h\u00e1 mais de 20 anos","isPartOf":{"@id":"https:\/\/www.manaus.am.gov.br\/semcom\/#website"},"primaryImageOfPage":{"@id":"https:\/\/www.manaus.am.gov.br\/semcom\/celebracao-do-dia-do-gari\/#primaryimage"},"image":{"@id":"https:\/\/www.manaus.am.gov.br\/semcom\/celebracao-do-dia-do-gari\/#primaryimage"},"thumbnailUrl":"https:\/\/www.manaus.am.gov.br\/semcom\/wp-content\/uploads\/sites\/5\/2025\/05\/WhatsApp-Image-2025-05-15-at-19.38.07.jpeg","datePublished":"2025-05-16T01:50:07+00:00","dateModified":"2025-05-16T01:50:07+00:00","author":{"@id":"https:\/\/www.manaus.am.gov.br\/semcom\/#\/schema\/person\/466a0e03ae4b6062809046bd560ac955"},"description":"O prefeito de Manaus, David Almeida, participou, nesta quinta-feira, 15\/5, do grande evento em homenagem ao Dia do Gari, celebrado oficialmente em 16 de maio. A comemora\u00e7\u00e3o reuniu centenas de servidores da limpeza urbana na sede da Secretaria Municipal de Limpeza Urbana (Semulsp), na zona Oeste, em uma programa\u00e7\u00e3o especial voltada ao reconhecimento e valoriza\u00e7\u00e3o desses profissionais que atuam diariamente na manuten\u00e7\u00e3o da cidade.","inLanguage":"pt-BR","potentialAction":[{"@type":"ReadAction","target":["https:\/\/www.manaus.am.gov.br\/semcom\/celebracao-do-dia-do-gari\/"]}]},{"@type":"ImageObject","inLanguage":"pt-BR","@id":"https:\/\/www.manaus.am.gov.br\/semcom\/celebracao-do-dia-do-gari\/#primaryimage","url":"https:\/\/www.manaus.am.gov.br\/semcom\/wp-content\/uploads\/sites\/5\/2025\/05\/WhatsApp-Image-2025-05-15-at-19.38.07.jpeg","contentUrl":"https:\/\/www.manaus.am.gov.br\/semcom\/wp-content\/uploads\/sites\/5\/2025\/05\/WhatsApp-Image-2025-05-15-at-19.38.07.jpeg","width":4160,"height":2774},{"@type":"WebSite","@id":"https:\/\/www.manaus.am.gov.br\/semcom\/#website","url":"https:\/\/www.manaus.am.gov.br\/semcom\/","name":"SEMCOM","description":"Secretaria Municipal de Comunica\u00e7\u00e3o","potentialAction":[{"@type":"SearchAction","target":{"@type":"EntryPoint","urlTemplate":"https:\/\/www.manaus.am.gov.br\/semcom\/?s={search_term_string}"},"query-input":"required name=search_term_string"}],"inLanguage":"pt-BR"},{"@type":"Person","@id":"https:\/\/www.manaus.am.gov.br\/semcom\/#\/schema\/person\/466a0e03ae4b6062809046bd560ac955","name":"bvalente","image":{"@type":"ImageObject","inLanguage":"pt-BR","@id":"https:\/\/www.manaus.am.gov.br\/semcom\/#\/schema\/person\/image\/","url":"https:\/\/secure.gravatar.com\/avatar\/3e69bc2b014bdad41adfec3a39de07d2?s=96&d=mm&r=g","contentUrl":"https:\/\/secure.gravatar.com\/avatar\/3e69bc2b014bdad41adfec3a39de07d2?s=96&d=mm&r=g","caption":"bvalente"}}]}},"_links":{"self":[{"href":"https:\/\/www.manaus.am.gov.br\/semcom\/wp-json\/wp\/v2\/posts\/239068"}],"collection":[{"href":"https:\/\/www.manaus.am.gov.br\/semcom\/wp-json\/wp\/v2\/posts"}],"about":[{"href":"https:\/\/www.manaus.am.gov.br\/semcom\/wp-json\/wp\/v2\/types\/post"}],"author":[{"embeddable":true,"href":"https:\/\/www.manaus.am.gov.br\/semcom\/wp-json\/wp\/v2\/users\/68"}],"replies":[{"embeddable":true,"href":"https:\/\/www.manaus.am.gov.br\/semcom\/wp-json\/wp\/v2\/comments?post=239068"}],"version-history":[{"count":1,"href":"https:\/\/www.manaus.am.gov.br\/semcom\/wp-json\/wp\/v2\/posts\/239068\/revisions"}],"predecessor-version":[{"id":239071,"href":"https:\/\/www.manaus.am.gov.br\/semcom\/wp-json\/wp\/v2\/posts\/239068\/revisions\/239071"}],"wp:featuredmedia":[{"embeddable":true,"href":"https:\/\/www.manaus.am.gov.br\/semcom\/wp-json\/wp\/v2\/media\/239070"}],"wp:attachment":[{"href":"https:\/\/www.manaus.am.gov.br\/semcom\/wp-json\/wp\/v2\/media?parent=239068"}],"wp:term":[{"taxonomy":"category","embeddable":true,"href":"https:\/\/www.manaus.am.gov.br\/semcom\/wp-json\/wp\/v2\/categories?post=239068"},{"taxonomy":"post_tag","embeddable":true,"href":"https:\/\/www.manaus.am.gov.br\/semcom\/wp-json\/wp\/v2\/tags?post=239068"}],"curies":[{"name":"wp","href":"https:\/\/api.w.org\/{rel}","templated":true}]}}