{"id":239055,"date":"2025-05-15T19:14:10","date_gmt":"2025-05-15T22:14:10","guid":{"rendered":"https:\/\/www.manaus.am.gov.br\/semcom\/comunidade-abelha-producao\/"},"modified":"2025-05-15T19:14:11","modified_gmt":"2025-05-15T22:14:11","slug":"comunidade-abelha-producao","status":"publish","type":"post","link":"https:\/\/www.manaus.am.gov.br\/semcom\/comunidade-abelha-producao\/","title":{"rendered":"Prefeitura visita Comunidade Abelha e refor\u00e7a apoio \u00e0 produ\u00e7\u00e3o de mandioca na zona rural de Manaus"},"content":{"rendered":"\n<p>A <a href=\"https:\/\/www.instagram.com\/prefeiturademanaus\/\">Prefeitura de Manaus<\/a>, por meio da <a href=\"https:\/\/www.manaus.am.gov.br\/semacc\/\">Secretaria Municipal de Agricultura, Abastecimento, Centro e Com\u00e9rcio Informal (Semacc)<\/a>, realizou, nesta quinta-feira, 15\/5, uma visita t\u00e9cnica \u00e0 Comunidade Abelha, localizada \u00e0s margens do rio Tarum\u00e3 Mirim, na zona rural da capital amazonense. A a\u00e7\u00e3o teve como objetivo acompanhar de perto o trabalho desenvolvido pelos produtores rurais da regi\u00e3o, com destaque para o cultivo da mandioca, principal atividade econ\u00f4mica da localidade.<\/p>\n\n\n\n<p>Durante a visita, o secret\u00e1rio da Semacc, Wanderson Costa, destacou o compromisso da gest\u00e3o municipal com a valoriza\u00e7\u00e3o da agricultura familiar e o fortalecimento da produ\u00e7\u00e3o rural.<\/p>\n\n\n\n<p>\u201cEstamos saindo do escrit\u00f3rio e vindo diretamente \u00e0 zona rural para ouvir nossos produtores e entender suas demandas. A determina\u00e7\u00e3o do prefeito David Almeida e do vice-prefeito Renato Junior tem feito a diferen\u00e7a nesse processo de transforma\u00e7\u00e3o\u201d, afirmou.<\/p>\n\n\n\n<p>A produ\u00e7\u00e3o de mandioca na Comunidade Abelha \u00e9 utilizada tanto para subsist\u00eancia quanto para gera\u00e7\u00e3o de renda. Diante do potencial produtivo da regi\u00e3o, a agroind\u00fastria Galo da Serra demonstrou interesse em adquirir toda a produ\u00e7\u00e3o dos agricultores locais e oferecer suporte t\u00e9cnico, com a proposta de estruturar um Arranjo Produtivo Local (APL) que conecte o setor produtivo, o poder p\u00fablico e a iniciativa privada.<\/p>\n\n\n\n<p>Segundo o secret\u00e1rio, o objetivo \u00e9 impulsionar o cultivo da mandioca n\u00e3o apenas como elemento de seguran\u00e7a alimentar, mas como mat\u00e9ria-prima para o setor agroindustrial.<\/p>\n\n\n\n<p>\u201cEstamos sempre fomentando a agricultura e todas as suas cadeias. Aqui, nosso intuito \u00e9 gerar conex\u00e3o entre os produtores e pequenas e m\u00e9dias empresas que trabalham com a cultura da mandioca, promovendo oportunidades de neg\u00f3cios e o fortalecimento da economia rural e circular\u201d, explicou Costa.<\/p>\n\n\n\n<p>Os agricultores da comunidade tamb\u00e9m relataram a necessidade de apoio t\u00e9cnico cont\u00ednuo e de melhorias na estrutura de escoamento da produ\u00e7\u00e3o, que abastece agroind\u00fastrias, feiras e mercados da capital.<\/p>\n\n\n\n<p>Moradora da comunidade, Maria das Gra\u00e7as Marques Santos expressou otimismo com as perspectivas para o futuro.<\/p>\n\n\n\n<p>\u201cO apoio t\u00e9cnico que a prefeitura tem nos traz conex\u00f5es e excelentes possibilidades futuras. Queremos, cada vez mais, crescer com a agricultura na nossa comunidade\u201d, afirmou.<\/p>\n\n\n\n<p>Com iniciativas como essa, a Prefeitura de Manaus reafirma seu compromisso com o desenvolvimento sustent\u00e1vel da zona rural, por meio de investimentos em infraestrutura e incentivo direto \u00e0 agricultura familiar.<\/p>\n\n\n\n<p>&#8212; &#8212; &#8212;<\/p>\n\n\n\n<p><strong>Texto &#8211;<\/strong> Milton Bambo \/ Semacc<\/p>\n\n\n\n<p><strong>Fotos &#8211;<\/strong> Gildo Smith&nbsp;\/ Semacc<\/p>\n","protected":false},"excerpt":{"rendered":"","protected":false},"author":57,"featured_media":239056,"comment_status":"closed","ping_status":"closed","sticky":false,"template":"","format":"standard","meta":{"footnotes":""},"categories":[561],"tags":[1801,14842,77,55],"acf":[],"yoast_head":"<!-- This site is optimized with the Yoast SEO plugin v23.0 - https:\/\/yoast.com\/wordpress\/plugins\/seo\/ -->\n<title>PMM visita Comunidade Abelha e refor\u00e7a apoio \u00e0 produ\u00e7\u00e3o<\/title>\n<meta name=\"description\" content=\"A Prefeitura de Manaus realizou, nesta quinta-feira, 15\/5, uma visita t\u00e9cnica \u00e0 Comunidade Abelha, na zona rural da capital amazonense.\" \/>\n<meta name=\"robots\" content=\"index, follow, max-snippet:-1, max-image-preview:large, max-video-preview:-1\" \/>\n<link rel=\"canonical\" href=\"https:\/\/www.manaus.am.gov.br\/semcom\/comunidade-abelha-producao\/\" \/>\n<meta property=\"og:locale\" content=\"pt_BR\" \/>\n<meta property=\"og:type\" content=\"article\" \/>\n<meta property=\"og:title\" content=\"PMM visita Comunidade Abelha e refor\u00e7a apoio \u00e0 produ\u00e7\u00e3o\" \/>\n<meta property=\"og:description\" content=\"A Prefeitura de Manaus realizou, nesta quinta-feira, 15\/5, uma visita t\u00e9cnica \u00e0 Comunidade Abelha, na zona rural da capital amazonense.\" \/>\n<meta property=\"og:url\" content=\"https:\/\/www.manaus.am.gov.br\/semcom\/comunidade-abelha-producao\/\" \/>\n<meta property=\"og:site_name\" content=\"SEMCOM\" \/>\n<meta property=\"article:published_time\" content=\"2025-05-15T22:14:10+00:00\" \/>\n<meta property=\"article:modified_time\" content=\"2025-05-15T22:14:11+00:00\" \/>\n<meta property=\"og:image\" content=\"https:\/\/www.manaus.am.gov.br\/semcom\/wp-content\/uploads\/sites\/5\/2025\/05\/Comunidade-Abelha-2.jpg\" \/>\n\t<meta property=\"og:image:width\" content=\"1200\" \/>\n\t<meta property=\"og:image:height\" content=\"900\" \/>\n\t<meta property=\"og:image:type\" content=\"image\/jpeg\" \/>\n<meta name=\"author\" content=\"Thiago Fernando\" \/>\n<meta name=\"twitter:card\" content=\"summary_large_image\" \/>\n<meta name=\"twitter:label1\" content=\"Written by\" \/>\n\t<meta name=\"twitter:data1\" content=\"Thiago Fernando\" \/>\n\t<meta name=\"twitter:label2\" content=\"Est. reading time\" \/>\n\t<meta name=\"twitter:data2\" content=\"3 minutos\" \/>\n<script type=\"application\/ld+json\" class=\"yoast-schema-graph\">{\"@context\":\"https:\/\/schema.org\",\"@graph\":[{\"@type\":\"WebPage\",\"@id\":\"https:\/\/www.manaus.am.gov.br\/semcom\/comunidade-abelha-producao\/\",\"url\":\"https:\/\/www.manaus.am.gov.br\/semcom\/comunidade-abelha-producao\/\",\"name\":\"PMM visita Comunidade Abelha e refor\u00e7a apoio \u00e0 produ\u00e7\u00e3o\",\"isPartOf\":{\"@id\":\"https:\/\/www.manaus.am.gov.br\/semcom\/#website\"},\"primaryImageOfPage\":{\"@id\":\"https:\/\/www.manaus.am.gov.br\/semcom\/comunidade-abelha-producao\/#primaryimage\"},\"image\":{\"@id\":\"https:\/\/www.manaus.am.gov.br\/semcom\/comunidade-abelha-producao\/#primaryimage\"},\"thumbnailUrl\":\"https:\/\/www.manaus.am.gov.br\/semcom\/wp-content\/uploads\/sites\/5\/2025\/05\/Comunidade-Abelha-2.jpg\",\"datePublished\":\"2025-05-15T22:14:10+00:00\",\"dateModified\":\"2025-05-15T22:14:11+00:00\",\"author\":{\"@id\":\"https:\/\/www.manaus.am.gov.br\/semcom\/#\/schema\/person\/a5ee5376db6e21af026374b369f30882\"},\"description\":\"A Prefeitura de Manaus realizou, nesta quinta-feira, 15\/5, uma visita t\u00e9cnica \u00e0 Comunidade Abelha, na zona rural da capital amazonense.\",\"inLanguage\":\"pt-BR\",\"potentialAction\":[{\"@type\":\"ReadAction\",\"target\":[\"https:\/\/www.manaus.am.gov.br\/semcom\/comunidade-abelha-producao\/\"]}]},{\"@type\":\"ImageObject\",\"inLanguage\":\"pt-BR\",\"@id\":\"https:\/\/www.manaus.am.gov.br\/semcom\/comunidade-abelha-producao\/#primaryimage\",\"url\":\"https:\/\/www.manaus.am.gov.br\/semcom\/wp-content\/uploads\/sites\/5\/2025\/05\/Comunidade-Abelha-2.jpg\",\"contentUrl\":\"https:\/\/www.manaus.am.gov.br\/semcom\/wp-content\/uploads\/sites\/5\/2025\/05\/Comunidade-Abelha-2.jpg\",\"width\":1200,\"height\":900,\"caption\":\"Comunidade Abelha\"},{\"@type\":\"WebSite\",\"@id\":\"https:\/\/www.manaus.am.gov.br\/semcom\/#website\",\"url\":\"https:\/\/www.manaus.am.gov.br\/semcom\/\",\"name\":\"SEMCOM\",\"description\":\"Secretaria Municipal de Comunica\u00e7\u00e3o\",\"potentialAction\":[{\"@type\":\"SearchAction\",\"target\":{\"@type\":\"EntryPoint\",\"urlTemplate\":\"https:\/\/www.manaus.am.gov.br\/semcom\/?s={search_term_string}\"},\"query-input\":\"required name=search_term_string\"}],\"inLanguage\":\"pt-BR\"},{\"@type\":\"Person\",\"@id\":\"https:\/\/www.manaus.am.gov.br\/semcom\/#\/schema\/person\/a5ee5376db6e21af026374b369f30882\",\"name\":\"Thiago Fernando\",\"image\":{\"@type\":\"ImageObject\",\"inLanguage\":\"pt-BR\",\"@id\":\"https:\/\/www.manaus.am.gov.br\/semcom\/#\/schema\/person\/image\/\",\"url\":\"https:\/\/secure.gravatar.com\/avatar\/f5aab8722444041451501c077052ac07?s=96&d=mm&r=g\",\"contentUrl\":\"https:\/\/secure.gravatar.com\/avatar\/f5aab8722444041451501c077052ac07?s=96&d=mm&r=g\",\"caption\":\"Thiago Fernando\"}}]}<\/script>\n<!-- \/ Yoast SEO plugin. -->","yoast_head_json":{"title":"PMM visita Comunidade Abelha e refor\u00e7a apoio \u00e0 produ\u00e7\u00e3o","description":"A Prefeitura de Manaus realizou, nesta quinta-feira, 15\/5, uma visita t\u00e9cnica \u00e0 Comunidade Abelha, na zona rural da capital amazonense.","robots":{"index":"index","follow":"follow","max-snippet":"max-snippet:-1","max-image-preview":"max-image-preview:large","max-video-preview":"max-video-preview:-1"},"canonical":"https:\/\/www.manaus.am.gov.br\/semcom\/comunidade-abelha-producao\/","og_locale":"pt_BR","og_type":"article","og_title":"PMM visita Comunidade Abelha e refor\u00e7a apoio \u00e0 produ\u00e7\u00e3o","og_description":"A Prefeitura de Manaus realizou, nesta quinta-feira, 15\/5, uma visita t\u00e9cnica \u00e0 Comunidade Abelha, na zona rural da capital amazonense.","og_url":"https:\/\/www.manaus.am.gov.br\/semcom\/comunidade-abelha-producao\/","og_site_name":"SEMCOM","article_published_time":"2025-05-15T22:14:10+00:00","article_modified_time":"2025-05-15T22:14:11+00:00","og_image":[{"width":1200,"height":900,"url":"https:\/\/www.manaus.am.gov.br\/semcom\/wp-content\/uploads\/sites\/5\/2025\/05\/Comunidade-Abelha-2.jpg","type":"image\/jpeg"}],"author":"Thiago Fernando","twitter_card":"summary_large_image","twitter_misc":{"Written by":"Thiago Fernando","Est. reading time":"3 minutos"},"schema":{"@context":"https:\/\/schema.org","@graph":[{"@type":"WebPage","@id":"https:\/\/www.manaus.am.gov.br\/semcom\/comunidade-abelha-producao\/","url":"https:\/\/www.manaus.am.gov.br\/semcom\/comunidade-abelha-producao\/","name":"PMM visita Comunidade Abelha e refor\u00e7a apoio \u00e0 produ\u00e7\u00e3o","isPartOf":{"@id":"https:\/\/www.manaus.am.gov.br\/semcom\/#website"},"primaryImageOfPage":{"@id":"https:\/\/www.manaus.am.gov.br\/semcom\/comunidade-abelha-producao\/#primaryimage"},"image":{"@id":"https:\/\/www.manaus.am.gov.br\/semcom\/comunidade-abelha-producao\/#primaryimage"},"thumbnailUrl":"https:\/\/www.manaus.am.gov.br\/semcom\/wp-content\/uploads\/sites\/5\/2025\/05\/Comunidade-Abelha-2.jpg","datePublished":"2025-05-15T22:14:10+00:00","dateModified":"2025-05-15T22:14:11+00:00","author":{"@id":"https:\/\/www.manaus.am.gov.br\/semcom\/#\/schema\/person\/a5ee5376db6e21af026374b369f30882"},"description":"A Prefeitura de Manaus realizou, nesta quinta-feira, 15\/5, uma visita t\u00e9cnica \u00e0 Comunidade Abelha, na zona rural da capital amazonense.","inLanguage":"pt-BR","potentialAction":[{"@type":"ReadAction","target":["https:\/\/www.manaus.am.gov.br\/semcom\/comunidade-abelha-producao\/"]}]},{"@type":"ImageObject","inLanguage":"pt-BR","@id":"https:\/\/www.manaus.am.gov.br\/semcom\/comunidade-abelha-producao\/#primaryimage","url":"https:\/\/www.manaus.am.gov.br\/semcom\/wp-content\/uploads\/sites\/5\/2025\/05\/Comunidade-Abelha-2.jpg","contentUrl":"https:\/\/www.manaus.am.gov.br\/semcom\/wp-content\/uploads\/sites\/5\/2025\/05\/Comunidade-Abelha-2.jpg","width":1200,"height":900,"caption":"Comunidade Abelha"},{"@type":"WebSite","@id":"https:\/\/www.manaus.am.gov.br\/semcom\/#website","url":"https:\/\/www.manaus.am.gov.br\/semcom\/","name":"SEMCOM","description":"Secretaria Municipal de Comunica\u00e7\u00e3o","potentialAction":[{"@type":"SearchAction","target":{"@type":"EntryPoint","urlTemplate":"https:\/\/www.manaus.am.gov.br\/semcom\/?s={search_term_string}"},"query-input":"required name=search_term_string"}],"inLanguage":"pt-BR"},{"@type":"Person","@id":"https:\/\/www.manaus.am.gov.br\/semcom\/#\/schema\/person\/a5ee5376db6e21af026374b369f30882","name":"Thiago Fernando","image":{"@type":"ImageObject","inLanguage":"pt-BR","@id":"https:\/\/www.manaus.am.gov.br\/semcom\/#\/schema\/person\/image\/","url":"https:\/\/secure.gravatar.com\/avatar\/f5aab8722444041451501c077052ac07?s=96&d=mm&r=g","contentUrl":"https:\/\/secure.gravatar.com\/avatar\/f5aab8722444041451501c077052ac07?s=96&d=mm&r=g","caption":"Thiago Fernando"}}]}},"_links":{"self":[{"href":"https:\/\/www.manaus.am.gov.br\/semcom\/wp-json\/wp\/v2\/posts\/239055"}],"collection":[{"href":"https:\/\/www.manaus.am.gov.br\/semcom\/wp-json\/wp\/v2\/posts"}],"about":[{"href":"https:\/\/www.manaus.am.gov.br\/semcom\/wp-json\/wp\/v2\/types\/post"}],"author":[{"embeddable":true,"href":"https:\/\/www.manaus.am.gov.br\/semcom\/wp-json\/wp\/v2\/users\/57"}],"replies":[{"embeddable":true,"href":"https:\/\/www.manaus.am.gov.br\/semcom\/wp-json\/wp\/v2\/comments?post=239055"}],"version-history":[{"count":0,"href":"https:\/\/www.manaus.am.gov.br\/semcom\/wp-json\/wp\/v2\/posts\/239055\/revisions"}],"wp:featuredmedia":[{"embeddable":true,"href":"https:\/\/www.manaus.am.gov.br\/semcom\/wp-json\/wp\/v2\/media\/239056"}],"wp:attachment":[{"href":"https:\/\/www.manaus.am.gov.br\/semcom\/wp-json\/wp\/v2\/media?parent=239055"}],"wp:term":[{"taxonomy":"category","embeddable":true,"href":"https:\/\/www.manaus.am.gov.br\/semcom\/wp-json\/wp\/v2\/categories?post=239055"},{"taxonomy":"post_tag","embeddable":true,"href":"https:\/\/www.manaus.am.gov.br\/semcom\/wp-json\/wp\/v2\/tags?post=239055"}],"curies":[{"name":"wp","href":"https:\/\/api.w.org\/{rel}","templated":true}]}}