{"id":238993,"date":"2025-05-15T10:49:30","date_gmt":"2025-05-15T14:49:30","guid":{"rendered":"https:\/\/www.manaus.am.gov.br\/semcom\/nova-pesquisa-precos-combustiveis\/"},"modified":"2025-05-15T10:49:30","modified_gmt":"2025-05-15T14:49:30","slug":"nova-pesquisa-precos-combustiveis","status":"publish","type":"post","link":"https:\/\/www.manaus.am.gov.br\/semcom\/nova-pesquisa-precos-combustiveis\/","title":{"rendered":"Procon Manaus divulga nova pesquisa de pre\u00e7os dos combust\u00edveis"},"content":{"rendered":"\n<p>Com o objetivo de acompanhar a varia\u00e7\u00e3o dos pre\u00e7os praticados e orientar a popula\u00e7\u00e3o na busca pelas melhores op\u00e7\u00f5es de compra, a Prefeitura de Manaus, por meio do Servi\u00e7o de Atendimento e Prote\u00e7\u00e3o ao Consumidor (Procon Manaus), realizou, na \u00faltima ter\u00e7a-feira, 13\/5, uma nova pesquisa de pre\u00e7os dos combust\u00edveis na capital.<\/p>\n\n\n\n<p>A a\u00e7\u00e3o est\u00e1 amparada pelo C\u00f3digo de Defesa do Consumidor (Lei n\u00ba 8.078\/90), especialmente nos artigos 4\u00ba e 6\u00ba, incisos II e III, que tratam da prote\u00e7\u00e3o contra pr\u00e1ticas abusivas e do acesso \u00e0 informa\u00e7\u00e3o clara e adequada. Al\u00e9m disso, a pesquisa busca incentivar a livre concorr\u00eancia e coibir infra\u00e7\u00f5es \u00e0 ordem econ\u00f4mica no mercado local.<\/p>\n\n\n\n<p>A metodologia aplicada foi a de amostragem probabil\u00edstica, que permite a generaliza\u00e7\u00e3o das estimativas para a totalidade dos postos da cidade. Foram analisados os pre\u00e7os dos seguintes combust\u00edveis: Gasolina Comum, Gasolina Aditivada, Etanol Hidratado, Diesel Comum (n\u00e3o aditivado) e Diesel S10 (aditivado).<\/p>\n\n\n\n<p>O levantamento foi realizado em 40 postos, distribu\u00eddos por todas as zonas da cidade. Os menores pre\u00e7os encontrados foram: gasolina comum a R$ 7,07, gasolina aditivada a R$ 7,09, etanol hidratado a R$ 5,47, diesel comum a R$ 6,69 e diesel S10 tamb\u00e9m a R$ 6,69.<\/p>\n\n\n\n<p>\u201cA pesquisa \u00e9 realizada semanalmente pelo setor de Divis\u00e3o de Fiscaliza\u00e7\u00e3o para garantir que os consumidores tenham acesso a informa\u00e7\u00f5es atualizadas, possam tomar decis\u00f5es mais conscientes na hora de abastecer e, assim, promover a transpar\u00eancia no mercado e fortalecer o poder de compra da popula\u00e7\u00e3o manauara\u201d, declarou a presidente do Procon Manaus, Onilda Abreu.<\/p>\n\n\n\n<p>O levantamento tamb\u00e9m constatou uma redu\u00e7\u00e3o nos pre\u00e7os. Em abril, os consumidores j\u00e1 haviam sentido um al\u00edvio no valor dos combust\u00edveis ap\u00f3s o an\u00fancio da Refinaria da Amaz\u00f4nia (Ream), que reduziu em R$ 0,20 o litro vendido aos postos. Essa queda refletiu diretamente no pre\u00e7o final ao consumidor, especialmente na gasolina comum, que passou de R$ 7,29 em abril para R$ 7,09 em maio \u2014 uma redu\u00e7\u00e3o de 2,82%.<\/p>\n\n\n\n<p>A pesquisa de pre\u00e7os \u00e9 divulgada regularmente e est\u00e1 dispon\u00edvel para consulta p\u00fablica, refor\u00e7ando o compromisso do Procon Manaus com a defesa dos direitos do consumidor e a transpar\u00eancia nas rela\u00e7\u00f5es comerciais.<\/p>\n\n\n\n<p><strong>Confira os <a href=\"https:\/\/www.manaus.am.gov.br\/semcom\/wp-content\/uploads\/sites\/5\/2025\/05\/combustivel-13.05.25.pdf\">pre\u00e7os do combust\u00edvel<\/a> e o <a href=\"https:\/\/www.manaus.am.gov.br\/semcom\/wp-content\/uploads\/sites\/5\/2025\/05\/Relatorio-pesquisa-combustivel-13.05.2025.pdf\">relat\u00f3rio semanal de pre\u00e7os<\/a><\/strong><\/p>\n\n\n\n<p>&#8212; &#8212; &#8212;<\/p>\n\n\n\n<p><strong>Texto &#8211;<\/strong>\u00a0Larissa Coutinho\/Procon<\/p>\n\n\n\n<p><strong>Foto \u2013<\/strong>\u00a0Divulga\u00e7\u00e3o\/Procon<\/p>\n","protected":false},"excerpt":{"rendered":"","protected":false},"author":39,"featured_media":238994,"comment_status":"closed","ping_status":"closed","sticky":false,"template":"","format":"standard","meta":{"footnotes":""},"categories":[223],"tags":[14825,14826,77,9825,14827],"acf":[],"yoast_head":"<!-- This site is optimized with the Yoast SEO plugin v23.0 - https:\/\/yoast.com\/wordpress\/plugins\/seo\/ -->\n<title>Procon Manaus divulga nova pesquisa de pre\u00e7os dos combust\u00edveis<\/title>\n<meta name=\"description\" content=\"Prefeitura de Manaus, por meio do Procon Manaus, realizou uma nova pesquisa de pre\u00e7os dos combust\u00edveis na capital.\" \/>\n<meta name=\"robots\" content=\"index, follow, max-snippet:-1, max-image-preview:large, max-video-preview:-1\" \/>\n<link rel=\"canonical\" href=\"https:\/\/www.manaus.am.gov.br\/semcom\/nova-pesquisa-precos-combustiveis\/\" \/>\n<meta property=\"og:locale\" content=\"pt_BR\" \/>\n<meta property=\"og:type\" content=\"article\" \/>\n<meta property=\"og:title\" content=\"Procon Manaus divulga nova pesquisa de pre\u00e7os dos combust\u00edveis\" \/>\n<meta property=\"og:description\" content=\"Prefeitura de Manaus, por meio do Procon Manaus, realizou uma nova pesquisa de pre\u00e7os dos combust\u00edveis na capital.\" \/>\n<meta property=\"og:url\" content=\"https:\/\/www.manaus.am.gov.br\/semcom\/nova-pesquisa-precos-combustiveis\/\" \/>\n<meta property=\"og:site_name\" content=\"SEMCOM\" \/>\n<meta property=\"article:published_time\" content=\"2025-05-15T14:49:30+00:00\" \/>\n<meta property=\"og:image\" content=\"https:\/\/www.manaus.am.gov.br\/semcom\/wp-content\/uploads\/sites\/5\/2025\/05\/Pesquisa-semanal-de-precos-de-combustiveis-2.png\" \/>\n\t<meta property=\"og:image:width\" content=\"1200\" \/>\n\t<meta property=\"og:image:height\" content=\"696\" \/>\n\t<meta property=\"og:image:type\" content=\"image\/png\" \/>\n<meta name=\"author\" content=\"Bruna Greco\" \/>\n<meta name=\"twitter:card\" content=\"summary_large_image\" \/>\n<meta name=\"twitter:label1\" content=\"Written by\" \/>\n\t<meta name=\"twitter:data1\" content=\"Bruna Greco\" \/>\n\t<meta name=\"twitter:label2\" content=\"Est. reading time\" \/>\n\t<meta name=\"twitter:data2\" content=\"3 minutos\" \/>\n<script type=\"application\/ld+json\" class=\"yoast-schema-graph\">{\"@context\":\"https:\/\/schema.org\",\"@graph\":[{\"@type\":\"WebPage\",\"@id\":\"https:\/\/www.manaus.am.gov.br\/semcom\/nova-pesquisa-precos-combustiveis\/\",\"url\":\"https:\/\/www.manaus.am.gov.br\/semcom\/nova-pesquisa-precos-combustiveis\/\",\"name\":\"Procon Manaus divulga nova pesquisa de pre\u00e7os dos combust\u00edveis\",\"isPartOf\":{\"@id\":\"https:\/\/www.manaus.am.gov.br\/semcom\/#website\"},\"primaryImageOfPage\":{\"@id\":\"https:\/\/www.manaus.am.gov.br\/semcom\/nova-pesquisa-precos-combustiveis\/#primaryimage\"},\"image\":{\"@id\":\"https:\/\/www.manaus.am.gov.br\/semcom\/nova-pesquisa-precos-combustiveis\/#primaryimage\"},\"thumbnailUrl\":\"https:\/\/www.manaus.am.gov.br\/semcom\/wp-content\/uploads\/sites\/5\/2025\/05\/Pesquisa-semanal-de-precos-de-combustiveis-2.png\",\"datePublished\":\"2025-05-15T14:49:30+00:00\",\"dateModified\":\"2025-05-15T14:49:30+00:00\",\"author\":{\"@id\":\"https:\/\/www.manaus.am.gov.br\/semcom\/#\/schema\/person\/05d223aea2bf115f9883a6ff3683d81b\"},\"description\":\"Prefeitura de Manaus, por meio do Procon Manaus, realizou uma nova pesquisa de pre\u00e7os dos combust\u00edveis na capital.\",\"inLanguage\":\"pt-BR\",\"potentialAction\":[{\"@type\":\"ReadAction\",\"target\":[\"https:\/\/www.manaus.am.gov.br\/semcom\/nova-pesquisa-precos-combustiveis\/\"]}]},{\"@type\":\"ImageObject\",\"inLanguage\":\"pt-BR\",\"@id\":\"https:\/\/www.manaus.am.gov.br\/semcom\/nova-pesquisa-precos-combustiveis\/#primaryimage\",\"url\":\"https:\/\/www.manaus.am.gov.br\/semcom\/wp-content\/uploads\/sites\/5\/2025\/05\/Pesquisa-semanal-de-precos-de-combustiveis-2.png\",\"contentUrl\":\"https:\/\/www.manaus.am.gov.br\/semcom\/wp-content\/uploads\/sites\/5\/2025\/05\/Pesquisa-semanal-de-precos-de-combustiveis-2.png\",\"width\":1200,\"height\":696,\"caption\":\"#paratodosverem - Equipe do Procon Manaus realizando pesquisa semanal dos pre\u00e7os de combust\u00edvel na cidade\"},{\"@type\":\"WebSite\",\"@id\":\"https:\/\/www.manaus.am.gov.br\/semcom\/#website\",\"url\":\"https:\/\/www.manaus.am.gov.br\/semcom\/\",\"name\":\"SEMCOM\",\"description\":\"Secretaria Municipal de Comunica\u00e7\u00e3o\",\"potentialAction\":[{\"@type\":\"SearchAction\",\"target\":{\"@type\":\"EntryPoint\",\"urlTemplate\":\"https:\/\/www.manaus.am.gov.br\/semcom\/?s={search_term_string}\"},\"query-input\":\"required name=search_term_string\"}],\"inLanguage\":\"pt-BR\"},{\"@type\":\"Person\",\"@id\":\"https:\/\/www.manaus.am.gov.br\/semcom\/#\/schema\/person\/05d223aea2bf115f9883a6ff3683d81b\",\"name\":\"Bruna Greco\",\"image\":{\"@type\":\"ImageObject\",\"inLanguage\":\"pt-BR\",\"@id\":\"https:\/\/www.manaus.am.gov.br\/semcom\/#\/schema\/person\/image\/\",\"url\":\"https:\/\/secure.gravatar.com\/avatar\/9c877d1a6adc2a055330e5c09a8653ce?s=96&d=mm&r=g\",\"contentUrl\":\"https:\/\/secure.gravatar.com\/avatar\/9c877d1a6adc2a055330e5c09a8653ce?s=96&d=mm&r=g\",\"caption\":\"Bruna Greco\"}}]}<\/script>\n<!-- \/ Yoast SEO plugin. -->","yoast_head_json":{"title":"Procon Manaus divulga nova pesquisa de pre\u00e7os dos combust\u00edveis","description":"Prefeitura de Manaus, por meio do Procon Manaus, realizou uma nova pesquisa de pre\u00e7os dos combust\u00edveis na capital.","robots":{"index":"index","follow":"follow","max-snippet":"max-snippet:-1","max-image-preview":"max-image-preview:large","max-video-preview":"max-video-preview:-1"},"canonical":"https:\/\/www.manaus.am.gov.br\/semcom\/nova-pesquisa-precos-combustiveis\/","og_locale":"pt_BR","og_type":"article","og_title":"Procon Manaus divulga nova pesquisa de pre\u00e7os dos combust\u00edveis","og_description":"Prefeitura de Manaus, por meio do Procon Manaus, realizou uma nova pesquisa de pre\u00e7os dos combust\u00edveis na capital.","og_url":"https:\/\/www.manaus.am.gov.br\/semcom\/nova-pesquisa-precos-combustiveis\/","og_site_name":"SEMCOM","article_published_time":"2025-05-15T14:49:30+00:00","og_image":[{"width":1200,"height":696,"url":"https:\/\/www.manaus.am.gov.br\/semcom\/wp-content\/uploads\/sites\/5\/2025\/05\/Pesquisa-semanal-de-precos-de-combustiveis-2.png","type":"image\/png"}],"author":"Bruna Greco","twitter_card":"summary_large_image","twitter_misc":{"Written by":"Bruna Greco","Est. reading time":"3 minutos"},"schema":{"@context":"https:\/\/schema.org","@graph":[{"@type":"WebPage","@id":"https:\/\/www.manaus.am.gov.br\/semcom\/nova-pesquisa-precos-combustiveis\/","url":"https:\/\/www.manaus.am.gov.br\/semcom\/nova-pesquisa-precos-combustiveis\/","name":"Procon Manaus divulga nova pesquisa de pre\u00e7os dos combust\u00edveis","isPartOf":{"@id":"https:\/\/www.manaus.am.gov.br\/semcom\/#website"},"primaryImageOfPage":{"@id":"https:\/\/www.manaus.am.gov.br\/semcom\/nova-pesquisa-precos-combustiveis\/#primaryimage"},"image":{"@id":"https:\/\/www.manaus.am.gov.br\/semcom\/nova-pesquisa-precos-combustiveis\/#primaryimage"},"thumbnailUrl":"https:\/\/www.manaus.am.gov.br\/semcom\/wp-content\/uploads\/sites\/5\/2025\/05\/Pesquisa-semanal-de-precos-de-combustiveis-2.png","datePublished":"2025-05-15T14:49:30+00:00","dateModified":"2025-05-15T14:49:30+00:00","author":{"@id":"https:\/\/www.manaus.am.gov.br\/semcom\/#\/schema\/person\/05d223aea2bf115f9883a6ff3683d81b"},"description":"Prefeitura de Manaus, por meio do Procon Manaus, realizou uma nova pesquisa de pre\u00e7os dos combust\u00edveis na capital.","inLanguage":"pt-BR","potentialAction":[{"@type":"ReadAction","target":["https:\/\/www.manaus.am.gov.br\/semcom\/nova-pesquisa-precos-combustiveis\/"]}]},{"@type":"ImageObject","inLanguage":"pt-BR","@id":"https:\/\/www.manaus.am.gov.br\/semcom\/nova-pesquisa-precos-combustiveis\/#primaryimage","url":"https:\/\/www.manaus.am.gov.br\/semcom\/wp-content\/uploads\/sites\/5\/2025\/05\/Pesquisa-semanal-de-precos-de-combustiveis-2.png","contentUrl":"https:\/\/www.manaus.am.gov.br\/semcom\/wp-content\/uploads\/sites\/5\/2025\/05\/Pesquisa-semanal-de-precos-de-combustiveis-2.png","width":1200,"height":696,"caption":"#paratodosverem - Equipe do Procon Manaus realizando pesquisa semanal dos pre\u00e7os de combust\u00edvel na cidade"},{"@type":"WebSite","@id":"https:\/\/www.manaus.am.gov.br\/semcom\/#website","url":"https:\/\/www.manaus.am.gov.br\/semcom\/","name":"SEMCOM","description":"Secretaria Municipal de Comunica\u00e7\u00e3o","potentialAction":[{"@type":"SearchAction","target":{"@type":"EntryPoint","urlTemplate":"https:\/\/www.manaus.am.gov.br\/semcom\/?s={search_term_string}"},"query-input":"required name=search_term_string"}],"inLanguage":"pt-BR"},{"@type":"Person","@id":"https:\/\/www.manaus.am.gov.br\/semcom\/#\/schema\/person\/05d223aea2bf115f9883a6ff3683d81b","name":"Bruna Greco","image":{"@type":"ImageObject","inLanguage":"pt-BR","@id":"https:\/\/www.manaus.am.gov.br\/semcom\/#\/schema\/person\/image\/","url":"https:\/\/secure.gravatar.com\/avatar\/9c877d1a6adc2a055330e5c09a8653ce?s=96&d=mm&r=g","contentUrl":"https:\/\/secure.gravatar.com\/avatar\/9c877d1a6adc2a055330e5c09a8653ce?s=96&d=mm&r=g","caption":"Bruna Greco"}}]}},"_links":{"self":[{"href":"https:\/\/www.manaus.am.gov.br\/semcom\/wp-json\/wp\/v2\/posts\/238993"}],"collection":[{"href":"https:\/\/www.manaus.am.gov.br\/semcom\/wp-json\/wp\/v2\/posts"}],"about":[{"href":"https:\/\/www.manaus.am.gov.br\/semcom\/wp-json\/wp\/v2\/types\/post"}],"author":[{"embeddable":true,"href":"https:\/\/www.manaus.am.gov.br\/semcom\/wp-json\/wp\/v2\/users\/39"}],"replies":[{"embeddable":true,"href":"https:\/\/www.manaus.am.gov.br\/semcom\/wp-json\/wp\/v2\/comments?post=238993"}],"version-history":[{"count":1,"href":"https:\/\/www.manaus.am.gov.br\/semcom\/wp-json\/wp\/v2\/posts\/238993\/revisions"}],"predecessor-version":[{"id":238997,"href":"https:\/\/www.manaus.am.gov.br\/semcom\/wp-json\/wp\/v2\/posts\/238993\/revisions\/238997"}],"wp:featuredmedia":[{"embeddable":true,"href":"https:\/\/www.manaus.am.gov.br\/semcom\/wp-json\/wp\/v2\/media\/238994"}],"wp:attachment":[{"href":"https:\/\/www.manaus.am.gov.br\/semcom\/wp-json\/wp\/v2\/media?parent=238993"}],"wp:term":[{"taxonomy":"category","embeddable":true,"href":"https:\/\/www.manaus.am.gov.br\/semcom\/wp-json\/wp\/v2\/categories?post=238993"},{"taxonomy":"post_tag","embeddable":true,"href":"https:\/\/www.manaus.am.gov.br\/semcom\/wp-json\/wp\/v2\/tags?post=238993"}],"curies":[{"name":"wp","href":"https:\/\/api.w.org\/{rel}","templated":true}]}}