{"id":238936,"date":"2025-05-14T13:38:23","date_gmt":"2025-05-14T16:38:23","guid":{"rendered":"https:\/\/www.manaus.am.gov.br\/semcom\/prefeitura-ageman-vistoriaobras\/"},"modified":"2025-05-14T13:38:37","modified_gmt":"2025-05-14T16:38:37","slug":"prefeitura-ageman-vistoriaobras","status":"publish","type":"post","link":"https:\/\/www.manaus.am.gov.br\/semcom\/prefeitura-ageman-vistoriaobras\/","title":{"rendered":"Ageman intensifica fiscaliza\u00e7\u00e3o em obras de esgotamento para garantir qualidade e seguran\u00e7a \u00e0 popula\u00e7\u00e3o"},"content":{"rendered":"\n<p>Equipes da Ag\u00eancia Reguladora dos Servi\u00e7os P\u00fablicos Delegados do Munic\u00edpio de Manaus (Ageman) seguem acompanhando as obras de expans\u00e3o da rede de esgotamento sanit\u00e1rio da capital em andamento pela concession\u00e1ria \u00c1guas de Manaus.<\/p>\n\n\n\n<p>Nesta semana, as vistorias da Ageman est\u00e3o ocorrendo nos bairros Nossa Senhora das Gra\u00e7as, Adrian\u00f3polis, Compensa, Santo Agostinho, Cidade Nova, Francisca Mendes, Cidade de Deus, Jorge Teixeira e Amazonino Mendes.<\/p>\n\n\n\n<p>Durante as fiscaliza\u00e7\u00f5es, as equipes da Diretoria T\u00e9cnica de Concess\u00f5es, Obras e Saneamento da ag\u00eancia reguladora&nbsp;observam o cumprimento do cronograma das obras, a sinaliza\u00e7\u00e3o, o acesso restrito de pedestres e ve\u00edculos de forma que pessoas desautorizadas sejam impedidas de entrar no canteiro das obras, as condi\u00e7\u00f5es de seguran\u00e7a dos trabalhadores, a verifica\u00e7\u00e3o do p\u00f3s-obra e a qualidade dos servi\u00e7os em execu\u00e7\u00e3o.<\/p>\n\n\n\n<p>Outro ponto observado pelas equipes da Ageman \u00e9 quanto ao trabalho de conscientiza\u00e7\u00e3o porta a porta, momento em que os moradores s\u00e3o orientados pela concession\u00e1ria sobre os benef\u00edcios do esgotamento sanit\u00e1rio e a import\u00e2ncia dos usu\u00e1rios estarem ligados ao sistema.<\/p>\n\n\n\n<p>No bairro Jorge Teixeira, na zona Leste e no Amazonino Mendes, na zona Norte, os t\u00e9cnicos da Ageman identificaram a necessidade da concession\u00e1ria refor\u00e7ar a sinaliza\u00e7\u00e3o e tamb\u00e9m o acesso dos ve\u00edculos nas vias parcialmente interditadas.<\/p>\n\n\n\n<p>O diretor-presidente da Ageman, Elson Andrade, refor\u00e7ou tamb\u00e9m a necessidade de compreens\u00e3o e colabora\u00e7\u00e3o dos motoristas quanto ao acesso \u00e0s vias que est\u00e3o recebendo os servi\u00e7os.<\/p>\n\n\n\n<p>\u201cSabemos que toda obra, por mais importante e necess\u00e1ria, tem seus inconvenientes. As equipes est\u00e3o orientadas a n\u00e3o deixar as valas abertas e, ao t\u00e9rmino do dia, deixar a via liberada e sinalizada, para que os moradores consigam ter acesso \u00e0s resid\u00eancias e n\u00f3s estamos refor\u00e7ando essa observa\u00e7\u00e3o com a concession\u00e1ria\u201d, afirmou Elson.<\/p>\n\n\n\n<p>O aposentado Ant\u00f4nio Amaral Filho destacou a obra de implanta\u00e7\u00e3o da rede de esgotamento sanit\u00e1rio como positiva. Ele tem acompanhado os trabalhos todos os dias na rua Nazar\u00e9, via onde mora com a fam\u00edlia h\u00e1 quase 30 anos, no Novo Aleixo.<\/p>\n\n\n\n<p>\u201cEles chegaram e nos avisaram como a obra ia acontecer. Tem o barulho, tem a poeira, mas toda obra \u00e9 assim. O importante, na verdade, s\u00e3o os benef\u00edcios que esse servi\u00e7o vai trazer para a minha sa\u00fade e da minha fam\u00edlia tamb\u00e9m, ent\u00e3o est\u00e1 tudo certo\u201d, disse.<\/p>\n\n\n\n<p>Atualmente, 14 bairros da cidade est\u00e3o com as obras de esgotamento sanit\u00e1rio em andamento. A iniciativa visa ampliar a cobertura do servi\u00e7o de esgoto e fortalecer o compromisso com o bem-estar da popula\u00e7\u00e3o.<\/p>\n\n\n\n<p>&#8212; &#8212; &#8212;&nbsp;<\/p>\n\n\n\n<p><strong>Texto e fotos<\/strong>&nbsp;&#8211; Tereza Te\u00f3filo\/Ageman<\/p>\n","protected":false},"excerpt":{"rendered":"","protected":false},"author":23,"featured_media":238937,"comment_status":"closed","ping_status":"closed","sticky":false,"template":"","format":"standard","meta":{"footnotes":""},"categories":[1628],"tags":[215,218,88,76,77,897],"acf":[],"yoast_head":"<!-- This site is optimized with the Yoast SEO plugin v23.0 - https:\/\/yoast.com\/wordpress\/plugins\/seo\/ -->\n<title>Ageman intensifica fiscaliza\u00e7\u00e3o em obras de esgotamento para garantir qualidade e seguran\u00e7a \u00e0 popula\u00e7\u00e3o<\/title>\n<meta name=\"description\" content=\"Equipes da Ag\u00eancia Reguladora dos Servi\u00e7os P\u00fablicos Delegados do Munic\u00edpio de Manaus (Ageman) seguem acompanhando as obras de expans\u00e3o da rede de esgotamento sanit\u00e1rio da capital em andamento pela concession\u00e1ria \u00c1guas de Manaus.\" \/>\n<meta name=\"robots\" content=\"index, follow, max-snippet:-1, max-image-preview:large, max-video-preview:-1\" \/>\n<link rel=\"canonical\" href=\"https:\/\/www.manaus.am.gov.br\/semcom\/prefeitura-ageman-vistoriaobras\/\" \/>\n<meta property=\"og:locale\" content=\"pt_BR\" \/>\n<meta property=\"og:type\" content=\"article\" \/>\n<meta property=\"og:title\" content=\"Ageman intensifica fiscaliza\u00e7\u00e3o em obras de esgotamento para garantir qualidade e seguran\u00e7a \u00e0 popula\u00e7\u00e3o\" \/>\n<meta property=\"og:description\" content=\"Equipes da Ag\u00eancia Reguladora dos Servi\u00e7os P\u00fablicos Delegados do Munic\u00edpio de Manaus (Ageman) seguem acompanhando as obras de expans\u00e3o da rede de esgotamento sanit\u00e1rio da capital em andamento pela concession\u00e1ria \u00c1guas de Manaus.\" \/>\n<meta property=\"og:url\" content=\"https:\/\/www.manaus.am.gov.br\/semcom\/prefeitura-ageman-vistoriaobras\/\" \/>\n<meta property=\"og:site_name\" content=\"SEMCOM\" \/>\n<meta property=\"article:published_time\" content=\"2025-05-14T16:38:23+00:00\" \/>\n<meta property=\"article:modified_time\" content=\"2025-05-14T16:38:37+00:00\" \/>\n<meta property=\"og:image\" content=\"https:\/\/www.manaus.am.gov.br\/semcom\/wp-content\/uploads\/sites\/5\/2025\/05\/Imagem-do-WhatsApp-de-2025-05-14-as-11.16.36_50774210.jpg\" \/>\n\t<meta property=\"og:image:width\" content=\"1600\" \/>\n\t<meta property=\"og:image:height\" content=\"1200\" \/>\n\t<meta property=\"og:image:type\" content=\"image\/jpeg\" \/>\n<meta name=\"author\" content=\"Adriana Costa\" \/>\n<meta name=\"twitter:card\" content=\"summary_large_image\" \/>\n<meta name=\"twitter:label1\" content=\"Written by\" \/>\n\t<meta name=\"twitter:data1\" content=\"Adriana Costa\" \/>\n\t<meta name=\"twitter:label2\" content=\"Est. reading time\" \/>\n\t<meta name=\"twitter:data2\" content=\"3 minutos\" \/>\n<script type=\"application\/ld+json\" class=\"yoast-schema-graph\">{\"@context\":\"https:\/\/schema.org\",\"@graph\":[{\"@type\":\"WebPage\",\"@id\":\"https:\/\/www.manaus.am.gov.br\/semcom\/prefeitura-ageman-vistoriaobras\/\",\"url\":\"https:\/\/www.manaus.am.gov.br\/semcom\/prefeitura-ageman-vistoriaobras\/\",\"name\":\"Ageman intensifica fiscaliza\u00e7\u00e3o em obras de esgotamento para garantir qualidade e seguran\u00e7a \u00e0 popula\u00e7\u00e3o\",\"isPartOf\":{\"@id\":\"https:\/\/www.manaus.am.gov.br\/semcom\/#website\"},\"primaryImageOfPage\":{\"@id\":\"https:\/\/www.manaus.am.gov.br\/semcom\/prefeitura-ageman-vistoriaobras\/#primaryimage\"},\"image\":{\"@id\":\"https:\/\/www.manaus.am.gov.br\/semcom\/prefeitura-ageman-vistoriaobras\/#primaryimage\"},\"thumbnailUrl\":\"https:\/\/www.manaus.am.gov.br\/semcom\/wp-content\/uploads\/sites\/5\/2025\/05\/Imagem-do-WhatsApp-de-2025-05-14-as-11.16.36_50774210.jpg\",\"datePublished\":\"2025-05-14T16:38:23+00:00\",\"dateModified\":\"2025-05-14T16:38:37+00:00\",\"author\":{\"@id\":\"https:\/\/www.manaus.am.gov.br\/semcom\/#\/schema\/person\/4e49f4e267757a06ca072ec61b2b9968\"},\"description\":\"Equipes da Ag\u00eancia Reguladora dos Servi\u00e7os P\u00fablicos Delegados do Munic\u00edpio de Manaus (Ageman) seguem acompanhando as obras de expans\u00e3o da rede de esgotamento sanit\u00e1rio da capital em andamento pela concession\u00e1ria \u00c1guas de Manaus.\",\"inLanguage\":\"pt-BR\",\"potentialAction\":[{\"@type\":\"ReadAction\",\"target\":[\"https:\/\/www.manaus.am.gov.br\/semcom\/prefeitura-ageman-vistoriaobras\/\"]}]},{\"@type\":\"ImageObject\",\"inLanguage\":\"pt-BR\",\"@id\":\"https:\/\/www.manaus.am.gov.br\/semcom\/prefeitura-ageman-vistoriaobras\/#primaryimage\",\"url\":\"https:\/\/www.manaus.am.gov.br\/semcom\/wp-content\/uploads\/sites\/5\/2025\/05\/Imagem-do-WhatsApp-de-2025-05-14-as-11.16.36_50774210.jpg\",\"contentUrl\":\"https:\/\/www.manaus.am.gov.br\/semcom\/wp-content\/uploads\/sites\/5\/2025\/05\/Imagem-do-WhatsApp-de-2025-05-14-as-11.16.36_50774210.jpg\",\"width\":1600,\"height\":1200},{\"@type\":\"WebSite\",\"@id\":\"https:\/\/www.manaus.am.gov.br\/semcom\/#website\",\"url\":\"https:\/\/www.manaus.am.gov.br\/semcom\/\",\"name\":\"SEMCOM\",\"description\":\"Secretaria Municipal de Comunica\u00e7\u00e3o\",\"potentialAction\":[{\"@type\":\"SearchAction\",\"target\":{\"@type\":\"EntryPoint\",\"urlTemplate\":\"https:\/\/www.manaus.am.gov.br\/semcom\/?s={search_term_string}\"},\"query-input\":\"required name=search_term_string\"}],\"inLanguage\":\"pt-BR\"},{\"@type\":\"Person\",\"@id\":\"https:\/\/www.manaus.am.gov.br\/semcom\/#\/schema\/person\/4e49f4e267757a06ca072ec61b2b9968\",\"name\":\"Adriana Costa\",\"image\":{\"@type\":\"ImageObject\",\"inLanguage\":\"pt-BR\",\"@id\":\"https:\/\/www.manaus.am.gov.br\/semcom\/#\/schema\/person\/image\/\",\"url\":\"https:\/\/secure.gravatar.com\/avatar\/576258617ef7194f718179e766d57bd4?s=96&d=mm&r=g\",\"contentUrl\":\"https:\/\/secure.gravatar.com\/avatar\/576258617ef7194f718179e766d57bd4?s=96&d=mm&r=g\",\"caption\":\"Adriana Costa\"}}]}<\/script>\n<!-- \/ Yoast SEO plugin. -->","yoast_head_json":{"title":"Ageman intensifica fiscaliza\u00e7\u00e3o em obras de esgotamento para garantir qualidade e seguran\u00e7a \u00e0 popula\u00e7\u00e3o","description":"Equipes da Ag\u00eancia Reguladora dos Servi\u00e7os P\u00fablicos Delegados do Munic\u00edpio de Manaus (Ageman) seguem acompanhando as obras de expans\u00e3o da rede de esgotamento sanit\u00e1rio da capital em andamento pela concession\u00e1ria \u00c1guas de Manaus.","robots":{"index":"index","follow":"follow","max-snippet":"max-snippet:-1","max-image-preview":"max-image-preview:large","max-video-preview":"max-video-preview:-1"},"canonical":"https:\/\/www.manaus.am.gov.br\/semcom\/prefeitura-ageman-vistoriaobras\/","og_locale":"pt_BR","og_type":"article","og_title":"Ageman intensifica fiscaliza\u00e7\u00e3o em obras de esgotamento para garantir qualidade e seguran\u00e7a \u00e0 popula\u00e7\u00e3o","og_description":"Equipes da Ag\u00eancia Reguladora dos Servi\u00e7os P\u00fablicos Delegados do Munic\u00edpio de Manaus (Ageman) seguem acompanhando as obras de expans\u00e3o da rede de esgotamento sanit\u00e1rio da capital em andamento pela concession\u00e1ria \u00c1guas de Manaus.","og_url":"https:\/\/www.manaus.am.gov.br\/semcom\/prefeitura-ageman-vistoriaobras\/","og_site_name":"SEMCOM","article_published_time":"2025-05-14T16:38:23+00:00","article_modified_time":"2025-05-14T16:38:37+00:00","og_image":[{"width":1600,"height":1200,"url":"https:\/\/www.manaus.am.gov.br\/semcom\/wp-content\/uploads\/sites\/5\/2025\/05\/Imagem-do-WhatsApp-de-2025-05-14-as-11.16.36_50774210.jpg","type":"image\/jpeg"}],"author":"Adriana Costa","twitter_card":"summary_large_image","twitter_misc":{"Written by":"Adriana Costa","Est. reading time":"3 minutos"},"schema":{"@context":"https:\/\/schema.org","@graph":[{"@type":"WebPage","@id":"https:\/\/www.manaus.am.gov.br\/semcom\/prefeitura-ageman-vistoriaobras\/","url":"https:\/\/www.manaus.am.gov.br\/semcom\/prefeitura-ageman-vistoriaobras\/","name":"Ageman intensifica fiscaliza\u00e7\u00e3o em obras de esgotamento para garantir qualidade e seguran\u00e7a \u00e0 popula\u00e7\u00e3o","isPartOf":{"@id":"https:\/\/www.manaus.am.gov.br\/semcom\/#website"},"primaryImageOfPage":{"@id":"https:\/\/www.manaus.am.gov.br\/semcom\/prefeitura-ageman-vistoriaobras\/#primaryimage"},"image":{"@id":"https:\/\/www.manaus.am.gov.br\/semcom\/prefeitura-ageman-vistoriaobras\/#primaryimage"},"thumbnailUrl":"https:\/\/www.manaus.am.gov.br\/semcom\/wp-content\/uploads\/sites\/5\/2025\/05\/Imagem-do-WhatsApp-de-2025-05-14-as-11.16.36_50774210.jpg","datePublished":"2025-05-14T16:38:23+00:00","dateModified":"2025-05-14T16:38:37+00:00","author":{"@id":"https:\/\/www.manaus.am.gov.br\/semcom\/#\/schema\/person\/4e49f4e267757a06ca072ec61b2b9968"},"description":"Equipes da Ag\u00eancia Reguladora dos Servi\u00e7os P\u00fablicos Delegados do Munic\u00edpio de Manaus (Ageman) seguem acompanhando as obras de expans\u00e3o da rede de esgotamento sanit\u00e1rio da capital em andamento pela concession\u00e1ria \u00c1guas de Manaus.","inLanguage":"pt-BR","potentialAction":[{"@type":"ReadAction","target":["https:\/\/www.manaus.am.gov.br\/semcom\/prefeitura-ageman-vistoriaobras\/"]}]},{"@type":"ImageObject","inLanguage":"pt-BR","@id":"https:\/\/www.manaus.am.gov.br\/semcom\/prefeitura-ageman-vistoriaobras\/#primaryimage","url":"https:\/\/www.manaus.am.gov.br\/semcom\/wp-content\/uploads\/sites\/5\/2025\/05\/Imagem-do-WhatsApp-de-2025-05-14-as-11.16.36_50774210.jpg","contentUrl":"https:\/\/www.manaus.am.gov.br\/semcom\/wp-content\/uploads\/sites\/5\/2025\/05\/Imagem-do-WhatsApp-de-2025-05-14-as-11.16.36_50774210.jpg","width":1600,"height":1200},{"@type":"WebSite","@id":"https:\/\/www.manaus.am.gov.br\/semcom\/#website","url":"https:\/\/www.manaus.am.gov.br\/semcom\/","name":"SEMCOM","description":"Secretaria Municipal de Comunica\u00e7\u00e3o","potentialAction":[{"@type":"SearchAction","target":{"@type":"EntryPoint","urlTemplate":"https:\/\/www.manaus.am.gov.br\/semcom\/?s={search_term_string}"},"query-input":"required name=search_term_string"}],"inLanguage":"pt-BR"},{"@type":"Person","@id":"https:\/\/www.manaus.am.gov.br\/semcom\/#\/schema\/person\/4e49f4e267757a06ca072ec61b2b9968","name":"Adriana Costa","image":{"@type":"ImageObject","inLanguage":"pt-BR","@id":"https:\/\/www.manaus.am.gov.br\/semcom\/#\/schema\/person\/image\/","url":"https:\/\/secure.gravatar.com\/avatar\/576258617ef7194f718179e766d57bd4?s=96&d=mm&r=g","contentUrl":"https:\/\/secure.gravatar.com\/avatar\/576258617ef7194f718179e766d57bd4?s=96&d=mm&r=g","caption":"Adriana Costa"}}]}},"_links":{"self":[{"href":"https:\/\/www.manaus.am.gov.br\/semcom\/wp-json\/wp\/v2\/posts\/238936"}],"collection":[{"href":"https:\/\/www.manaus.am.gov.br\/semcom\/wp-json\/wp\/v2\/posts"}],"about":[{"href":"https:\/\/www.manaus.am.gov.br\/semcom\/wp-json\/wp\/v2\/types\/post"}],"author":[{"embeddable":true,"href":"https:\/\/www.manaus.am.gov.br\/semcom\/wp-json\/wp\/v2\/users\/23"}],"replies":[{"embeddable":true,"href":"https:\/\/www.manaus.am.gov.br\/semcom\/wp-json\/wp\/v2\/comments?post=238936"}],"version-history":[{"count":0,"href":"https:\/\/www.manaus.am.gov.br\/semcom\/wp-json\/wp\/v2\/posts\/238936\/revisions"}],"wp:featuredmedia":[{"embeddable":true,"href":"https:\/\/www.manaus.am.gov.br\/semcom\/wp-json\/wp\/v2\/media\/238937"}],"wp:attachment":[{"href":"https:\/\/www.manaus.am.gov.br\/semcom\/wp-json\/wp\/v2\/media?parent=238936"}],"wp:term":[{"taxonomy":"category","embeddable":true,"href":"https:\/\/www.manaus.am.gov.br\/semcom\/wp-json\/wp\/v2\/categories?post=238936"},{"taxonomy":"post_tag","embeddable":true,"href":"https:\/\/www.manaus.am.gov.br\/semcom\/wp-json\/wp\/v2\/tags?post=238936"}],"curies":[{"name":"wp","href":"https:\/\/api.w.org\/{rel}","templated":true}]}}