{"id":238879,"date":"2025-05-13T13:47:22","date_gmt":"2025-05-13T17:47:22","guid":{"rendered":"https:\/\/www.manaus.am.gov.br\/semcom\/vagas-curso-educacao-financeira-para-empreendedores\/"},"modified":"2025-05-13T14:48:26","modified_gmt":"2025-05-13T17:48:26","slug":"vagas-curso-educacao-financeira-para-empreendedores","status":"publish","type":"post","link":"https:\/\/www.manaus.am.gov.br\/semcom\/vagas-curso-educacao-financeira-para-empreendedores\/","title":{"rendered":"Prefeitura de Manaus abre 80 vagas para o curso \u2018Educa\u00e7\u00e3o Financeira para Empreendedores\u2019"},"content":{"rendered":"\n<p>A Prefeitura de Manaus, por meio da Secretaria Municipal do Trabalho, Empreendedorismo e Inova\u00e7\u00e3o (Semtepi), abre, nesta quarta-feira, 14\/5, as inscri\u00e7\u00f5es para 80 vagas gratuitas no curso \u201cEduca\u00e7\u00e3o Financeira para Empreendedores\u201d. As aulas ser\u00e3o realizadas no per\u00edodo de 19 a 23\/5, das 8h \u00e0s 12h, na Central do Empreendedor, dentro do shopping Phelippe Daou, localizado na avenida Camapu\u00e3, n\u00ba 2.939, bairro Cidade de Deus, zona Norte da capital.<\/p>\n\n\n\n<p>Em parceria com a escola de profiss\u00f5es CEA Office, o curso tem a proposta de fornecer aos participantes as habilidades e t\u00e9cnicas de organiza\u00e7\u00e3o e planejamento financeiro. A capacita\u00e7\u00e3o \u00e9 voltada para artistas, produtores culturais, m\u00fasicos, artes\u00e3os, empreendedores criativos e profissionais da cultura em geral.<\/p>\n\n\n\n<p>\u201cO curso fortalece a base dos pequenos neg\u00f3cios, promovendo gest\u00e3o consciente e sustent\u00e1vel. Empreendedores com educa\u00e7\u00e3o financeira tomam decis\u00f5es mais estrat\u00e9gicas, evitam d\u00edvidas e aumentam suas chances de sucesso. Isso gera impacto positivo na economia local e na gera\u00e7\u00e3o de empregos\u201d, destacou o secret\u00e1rio da Semtepi, Alonso Oliveira.<\/p>\n\n\n\n<p>As inscri\u00e7\u00f5es acontecem at\u00e9 as 17h desta quinta-feira, 15\/5. Os interessados devem fazer suas inscri\u00e7\u00f5es pelo link:\u00a0<a href=\"https:\/\/forms.gle\/5LqSqm35K5mR4xS19\" target=\"_blank\" rel=\"noreferrer noopener\">https:\/\/forms.gle\/5LqSqm35K5mR4xS19<\/a>, e se atentar para a lista de Selecionados, divulgada a partir das 12h do dia 16\/5.<\/p>\n\n\n\n<figure class=\"wp-block-image size-large\"><img loading=\"lazy\" decoding=\"async\" width=\"1024\" height=\"768\" src=\"https:\/\/www.manaus.am.gov.br\/semcom\/wp-content\/uploads\/sites\/5\/2025\/05\/WhatsApp-Image-2025-04-07-at-12.42.41-1-1024x768.jpeg\" alt=\"\" class=\"wp-image-238882\" srcset=\"https:\/\/www.manaus.am.gov.br\/semcom\/wp-content\/uploads\/sites\/5\/2025\/05\/WhatsApp-Image-2025-04-07-at-12.42.41-1-1024x768.jpeg 1024w, https:\/\/www.manaus.am.gov.br\/semcom\/wp-content\/uploads\/sites\/5\/2025\/05\/WhatsApp-Image-2025-04-07-at-12.42.41-1-300x225.jpeg 300w, https:\/\/www.manaus.am.gov.br\/semcom\/wp-content\/uploads\/sites\/5\/2025\/05\/WhatsApp-Image-2025-04-07-at-12.42.41-1-768x576.jpeg 768w, https:\/\/www.manaus.am.gov.br\/semcom\/wp-content\/uploads\/sites\/5\/2025\/05\/WhatsApp-Image-2025-04-07-at-12.42.41-1-1536x1152.jpeg 1536w, https:\/\/www.manaus.am.gov.br\/semcom\/wp-content\/uploads\/sites\/5\/2025\/05\/WhatsApp-Image-2025-04-07-at-12.42.41-1-2048x1536.jpeg 2048w\" sizes=\"(max-width: 1024px) 100vw, 1024px\" \/><\/figure>\n\n\n\n<p>&#8212; &#8212; &#8212;<\/p>\n\n\n\n<p><strong>Texto \u2013\u00a0<\/strong>Fabiane Monteiro\/Semtepi<\/p>\n\n\n\n<p><strong>Fotos \u2013 <\/strong>Divulga\u00e7\u00e3o\/Semtepi<\/p>\n\n\n\n<p> <\/p>\n","protected":false},"excerpt":{"rendered":"","protected":false},"author":39,"featured_media":238880,"comment_status":"closed","ping_status":"closed","sticky":false,"template":"","format":"standard","meta":{"footnotes":""},"categories":[1591],"tags":[14785,14786,9925,14787,77,22],"acf":[],"yoast_head":"<!-- This site is optimized with the Yoast SEO plugin v23.0 - https:\/\/yoast.com\/wordpress\/plugins\/seo\/ -->\n<title>80 vagas para o curso Educa\u00e7\u00e3o Financeira para Empreendedores<\/title>\n<meta name=\"description\" content=\"Prefeitura de Manaus, por meio da Semtepi, abre 80 vagas para o curso \u2018Educa\u00e7\u00e3o Financeira para Empreendedores\u2019.\" \/>\n<meta name=\"robots\" content=\"index, follow, max-snippet:-1, max-image-preview:large, max-video-preview:-1\" \/>\n<link rel=\"canonical\" href=\"https:\/\/www.manaus.am.gov.br\/semcom\/vagas-curso-educacao-financeira-para-empreendedores\/\" \/>\n<meta property=\"og:locale\" content=\"pt_BR\" \/>\n<meta property=\"og:type\" content=\"article\" \/>\n<meta property=\"og:title\" content=\"80 vagas para o curso Educa\u00e7\u00e3o Financeira para Empreendedores\" \/>\n<meta property=\"og:description\" content=\"Prefeitura de Manaus, por meio da Semtepi, abre 80 vagas para o curso \u2018Educa\u00e7\u00e3o Financeira para Empreendedores\u2019.\" \/>\n<meta property=\"og:url\" content=\"https:\/\/www.manaus.am.gov.br\/semcom\/vagas-curso-educacao-financeira-para-empreendedores\/\" \/>\n<meta property=\"og:site_name\" content=\"SEMCOM\" \/>\n<meta property=\"article:published_time\" content=\"2025-05-13T17:47:22+00:00\" \/>\n<meta property=\"article:modified_time\" content=\"2025-05-13T17:48:26+00:00\" \/>\n<meta property=\"og:image\" content=\"https:\/\/www.manaus.am.gov.br\/semcom\/wp-content\/uploads\/sites\/5\/2025\/05\/WhatsApp-Image-2025-04-07-at-12.42.36.jpeg\" \/>\n\t<meta property=\"og:image:width\" content=\"4032\" \/>\n\t<meta property=\"og:image:height\" content=\"3024\" \/>\n\t<meta property=\"og:image:type\" content=\"image\/jpeg\" \/>\n<meta name=\"author\" content=\"Bruna Greco\" \/>\n<meta name=\"twitter:card\" content=\"summary_large_image\" \/>\n<meta name=\"twitter:label1\" content=\"Written by\" \/>\n\t<meta name=\"twitter:data1\" content=\"Bruna Greco\" \/>\n\t<meta name=\"twitter:label2\" content=\"Est. reading time\" \/>\n\t<meta name=\"twitter:data2\" content=\"2 minutos\" \/>\n<script type=\"application\/ld+json\" class=\"yoast-schema-graph\">{\"@context\":\"https:\/\/schema.org\",\"@graph\":[{\"@type\":\"WebPage\",\"@id\":\"https:\/\/www.manaus.am.gov.br\/semcom\/vagas-curso-educacao-financeira-para-empreendedores\/\",\"url\":\"https:\/\/www.manaus.am.gov.br\/semcom\/vagas-curso-educacao-financeira-para-empreendedores\/\",\"name\":\"80 vagas para o curso Educa\u00e7\u00e3o Financeira para Empreendedores\",\"isPartOf\":{\"@id\":\"https:\/\/www.manaus.am.gov.br\/semcom\/#website\"},\"primaryImageOfPage\":{\"@id\":\"https:\/\/www.manaus.am.gov.br\/semcom\/vagas-curso-educacao-financeira-para-empreendedores\/#primaryimage\"},\"image\":{\"@id\":\"https:\/\/www.manaus.am.gov.br\/semcom\/vagas-curso-educacao-financeira-para-empreendedores\/#primaryimage\"},\"thumbnailUrl\":\"https:\/\/www.manaus.am.gov.br\/semcom\/wp-content\/uploads\/sites\/5\/2025\/05\/WhatsApp-Image-2025-04-07-at-12.42.36.jpeg\",\"datePublished\":\"2025-05-13T17:47:22+00:00\",\"dateModified\":\"2025-05-13T17:48:26+00:00\",\"author\":{\"@id\":\"https:\/\/www.manaus.am.gov.br\/semcom\/#\/schema\/person\/05d223aea2bf115f9883a6ff3683d81b\"},\"description\":\"Prefeitura de Manaus, por meio da Semtepi, abre 80 vagas para o curso \u2018Educa\u00e7\u00e3o Financeira para Empreendedores\u2019.\",\"inLanguage\":\"pt-BR\",\"potentialAction\":[{\"@type\":\"ReadAction\",\"target\":[\"https:\/\/www.manaus.am.gov.br\/semcom\/vagas-curso-educacao-financeira-para-empreendedores\/\"]}]},{\"@type\":\"ImageObject\",\"inLanguage\":\"pt-BR\",\"@id\":\"https:\/\/www.manaus.am.gov.br\/semcom\/vagas-curso-educacao-financeira-para-empreendedores\/#primaryimage\",\"url\":\"https:\/\/www.manaus.am.gov.br\/semcom\/wp-content\/uploads\/sites\/5\/2025\/05\/WhatsApp-Image-2025-04-07-at-12.42.36.jpeg\",\"contentUrl\":\"https:\/\/www.manaus.am.gov.br\/semcom\/wp-content\/uploads\/sites\/5\/2025\/05\/WhatsApp-Image-2025-04-07-at-12.42.36.jpeg\",\"width\":4032,\"height\":3024,\"caption\":\"#paratodosverem - Grupo de pessoas participando de cursos promovidos pela Semtepi\"},{\"@type\":\"WebSite\",\"@id\":\"https:\/\/www.manaus.am.gov.br\/semcom\/#website\",\"url\":\"https:\/\/www.manaus.am.gov.br\/semcom\/\",\"name\":\"SEMCOM\",\"description\":\"Secretaria Municipal de Comunica\u00e7\u00e3o\",\"potentialAction\":[{\"@type\":\"SearchAction\",\"target\":{\"@type\":\"EntryPoint\",\"urlTemplate\":\"https:\/\/www.manaus.am.gov.br\/semcom\/?s={search_term_string}\"},\"query-input\":\"required name=search_term_string\"}],\"inLanguage\":\"pt-BR\"},{\"@type\":\"Person\",\"@id\":\"https:\/\/www.manaus.am.gov.br\/semcom\/#\/schema\/person\/05d223aea2bf115f9883a6ff3683d81b\",\"name\":\"Bruna Greco\",\"image\":{\"@type\":\"ImageObject\",\"inLanguage\":\"pt-BR\",\"@id\":\"https:\/\/www.manaus.am.gov.br\/semcom\/#\/schema\/person\/image\/\",\"url\":\"https:\/\/secure.gravatar.com\/avatar\/9c877d1a6adc2a055330e5c09a8653ce?s=96&d=mm&r=g\",\"contentUrl\":\"https:\/\/secure.gravatar.com\/avatar\/9c877d1a6adc2a055330e5c09a8653ce?s=96&d=mm&r=g\",\"caption\":\"Bruna Greco\"}}]}<\/script>\n<!-- \/ Yoast SEO plugin. -->","yoast_head_json":{"title":"80 vagas para o curso Educa\u00e7\u00e3o Financeira para Empreendedores","description":"Prefeitura de Manaus, por meio da Semtepi, abre 80 vagas para o curso \u2018Educa\u00e7\u00e3o Financeira para Empreendedores\u2019.","robots":{"index":"index","follow":"follow","max-snippet":"max-snippet:-1","max-image-preview":"max-image-preview:large","max-video-preview":"max-video-preview:-1"},"canonical":"https:\/\/www.manaus.am.gov.br\/semcom\/vagas-curso-educacao-financeira-para-empreendedores\/","og_locale":"pt_BR","og_type":"article","og_title":"80 vagas para o curso Educa\u00e7\u00e3o Financeira para Empreendedores","og_description":"Prefeitura de Manaus, por meio da Semtepi, abre 80 vagas para o curso \u2018Educa\u00e7\u00e3o Financeira para Empreendedores\u2019.","og_url":"https:\/\/www.manaus.am.gov.br\/semcom\/vagas-curso-educacao-financeira-para-empreendedores\/","og_site_name":"SEMCOM","article_published_time":"2025-05-13T17:47:22+00:00","article_modified_time":"2025-05-13T17:48:26+00:00","og_image":[{"width":4032,"height":3024,"url":"https:\/\/www.manaus.am.gov.br\/semcom\/wp-content\/uploads\/sites\/5\/2025\/05\/WhatsApp-Image-2025-04-07-at-12.42.36.jpeg","type":"image\/jpeg"}],"author":"Bruna Greco","twitter_card":"summary_large_image","twitter_misc":{"Written by":"Bruna Greco","Est. reading time":"2 minutos"},"schema":{"@context":"https:\/\/schema.org","@graph":[{"@type":"WebPage","@id":"https:\/\/www.manaus.am.gov.br\/semcom\/vagas-curso-educacao-financeira-para-empreendedores\/","url":"https:\/\/www.manaus.am.gov.br\/semcom\/vagas-curso-educacao-financeira-para-empreendedores\/","name":"80 vagas para o curso Educa\u00e7\u00e3o Financeira para Empreendedores","isPartOf":{"@id":"https:\/\/www.manaus.am.gov.br\/semcom\/#website"},"primaryImageOfPage":{"@id":"https:\/\/www.manaus.am.gov.br\/semcom\/vagas-curso-educacao-financeira-para-empreendedores\/#primaryimage"},"image":{"@id":"https:\/\/www.manaus.am.gov.br\/semcom\/vagas-curso-educacao-financeira-para-empreendedores\/#primaryimage"},"thumbnailUrl":"https:\/\/www.manaus.am.gov.br\/semcom\/wp-content\/uploads\/sites\/5\/2025\/05\/WhatsApp-Image-2025-04-07-at-12.42.36.jpeg","datePublished":"2025-05-13T17:47:22+00:00","dateModified":"2025-05-13T17:48:26+00:00","author":{"@id":"https:\/\/www.manaus.am.gov.br\/semcom\/#\/schema\/person\/05d223aea2bf115f9883a6ff3683d81b"},"description":"Prefeitura de Manaus, por meio da Semtepi, abre 80 vagas para o curso \u2018Educa\u00e7\u00e3o Financeira para Empreendedores\u2019.","inLanguage":"pt-BR","potentialAction":[{"@type":"ReadAction","target":["https:\/\/www.manaus.am.gov.br\/semcom\/vagas-curso-educacao-financeira-para-empreendedores\/"]}]},{"@type":"ImageObject","inLanguage":"pt-BR","@id":"https:\/\/www.manaus.am.gov.br\/semcom\/vagas-curso-educacao-financeira-para-empreendedores\/#primaryimage","url":"https:\/\/www.manaus.am.gov.br\/semcom\/wp-content\/uploads\/sites\/5\/2025\/05\/WhatsApp-Image-2025-04-07-at-12.42.36.jpeg","contentUrl":"https:\/\/www.manaus.am.gov.br\/semcom\/wp-content\/uploads\/sites\/5\/2025\/05\/WhatsApp-Image-2025-04-07-at-12.42.36.jpeg","width":4032,"height":3024,"caption":"#paratodosverem - Grupo de pessoas participando de cursos promovidos pela Semtepi"},{"@type":"WebSite","@id":"https:\/\/www.manaus.am.gov.br\/semcom\/#website","url":"https:\/\/www.manaus.am.gov.br\/semcom\/","name":"SEMCOM","description":"Secretaria Municipal de Comunica\u00e7\u00e3o","potentialAction":[{"@type":"SearchAction","target":{"@type":"EntryPoint","urlTemplate":"https:\/\/www.manaus.am.gov.br\/semcom\/?s={search_term_string}"},"query-input":"required name=search_term_string"}],"inLanguage":"pt-BR"},{"@type":"Person","@id":"https:\/\/www.manaus.am.gov.br\/semcom\/#\/schema\/person\/05d223aea2bf115f9883a6ff3683d81b","name":"Bruna Greco","image":{"@type":"ImageObject","inLanguage":"pt-BR","@id":"https:\/\/www.manaus.am.gov.br\/semcom\/#\/schema\/person\/image\/","url":"https:\/\/secure.gravatar.com\/avatar\/9c877d1a6adc2a055330e5c09a8653ce?s=96&d=mm&r=g","contentUrl":"https:\/\/secure.gravatar.com\/avatar\/9c877d1a6adc2a055330e5c09a8653ce?s=96&d=mm&r=g","caption":"Bruna Greco"}}]}},"_links":{"self":[{"href":"https:\/\/www.manaus.am.gov.br\/semcom\/wp-json\/wp\/v2\/posts\/238879"}],"collection":[{"href":"https:\/\/www.manaus.am.gov.br\/semcom\/wp-json\/wp\/v2\/posts"}],"about":[{"href":"https:\/\/www.manaus.am.gov.br\/semcom\/wp-json\/wp\/v2\/types\/post"}],"author":[{"embeddable":true,"href":"https:\/\/www.manaus.am.gov.br\/semcom\/wp-json\/wp\/v2\/users\/39"}],"replies":[{"embeddable":true,"href":"https:\/\/www.manaus.am.gov.br\/semcom\/wp-json\/wp\/v2\/comments?post=238879"}],"version-history":[{"count":2,"href":"https:\/\/www.manaus.am.gov.br\/semcom\/wp-json\/wp\/v2\/posts\/238879\/revisions"}],"predecessor-version":[{"id":238883,"href":"https:\/\/www.manaus.am.gov.br\/semcom\/wp-json\/wp\/v2\/posts\/238879\/revisions\/238883"}],"wp:featuredmedia":[{"embeddable":true,"href":"https:\/\/www.manaus.am.gov.br\/semcom\/wp-json\/wp\/v2\/media\/238880"}],"wp:attachment":[{"href":"https:\/\/www.manaus.am.gov.br\/semcom\/wp-json\/wp\/v2\/media?parent=238879"}],"wp:term":[{"taxonomy":"category","embeddable":true,"href":"https:\/\/www.manaus.am.gov.br\/semcom\/wp-json\/wp\/v2\/categories?post=238879"},{"taxonomy":"post_tag","embeddable":true,"href":"https:\/\/www.manaus.am.gov.br\/semcom\/wp-json\/wp\/v2\/tags?post=238879"}],"curies":[{"name":"wp","href":"https:\/\/api.w.org\/{rel}","templated":true}]}}