{"id":238864,"date":"2025-05-13T13:22:58","date_gmt":"2025-05-13T16:22:58","guid":{"rendered":"https:\/\/www.manaus.am.gov.br\/semcom\/prefeitura-semef-iptu3aparcela\/"},"modified":"2025-05-13T13:28:49","modified_gmt":"2025-05-13T16:28:49","slug":"prefeitura-semef-iptu3aparcela","status":"publish","type":"post","link":"https:\/\/www.manaus.am.gov.br\/semcom\/prefeitura-semef-iptu3aparcela\/","title":{"rendered":"Contribuintes devem pagar 3\u00aa parcela do IPTU at\u00e9 quinta-feira para concorrer a pr\u00eamios"},"content":{"rendered":"\n<p>A&nbsp;Prefeitura de Manaus, por meio da Secretaria Municipal de Finan\u00e7as e Tecnologia da Informa\u00e7\u00e3o (Semef), alerta os contribuintes que optaram pelo parcelamento do Imposto Predial e Territorial Urbano (IPTU) de 2025 para o vencimento da terceira parcela do tributo nesta quinta-feira, 15\/5.<\/p>\n\n\n\n<p>Segundo o subsecret\u00e1rio da Receita da Semef, Arminio Pontes, o pagamento em dia evita a cobran\u00e7a de juros e multas e ainda garante participa\u00e7\u00e3o na campanha IPTU Premiado, que oferece pr\u00eamios entre R$ 5 mil e R$ 40 mil ao longo do ano.<\/p>\n\n\n\n<p>Al\u00e9m disso, os contribuintes adimplentes ter\u00e3o chances de ganhar pr\u00eamios especiais no fim do ano. \u201cTeremos sorteios no valor de R$ 200 mil para quem estiver em dia com o exerc\u00edcio de 2025 e um superpr\u00eamio de R$ 300 mil destinado aos que n\u00e3o possuem nenhuma d\u00edvida de IPTU, em qualquer exerc\u00edcio\u201d, destacou o subsecret\u00e1rio.<\/p>\n\n\n\n<p>Aplicativo<\/p>\n\n\n\n<p>Quem ainda n\u00e3o possui a guia de pagamento pode emitir a segunda via, de forma pr\u00e1tica, por meio do aplicativo Manaus Atende Digital, dispon\u00edvel para download na App Store (iOS) e no Google Play (Android).<\/p>\n\n\n\n<p>O aplicativo tamb\u00e9m oferece a funcionalidade IPTU Digital, que permite ao contribuinte acessar todas as informa\u00e7\u00f5es do tributo de forma on-line, eliminando a necessidade do carn\u00ea f\u00edsico. Ao aderir a essa op\u00e7\u00e3o, o usu\u00e1rio ainda recebe um desconto anual de 2% no valor do imposto.<\/p>\n\n\n\n<p>Outra op\u00e7\u00e3o para obter a segunda via da guia \u00e9 acessar o portal de servi\u00e7os da prefeitura, o Manaus Atende (manausatende.manaus.am.gov.br). Ao acessar, o contribuinte deve clicar no \u00edcone da Semef e seguir na sequ\u00eancia: Cidad\u00e3o; IPTU; Pagamento de IPTU (2\u00aa via). Mais Informa\u00e7\u00f5es poder\u00e3o ser obtidas pelo telefone 156, ou WhatsApp (92) 3672-1600.<\/p>\n\n\n\n<p>&#8212; &#8212; &#8212;<\/p>\n\n\n\n<p><strong>Texto <\/strong>\u2013 Anderson Farias\/Semef<\/p>\n\n\n\n<p><strong>Foto<\/strong> \u2013 Divulga\u00e7\u00e3o\/Semef<\/p>\n","protected":false},"excerpt":{"rendered":"","protected":false},"author":23,"featured_media":238865,"comment_status":"closed","ping_status":"closed","sticky":false,"template":"","format":"standard","meta":{"footnotes":""},"categories":[722],"tags":[14780,156,77,10647,157,2196],"acf":[],"yoast_head":"<!-- This site is optimized with the Yoast SEO plugin v23.0 - https:\/\/yoast.com\/wordpress\/plugins\/seo\/ -->\n<title>Contribuintes devem pagar 3\u00aa parcela do IPTU at\u00e9 quinta-feira para concorrer a pr\u00eamios<\/title>\n<meta name=\"description\" content=\"Os contribuintes que optaram pelo parcelamento do Imposto Predial e Territorial Urbano (IPTU) de 2025 devem ficar atentos ao vencimento da terceira parcela do tributo nesta quinta-feira, 15\/5.\" \/>\n<meta name=\"robots\" content=\"index, follow, max-snippet:-1, max-image-preview:large, max-video-preview:-1\" \/>\n<link rel=\"canonical\" href=\"https:\/\/www.manaus.am.gov.br\/semcom\/prefeitura-semef-iptu3aparcela\/\" \/>\n<meta property=\"og:locale\" content=\"pt_BR\" \/>\n<meta property=\"og:type\" content=\"article\" \/>\n<meta property=\"og:title\" content=\"Contribuintes devem pagar 3\u00aa parcela do IPTU at\u00e9 quinta-feira para concorrer a pr\u00eamios\" \/>\n<meta property=\"og:description\" content=\"Os contribuintes que optaram pelo parcelamento do Imposto Predial e Territorial Urbano (IPTU) de 2025 devem ficar atentos ao vencimento da terceira parcela do tributo nesta quinta-feira, 15\/5.\" \/>\n<meta property=\"og:url\" content=\"https:\/\/www.manaus.am.gov.br\/semcom\/prefeitura-semef-iptu3aparcela\/\" \/>\n<meta property=\"og:site_name\" content=\"SEMCOM\" \/>\n<meta property=\"article:published_time\" content=\"2025-05-13T16:22:58+00:00\" \/>\n<meta property=\"article:modified_time\" content=\"2025-05-13T16:28:49+00:00\" \/>\n<meta property=\"og:image\" content=\"https:\/\/www.manaus.am.gov.br\/semcom\/wp-content\/uploads\/sites\/5\/2025\/05\/APP-MANAUS-ATENDE-IPTU-DIGITAL-1024x768.png\" \/>\n\t<meta property=\"og:image:width\" content=\"1024\" \/>\n\t<meta property=\"og:image:height\" content=\"768\" \/>\n\t<meta property=\"og:image:type\" content=\"image\/png\" \/>\n<meta name=\"author\" content=\"Adriana Costa\" \/>\n<meta name=\"twitter:card\" content=\"summary_large_image\" \/>\n<meta name=\"twitter:label1\" content=\"Written by\" \/>\n\t<meta name=\"twitter:data1\" content=\"Adriana Costa\" \/>\n\t<meta name=\"twitter:label2\" content=\"Est. reading time\" \/>\n\t<meta name=\"twitter:data2\" content=\"2 minutos\" \/>\n<script type=\"application\/ld+json\" class=\"yoast-schema-graph\">{\"@context\":\"https:\/\/schema.org\",\"@graph\":[{\"@type\":\"WebPage\",\"@id\":\"https:\/\/www.manaus.am.gov.br\/semcom\/prefeitura-semef-iptu3aparcela\/\",\"url\":\"https:\/\/www.manaus.am.gov.br\/semcom\/prefeitura-semef-iptu3aparcela\/\",\"name\":\"Contribuintes devem pagar 3\u00aa parcela do IPTU at\u00e9 quinta-feira para concorrer a pr\u00eamios\",\"isPartOf\":{\"@id\":\"https:\/\/www.manaus.am.gov.br\/semcom\/#website\"},\"primaryImageOfPage\":{\"@id\":\"https:\/\/www.manaus.am.gov.br\/semcom\/prefeitura-semef-iptu3aparcela\/#primaryimage\"},\"image\":{\"@id\":\"https:\/\/www.manaus.am.gov.br\/semcom\/prefeitura-semef-iptu3aparcela\/#primaryimage\"},\"thumbnailUrl\":\"https:\/\/www.manaus.am.gov.br\/semcom\/wp-content\/uploads\/sites\/5\/2025\/05\/APP-MANAUS-ATENDE-IPTU-DIGITAL.png\",\"datePublished\":\"2025-05-13T16:22:58+00:00\",\"dateModified\":\"2025-05-13T16:28:49+00:00\",\"author\":{\"@id\":\"https:\/\/www.manaus.am.gov.br\/semcom\/#\/schema\/person\/4e49f4e267757a06ca072ec61b2b9968\"},\"description\":\"Os contribuintes que optaram pelo parcelamento do Imposto Predial e Territorial Urbano (IPTU) de 2025 devem ficar atentos ao vencimento da terceira parcela do tributo nesta quinta-feira, 15\/5.\",\"inLanguage\":\"pt-BR\",\"potentialAction\":[{\"@type\":\"ReadAction\",\"target\":[\"https:\/\/www.manaus.am.gov.br\/semcom\/prefeitura-semef-iptu3aparcela\/\"]}]},{\"@type\":\"ImageObject\",\"inLanguage\":\"pt-BR\",\"@id\":\"https:\/\/www.manaus.am.gov.br\/semcom\/prefeitura-semef-iptu3aparcela\/#primaryimage\",\"url\":\"https:\/\/www.manaus.am.gov.br\/semcom\/wp-content\/uploads\/sites\/5\/2025\/05\/APP-MANAUS-ATENDE-IPTU-DIGITAL.png\",\"contentUrl\":\"https:\/\/www.manaus.am.gov.br\/semcom\/wp-content\/uploads\/sites\/5\/2025\/05\/APP-MANAUS-ATENDE-IPTU-DIGITAL.png\",\"width\":4032,\"height\":3024},{\"@type\":\"WebSite\",\"@id\":\"https:\/\/www.manaus.am.gov.br\/semcom\/#website\",\"url\":\"https:\/\/www.manaus.am.gov.br\/semcom\/\",\"name\":\"SEMCOM\",\"description\":\"Secretaria Municipal de Comunica\u00e7\u00e3o\",\"potentialAction\":[{\"@type\":\"SearchAction\",\"target\":{\"@type\":\"EntryPoint\",\"urlTemplate\":\"https:\/\/www.manaus.am.gov.br\/semcom\/?s={search_term_string}\"},\"query-input\":\"required name=search_term_string\"}],\"inLanguage\":\"pt-BR\"},{\"@type\":\"Person\",\"@id\":\"https:\/\/www.manaus.am.gov.br\/semcom\/#\/schema\/person\/4e49f4e267757a06ca072ec61b2b9968\",\"name\":\"Adriana Costa\",\"image\":{\"@type\":\"ImageObject\",\"inLanguage\":\"pt-BR\",\"@id\":\"https:\/\/www.manaus.am.gov.br\/semcom\/#\/schema\/person\/image\/\",\"url\":\"https:\/\/secure.gravatar.com\/avatar\/576258617ef7194f718179e766d57bd4?s=96&d=mm&r=g\",\"contentUrl\":\"https:\/\/secure.gravatar.com\/avatar\/576258617ef7194f718179e766d57bd4?s=96&d=mm&r=g\",\"caption\":\"Adriana Costa\"}}]}<\/script>\n<!-- \/ Yoast SEO plugin. -->","yoast_head_json":{"title":"Contribuintes devem pagar 3\u00aa parcela do IPTU at\u00e9 quinta-feira para concorrer a pr\u00eamios","description":"Os contribuintes que optaram pelo parcelamento do Imposto Predial e Territorial Urbano (IPTU) de 2025 devem ficar atentos ao vencimento da terceira parcela do tributo nesta quinta-feira, 15\/5.","robots":{"index":"index","follow":"follow","max-snippet":"max-snippet:-1","max-image-preview":"max-image-preview:large","max-video-preview":"max-video-preview:-1"},"canonical":"https:\/\/www.manaus.am.gov.br\/semcom\/prefeitura-semef-iptu3aparcela\/","og_locale":"pt_BR","og_type":"article","og_title":"Contribuintes devem pagar 3\u00aa parcela do IPTU at\u00e9 quinta-feira para concorrer a pr\u00eamios","og_description":"Os contribuintes que optaram pelo parcelamento do Imposto Predial e Territorial Urbano (IPTU) de 2025 devem ficar atentos ao vencimento da terceira parcela do tributo nesta quinta-feira, 15\/5.","og_url":"https:\/\/www.manaus.am.gov.br\/semcom\/prefeitura-semef-iptu3aparcela\/","og_site_name":"SEMCOM","article_published_time":"2025-05-13T16:22:58+00:00","article_modified_time":"2025-05-13T16:28:49+00:00","og_image":[{"width":1024,"height":768,"url":"https:\/\/www.manaus.am.gov.br\/semcom\/wp-content\/uploads\/sites\/5\/2025\/05\/APP-MANAUS-ATENDE-IPTU-DIGITAL-1024x768.png","type":"image\/png"}],"author":"Adriana Costa","twitter_card":"summary_large_image","twitter_misc":{"Written by":"Adriana Costa","Est. reading time":"2 minutos"},"schema":{"@context":"https:\/\/schema.org","@graph":[{"@type":"WebPage","@id":"https:\/\/www.manaus.am.gov.br\/semcom\/prefeitura-semef-iptu3aparcela\/","url":"https:\/\/www.manaus.am.gov.br\/semcom\/prefeitura-semef-iptu3aparcela\/","name":"Contribuintes devem pagar 3\u00aa parcela do IPTU at\u00e9 quinta-feira para concorrer a pr\u00eamios","isPartOf":{"@id":"https:\/\/www.manaus.am.gov.br\/semcom\/#website"},"primaryImageOfPage":{"@id":"https:\/\/www.manaus.am.gov.br\/semcom\/prefeitura-semef-iptu3aparcela\/#primaryimage"},"image":{"@id":"https:\/\/www.manaus.am.gov.br\/semcom\/prefeitura-semef-iptu3aparcela\/#primaryimage"},"thumbnailUrl":"https:\/\/www.manaus.am.gov.br\/semcom\/wp-content\/uploads\/sites\/5\/2025\/05\/APP-MANAUS-ATENDE-IPTU-DIGITAL.png","datePublished":"2025-05-13T16:22:58+00:00","dateModified":"2025-05-13T16:28:49+00:00","author":{"@id":"https:\/\/www.manaus.am.gov.br\/semcom\/#\/schema\/person\/4e49f4e267757a06ca072ec61b2b9968"},"description":"Os contribuintes que optaram pelo parcelamento do Imposto Predial e Territorial Urbano (IPTU) de 2025 devem ficar atentos ao vencimento da terceira parcela do tributo nesta quinta-feira, 15\/5.","inLanguage":"pt-BR","potentialAction":[{"@type":"ReadAction","target":["https:\/\/www.manaus.am.gov.br\/semcom\/prefeitura-semef-iptu3aparcela\/"]}]},{"@type":"ImageObject","inLanguage":"pt-BR","@id":"https:\/\/www.manaus.am.gov.br\/semcom\/prefeitura-semef-iptu3aparcela\/#primaryimage","url":"https:\/\/www.manaus.am.gov.br\/semcom\/wp-content\/uploads\/sites\/5\/2025\/05\/APP-MANAUS-ATENDE-IPTU-DIGITAL.png","contentUrl":"https:\/\/www.manaus.am.gov.br\/semcom\/wp-content\/uploads\/sites\/5\/2025\/05\/APP-MANAUS-ATENDE-IPTU-DIGITAL.png","width":4032,"height":3024},{"@type":"WebSite","@id":"https:\/\/www.manaus.am.gov.br\/semcom\/#website","url":"https:\/\/www.manaus.am.gov.br\/semcom\/","name":"SEMCOM","description":"Secretaria Municipal de Comunica\u00e7\u00e3o","potentialAction":[{"@type":"SearchAction","target":{"@type":"EntryPoint","urlTemplate":"https:\/\/www.manaus.am.gov.br\/semcom\/?s={search_term_string}"},"query-input":"required name=search_term_string"}],"inLanguage":"pt-BR"},{"@type":"Person","@id":"https:\/\/www.manaus.am.gov.br\/semcom\/#\/schema\/person\/4e49f4e267757a06ca072ec61b2b9968","name":"Adriana Costa","image":{"@type":"ImageObject","inLanguage":"pt-BR","@id":"https:\/\/www.manaus.am.gov.br\/semcom\/#\/schema\/person\/image\/","url":"https:\/\/secure.gravatar.com\/avatar\/576258617ef7194f718179e766d57bd4?s=96&d=mm&r=g","contentUrl":"https:\/\/secure.gravatar.com\/avatar\/576258617ef7194f718179e766d57bd4?s=96&d=mm&r=g","caption":"Adriana Costa"}}]}},"_links":{"self":[{"href":"https:\/\/www.manaus.am.gov.br\/semcom\/wp-json\/wp\/v2\/posts\/238864"}],"collection":[{"href":"https:\/\/www.manaus.am.gov.br\/semcom\/wp-json\/wp\/v2\/posts"}],"about":[{"href":"https:\/\/www.manaus.am.gov.br\/semcom\/wp-json\/wp\/v2\/types\/post"}],"author":[{"embeddable":true,"href":"https:\/\/www.manaus.am.gov.br\/semcom\/wp-json\/wp\/v2\/users\/23"}],"replies":[{"embeddable":true,"href":"https:\/\/www.manaus.am.gov.br\/semcom\/wp-json\/wp\/v2\/comments?post=238864"}],"version-history":[{"count":1,"href":"https:\/\/www.manaus.am.gov.br\/semcom\/wp-json\/wp\/v2\/posts\/238864\/revisions"}],"predecessor-version":[{"id":238866,"href":"https:\/\/www.manaus.am.gov.br\/semcom\/wp-json\/wp\/v2\/posts\/238864\/revisions\/238866"}],"wp:featuredmedia":[{"embeddable":true,"href":"https:\/\/www.manaus.am.gov.br\/semcom\/wp-json\/wp\/v2\/media\/238865"}],"wp:attachment":[{"href":"https:\/\/www.manaus.am.gov.br\/semcom\/wp-json\/wp\/v2\/media?parent=238864"}],"wp:term":[{"taxonomy":"category","embeddable":true,"href":"https:\/\/www.manaus.am.gov.br\/semcom\/wp-json\/wp\/v2\/categories?post=238864"},{"taxonomy":"post_tag","embeddable":true,"href":"https:\/\/www.manaus.am.gov.br\/semcom\/wp-json\/wp\/v2\/tags?post=238864"}],"curies":[{"name":"wp","href":"https:\/\/api.w.org\/{rel}","templated":true}]}}