{"id":238804,"date":"2025-05-12T12:29:02","date_gmt":"2025-05-12T15:29:02","guid":{"rendered":"https:\/\/www.manaus.am.gov.br\/semcom\/meta-pnab-recursos-2025\/"},"modified":"2025-05-12T12:29:04","modified_gmt":"2025-05-12T15:29:04","slug":"meta-pnab-recursos-2025","status":"publish","type":"post","link":"https:\/\/www.manaus.am.gov.br\/semcom\/meta-pnab-recursos-2025\/","title":{"rendered":"Manaus cumpre meta da\u00a0Pol\u00edtica\u00a0Nacional Aldir Blanc e poder\u00e1 acessar recursos neste ano"},"content":{"rendered":"\n<p>A Prefeitura de Manaus, por meio do Conselho Municipal de Cultura (Concultura), atingiu a meta m\u00ednima de 60% de execu\u00e7\u00e3o dos recursos recebidos no ciclo anterior da Pol\u00edtica Nacional Aldir Blanc (Pnab), conforme exigido pelo Minist\u00e9rio da Cultura (MinC). Com o resultado, Manaus est\u00e1 apta a solicitar os recursos previstos para este ano.<\/p>\n\n\n\n<p>A conquista \u00e9 resultado do trabalho conjunto entre gestores, agentes culturais e demais integrantes do Concultura, que t\u00eam atuado com responsabilidade e efici\u00eancia na execu\u00e7\u00e3o das a\u00e7\u00f5es previstas.<\/p>\n\n\n\n<p>O presidente do Concultura, Tony Medeiros, afirma que a conquista reflete o compromisso com os artistas de Manaus e j\u00e1 se torna um an\u00fancio dos futuros fomentos que vir\u00e3o para a capital.<\/p>\n\n\n\n<p>\u201cEssa \u00e9 uma grande conquista para a cultura de Manaus. Alcan\u00e7ar os 60% de execu\u00e7\u00e3o exigidos pela Pnab \u00e9 resultado de muito esfor\u00e7o, di\u00e1logo e compromisso com nossos artistas e fazedores de cultura. Agora, estamos aptos a solicitar os recursos deste ano, e isso significa mais oportunidades, mais editais e mais a\u00e7\u00f5es que valorizam a arte produzida na nossa cidade. \u00c9 Manaus avan\u00e7ando no fomento cultural de forma s\u00e9ria e comprometida\u201d, afirmou o presidente.<\/p>\n\n\n\n<p>De acordo com as diretrizes do Minist\u00e9rio da Cultura, a aferi\u00e7\u00e3o da execu\u00e7\u00e3o \u00e9 realizada anualmente no dia 1\u00ba de julho, considerando a efetiva sa\u00edda dos recursos da conta espec\u00edfica da Pnab. A meta alcan\u00e7ada pelo Concultura demonstra o compromisso da gest\u00e3o municipal com a efetiva aplica\u00e7\u00e3o dos recursos p\u00fablicos destinados ao fortalecimento do setor cultural.<\/p>\n\n\n\n<p>Com a meta alcan\u00e7ada, o Concultura dar\u00e1 continuidade \u00e0s tratativas para formalizar a solicita\u00e7\u00e3o dos recursos relativos ao pr\u00f3ximo ciclo da Pnab 2025, visando \u00e0 amplia\u00e7\u00e3o das a\u00e7\u00f5es voltadas \u00e0 promo\u00e7\u00e3o e valoriza\u00e7\u00e3o da cultura em \u00e2mbito local.<\/p>\n\n\n\n<p>A chefe de gabinete do Concultura, Janayna Castro, ressalta que o pr\u00f3ximo passo ser\u00e1 a formaliza\u00e7\u00e3o da solicita\u00e7\u00e3o dos recursos referentes ao novo ciclo deste ano, que possibilitar\u00e1 a continuidade e amplia\u00e7\u00e3o das pol\u00edticas p\u00fablicas voltadas \u00e0 cultura no munic\u00edpio.&nbsp;<\/p>\n\n\n\n<p><strong>O que \u00e9 a Pnab?<\/strong><\/p>\n\n\n\n<p>A Pol\u00edtica Nacional Aldir Blanc de Fomento \u00e0 Cultura (Pnab), institu\u00edda pela Lei n\u00ba 14.399\/2022, \u00e9 uma pol\u00edtica p\u00fablica permanente voltada ao fortalecimento do setor cultural em todo o territ\u00f3rio nacional. Coordenada pelo Minist\u00e9rio da Cultura, a Pnab prev\u00ea repasses anuais da Uni\u00e3o a estados, munic\u00edpios e o Distrito Federal para apoiar a\u00e7\u00f5es culturais por meio de editais, chamamentos p\u00fablicos, pr\u00eamios, aquisi\u00e7\u00e3o de bens e servi\u00e7os, entre outras formas de incentivo.<\/p>\n\n\n\n<p>A Pnab homenageia o compositor e escritor Aldir Blanc, v\u00edtima da Covid-19 em 2020, e busca garantir que os recursos cheguem de forma descentralizada aos fazedores de cultura, promovendo a diversidade cultural brasileira e a inclus\u00e3o de grupos historicamente marginalizados.<\/p>\n\n\n\n<p>&#8212; &#8212; &#8212;<\/p>\n\n\n\n<p><strong>Texto<\/strong>\u00a0\u2013 Ismael Oliveira\/Concultura<\/p>\n\n\n\n<p><strong>Foto \u2013<\/strong> Cleuton Mendon\u00e7a\/Concultura<\/p>\n","protected":false},"excerpt":{"rendered":"","protected":false},"author":39,"featured_media":238805,"comment_status":"closed","ping_status":"closed","sticky":false,"template":"","format":"standard","meta":{"footnotes":""},"categories":[9365],"tags":[695,888,14762,14763,14764,77],"acf":[],"yoast_head":"<!-- This site is optimized with the Yoast SEO plugin v23.0 - https:\/\/yoast.com\/wordpress\/plugins\/seo\/ -->\n<title>Manaus cumpre meta da Pnab e poder\u00e1 acessar recursos<\/title>\n<meta name=\"description\" content=\"A cidade de Manaus cumpre meta da Pol\u00edtica Nacional Aldir Blanc (Pnab) e poder\u00e1 acessar recursos neste ano.\" \/>\n<meta name=\"robots\" content=\"index, follow, max-snippet:-1, max-image-preview:large, max-video-preview:-1\" \/>\n<link rel=\"canonical\" href=\"https:\/\/www.manaus.am.gov.br\/semcom\/meta-pnab-recursos-2025\/\" \/>\n<meta property=\"og:locale\" content=\"pt_BR\" \/>\n<meta property=\"og:type\" content=\"article\" \/>\n<meta property=\"og:title\" content=\"Manaus cumpre meta da Pnab e poder\u00e1 acessar recursos\" \/>\n<meta property=\"og:description\" content=\"A cidade de Manaus cumpre meta da Pol\u00edtica Nacional Aldir Blanc (Pnab) e poder\u00e1 acessar recursos neste ano.\" \/>\n<meta property=\"og:url\" content=\"https:\/\/www.manaus.am.gov.br\/semcom\/meta-pnab-recursos-2025\/\" \/>\n<meta property=\"og:site_name\" content=\"SEMCOM\" \/>\n<meta property=\"article:published_time\" content=\"2025-05-12T15:29:02+00:00\" \/>\n<meta property=\"article:modified_time\" content=\"2025-05-12T15:29:04+00:00\" \/>\n<meta property=\"og:image\" content=\"https:\/\/www.manaus.am.gov.br\/semcom\/wp-content\/uploads\/sites\/5\/2025\/05\/IMG_2693-1024x768.jpg\" \/>\n\t<meta property=\"og:image:width\" content=\"1024\" \/>\n\t<meta property=\"og:image:height\" content=\"768\" \/>\n\t<meta property=\"og:image:type\" content=\"image\/jpeg\" \/>\n<meta name=\"author\" content=\"Bruna Greco\" \/>\n<meta name=\"twitter:card\" content=\"summary_large_image\" \/>\n<meta name=\"twitter:label1\" content=\"Written by\" \/>\n\t<meta name=\"twitter:data1\" content=\"Bruna Greco\" \/>\n\t<meta name=\"twitter:label2\" content=\"Est. reading time\" \/>\n\t<meta name=\"twitter:data2\" content=\"3 minutos\" \/>\n<script type=\"application\/ld+json\" class=\"yoast-schema-graph\">{\"@context\":\"https:\/\/schema.org\",\"@graph\":[{\"@type\":\"WebPage\",\"@id\":\"https:\/\/www.manaus.am.gov.br\/semcom\/meta-pnab-recursos-2025\/\",\"url\":\"https:\/\/www.manaus.am.gov.br\/semcom\/meta-pnab-recursos-2025\/\",\"name\":\"Manaus cumpre meta da Pnab e poder\u00e1 acessar recursos\",\"isPartOf\":{\"@id\":\"https:\/\/www.manaus.am.gov.br\/semcom\/#website\"},\"primaryImageOfPage\":{\"@id\":\"https:\/\/www.manaus.am.gov.br\/semcom\/meta-pnab-recursos-2025\/#primaryimage\"},\"image\":{\"@id\":\"https:\/\/www.manaus.am.gov.br\/semcom\/meta-pnab-recursos-2025\/#primaryimage\"},\"thumbnailUrl\":\"https:\/\/www.manaus.am.gov.br\/semcom\/wp-content\/uploads\/sites\/5\/2025\/05\/IMG_2693.jpg\",\"datePublished\":\"2025-05-12T15:29:02+00:00\",\"dateModified\":\"2025-05-12T15:29:04+00:00\",\"author\":{\"@id\":\"https:\/\/www.manaus.am.gov.br\/semcom\/#\/schema\/person\/05d223aea2bf115f9883a6ff3683d81b\"},\"description\":\"A cidade de Manaus cumpre meta da Pol\u00edtica Nacional Aldir Blanc (Pnab) e poder\u00e1 acessar recursos neste ano.\",\"inLanguage\":\"pt-BR\",\"potentialAction\":[{\"@type\":\"ReadAction\",\"target\":[\"https:\/\/www.manaus.am.gov.br\/semcom\/meta-pnab-recursos-2025\/\"]}]},{\"@type\":\"ImageObject\",\"inLanguage\":\"pt-BR\",\"@id\":\"https:\/\/www.manaus.am.gov.br\/semcom\/meta-pnab-recursos-2025\/#primaryimage\",\"url\":\"https:\/\/www.manaus.am.gov.br\/semcom\/wp-content\/uploads\/sites\/5\/2025\/05\/IMG_2693.jpg\",\"contentUrl\":\"https:\/\/www.manaus.am.gov.br\/semcom\/wp-content\/uploads\/sites\/5\/2025\/05\/IMG_2693.jpg\",\"width\":3540,\"height\":2655,\"caption\":\"#paratodosverem - Jovem acessando informa\u00e7\u00f5es sobre a Pol\u00edtica\u00a0Nacional Aldir Blanc (Pnab) em Manaus\"},{\"@type\":\"WebSite\",\"@id\":\"https:\/\/www.manaus.am.gov.br\/semcom\/#website\",\"url\":\"https:\/\/www.manaus.am.gov.br\/semcom\/\",\"name\":\"SEMCOM\",\"description\":\"Secretaria Municipal de Comunica\u00e7\u00e3o\",\"potentialAction\":[{\"@type\":\"SearchAction\",\"target\":{\"@type\":\"EntryPoint\",\"urlTemplate\":\"https:\/\/www.manaus.am.gov.br\/semcom\/?s={search_term_string}\"},\"query-input\":\"required name=search_term_string\"}],\"inLanguage\":\"pt-BR\"},{\"@type\":\"Person\",\"@id\":\"https:\/\/www.manaus.am.gov.br\/semcom\/#\/schema\/person\/05d223aea2bf115f9883a6ff3683d81b\",\"name\":\"Bruna Greco\",\"image\":{\"@type\":\"ImageObject\",\"inLanguage\":\"pt-BR\",\"@id\":\"https:\/\/www.manaus.am.gov.br\/semcom\/#\/schema\/person\/image\/\",\"url\":\"https:\/\/secure.gravatar.com\/avatar\/9c877d1a6adc2a055330e5c09a8653ce?s=96&d=mm&r=g\",\"contentUrl\":\"https:\/\/secure.gravatar.com\/avatar\/9c877d1a6adc2a055330e5c09a8653ce?s=96&d=mm&r=g\",\"caption\":\"Bruna Greco\"}}]}<\/script>\n<!-- \/ Yoast SEO plugin. -->","yoast_head_json":{"title":"Manaus cumpre meta da Pnab e poder\u00e1 acessar recursos","description":"A cidade de Manaus cumpre meta da Pol\u00edtica Nacional Aldir Blanc (Pnab) e poder\u00e1 acessar recursos neste ano.","robots":{"index":"index","follow":"follow","max-snippet":"max-snippet:-1","max-image-preview":"max-image-preview:large","max-video-preview":"max-video-preview:-1"},"canonical":"https:\/\/www.manaus.am.gov.br\/semcom\/meta-pnab-recursos-2025\/","og_locale":"pt_BR","og_type":"article","og_title":"Manaus cumpre meta da Pnab e poder\u00e1 acessar recursos","og_description":"A cidade de Manaus cumpre meta da Pol\u00edtica Nacional Aldir Blanc (Pnab) e poder\u00e1 acessar recursos neste ano.","og_url":"https:\/\/www.manaus.am.gov.br\/semcom\/meta-pnab-recursos-2025\/","og_site_name":"SEMCOM","article_published_time":"2025-05-12T15:29:02+00:00","article_modified_time":"2025-05-12T15:29:04+00:00","og_image":[{"width":1024,"height":768,"url":"https:\/\/www.manaus.am.gov.br\/semcom\/wp-content\/uploads\/sites\/5\/2025\/05\/IMG_2693-1024x768.jpg","type":"image\/jpeg"}],"author":"Bruna Greco","twitter_card":"summary_large_image","twitter_misc":{"Written by":"Bruna Greco","Est. reading time":"3 minutos"},"schema":{"@context":"https:\/\/schema.org","@graph":[{"@type":"WebPage","@id":"https:\/\/www.manaus.am.gov.br\/semcom\/meta-pnab-recursos-2025\/","url":"https:\/\/www.manaus.am.gov.br\/semcom\/meta-pnab-recursos-2025\/","name":"Manaus cumpre meta da Pnab e poder\u00e1 acessar recursos","isPartOf":{"@id":"https:\/\/www.manaus.am.gov.br\/semcom\/#website"},"primaryImageOfPage":{"@id":"https:\/\/www.manaus.am.gov.br\/semcom\/meta-pnab-recursos-2025\/#primaryimage"},"image":{"@id":"https:\/\/www.manaus.am.gov.br\/semcom\/meta-pnab-recursos-2025\/#primaryimage"},"thumbnailUrl":"https:\/\/www.manaus.am.gov.br\/semcom\/wp-content\/uploads\/sites\/5\/2025\/05\/IMG_2693.jpg","datePublished":"2025-05-12T15:29:02+00:00","dateModified":"2025-05-12T15:29:04+00:00","author":{"@id":"https:\/\/www.manaus.am.gov.br\/semcom\/#\/schema\/person\/05d223aea2bf115f9883a6ff3683d81b"},"description":"A cidade de Manaus cumpre meta da Pol\u00edtica Nacional Aldir Blanc (Pnab) e poder\u00e1 acessar recursos neste ano.","inLanguage":"pt-BR","potentialAction":[{"@type":"ReadAction","target":["https:\/\/www.manaus.am.gov.br\/semcom\/meta-pnab-recursos-2025\/"]}]},{"@type":"ImageObject","inLanguage":"pt-BR","@id":"https:\/\/www.manaus.am.gov.br\/semcom\/meta-pnab-recursos-2025\/#primaryimage","url":"https:\/\/www.manaus.am.gov.br\/semcom\/wp-content\/uploads\/sites\/5\/2025\/05\/IMG_2693.jpg","contentUrl":"https:\/\/www.manaus.am.gov.br\/semcom\/wp-content\/uploads\/sites\/5\/2025\/05\/IMG_2693.jpg","width":3540,"height":2655,"caption":"#paratodosverem - Jovem acessando informa\u00e7\u00f5es sobre a Pol\u00edtica\u00a0Nacional Aldir Blanc (Pnab) em Manaus"},{"@type":"WebSite","@id":"https:\/\/www.manaus.am.gov.br\/semcom\/#website","url":"https:\/\/www.manaus.am.gov.br\/semcom\/","name":"SEMCOM","description":"Secretaria Municipal de Comunica\u00e7\u00e3o","potentialAction":[{"@type":"SearchAction","target":{"@type":"EntryPoint","urlTemplate":"https:\/\/www.manaus.am.gov.br\/semcom\/?s={search_term_string}"},"query-input":"required name=search_term_string"}],"inLanguage":"pt-BR"},{"@type":"Person","@id":"https:\/\/www.manaus.am.gov.br\/semcom\/#\/schema\/person\/05d223aea2bf115f9883a6ff3683d81b","name":"Bruna Greco","image":{"@type":"ImageObject","inLanguage":"pt-BR","@id":"https:\/\/www.manaus.am.gov.br\/semcom\/#\/schema\/person\/image\/","url":"https:\/\/secure.gravatar.com\/avatar\/9c877d1a6adc2a055330e5c09a8653ce?s=96&d=mm&r=g","contentUrl":"https:\/\/secure.gravatar.com\/avatar\/9c877d1a6adc2a055330e5c09a8653ce?s=96&d=mm&r=g","caption":"Bruna Greco"}}]}},"_links":{"self":[{"href":"https:\/\/www.manaus.am.gov.br\/semcom\/wp-json\/wp\/v2\/posts\/238804"}],"collection":[{"href":"https:\/\/www.manaus.am.gov.br\/semcom\/wp-json\/wp\/v2\/posts"}],"about":[{"href":"https:\/\/www.manaus.am.gov.br\/semcom\/wp-json\/wp\/v2\/types\/post"}],"author":[{"embeddable":true,"href":"https:\/\/www.manaus.am.gov.br\/semcom\/wp-json\/wp\/v2\/users\/39"}],"replies":[{"embeddable":true,"href":"https:\/\/www.manaus.am.gov.br\/semcom\/wp-json\/wp\/v2\/comments?post=238804"}],"version-history":[{"count":0,"href":"https:\/\/www.manaus.am.gov.br\/semcom\/wp-json\/wp\/v2\/posts\/238804\/revisions"}],"wp:featuredmedia":[{"embeddable":true,"href":"https:\/\/www.manaus.am.gov.br\/semcom\/wp-json\/wp\/v2\/media\/238805"}],"wp:attachment":[{"href":"https:\/\/www.manaus.am.gov.br\/semcom\/wp-json\/wp\/v2\/media?parent=238804"}],"wp:term":[{"taxonomy":"category","embeddable":true,"href":"https:\/\/www.manaus.am.gov.br\/semcom\/wp-json\/wp\/v2\/categories?post=238804"},{"taxonomy":"post_tag","embeddable":true,"href":"https:\/\/www.manaus.am.gov.br\/semcom\/wp-json\/wp\/v2\/tags?post=238804"}],"curies":[{"name":"wp","href":"https:\/\/api.w.org\/{rel}","templated":true}]}}