{"id":238802,"date":"2025-05-12T12:18:27","date_gmt":"2025-05-12T15:18:27","guid":{"rendered":"https:\/\/www.manaus.am.gov.br\/semcom\/prefeitura-semacc-feiranovacidade\/"},"modified":"2025-05-12T12:18:27","modified_gmt":"2025-05-12T15:18:27","slug":"prefeitura-semacc-feiranovacidade","status":"publish","type":"post","link":"https:\/\/www.manaus.am.gov.br\/semcom\/prefeitura-semacc-feiranovacidade\/","title":{"rendered":"Feira do Nova Cidade entra na fase final de revitaliza\u00e7\u00e3o com foco em infraestrutura e conforto"},"content":{"rendered":"\n<p>A feira do Nova Cidade, localizada na zona Norte da cidade, est\u00e1 prestes a ser entregue totalmente revitalizada. A Prefeitura de Manaus, por meio da Secretaria Municipal de Agricultura, Abastecimento, Centro e Com\u00e9rcio Informal (Semacc), est\u00e1 na fase final das obras, com a conclus\u00e3o do forro e dos servi\u00e7os de pintura. A estimativa \u00e9 de que a reforma seja finalizada ainda no primeiro semestre de 2025.<\/p>\n\n\n\n<p>Al\u00e9m das melhorias est\u00e9ticas, a feira passou por uma ampla reestrutura\u00e7\u00e3o. Todos os boxes e banheiros foram reformados, com a instala\u00e7\u00e3o de novos revestimentos e moderniza\u00e7\u00e3o das instala\u00e7\u00f5es hidr\u00e1ulicas e sanit\u00e1rias. A parte el\u00e9trica tamb\u00e9m foi atualizada, oferecendo mais seguran\u00e7a e efici\u00eancia no fornecimento de energia aos permission\u00e1rios.<\/p>\n\n\n\n<p>Um dos principais destaques da obra \u00e9 a nova cobertura, que est\u00e1 sendo completamente refeita com materiais mais resistentes. A estrutura foi projetada para melhorar a ventila\u00e7\u00e3o e a ilumina\u00e7\u00e3o natural, al\u00e9m de proteger o espa\u00e7o contra infiltra\u00e7\u00f5es e altas temperaturas.<\/p>\n\n\n\n<p>De acordo com o engenheiro e fiscal da obra, Rafael Caputti, a feira segue os padr\u00f5es de qualidade das demais j\u00e1 revitalizadas pela atual gest\u00e3o.<\/p>\n\n\n\n<p>\u201cA feira do Nova Cidade est\u00e1 ficando excelente. As novas estruturas, a padroniza\u00e7\u00e3o e as melhorias em geral refor\u00e7am a marca da gest\u00e3o do prefeito David Almeida, que tem transformado os espa\u00e7os de comercializa\u00e7\u00e3o em Manaus\u201d, afirmou Caputti.<\/p>\n\n\n\n<p>Desde o in\u00edcio do projeto de revitaliza\u00e7\u00e3o, em 2022, a prefeitura j\u00e1 entregou diversas feiras reformadas e mant\u00e9m outras em fase avan\u00e7ada de obras. Ao todo, a meta \u00e9 revitalizar 36 feiras e mercados da cidade, com um investimento estimado em R$ 40,3 milh\u00f5es. A iniciativa visa resgatar a tradi\u00e7\u00e3o dos mercados p\u00fablicos, al\u00e9m de beneficiar diretamente milhares de trabalhadores e fomentar a economia local.<\/p>\n\n\n\n<p>A data oficial de entrega da feira do Nova Cidade ser\u00e1 anunciada em breve.<\/p>\n\n\n\n<p>&#8212; &#8212; &#8212;<\/p>\n\n\n\n<p><strong>Texto <\/strong>&#8211; Milton Bambo\/Semacc<\/p>\n\n\n\n<p><strong>Fotos <\/strong>&#8211; Gildo Smith\/Semacc<\/p>\n\n\n\n<p><strong>Dispon\u00edveis em<\/strong> \u2013 <a href=\"https:\/\/flic.kr\/s\/aHBqjCdSKX\">https:\/\/flic.kr\/s\/aHBqjCdSKX<\/a><\/p>\n","protected":false},"excerpt":{"rendered":"","protected":false},"author":23,"featured_media":238803,"comment_status":"closed","ping_status":"closed","sticky":false,"template":"","format":"standard","meta":{"footnotes":""},"categories":[772],"tags":[3012,31,77,450,55],"acf":[],"yoast_head":"<!-- This site is optimized with the Yoast SEO plugin v23.0 - https:\/\/yoast.com\/wordpress\/plugins\/seo\/ -->\n<title>Feira do Nova Cidade entra na fase final de revitaliza\u00e7\u00e3o com foco em infraestrutura e conforto<\/title>\n<meta name=\"description\" content=\"A feira do Nova Cidade, localizada na zona Norte da cidade, est\u00e1 prestes a ser entregue totalmente revitalizada. A Prefeitura de Manaus, por meio da Secretaria Municipal de Agricultura, Abastecimento, Centro e Com\u00e9rcio Informal (Semacc), est\u00e1 na fase final das obras\" \/>\n<meta name=\"robots\" content=\"index, follow, max-snippet:-1, max-image-preview:large, max-video-preview:-1\" \/>\n<link rel=\"canonical\" href=\"https:\/\/www.manaus.am.gov.br\/semcom\/prefeitura-semacc-feiranovacidade\/\" \/>\n<meta property=\"og:locale\" content=\"pt_BR\" \/>\n<meta property=\"og:type\" content=\"article\" \/>\n<meta property=\"og:title\" content=\"Feira do Nova Cidade entra na fase final de revitaliza\u00e7\u00e3o com foco em infraestrutura e conforto\" \/>\n<meta property=\"og:description\" content=\"A feira do Nova Cidade, localizada na zona Norte da cidade, est\u00e1 prestes a ser entregue totalmente revitalizada. A Prefeitura de Manaus, por meio da Secretaria Municipal de Agricultura, Abastecimento, Centro e Com\u00e9rcio Informal (Semacc), est\u00e1 na fase final das obras\" \/>\n<meta property=\"og:url\" content=\"https:\/\/www.manaus.am.gov.br\/semcom\/prefeitura-semacc-feiranovacidade\/\" \/>\n<meta property=\"og:site_name\" content=\"SEMCOM\" \/>\n<meta property=\"article:published_time\" content=\"2025-05-12T15:18:27+00:00\" \/>\n<meta property=\"og:image\" content=\"https:\/\/www.manaus.am.gov.br\/semcom\/wp-content\/uploads\/sites\/5\/2025\/05\/54514597465_5578388daf_c.jpg\" \/>\n\t<meta property=\"og:image:width\" content=\"800\" \/>\n\t<meta property=\"og:image:height\" content=\"600\" \/>\n\t<meta property=\"og:image:type\" content=\"image\/jpeg\" \/>\n<meta name=\"author\" content=\"Adriana Costa\" \/>\n<meta name=\"twitter:card\" content=\"summary_large_image\" \/>\n<meta name=\"twitter:label1\" content=\"Written by\" \/>\n\t<meta name=\"twitter:data1\" content=\"Adriana Costa\" \/>\n\t<meta name=\"twitter:label2\" content=\"Est. reading time\" \/>\n\t<meta name=\"twitter:data2\" content=\"2 minutos\" \/>\n<script type=\"application\/ld+json\" class=\"yoast-schema-graph\">{\"@context\":\"https:\/\/schema.org\",\"@graph\":[{\"@type\":\"WebPage\",\"@id\":\"https:\/\/www.manaus.am.gov.br\/semcom\/prefeitura-semacc-feiranovacidade\/\",\"url\":\"https:\/\/www.manaus.am.gov.br\/semcom\/prefeitura-semacc-feiranovacidade\/\",\"name\":\"Feira do Nova Cidade entra na fase final de revitaliza\u00e7\u00e3o com foco em infraestrutura e conforto\",\"isPartOf\":{\"@id\":\"https:\/\/www.manaus.am.gov.br\/semcom\/#website\"},\"primaryImageOfPage\":{\"@id\":\"https:\/\/www.manaus.am.gov.br\/semcom\/prefeitura-semacc-feiranovacidade\/#primaryimage\"},\"image\":{\"@id\":\"https:\/\/www.manaus.am.gov.br\/semcom\/prefeitura-semacc-feiranovacidade\/#primaryimage\"},\"thumbnailUrl\":\"https:\/\/www.manaus.am.gov.br\/semcom\/wp-content\/uploads\/sites\/5\/2025\/05\/54514597465_5578388daf_c.jpg\",\"datePublished\":\"2025-05-12T15:18:27+00:00\",\"dateModified\":\"2025-05-12T15:18:27+00:00\",\"author\":{\"@id\":\"https:\/\/www.manaus.am.gov.br\/semcom\/#\/schema\/person\/4e49f4e267757a06ca072ec61b2b9968\"},\"description\":\"A feira do Nova Cidade, localizada na zona Norte da cidade, est\u00e1 prestes a ser entregue totalmente revitalizada. A Prefeitura de Manaus, por meio da Secretaria Municipal de Agricultura, Abastecimento, Centro e Com\u00e9rcio Informal (Semacc), est\u00e1 na fase final das obras\",\"inLanguage\":\"pt-BR\",\"potentialAction\":[{\"@type\":\"ReadAction\",\"target\":[\"https:\/\/www.manaus.am.gov.br\/semcom\/prefeitura-semacc-feiranovacidade\/\"]}]},{\"@type\":\"ImageObject\",\"inLanguage\":\"pt-BR\",\"@id\":\"https:\/\/www.manaus.am.gov.br\/semcom\/prefeitura-semacc-feiranovacidade\/#primaryimage\",\"url\":\"https:\/\/www.manaus.am.gov.br\/semcom\/wp-content\/uploads\/sites\/5\/2025\/05\/54514597465_5578388daf_c.jpg\",\"contentUrl\":\"https:\/\/www.manaus.am.gov.br\/semcom\/wp-content\/uploads\/sites\/5\/2025\/05\/54514597465_5578388daf_c.jpg\",\"width\":800,\"height\":600},{\"@type\":\"WebSite\",\"@id\":\"https:\/\/www.manaus.am.gov.br\/semcom\/#website\",\"url\":\"https:\/\/www.manaus.am.gov.br\/semcom\/\",\"name\":\"SEMCOM\",\"description\":\"Secretaria Municipal de Comunica\u00e7\u00e3o\",\"potentialAction\":[{\"@type\":\"SearchAction\",\"target\":{\"@type\":\"EntryPoint\",\"urlTemplate\":\"https:\/\/www.manaus.am.gov.br\/semcom\/?s={search_term_string}\"},\"query-input\":\"required name=search_term_string\"}],\"inLanguage\":\"pt-BR\"},{\"@type\":\"Person\",\"@id\":\"https:\/\/www.manaus.am.gov.br\/semcom\/#\/schema\/person\/4e49f4e267757a06ca072ec61b2b9968\",\"name\":\"Adriana Costa\",\"image\":{\"@type\":\"ImageObject\",\"inLanguage\":\"pt-BR\",\"@id\":\"https:\/\/www.manaus.am.gov.br\/semcom\/#\/schema\/person\/image\/\",\"url\":\"https:\/\/secure.gravatar.com\/avatar\/576258617ef7194f718179e766d57bd4?s=96&d=mm&r=g\",\"contentUrl\":\"https:\/\/secure.gravatar.com\/avatar\/576258617ef7194f718179e766d57bd4?s=96&d=mm&r=g\",\"caption\":\"Adriana Costa\"}}]}<\/script>\n<!-- \/ Yoast SEO plugin. -->","yoast_head_json":{"title":"Feira do Nova Cidade entra na fase final de revitaliza\u00e7\u00e3o com foco em infraestrutura e conforto","description":"A feira do Nova Cidade, localizada na zona Norte da cidade, est\u00e1 prestes a ser entregue totalmente revitalizada. A Prefeitura de Manaus, por meio da Secretaria Municipal de Agricultura, Abastecimento, Centro e Com\u00e9rcio Informal (Semacc), est\u00e1 na fase final das obras","robots":{"index":"index","follow":"follow","max-snippet":"max-snippet:-1","max-image-preview":"max-image-preview:large","max-video-preview":"max-video-preview:-1"},"canonical":"https:\/\/www.manaus.am.gov.br\/semcom\/prefeitura-semacc-feiranovacidade\/","og_locale":"pt_BR","og_type":"article","og_title":"Feira do Nova Cidade entra na fase final de revitaliza\u00e7\u00e3o com foco em infraestrutura e conforto","og_description":"A feira do Nova Cidade, localizada na zona Norte da cidade, est\u00e1 prestes a ser entregue totalmente revitalizada. A Prefeitura de Manaus, por meio da Secretaria Municipal de Agricultura, Abastecimento, Centro e Com\u00e9rcio Informal (Semacc), est\u00e1 na fase final das obras","og_url":"https:\/\/www.manaus.am.gov.br\/semcom\/prefeitura-semacc-feiranovacidade\/","og_site_name":"SEMCOM","article_published_time":"2025-05-12T15:18:27+00:00","og_image":[{"width":800,"height":600,"url":"https:\/\/www.manaus.am.gov.br\/semcom\/wp-content\/uploads\/sites\/5\/2025\/05\/54514597465_5578388daf_c.jpg","type":"image\/jpeg"}],"author":"Adriana Costa","twitter_card":"summary_large_image","twitter_misc":{"Written by":"Adriana Costa","Est. reading time":"2 minutos"},"schema":{"@context":"https:\/\/schema.org","@graph":[{"@type":"WebPage","@id":"https:\/\/www.manaus.am.gov.br\/semcom\/prefeitura-semacc-feiranovacidade\/","url":"https:\/\/www.manaus.am.gov.br\/semcom\/prefeitura-semacc-feiranovacidade\/","name":"Feira do Nova Cidade entra na fase final de revitaliza\u00e7\u00e3o com foco em infraestrutura e conforto","isPartOf":{"@id":"https:\/\/www.manaus.am.gov.br\/semcom\/#website"},"primaryImageOfPage":{"@id":"https:\/\/www.manaus.am.gov.br\/semcom\/prefeitura-semacc-feiranovacidade\/#primaryimage"},"image":{"@id":"https:\/\/www.manaus.am.gov.br\/semcom\/prefeitura-semacc-feiranovacidade\/#primaryimage"},"thumbnailUrl":"https:\/\/www.manaus.am.gov.br\/semcom\/wp-content\/uploads\/sites\/5\/2025\/05\/54514597465_5578388daf_c.jpg","datePublished":"2025-05-12T15:18:27+00:00","dateModified":"2025-05-12T15:18:27+00:00","author":{"@id":"https:\/\/www.manaus.am.gov.br\/semcom\/#\/schema\/person\/4e49f4e267757a06ca072ec61b2b9968"},"description":"A feira do Nova Cidade, localizada na zona Norte da cidade, est\u00e1 prestes a ser entregue totalmente revitalizada. A Prefeitura de Manaus, por meio da Secretaria Municipal de Agricultura, Abastecimento, Centro e Com\u00e9rcio Informal (Semacc), est\u00e1 na fase final das obras","inLanguage":"pt-BR","potentialAction":[{"@type":"ReadAction","target":["https:\/\/www.manaus.am.gov.br\/semcom\/prefeitura-semacc-feiranovacidade\/"]}]},{"@type":"ImageObject","inLanguage":"pt-BR","@id":"https:\/\/www.manaus.am.gov.br\/semcom\/prefeitura-semacc-feiranovacidade\/#primaryimage","url":"https:\/\/www.manaus.am.gov.br\/semcom\/wp-content\/uploads\/sites\/5\/2025\/05\/54514597465_5578388daf_c.jpg","contentUrl":"https:\/\/www.manaus.am.gov.br\/semcom\/wp-content\/uploads\/sites\/5\/2025\/05\/54514597465_5578388daf_c.jpg","width":800,"height":600},{"@type":"WebSite","@id":"https:\/\/www.manaus.am.gov.br\/semcom\/#website","url":"https:\/\/www.manaus.am.gov.br\/semcom\/","name":"SEMCOM","description":"Secretaria Municipal de Comunica\u00e7\u00e3o","potentialAction":[{"@type":"SearchAction","target":{"@type":"EntryPoint","urlTemplate":"https:\/\/www.manaus.am.gov.br\/semcom\/?s={search_term_string}"},"query-input":"required name=search_term_string"}],"inLanguage":"pt-BR"},{"@type":"Person","@id":"https:\/\/www.manaus.am.gov.br\/semcom\/#\/schema\/person\/4e49f4e267757a06ca072ec61b2b9968","name":"Adriana Costa","image":{"@type":"ImageObject","inLanguage":"pt-BR","@id":"https:\/\/www.manaus.am.gov.br\/semcom\/#\/schema\/person\/image\/","url":"https:\/\/secure.gravatar.com\/avatar\/576258617ef7194f718179e766d57bd4?s=96&d=mm&r=g","contentUrl":"https:\/\/secure.gravatar.com\/avatar\/576258617ef7194f718179e766d57bd4?s=96&d=mm&r=g","caption":"Adriana Costa"}}]}},"_links":{"self":[{"href":"https:\/\/www.manaus.am.gov.br\/semcom\/wp-json\/wp\/v2\/posts\/238802"}],"collection":[{"href":"https:\/\/www.manaus.am.gov.br\/semcom\/wp-json\/wp\/v2\/posts"}],"about":[{"href":"https:\/\/www.manaus.am.gov.br\/semcom\/wp-json\/wp\/v2\/types\/post"}],"author":[{"embeddable":true,"href":"https:\/\/www.manaus.am.gov.br\/semcom\/wp-json\/wp\/v2\/users\/23"}],"replies":[{"embeddable":true,"href":"https:\/\/www.manaus.am.gov.br\/semcom\/wp-json\/wp\/v2\/comments?post=238802"}],"version-history":[{"count":0,"href":"https:\/\/www.manaus.am.gov.br\/semcom\/wp-json\/wp\/v2\/posts\/238802\/revisions"}],"wp:featuredmedia":[{"embeddable":true,"href":"https:\/\/www.manaus.am.gov.br\/semcom\/wp-json\/wp\/v2\/media\/238803"}],"wp:attachment":[{"href":"https:\/\/www.manaus.am.gov.br\/semcom\/wp-json\/wp\/v2\/media?parent=238802"}],"wp:term":[{"taxonomy":"category","embeddable":true,"href":"https:\/\/www.manaus.am.gov.br\/semcom\/wp-json\/wp\/v2\/categories?post=238802"},{"taxonomy":"post_tag","embeddable":true,"href":"https:\/\/www.manaus.am.gov.br\/semcom\/wp-json\/wp\/v2\/tags?post=238802"}],"curies":[{"name":"wp","href":"https:\/\/api.w.org\/{rel}","templated":true}]}}