{"id":238760,"date":"2025-05-09T18:31:09","date_gmt":"2025-05-09T21:31:09","guid":{"rendered":"https:\/\/www.manaus.am.gov.br\/semcom\/entrega-iptu-premiado\/"},"modified":"2025-05-09T18:31:11","modified_gmt":"2025-05-09T21:31:11","slug":"entrega-iptu-premiado","status":"publish","type":"post","link":"https:\/\/www.manaus.am.gov.br\/semcom\/entrega-iptu-premiado\/","title":{"rendered":"Prefeito David Almeida entrega primeiros pr\u00eamios do IPTU Premiado 2025 e refor\u00e7a valoriza\u00e7\u00e3o do contribuinte"},"content":{"rendered":"\n<p><strong><br><\/strong>\u201cEst\u00e1 vendo esse cheque aqui? Ele pode ser seu.\u201d Foi com entusiasmo e protagonismo que o prefeito de Manaus, David Almeida, conduziu a cerim\u00f4nia de entrega dos primeiros pr\u00eamios do IPTU Premiado 2025, realizada, nesta sexta-feira, 9\/5, na sede da prefeitura, no bairro Compensa, zona Oeste. Com uma premia\u00e7\u00e3o recorde de R$ 3,63 milh\u00f5es, a campanha incentiva o pagamento do imposto predial e valoriza os contribuintes adimplentes.<br><br>Durante o evento, o chefe do Executivo municipal destacou a import\u00e2ncia da campanha como est\u00edmulo \u00e0 cidadania fiscal e ferramenta para ampliar os investimentos na cidade. \u201cS\u00e3o R$ 3 milh\u00f5es e 600 mil em premia\u00e7\u00f5es para quem paga o IPTU. \u00c9 isso mesmo, o IPTU premiado. Hoje, estamos fazendo a entrega dos primeiros pr\u00eamios, mas ainda tem muito mais at\u00e9 o fim do ano. S\u00e3o pr\u00eamios mensais de R$ 5 mil a R$ 40 mil e dois pr\u00eamios especiais de at\u00e9 R$ 300 mil. Continue pagando seu IPTU e quem sabe voc\u00ea n\u00e3o leva esse pr\u00eamio aqui?\u201d, declarou o prefeito.<br><br>O titular da Secretaria Municipal de Finan\u00e7as e Tecnologia da Informa\u00e7\u00e3o (Semef), Cl\u00e9cio Freire, celebrou o sucesso da retomada dos sorteios ap\u00f3s mais de duas d\u00e9cadas de inatividade. \u201cEsse processo estava adormecido havia mais de 25 anos. Hoje, ver esses sorrisos e essa emo\u00e7\u00e3o me mostra que valeu a pena resgatar essa ideia. \u00c9 gratificante ver o cidad\u00e3o acreditando na prefeitura e sendo recompensado por isso\u201d, afirmou.<br><br>J\u00e1 o subsecret\u00e1rio municipal da Receita, Arminio Pontes, destacou a evolu\u00e7\u00e3o do formato. \u201cCome\u00e7amos com ve\u00edculos, depois mudamos para pr\u00eamios em dinheiro por conta da praticidade. O sonho do secret\u00e1rio era premiar com R$ 1 milh\u00e3o e hoje conseguimos atender essa meta. O mais importante \u00e9 reconhecer o contribuinte que cumpre seu papel com responsabilidade\u201d, disse.<br><br>A campanha deste ano dobrou o valor do pr\u00eamio principal em rela\u00e7\u00e3o a 2024, de R$ 500 mil para R$ 1 milh\u00e3o, pago a uma contribuinte que quitou o imposto em cota \u00fanica.<br><br>Para preservar sua seguran\u00e7a e integridade, o nome da ganhadora n\u00e3o ser\u00e1 divulgado. Visivelmente emocionada, ela agradeceu pela oportunidade. \u201cNunca imaginei que pagando meu IPTU em dia eu pudesse mudar minha vida assim. Esse pr\u00eamio chegou em um momento muito dif\u00edcil e vai me dar a chance de recome\u00e7ar com dignidade. Sou muito grata \u00e0 Prefeitura por essa iniciativa\u201d, declarou.<br><br>Al\u00e9m do pr\u00eamio principal, outros nove contribuintes foram contemplados, com valores que v\u00e3o de R$ 30 mil a R$ 200 mil. Os nomes foram publicados na edi\u00e7\u00e3o n\u00ba 6.055 do Di\u00e1rio Oficial do Munic\u00edpio. Lan\u00e7ada em 2022, a campanha IPTU Premiado integra o Programa de Educa\u00e7\u00e3o Fiscal da Prefeitura de Manaus e tem como foco promover a cidadania fiscal e reconhecer os bons pagadores.<br><br>Desde que foi relan\u00e7ada, em 2021, a campanha IPTU Premiado tem contribu\u00eddo significativamente para a redu\u00e7\u00e3o da inadimpl\u00eancia em Manaus. O \u00edndice que, historicamente, ficava entre 48% e 50%, caiu para 40% em 2024. A arrecada\u00e7\u00e3o total do IPTU no ano passado chegou a cerca de R$ 490 milh\u00f5es, um aumento de 14% em rela\u00e7\u00e3o ao ano anterior.<br><br>Com onze sorteios previstos ao longo do ano, a campanha seguir\u00e1 at\u00e9 dezembro, com foco tanto na arrecada\u00e7\u00e3o quanto na valoriza\u00e7\u00e3o do bom contribuinte. \u201cA prefeitura n\u00e3o produz dinheiro. Ela depende do cidad\u00e3o que acredita na cidade e paga seus impostos. Essa \u00e9 a forma mais direta de praticar cidadania e construir uma Manaus melhor para todos\u201d, concluiu David Almeida.<\/p>\n\n\n\n<p><br>\u2014 \u2014 \u2014<br><strong>Texto &#8211; <\/strong>Emanuelle Baires\/Semcom<strong><br>Fotos &#8211; <\/strong>Dhyeizo Lemos\/Semcom<\/p>\n","protected":false},"excerpt":{"rendered":"","protected":false},"author":68,"featured_media":238761,"comment_status":"closed","ping_status":"closed","sticky":false,"template":"","format":"standard","meta":{"footnotes":""},"categories":[419],"tags":[35,14745,77],"acf":[],"yoast_head":"<!-- This site is optimized with the Yoast SEO plugin v23.0 - https:\/\/yoast.com\/wordpress\/plugins\/seo\/ -->\n<title>Prefeito David Almeida entrega primeiros pr\u00eamios do IPTU Premiado 2025 e refor\u00e7a valoriza\u00e7\u00e3o do contribuinte<\/title>\n<meta name=\"description\" content=\"\u201cEst\u00e1 vendo esse cheque aqui? Ele pode ser seu.\u201d Foi com entusiasmo e protagonismo que o prefeito de Manaus, David Almeida, conduziu a cerim\u00f4nia de entrega dos primeiros pr\u00eamios do IPTU Premiado 2025, realizada, nesta sexta-feira, 9\/5, na sede da prefeitura, no bairro Compensa, zona Oeste. Com uma premia\u00e7\u00e3o recorde de R$ 3,63 milh\u00f5es, a campanha incentiva o pagamento do imposto predial e valoriza os contribuintes adimplentes.\" \/>\n<meta name=\"robots\" content=\"index, follow, max-snippet:-1, max-image-preview:large, max-video-preview:-1\" \/>\n<link rel=\"canonical\" href=\"https:\/\/www.manaus.am.gov.br\/semcom\/entrega-iptu-premiado\/\" \/>\n<meta property=\"og:locale\" content=\"pt_BR\" \/>\n<meta property=\"og:type\" content=\"article\" \/>\n<meta property=\"og:title\" content=\"Prefeito David Almeida entrega primeiros pr\u00eamios do IPTU Premiado 2025 e refor\u00e7a valoriza\u00e7\u00e3o do contribuinte\" \/>\n<meta property=\"og:description\" content=\"\u201cEst\u00e1 vendo esse cheque aqui? Ele pode ser seu.\u201d Foi com entusiasmo e protagonismo que o prefeito de Manaus, David Almeida, conduziu a cerim\u00f4nia de entrega dos primeiros pr\u00eamios do IPTU Premiado 2025, realizada, nesta sexta-feira, 9\/5, na sede da prefeitura, no bairro Compensa, zona Oeste. Com uma premia\u00e7\u00e3o recorde de R$ 3,63 milh\u00f5es, a campanha incentiva o pagamento do imposto predial e valoriza os contribuintes adimplentes.\" \/>\n<meta property=\"og:url\" content=\"https:\/\/www.manaus.am.gov.br\/semcom\/entrega-iptu-premiado\/\" \/>\n<meta property=\"og:site_name\" content=\"SEMCOM\" \/>\n<meta property=\"article:published_time\" content=\"2025-05-09T21:31:09+00:00\" \/>\n<meta property=\"article:modified_time\" content=\"2025-05-09T21:31:11+00:00\" \/>\n<meta property=\"og:image\" content=\"https:\/\/www.manaus.am.gov.br\/semcom\/wp-content\/uploads\/sites\/5\/2025\/05\/54506857267_3b2381dd83_c.jpg\" \/>\n\t<meta property=\"og:image:width\" content=\"799\" \/>\n\t<meta property=\"og:image:height\" content=\"533\" \/>\n\t<meta property=\"og:image:type\" content=\"image\/jpeg\" \/>\n<meta name=\"author\" content=\"bvalente\" \/>\n<meta name=\"twitter:card\" content=\"summary_large_image\" \/>\n<meta name=\"twitter:label1\" content=\"Written by\" \/>\n\t<meta name=\"twitter:data1\" content=\"bvalente\" \/>\n\t<meta name=\"twitter:label2\" content=\"Est. reading time\" \/>\n\t<meta name=\"twitter:data2\" content=\"4 minutos\" \/>\n<script type=\"application\/ld+json\" class=\"yoast-schema-graph\">{\"@context\":\"https:\/\/schema.org\",\"@graph\":[{\"@type\":\"WebPage\",\"@id\":\"https:\/\/www.manaus.am.gov.br\/semcom\/entrega-iptu-premiado\/\",\"url\":\"https:\/\/www.manaus.am.gov.br\/semcom\/entrega-iptu-premiado\/\",\"name\":\"Prefeito David Almeida entrega primeiros pr\u00eamios do IPTU Premiado 2025 e refor\u00e7a valoriza\u00e7\u00e3o do contribuinte\",\"isPartOf\":{\"@id\":\"https:\/\/www.manaus.am.gov.br\/semcom\/#website\"},\"primaryImageOfPage\":{\"@id\":\"https:\/\/www.manaus.am.gov.br\/semcom\/entrega-iptu-premiado\/#primaryimage\"},\"image\":{\"@id\":\"https:\/\/www.manaus.am.gov.br\/semcom\/entrega-iptu-premiado\/#primaryimage\"},\"thumbnailUrl\":\"https:\/\/www.manaus.am.gov.br\/semcom\/wp-content\/uploads\/sites\/5\/2025\/05\/54506857267_3b2381dd83_c.jpg\",\"datePublished\":\"2025-05-09T21:31:09+00:00\",\"dateModified\":\"2025-05-09T21:31:11+00:00\",\"author\":{\"@id\":\"https:\/\/www.manaus.am.gov.br\/semcom\/#\/schema\/person\/466a0e03ae4b6062809046bd560ac955\"},\"description\":\"\u201cEst\u00e1 vendo esse cheque aqui? Ele pode ser seu.\u201d Foi com entusiasmo e protagonismo que o prefeito de Manaus, David Almeida, conduziu a cerim\u00f4nia de entrega dos primeiros pr\u00eamios do IPTU Premiado 2025, realizada, nesta sexta-feira, 9\/5, na sede da prefeitura, no bairro Compensa, zona Oeste. Com uma premia\u00e7\u00e3o recorde de R$ 3,63 milh\u00f5es, a campanha incentiva o pagamento do imposto predial e valoriza os contribuintes adimplentes.\",\"inLanguage\":\"pt-BR\",\"potentialAction\":[{\"@type\":\"ReadAction\",\"target\":[\"https:\/\/www.manaus.am.gov.br\/semcom\/entrega-iptu-premiado\/\"]}]},{\"@type\":\"ImageObject\",\"inLanguage\":\"pt-BR\",\"@id\":\"https:\/\/www.manaus.am.gov.br\/semcom\/entrega-iptu-premiado\/#primaryimage\",\"url\":\"https:\/\/www.manaus.am.gov.br\/semcom\/wp-content\/uploads\/sites\/5\/2025\/05\/54506857267_3b2381dd83_c.jpg\",\"contentUrl\":\"https:\/\/www.manaus.am.gov.br\/semcom\/wp-content\/uploads\/sites\/5\/2025\/05\/54506857267_3b2381dd83_c.jpg\",\"width\":799,\"height\":533},{\"@type\":\"WebSite\",\"@id\":\"https:\/\/www.manaus.am.gov.br\/semcom\/#website\",\"url\":\"https:\/\/www.manaus.am.gov.br\/semcom\/\",\"name\":\"SEMCOM\",\"description\":\"Secretaria Municipal de Comunica\u00e7\u00e3o\",\"potentialAction\":[{\"@type\":\"SearchAction\",\"target\":{\"@type\":\"EntryPoint\",\"urlTemplate\":\"https:\/\/www.manaus.am.gov.br\/semcom\/?s={search_term_string}\"},\"query-input\":\"required name=search_term_string\"}],\"inLanguage\":\"pt-BR\"},{\"@type\":\"Person\",\"@id\":\"https:\/\/www.manaus.am.gov.br\/semcom\/#\/schema\/person\/466a0e03ae4b6062809046bd560ac955\",\"name\":\"bvalente\",\"image\":{\"@type\":\"ImageObject\",\"inLanguage\":\"pt-BR\",\"@id\":\"https:\/\/www.manaus.am.gov.br\/semcom\/#\/schema\/person\/image\/\",\"url\":\"https:\/\/secure.gravatar.com\/avatar\/3e69bc2b014bdad41adfec3a39de07d2?s=96&d=mm&r=g\",\"contentUrl\":\"https:\/\/secure.gravatar.com\/avatar\/3e69bc2b014bdad41adfec3a39de07d2?s=96&d=mm&r=g\",\"caption\":\"bvalente\"}}]}<\/script>\n<!-- \/ Yoast SEO plugin. -->","yoast_head_json":{"title":"Prefeito David Almeida entrega primeiros pr\u00eamios do IPTU Premiado 2025 e refor\u00e7a valoriza\u00e7\u00e3o do contribuinte","description":"\u201cEst\u00e1 vendo esse cheque aqui? Ele pode ser seu.\u201d Foi com entusiasmo e protagonismo que o prefeito de Manaus, David Almeida, conduziu a cerim\u00f4nia de entrega dos primeiros pr\u00eamios do IPTU Premiado 2025, realizada, nesta sexta-feira, 9\/5, na sede da prefeitura, no bairro Compensa, zona Oeste. Com uma premia\u00e7\u00e3o recorde de R$ 3,63 milh\u00f5es, a campanha incentiva o pagamento do imposto predial e valoriza os contribuintes adimplentes.","robots":{"index":"index","follow":"follow","max-snippet":"max-snippet:-1","max-image-preview":"max-image-preview:large","max-video-preview":"max-video-preview:-1"},"canonical":"https:\/\/www.manaus.am.gov.br\/semcom\/entrega-iptu-premiado\/","og_locale":"pt_BR","og_type":"article","og_title":"Prefeito David Almeida entrega primeiros pr\u00eamios do IPTU Premiado 2025 e refor\u00e7a valoriza\u00e7\u00e3o do contribuinte","og_description":"\u201cEst\u00e1 vendo esse cheque aqui? Ele pode ser seu.\u201d Foi com entusiasmo e protagonismo que o prefeito de Manaus, David Almeida, conduziu a cerim\u00f4nia de entrega dos primeiros pr\u00eamios do IPTU Premiado 2025, realizada, nesta sexta-feira, 9\/5, na sede da prefeitura, no bairro Compensa, zona Oeste. Com uma premia\u00e7\u00e3o recorde de R$ 3,63 milh\u00f5es, a campanha incentiva o pagamento do imposto predial e valoriza os contribuintes adimplentes.","og_url":"https:\/\/www.manaus.am.gov.br\/semcom\/entrega-iptu-premiado\/","og_site_name":"SEMCOM","article_published_time":"2025-05-09T21:31:09+00:00","article_modified_time":"2025-05-09T21:31:11+00:00","og_image":[{"width":799,"height":533,"url":"https:\/\/www.manaus.am.gov.br\/semcom\/wp-content\/uploads\/sites\/5\/2025\/05\/54506857267_3b2381dd83_c.jpg","type":"image\/jpeg"}],"author":"bvalente","twitter_card":"summary_large_image","twitter_misc":{"Written by":"bvalente","Est. reading time":"4 minutos"},"schema":{"@context":"https:\/\/schema.org","@graph":[{"@type":"WebPage","@id":"https:\/\/www.manaus.am.gov.br\/semcom\/entrega-iptu-premiado\/","url":"https:\/\/www.manaus.am.gov.br\/semcom\/entrega-iptu-premiado\/","name":"Prefeito David Almeida entrega primeiros pr\u00eamios do IPTU Premiado 2025 e refor\u00e7a valoriza\u00e7\u00e3o do contribuinte","isPartOf":{"@id":"https:\/\/www.manaus.am.gov.br\/semcom\/#website"},"primaryImageOfPage":{"@id":"https:\/\/www.manaus.am.gov.br\/semcom\/entrega-iptu-premiado\/#primaryimage"},"image":{"@id":"https:\/\/www.manaus.am.gov.br\/semcom\/entrega-iptu-premiado\/#primaryimage"},"thumbnailUrl":"https:\/\/www.manaus.am.gov.br\/semcom\/wp-content\/uploads\/sites\/5\/2025\/05\/54506857267_3b2381dd83_c.jpg","datePublished":"2025-05-09T21:31:09+00:00","dateModified":"2025-05-09T21:31:11+00:00","author":{"@id":"https:\/\/www.manaus.am.gov.br\/semcom\/#\/schema\/person\/466a0e03ae4b6062809046bd560ac955"},"description":"\u201cEst\u00e1 vendo esse cheque aqui? Ele pode ser seu.\u201d Foi com entusiasmo e protagonismo que o prefeito de Manaus, David Almeida, conduziu a cerim\u00f4nia de entrega dos primeiros pr\u00eamios do IPTU Premiado 2025, realizada, nesta sexta-feira, 9\/5, na sede da prefeitura, no bairro Compensa, zona Oeste. Com uma premia\u00e7\u00e3o recorde de R$ 3,63 milh\u00f5es, a campanha incentiva o pagamento do imposto predial e valoriza os contribuintes adimplentes.","inLanguage":"pt-BR","potentialAction":[{"@type":"ReadAction","target":["https:\/\/www.manaus.am.gov.br\/semcom\/entrega-iptu-premiado\/"]}]},{"@type":"ImageObject","inLanguage":"pt-BR","@id":"https:\/\/www.manaus.am.gov.br\/semcom\/entrega-iptu-premiado\/#primaryimage","url":"https:\/\/www.manaus.am.gov.br\/semcom\/wp-content\/uploads\/sites\/5\/2025\/05\/54506857267_3b2381dd83_c.jpg","contentUrl":"https:\/\/www.manaus.am.gov.br\/semcom\/wp-content\/uploads\/sites\/5\/2025\/05\/54506857267_3b2381dd83_c.jpg","width":799,"height":533},{"@type":"WebSite","@id":"https:\/\/www.manaus.am.gov.br\/semcom\/#website","url":"https:\/\/www.manaus.am.gov.br\/semcom\/","name":"SEMCOM","description":"Secretaria Municipal de Comunica\u00e7\u00e3o","potentialAction":[{"@type":"SearchAction","target":{"@type":"EntryPoint","urlTemplate":"https:\/\/www.manaus.am.gov.br\/semcom\/?s={search_term_string}"},"query-input":"required name=search_term_string"}],"inLanguage":"pt-BR"},{"@type":"Person","@id":"https:\/\/www.manaus.am.gov.br\/semcom\/#\/schema\/person\/466a0e03ae4b6062809046bd560ac955","name":"bvalente","image":{"@type":"ImageObject","inLanguage":"pt-BR","@id":"https:\/\/www.manaus.am.gov.br\/semcom\/#\/schema\/person\/image\/","url":"https:\/\/secure.gravatar.com\/avatar\/3e69bc2b014bdad41adfec3a39de07d2?s=96&d=mm&r=g","contentUrl":"https:\/\/secure.gravatar.com\/avatar\/3e69bc2b014bdad41adfec3a39de07d2?s=96&d=mm&r=g","caption":"bvalente"}}]}},"_links":{"self":[{"href":"https:\/\/www.manaus.am.gov.br\/semcom\/wp-json\/wp\/v2\/posts\/238760"}],"collection":[{"href":"https:\/\/www.manaus.am.gov.br\/semcom\/wp-json\/wp\/v2\/posts"}],"about":[{"href":"https:\/\/www.manaus.am.gov.br\/semcom\/wp-json\/wp\/v2\/types\/post"}],"author":[{"embeddable":true,"href":"https:\/\/www.manaus.am.gov.br\/semcom\/wp-json\/wp\/v2\/users\/68"}],"replies":[{"embeddable":true,"href":"https:\/\/www.manaus.am.gov.br\/semcom\/wp-json\/wp\/v2\/comments?post=238760"}],"version-history":[{"count":0,"href":"https:\/\/www.manaus.am.gov.br\/semcom\/wp-json\/wp\/v2\/posts\/238760\/revisions"}],"wp:featuredmedia":[{"embeddable":true,"href":"https:\/\/www.manaus.am.gov.br\/semcom\/wp-json\/wp\/v2\/media\/238761"}],"wp:attachment":[{"href":"https:\/\/www.manaus.am.gov.br\/semcom\/wp-json\/wp\/v2\/media?parent=238760"}],"wp:term":[{"taxonomy":"category","embeddable":true,"href":"https:\/\/www.manaus.am.gov.br\/semcom\/wp-json\/wp\/v2\/categories?post=238760"},{"taxonomy":"post_tag","embeddable":true,"href":"https:\/\/www.manaus.am.gov.br\/semcom\/wp-json\/wp\/v2\/tags?post=238760"}],"curies":[{"name":"wp","href":"https:\/\/api.w.org\/{rel}","templated":true}]}}