{"id":238756,"date":"2025-05-09T18:10:51","date_gmt":"2025-05-09T21:10:51","guid":{"rendered":"https:\/\/www.manaus.am.gov.br\/semcom\/atualizacao-no-sistema-de-atendimento\/"},"modified":"2025-05-09T18:10:52","modified_gmt":"2025-05-09T21:10:52","slug":"atualizacao-no-sistema-de-atendimento","status":"publish","type":"post","link":"https:\/\/www.manaus.am.gov.br\/semcom\/atualizacao-no-sistema-de-atendimento\/","title":{"rendered":"Prefeitura de Manaus realiza atualiza\u00e7\u00e3o no sistema de atendimento m\u00f3vel para modernizar atua\u00e7\u00e3o da Defesa Civil"},"content":{"rendered":"\n<p><br>A Prefeitura de Manaus, por meio do Centro de Coopera\u00e7\u00e3o da Cidade (CCC), iniciou, nesta sexta-feira, 9\/5, os testes de atualiza\u00e7\u00e3o tecnol\u00f3gica na ferramenta Mobile, uma extens\u00e3o do sistema de atendimento e despacho do CCC, que agora permite o registro de abertura e encerramento de ocorr\u00eancias diretamente no local, de forma on-line e integrada.<br><br>Com essa moderniza\u00e7\u00e3o, as equipes da Defesa Civil passam a ter mais mobilidade e agilidade no atendimento. O sistema est\u00e1 sendo operado em dispositivo m\u00f3vel, possibilitando que os agentes coletem dados das fam\u00edlias afetadas, registrem imagens, detalhes t\u00e9cnicos e concluam o atendimento sem a necessidade de retornar \u00e0 sede para alimentar o sistema. Tudo \u00e9 sincronizado em tempo real com a central do CCC.<br><br>A iniciativa representa um avan\u00e7o significativo no fluxo de resposta a desastres e situa\u00e7\u00f5es de risco. Antes, as informa\u00e7\u00f5es das ocorr\u00eancias eram encaminhadas para a central, para s\u00f3 depois serem repassadas \u00e0s equipes de campo. Agora, com o uso do Mobile, esse processo se torna mais \u00e1gil, preciso e eficaz.<br><br>Segundo o superintendente do Centro de Coopera\u00e7\u00e3o da Cidade, Sandro Diz, a ferramenta vai otimizar ainda mais a atua\u00e7\u00e3o da Defesa Civil.<br><br>\u201cEstamos testando hoje uma atualiza\u00e7\u00e3o que vai permitir \u00e0 Defesa Civil atuar de forma ainda mais \u00e1gil e eficiente. Com o novo sistema, o agente j\u00e1 registra todas as informa\u00e7\u00f5es diretamente no local da ocorr\u00eancia, o que agiliza a resposta e melhora a qualidade dos dados. \u00c9 mais uma inova\u00e7\u00e3o que refor\u00e7a o compromisso da Prefeitura de Manaus com a prote\u00e7\u00e3o da nossa popula\u00e7\u00e3o, principalmente nas situa\u00e7\u00f5es mais cr\u00edticas\u201d, destacou.<br><br><strong>Atendimento<\/strong><br><br>Durante o dia, as equipes da Defesa Civil, realizam testes pr\u00e1ticos incluindo ocorr\u00eancias reais, como a da moradora Soraya Cunha Paiva, 57 anos, residente do bairro Cidade Nova, zona norte. Ela entrou em contato com a Defesa Civil na quinta-feira, 8, para relatar uma infiltra\u00e7\u00e3o grave em sua resid\u00eancia, com risco de desabamento. Em menos de 24 horas, a equipe t\u00e9cnica esteve no local para prestar atendimento.<br><br>A moradora ficou surpresa com a rapidez no atendimento e fez quest\u00e3o de agradecer. \u201cFiz a liga\u00e7\u00e3o ontem e hoje j\u00e1 fui atendida. Agrade\u00e7o a agilidade, a rapidez com que a Defesa Civil agiu. Em menos de 24 horas, j\u00e1 estavam na minha casa avaliando a situa\u00e7\u00e3o. Me senti acolhida e segura com a resposta imediata\u201d.<\/p>\n\n\n\n<p>\u2014 \u2014 \u2014<br><strong>Texto &#8211;<\/strong> F\u00e1bia Lima \/CCC<br><strong>Fotos &#8211;&nbsp; <\/strong>Divulga\u00e7\u00e3o \/CCC<\/p>\n","protected":false},"excerpt":{"rendered":"","protected":false},"author":68,"featured_media":238757,"comment_status":"closed","ping_status":"closed","sticky":false,"template":"","format":"standard","meta":{"footnotes":""},"categories":[5901],"tags":[14744,146,77],"acf":[],"yoast_head":"<!-- This site is optimized with the Yoast SEO plugin v23.0 - https:\/\/yoast.com\/wordpress\/plugins\/seo\/ -->\n<title>Prefeitura de Manaus realiza atualiza\u00e7\u00e3o no sistema de atendimento m\u00f3vel para modernizar atua\u00e7\u00e3o da Defesa Civil<\/title>\n<meta name=\"description\" content=\"A Prefeitura de Manaus, por meio do Centro de Coopera\u00e7\u00e3o da Cidade (CCC), iniciou, nesta sexta-feira, 9\/5, os testes de atualiza\u00e7\u00e3o tecnol\u00f3gica na ferramenta Mobile, uma extens\u00e3o do sistema de atendimento e despacho do CCC, que agora permite o registro de abertura e encerramento de ocorr\u00eancias diretamente no local, de forma on-line e integrada.\" \/>\n<meta name=\"robots\" content=\"index, follow, max-snippet:-1, max-image-preview:large, max-video-preview:-1\" \/>\n<link rel=\"canonical\" href=\"https:\/\/www.manaus.am.gov.br\/semcom\/atualizacao-no-sistema-de-atendimento\/\" \/>\n<meta property=\"og:locale\" content=\"pt_BR\" \/>\n<meta property=\"og:type\" content=\"article\" \/>\n<meta property=\"og:title\" content=\"Prefeitura de Manaus realiza atualiza\u00e7\u00e3o no sistema de atendimento m\u00f3vel para modernizar atua\u00e7\u00e3o da Defesa Civil\" \/>\n<meta property=\"og:description\" content=\"A Prefeitura de Manaus, por meio do Centro de Coopera\u00e7\u00e3o da Cidade (CCC), iniciou, nesta sexta-feira, 9\/5, os testes de atualiza\u00e7\u00e3o tecnol\u00f3gica na ferramenta Mobile, uma extens\u00e3o do sistema de atendimento e despacho do CCC, que agora permite o registro de abertura e encerramento de ocorr\u00eancias diretamente no local, de forma on-line e integrada.\" \/>\n<meta property=\"og:url\" content=\"https:\/\/www.manaus.am.gov.br\/semcom\/atualizacao-no-sistema-de-atendimento\/\" \/>\n<meta property=\"og:site_name\" content=\"SEMCOM\" \/>\n<meta property=\"article:published_time\" content=\"2025-05-09T21:10:51+00:00\" \/>\n<meta property=\"article:modified_time\" content=\"2025-05-09T21:10:52+00:00\" \/>\n<meta property=\"og:image\" content=\"https:\/\/www.manaus.am.gov.br\/semcom\/wp-content\/uploads\/sites\/5\/2025\/05\/IMG_4542.jpeg\" \/>\n\t<meta property=\"og:image:width\" content=\"4032\" \/>\n\t<meta property=\"og:image:height\" content=\"2268\" \/>\n\t<meta property=\"og:image:type\" content=\"image\/jpeg\" \/>\n<meta name=\"author\" content=\"bvalente\" \/>\n<meta name=\"twitter:card\" content=\"summary_large_image\" \/>\n<meta name=\"twitter:label1\" content=\"Written by\" \/>\n\t<meta name=\"twitter:data1\" content=\"bvalente\" \/>\n\t<meta name=\"twitter:label2\" content=\"Est. reading time\" \/>\n\t<meta name=\"twitter:data2\" content=\"3 minutos\" \/>\n<script type=\"application\/ld+json\" class=\"yoast-schema-graph\">{\"@context\":\"https:\/\/schema.org\",\"@graph\":[{\"@type\":\"WebPage\",\"@id\":\"https:\/\/www.manaus.am.gov.br\/semcom\/atualizacao-no-sistema-de-atendimento\/\",\"url\":\"https:\/\/www.manaus.am.gov.br\/semcom\/atualizacao-no-sistema-de-atendimento\/\",\"name\":\"Prefeitura de Manaus realiza atualiza\u00e7\u00e3o no sistema de atendimento m\u00f3vel para modernizar atua\u00e7\u00e3o da Defesa Civil\",\"isPartOf\":{\"@id\":\"https:\/\/www.manaus.am.gov.br\/semcom\/#website\"},\"primaryImageOfPage\":{\"@id\":\"https:\/\/www.manaus.am.gov.br\/semcom\/atualizacao-no-sistema-de-atendimento\/#primaryimage\"},\"image\":{\"@id\":\"https:\/\/www.manaus.am.gov.br\/semcom\/atualizacao-no-sistema-de-atendimento\/#primaryimage\"},\"thumbnailUrl\":\"https:\/\/www.manaus.am.gov.br\/semcom\/wp-content\/uploads\/sites\/5\/2025\/05\/IMG_4542.jpeg\",\"datePublished\":\"2025-05-09T21:10:51+00:00\",\"dateModified\":\"2025-05-09T21:10:52+00:00\",\"author\":{\"@id\":\"https:\/\/www.manaus.am.gov.br\/semcom\/#\/schema\/person\/466a0e03ae4b6062809046bd560ac955\"},\"description\":\"A Prefeitura de Manaus, por meio do Centro de Coopera\u00e7\u00e3o da Cidade (CCC), iniciou, nesta sexta-feira, 9\/5, os testes de atualiza\u00e7\u00e3o tecnol\u00f3gica na ferramenta Mobile, uma extens\u00e3o do sistema de atendimento e despacho do CCC, que agora permite o registro de abertura e encerramento de ocorr\u00eancias diretamente no local, de forma on-line e integrada.\",\"inLanguage\":\"pt-BR\",\"potentialAction\":[{\"@type\":\"ReadAction\",\"target\":[\"https:\/\/www.manaus.am.gov.br\/semcom\/atualizacao-no-sistema-de-atendimento\/\"]}]},{\"@type\":\"ImageObject\",\"inLanguage\":\"pt-BR\",\"@id\":\"https:\/\/www.manaus.am.gov.br\/semcom\/atualizacao-no-sistema-de-atendimento\/#primaryimage\",\"url\":\"https:\/\/www.manaus.am.gov.br\/semcom\/wp-content\/uploads\/sites\/5\/2025\/05\/IMG_4542.jpeg\",\"contentUrl\":\"https:\/\/www.manaus.am.gov.br\/semcom\/wp-content\/uploads\/sites\/5\/2025\/05\/IMG_4542.jpeg\",\"width\":4032,\"height\":2268},{\"@type\":\"WebSite\",\"@id\":\"https:\/\/www.manaus.am.gov.br\/semcom\/#website\",\"url\":\"https:\/\/www.manaus.am.gov.br\/semcom\/\",\"name\":\"SEMCOM\",\"description\":\"Secretaria Municipal de Comunica\u00e7\u00e3o\",\"potentialAction\":[{\"@type\":\"SearchAction\",\"target\":{\"@type\":\"EntryPoint\",\"urlTemplate\":\"https:\/\/www.manaus.am.gov.br\/semcom\/?s={search_term_string}\"},\"query-input\":\"required name=search_term_string\"}],\"inLanguage\":\"pt-BR\"},{\"@type\":\"Person\",\"@id\":\"https:\/\/www.manaus.am.gov.br\/semcom\/#\/schema\/person\/466a0e03ae4b6062809046bd560ac955\",\"name\":\"bvalente\",\"image\":{\"@type\":\"ImageObject\",\"inLanguage\":\"pt-BR\",\"@id\":\"https:\/\/www.manaus.am.gov.br\/semcom\/#\/schema\/person\/image\/\",\"url\":\"https:\/\/secure.gravatar.com\/avatar\/3e69bc2b014bdad41adfec3a39de07d2?s=96&d=mm&r=g\",\"contentUrl\":\"https:\/\/secure.gravatar.com\/avatar\/3e69bc2b014bdad41adfec3a39de07d2?s=96&d=mm&r=g\",\"caption\":\"bvalente\"}}]}<\/script>\n<!-- \/ Yoast SEO plugin. -->","yoast_head_json":{"title":"Prefeitura de Manaus realiza atualiza\u00e7\u00e3o no sistema de atendimento m\u00f3vel para modernizar atua\u00e7\u00e3o da Defesa Civil","description":"A Prefeitura de Manaus, por meio do Centro de Coopera\u00e7\u00e3o da Cidade (CCC), iniciou, nesta sexta-feira, 9\/5, os testes de atualiza\u00e7\u00e3o tecnol\u00f3gica na ferramenta Mobile, uma extens\u00e3o do sistema de atendimento e despacho do CCC, que agora permite o registro de abertura e encerramento de ocorr\u00eancias diretamente no local, de forma on-line e integrada.","robots":{"index":"index","follow":"follow","max-snippet":"max-snippet:-1","max-image-preview":"max-image-preview:large","max-video-preview":"max-video-preview:-1"},"canonical":"https:\/\/www.manaus.am.gov.br\/semcom\/atualizacao-no-sistema-de-atendimento\/","og_locale":"pt_BR","og_type":"article","og_title":"Prefeitura de Manaus realiza atualiza\u00e7\u00e3o no sistema de atendimento m\u00f3vel para modernizar atua\u00e7\u00e3o da Defesa Civil","og_description":"A Prefeitura de Manaus, por meio do Centro de Coopera\u00e7\u00e3o da Cidade (CCC), iniciou, nesta sexta-feira, 9\/5, os testes de atualiza\u00e7\u00e3o tecnol\u00f3gica na ferramenta Mobile, uma extens\u00e3o do sistema de atendimento e despacho do CCC, que agora permite o registro de abertura e encerramento de ocorr\u00eancias diretamente no local, de forma on-line e integrada.","og_url":"https:\/\/www.manaus.am.gov.br\/semcom\/atualizacao-no-sistema-de-atendimento\/","og_site_name":"SEMCOM","article_published_time":"2025-05-09T21:10:51+00:00","article_modified_time":"2025-05-09T21:10:52+00:00","og_image":[{"width":4032,"height":2268,"url":"https:\/\/www.manaus.am.gov.br\/semcom\/wp-content\/uploads\/sites\/5\/2025\/05\/IMG_4542.jpeg","type":"image\/jpeg"}],"author":"bvalente","twitter_card":"summary_large_image","twitter_misc":{"Written by":"bvalente","Est. reading time":"3 minutos"},"schema":{"@context":"https:\/\/schema.org","@graph":[{"@type":"WebPage","@id":"https:\/\/www.manaus.am.gov.br\/semcom\/atualizacao-no-sistema-de-atendimento\/","url":"https:\/\/www.manaus.am.gov.br\/semcom\/atualizacao-no-sistema-de-atendimento\/","name":"Prefeitura de Manaus realiza atualiza\u00e7\u00e3o no sistema de atendimento m\u00f3vel para modernizar atua\u00e7\u00e3o da Defesa Civil","isPartOf":{"@id":"https:\/\/www.manaus.am.gov.br\/semcom\/#website"},"primaryImageOfPage":{"@id":"https:\/\/www.manaus.am.gov.br\/semcom\/atualizacao-no-sistema-de-atendimento\/#primaryimage"},"image":{"@id":"https:\/\/www.manaus.am.gov.br\/semcom\/atualizacao-no-sistema-de-atendimento\/#primaryimage"},"thumbnailUrl":"https:\/\/www.manaus.am.gov.br\/semcom\/wp-content\/uploads\/sites\/5\/2025\/05\/IMG_4542.jpeg","datePublished":"2025-05-09T21:10:51+00:00","dateModified":"2025-05-09T21:10:52+00:00","author":{"@id":"https:\/\/www.manaus.am.gov.br\/semcom\/#\/schema\/person\/466a0e03ae4b6062809046bd560ac955"},"description":"A Prefeitura de Manaus, por meio do Centro de Coopera\u00e7\u00e3o da Cidade (CCC), iniciou, nesta sexta-feira, 9\/5, os testes de atualiza\u00e7\u00e3o tecnol\u00f3gica na ferramenta Mobile, uma extens\u00e3o do sistema de atendimento e despacho do CCC, que agora permite o registro de abertura e encerramento de ocorr\u00eancias diretamente no local, de forma on-line e integrada.","inLanguage":"pt-BR","potentialAction":[{"@type":"ReadAction","target":["https:\/\/www.manaus.am.gov.br\/semcom\/atualizacao-no-sistema-de-atendimento\/"]}]},{"@type":"ImageObject","inLanguage":"pt-BR","@id":"https:\/\/www.manaus.am.gov.br\/semcom\/atualizacao-no-sistema-de-atendimento\/#primaryimage","url":"https:\/\/www.manaus.am.gov.br\/semcom\/wp-content\/uploads\/sites\/5\/2025\/05\/IMG_4542.jpeg","contentUrl":"https:\/\/www.manaus.am.gov.br\/semcom\/wp-content\/uploads\/sites\/5\/2025\/05\/IMG_4542.jpeg","width":4032,"height":2268},{"@type":"WebSite","@id":"https:\/\/www.manaus.am.gov.br\/semcom\/#website","url":"https:\/\/www.manaus.am.gov.br\/semcom\/","name":"SEMCOM","description":"Secretaria Municipal de Comunica\u00e7\u00e3o","potentialAction":[{"@type":"SearchAction","target":{"@type":"EntryPoint","urlTemplate":"https:\/\/www.manaus.am.gov.br\/semcom\/?s={search_term_string}"},"query-input":"required name=search_term_string"}],"inLanguage":"pt-BR"},{"@type":"Person","@id":"https:\/\/www.manaus.am.gov.br\/semcom\/#\/schema\/person\/466a0e03ae4b6062809046bd560ac955","name":"bvalente","image":{"@type":"ImageObject","inLanguage":"pt-BR","@id":"https:\/\/www.manaus.am.gov.br\/semcom\/#\/schema\/person\/image\/","url":"https:\/\/secure.gravatar.com\/avatar\/3e69bc2b014bdad41adfec3a39de07d2?s=96&d=mm&r=g","contentUrl":"https:\/\/secure.gravatar.com\/avatar\/3e69bc2b014bdad41adfec3a39de07d2?s=96&d=mm&r=g","caption":"bvalente"}}]}},"_links":{"self":[{"href":"https:\/\/www.manaus.am.gov.br\/semcom\/wp-json\/wp\/v2\/posts\/238756"}],"collection":[{"href":"https:\/\/www.manaus.am.gov.br\/semcom\/wp-json\/wp\/v2\/posts"}],"about":[{"href":"https:\/\/www.manaus.am.gov.br\/semcom\/wp-json\/wp\/v2\/types\/post"}],"author":[{"embeddable":true,"href":"https:\/\/www.manaus.am.gov.br\/semcom\/wp-json\/wp\/v2\/users\/68"}],"replies":[{"embeddable":true,"href":"https:\/\/www.manaus.am.gov.br\/semcom\/wp-json\/wp\/v2\/comments?post=238756"}],"version-history":[{"count":0,"href":"https:\/\/www.manaus.am.gov.br\/semcom\/wp-json\/wp\/v2\/posts\/238756\/revisions"}],"wp:featuredmedia":[{"embeddable":true,"href":"https:\/\/www.manaus.am.gov.br\/semcom\/wp-json\/wp\/v2\/media\/238757"}],"wp:attachment":[{"href":"https:\/\/www.manaus.am.gov.br\/semcom\/wp-json\/wp\/v2\/media?parent=238756"}],"wp:term":[{"taxonomy":"category","embeddable":true,"href":"https:\/\/www.manaus.am.gov.br\/semcom\/wp-json\/wp\/v2\/categories?post=238756"},{"taxonomy":"post_tag","embeddable":true,"href":"https:\/\/www.manaus.am.gov.br\/semcom\/wp-json\/wp\/v2\/tags?post=238756"}],"curies":[{"name":"wp","href":"https:\/\/api.w.org\/{rel}","templated":true}]}}