{"id":238748,"date":"2025-05-09T16:51:49","date_gmt":"2025-05-09T19:51:49","guid":{"rendered":"https:\/\/www.manaus.am.gov.br\/semcom\/logistica-cemiterios-manaus\/"},"modified":"2025-05-09T16:51:50","modified_gmt":"2025-05-09T19:51:50","slug":"logistica-cemiterios-manaus","status":"publish","type":"post","link":"https:\/\/www.manaus.am.gov.br\/semcom\/logistica-cemiterios-manaus\/","title":{"rendered":"Cemit\u00e9rios de Manaus ter\u00e3o estrutura especial para receber milhares de visitantes no Dia das M\u00e3es"},"content":{"rendered":"\n<p><br>A Prefeitura de Manaus, por meio da Secretaria Municipal de Limpeza Urbana (Semulsp), preparou uma ampla programa\u00e7\u00e3o para receber os visitantes nos 10 cemit\u00e9rios p\u00fablicos da capital, neste domingo, 11\/5, quando \u00e9 celebrado o Dia das M\u00e3es \u2014 a segunda data de maior visita\u00e7\u00e3o anual aos campos-santos da cidade, ficando atr\u00e1s apenas do Dia de Finados.<br><br>As a\u00e7\u00f5es organizadas abrangem tanto a \u00e1rea urbana quanto a zona rural da cidade, com servi\u00e7os de limpeza, manuten\u00e7\u00e3o, seguran\u00e7a, apoio m\u00e9dico e celebra\u00e7\u00f5es religiosas ao longo do dia. O objetivo \u00e9 proporcionar conforto e acolhimento \u00e0s fam\u00edlias que prestar\u00e3o homenagens a suas m\u00e3es j\u00e1 falecidas.<br><br>O titular da Semulsp, Sab\u00e1 Reis, destaca o empenho da equipe e o compromisso da gest\u00e3o municipal com o bem-estar da popula\u00e7\u00e3o.<br><br>\u201cO prefeito David Almeida determinou que todos os cemit\u00e9rios, tanto na zona urbana quanto na zona rural, estivessem prontos para acolher com dignidade as fam\u00edlias. Investimos na limpeza, seguran\u00e7a, estrutura e atendimento humanizado. Essas a\u00e7\u00f5es refletem o respeito com que tratamos a mem\u00f3ria dos que partiram e o cuidado com os que ficam\u201d, afirmou Sab\u00e1.<br><br><strong>Programa\u00e7\u00e3o<\/strong><br><br>No maior cemit\u00e9rio p\u00fablico da capital, o Nossa Senhora Aparecida, situado na avenida do Turismo, zona Oeste, ser\u00e3o realizadas duas missas cat\u00f3licas, \u00e0s 8h e \u00e0s 16h, conduzidas pelo p\u00e1roco do bairro Alvorada, como j\u00e1 \u00e9 tradi\u00e7\u00e3o. A comunidade evang\u00e9lica tamb\u00e9m estar\u00e1 presente com grupos de ora\u00e7\u00e3o, distribui\u00e7\u00e3o de panfletos e \u00e1gua mineral.<br><br>Os demais cemit\u00e9rios da \u00e1rea urbana tamb\u00e9m ter\u00e3o programa\u00e7\u00f5es religiosas. No S\u00e3o Jo\u00e3o Batista, as missas ser\u00e3o \u00e0s 8h e \u00e0s 9h30, e o local contar\u00e1 com uma atra\u00e7\u00e3o especial: o m\u00fasico e gari Cl\u00f3vis Santos, que apresentar\u00e1 m\u00fasicas gospel e outros ritmos suaves e apropriados ao clima de saudade e reflex\u00e3o que marca o Dia das M\u00e3es.<br><br>No Santa Helena, no bairro S\u00e3o Raimundo, haver\u00e1 missas \u00e0s 8h e \u00e0s 16h. No S\u00e3o Francisco, no bairro Morro da Liberdade, a programa\u00e7\u00e3o inclui cinco missas ao longo do dia: 6h, 7h, 9h, 11h e 17h. J\u00e1 no Santo Alberto, na Col\u00f4nia Ant\u00f4nio Aleixo, haver\u00e1 uma missa \u00e0s 9h. No cemit\u00e9rio Piedade, no bairro Novo Israel, a programa\u00e7\u00e3o conta com culto evang\u00e9lico \u00e0s 8h e missa cat\u00f3lica \u00e0s 9h.<br><br>A zona rural de Manaus tamb\u00e9m recebeu aten\u00e7\u00e3o especial da prefeitura. Os cemit\u00e9rios Santa Joana (Puraquequara), S\u00e3o Jos\u00e9 (Jatuarana), Nossa Senhora do Carmo e Nossa Senhora da Concei\u00e7\u00e3o (Lajes) foram contemplados com a\u00e7\u00f5es de limpeza, pintura, ilumina\u00e7\u00e3o e apoio log\u00edstico. Os cemit\u00e9rios contam com equipes fixas, coveiros capacitados e at\u00e9 transporte fluvial para urnas funer\u00e1rias, promovendo dignidade e respeito nos momentos de dor.<br><br><strong>Estrutura<\/strong><br><br>Para garantir o bem-estar da popula\u00e7\u00e3o, a estrutura inclui tendas para abrigo do sol e da chuva, cadeiras para acomoda\u00e7\u00e3o, banheiros qu\u00edmicos em pontos estrat\u00e9gicos e suporte de emerg\u00eancia com a presen\u00e7a do Servi\u00e7o de Atendimento M\u00f3vel de Urg\u00eancia (Samu), Corpo de Bombeiros, Pol\u00edcia Militar, Guarda Civil Metropolitana e agentes do Instituto Municipal de Mobilidade Urbana (IMMU), que ir\u00e3o organizar o fluxo de tr\u00e2nsito nas proximidades.<br><br>A entrada de ve\u00edculos ser\u00e1 restrita. S\u00f3 ser\u00e1 permitida para idosos, gestantes, Pessoas com Defici\u00eancia (PcDs) e para os cortejos funer\u00e1rios. Os port\u00f5es estar\u00e3o abertos das 6h \u00e0s 18h. No entanto, quem estiver dentro do cemit\u00e9rio poder\u00e1 permanecer at\u00e9 a \u00faltima visita ser conclu\u00edda. Equipes de servidores da Semulsp estar\u00e3o de plant\u00e3o para orientar o p\u00fablico e manter a ordem no local. Gar\u00eds dar\u00e3o suporte cont\u00ednuo durante o dia, e \u00e0 noite, uma nova equipe entra em a\u00e7\u00e3o para deixar o espa\u00e7o limpo e organizado para a segunda-feira.<\/p>\n\n\n\n<p><br>\u2014 \u2014 \u2014<br><strong>Texto &#8211; <\/strong>Dora Tupinamb\u00e1 \/Semulsp<br><strong>Fotos &#8211;<\/strong> Assessoria\/Semulsp<\/p>\n","protected":false},"excerpt":{"rendered":"","protected":false},"author":68,"featured_media":238749,"comment_status":"closed","ping_status":"closed","sticky":false,"template":"","format":"standard","meta":{"footnotes":""},"categories":[1785],"tags":[14741,77,12460],"acf":[],"yoast_head":"<!-- This site is optimized with the Yoast SEO plugin v23.0 - https:\/\/yoast.com\/wordpress\/plugins\/seo\/ -->\n<title>Cemit\u00e9rios de Manaus ter\u00e3o estrutura especial para receber milhares de visitantes no Dia das M\u00e3es<\/title>\n<meta name=\"description\" content=\"A Prefeitura de Manaus, por meio da Secretaria Municipal de Limpeza Urbana (Semulsp), preparou uma ampla programa\u00e7\u00e3o para receber os visitantes nos 10 cemit\u00e9rios p\u00fablicos da capital, neste domingo, 11\/5, quando \u00e9 celebrado o Dia das M\u00e3es \u2014 a segunda data de maior visita\u00e7\u00e3o anual aos campos-santos da cidade, ficando atr\u00e1s apenas do Dia de Finados.\" \/>\n<meta name=\"robots\" content=\"index, follow, max-snippet:-1, max-image-preview:large, max-video-preview:-1\" \/>\n<link rel=\"canonical\" href=\"https:\/\/www.manaus.am.gov.br\/semcom\/logistica-cemiterios-manaus\/\" \/>\n<meta property=\"og:locale\" content=\"pt_BR\" \/>\n<meta property=\"og:type\" content=\"article\" \/>\n<meta property=\"og:title\" content=\"Cemit\u00e9rios de Manaus ter\u00e3o estrutura especial para receber milhares de visitantes no Dia das M\u00e3es\" \/>\n<meta property=\"og:description\" content=\"A Prefeitura de Manaus, por meio da Secretaria Municipal de Limpeza Urbana (Semulsp), preparou uma ampla programa\u00e7\u00e3o para receber os visitantes nos 10 cemit\u00e9rios p\u00fablicos da capital, neste domingo, 11\/5, quando \u00e9 celebrado o Dia das M\u00e3es \u2014 a segunda data de maior visita\u00e7\u00e3o anual aos campos-santos da cidade, ficando atr\u00e1s apenas do Dia de Finados.\" \/>\n<meta property=\"og:url\" content=\"https:\/\/www.manaus.am.gov.br\/semcom\/logistica-cemiterios-manaus\/\" \/>\n<meta property=\"og:site_name\" content=\"SEMCOM\" \/>\n<meta property=\"article:published_time\" content=\"2025-05-09T19:51:49+00:00\" \/>\n<meta property=\"article:modified_time\" content=\"2025-05-09T19:51:50+00:00\" \/>\n<meta property=\"og:image\" content=\"https:\/\/www.manaus.am.gov.br\/semcom\/wp-content\/uploads\/sites\/5\/2025\/05\/Cemiterios-de-Manaus-terao-estrutura-especial-para-receber-milhares-de-visitantes-no-Dia-das-Maes-2-2.jpeg\" \/>\n\t<meta property=\"og:image:width\" content=\"1599\" \/>\n\t<meta property=\"og:image:height\" content=\"899\" \/>\n\t<meta property=\"og:image:type\" content=\"image\/jpeg\" \/>\n<meta name=\"author\" content=\"bvalente\" \/>\n<meta name=\"twitter:card\" content=\"summary_large_image\" \/>\n<meta name=\"twitter:label1\" content=\"Written by\" \/>\n\t<meta name=\"twitter:data1\" content=\"bvalente\" \/>\n\t<meta name=\"twitter:label2\" content=\"Est. reading time\" \/>\n\t<meta name=\"twitter:data2\" content=\"4 minutos\" \/>\n<script type=\"application\/ld+json\" class=\"yoast-schema-graph\">{\"@context\":\"https:\/\/schema.org\",\"@graph\":[{\"@type\":\"WebPage\",\"@id\":\"https:\/\/www.manaus.am.gov.br\/semcom\/logistica-cemiterios-manaus\/\",\"url\":\"https:\/\/www.manaus.am.gov.br\/semcom\/logistica-cemiterios-manaus\/\",\"name\":\"Cemit\u00e9rios de Manaus ter\u00e3o estrutura especial para receber milhares de visitantes no Dia das M\u00e3es\",\"isPartOf\":{\"@id\":\"https:\/\/www.manaus.am.gov.br\/semcom\/#website\"},\"primaryImageOfPage\":{\"@id\":\"https:\/\/www.manaus.am.gov.br\/semcom\/logistica-cemiterios-manaus\/#primaryimage\"},\"image\":{\"@id\":\"https:\/\/www.manaus.am.gov.br\/semcom\/logistica-cemiterios-manaus\/#primaryimage\"},\"thumbnailUrl\":\"https:\/\/www.manaus.am.gov.br\/semcom\/wp-content\/uploads\/sites\/5\/2025\/05\/Cemiterios-de-Manaus-terao-estrutura-especial-para-receber-milhares-de-visitantes-no-Dia-das-Maes-2-2.jpeg\",\"datePublished\":\"2025-05-09T19:51:49+00:00\",\"dateModified\":\"2025-05-09T19:51:50+00:00\",\"author\":{\"@id\":\"https:\/\/www.manaus.am.gov.br\/semcom\/#\/schema\/person\/466a0e03ae4b6062809046bd560ac955\"},\"description\":\"A Prefeitura de Manaus, por meio da Secretaria Municipal de Limpeza Urbana (Semulsp), preparou uma ampla programa\u00e7\u00e3o para receber os visitantes nos 10 cemit\u00e9rios p\u00fablicos da capital, neste domingo, 11\/5, quando \u00e9 celebrado o Dia das M\u00e3es \u2014 a segunda data de maior visita\u00e7\u00e3o anual aos campos-santos da cidade, ficando atr\u00e1s apenas do Dia de Finados.\",\"inLanguage\":\"pt-BR\",\"potentialAction\":[{\"@type\":\"ReadAction\",\"target\":[\"https:\/\/www.manaus.am.gov.br\/semcom\/logistica-cemiterios-manaus\/\"]}]},{\"@type\":\"ImageObject\",\"inLanguage\":\"pt-BR\",\"@id\":\"https:\/\/www.manaus.am.gov.br\/semcom\/logistica-cemiterios-manaus\/#primaryimage\",\"url\":\"https:\/\/www.manaus.am.gov.br\/semcom\/wp-content\/uploads\/sites\/5\/2025\/05\/Cemiterios-de-Manaus-terao-estrutura-especial-para-receber-milhares-de-visitantes-no-Dia-das-Maes-2-2.jpeg\",\"contentUrl\":\"https:\/\/www.manaus.am.gov.br\/semcom\/wp-content\/uploads\/sites\/5\/2025\/05\/Cemiterios-de-Manaus-terao-estrutura-especial-para-receber-milhares-de-visitantes-no-Dia-das-Maes-2-2.jpeg\",\"width\":1599,\"height\":899},{\"@type\":\"WebSite\",\"@id\":\"https:\/\/www.manaus.am.gov.br\/semcom\/#website\",\"url\":\"https:\/\/www.manaus.am.gov.br\/semcom\/\",\"name\":\"SEMCOM\",\"description\":\"Secretaria Municipal de Comunica\u00e7\u00e3o\",\"potentialAction\":[{\"@type\":\"SearchAction\",\"target\":{\"@type\":\"EntryPoint\",\"urlTemplate\":\"https:\/\/www.manaus.am.gov.br\/semcom\/?s={search_term_string}\"},\"query-input\":\"required name=search_term_string\"}],\"inLanguage\":\"pt-BR\"},{\"@type\":\"Person\",\"@id\":\"https:\/\/www.manaus.am.gov.br\/semcom\/#\/schema\/person\/466a0e03ae4b6062809046bd560ac955\",\"name\":\"bvalente\",\"image\":{\"@type\":\"ImageObject\",\"inLanguage\":\"pt-BR\",\"@id\":\"https:\/\/www.manaus.am.gov.br\/semcom\/#\/schema\/person\/image\/\",\"url\":\"https:\/\/secure.gravatar.com\/avatar\/3e69bc2b014bdad41adfec3a39de07d2?s=96&d=mm&r=g\",\"contentUrl\":\"https:\/\/secure.gravatar.com\/avatar\/3e69bc2b014bdad41adfec3a39de07d2?s=96&d=mm&r=g\",\"caption\":\"bvalente\"}}]}<\/script>\n<!-- \/ Yoast SEO plugin. -->","yoast_head_json":{"title":"Cemit\u00e9rios de Manaus ter\u00e3o estrutura especial para receber milhares de visitantes no Dia das M\u00e3es","description":"A Prefeitura de Manaus, por meio da Secretaria Municipal de Limpeza Urbana (Semulsp), preparou uma ampla programa\u00e7\u00e3o para receber os visitantes nos 10 cemit\u00e9rios p\u00fablicos da capital, neste domingo, 11\/5, quando \u00e9 celebrado o Dia das M\u00e3es \u2014 a segunda data de maior visita\u00e7\u00e3o anual aos campos-santos da cidade, ficando atr\u00e1s apenas do Dia de Finados.","robots":{"index":"index","follow":"follow","max-snippet":"max-snippet:-1","max-image-preview":"max-image-preview:large","max-video-preview":"max-video-preview:-1"},"canonical":"https:\/\/www.manaus.am.gov.br\/semcom\/logistica-cemiterios-manaus\/","og_locale":"pt_BR","og_type":"article","og_title":"Cemit\u00e9rios de Manaus ter\u00e3o estrutura especial para receber milhares de visitantes no Dia das M\u00e3es","og_description":"A Prefeitura de Manaus, por meio da Secretaria Municipal de Limpeza Urbana (Semulsp), preparou uma ampla programa\u00e7\u00e3o para receber os visitantes nos 10 cemit\u00e9rios p\u00fablicos da capital, neste domingo, 11\/5, quando \u00e9 celebrado o Dia das M\u00e3es \u2014 a segunda data de maior visita\u00e7\u00e3o anual aos campos-santos da cidade, ficando atr\u00e1s apenas do Dia de Finados.","og_url":"https:\/\/www.manaus.am.gov.br\/semcom\/logistica-cemiterios-manaus\/","og_site_name":"SEMCOM","article_published_time":"2025-05-09T19:51:49+00:00","article_modified_time":"2025-05-09T19:51:50+00:00","og_image":[{"width":1599,"height":899,"url":"https:\/\/www.manaus.am.gov.br\/semcom\/wp-content\/uploads\/sites\/5\/2025\/05\/Cemiterios-de-Manaus-terao-estrutura-especial-para-receber-milhares-de-visitantes-no-Dia-das-Maes-2-2.jpeg","type":"image\/jpeg"}],"author":"bvalente","twitter_card":"summary_large_image","twitter_misc":{"Written by":"bvalente","Est. reading time":"4 minutos"},"schema":{"@context":"https:\/\/schema.org","@graph":[{"@type":"WebPage","@id":"https:\/\/www.manaus.am.gov.br\/semcom\/logistica-cemiterios-manaus\/","url":"https:\/\/www.manaus.am.gov.br\/semcom\/logistica-cemiterios-manaus\/","name":"Cemit\u00e9rios de Manaus ter\u00e3o estrutura especial para receber milhares de visitantes no Dia das M\u00e3es","isPartOf":{"@id":"https:\/\/www.manaus.am.gov.br\/semcom\/#website"},"primaryImageOfPage":{"@id":"https:\/\/www.manaus.am.gov.br\/semcom\/logistica-cemiterios-manaus\/#primaryimage"},"image":{"@id":"https:\/\/www.manaus.am.gov.br\/semcom\/logistica-cemiterios-manaus\/#primaryimage"},"thumbnailUrl":"https:\/\/www.manaus.am.gov.br\/semcom\/wp-content\/uploads\/sites\/5\/2025\/05\/Cemiterios-de-Manaus-terao-estrutura-especial-para-receber-milhares-de-visitantes-no-Dia-das-Maes-2-2.jpeg","datePublished":"2025-05-09T19:51:49+00:00","dateModified":"2025-05-09T19:51:50+00:00","author":{"@id":"https:\/\/www.manaus.am.gov.br\/semcom\/#\/schema\/person\/466a0e03ae4b6062809046bd560ac955"},"description":"A Prefeitura de Manaus, por meio da Secretaria Municipal de Limpeza Urbana (Semulsp), preparou uma ampla programa\u00e7\u00e3o para receber os visitantes nos 10 cemit\u00e9rios p\u00fablicos da capital, neste domingo, 11\/5, quando \u00e9 celebrado o Dia das M\u00e3es \u2014 a segunda data de maior visita\u00e7\u00e3o anual aos campos-santos da cidade, ficando atr\u00e1s apenas do Dia de Finados.","inLanguage":"pt-BR","potentialAction":[{"@type":"ReadAction","target":["https:\/\/www.manaus.am.gov.br\/semcom\/logistica-cemiterios-manaus\/"]}]},{"@type":"ImageObject","inLanguage":"pt-BR","@id":"https:\/\/www.manaus.am.gov.br\/semcom\/logistica-cemiterios-manaus\/#primaryimage","url":"https:\/\/www.manaus.am.gov.br\/semcom\/wp-content\/uploads\/sites\/5\/2025\/05\/Cemiterios-de-Manaus-terao-estrutura-especial-para-receber-milhares-de-visitantes-no-Dia-das-Maes-2-2.jpeg","contentUrl":"https:\/\/www.manaus.am.gov.br\/semcom\/wp-content\/uploads\/sites\/5\/2025\/05\/Cemiterios-de-Manaus-terao-estrutura-especial-para-receber-milhares-de-visitantes-no-Dia-das-Maes-2-2.jpeg","width":1599,"height":899},{"@type":"WebSite","@id":"https:\/\/www.manaus.am.gov.br\/semcom\/#website","url":"https:\/\/www.manaus.am.gov.br\/semcom\/","name":"SEMCOM","description":"Secretaria Municipal de Comunica\u00e7\u00e3o","potentialAction":[{"@type":"SearchAction","target":{"@type":"EntryPoint","urlTemplate":"https:\/\/www.manaus.am.gov.br\/semcom\/?s={search_term_string}"},"query-input":"required name=search_term_string"}],"inLanguage":"pt-BR"},{"@type":"Person","@id":"https:\/\/www.manaus.am.gov.br\/semcom\/#\/schema\/person\/466a0e03ae4b6062809046bd560ac955","name":"bvalente","image":{"@type":"ImageObject","inLanguage":"pt-BR","@id":"https:\/\/www.manaus.am.gov.br\/semcom\/#\/schema\/person\/image\/","url":"https:\/\/secure.gravatar.com\/avatar\/3e69bc2b014bdad41adfec3a39de07d2?s=96&d=mm&r=g","contentUrl":"https:\/\/secure.gravatar.com\/avatar\/3e69bc2b014bdad41adfec3a39de07d2?s=96&d=mm&r=g","caption":"bvalente"}}]}},"_links":{"self":[{"href":"https:\/\/www.manaus.am.gov.br\/semcom\/wp-json\/wp\/v2\/posts\/238748"}],"collection":[{"href":"https:\/\/www.manaus.am.gov.br\/semcom\/wp-json\/wp\/v2\/posts"}],"about":[{"href":"https:\/\/www.manaus.am.gov.br\/semcom\/wp-json\/wp\/v2\/types\/post"}],"author":[{"embeddable":true,"href":"https:\/\/www.manaus.am.gov.br\/semcom\/wp-json\/wp\/v2\/users\/68"}],"replies":[{"embeddable":true,"href":"https:\/\/www.manaus.am.gov.br\/semcom\/wp-json\/wp\/v2\/comments?post=238748"}],"version-history":[{"count":0,"href":"https:\/\/www.manaus.am.gov.br\/semcom\/wp-json\/wp\/v2\/posts\/238748\/revisions"}],"wp:featuredmedia":[{"embeddable":true,"href":"https:\/\/www.manaus.am.gov.br\/semcom\/wp-json\/wp\/v2\/media\/238749"}],"wp:attachment":[{"href":"https:\/\/www.manaus.am.gov.br\/semcom\/wp-json\/wp\/v2\/media?parent=238748"}],"wp:term":[{"taxonomy":"category","embeddable":true,"href":"https:\/\/www.manaus.am.gov.br\/semcom\/wp-json\/wp\/v2\/categories?post=238748"},{"taxonomy":"post_tag","embeddable":true,"href":"https:\/\/www.manaus.am.gov.br\/semcom\/wp-json\/wp\/v2\/tags?post=238748"}],"curies":[{"name":"wp","href":"https:\/\/api.w.org\/{rel}","templated":true}]}}