{"id":238659,"date":"2025-05-08T16:49:16","date_gmt":"2025-05-08T19:49:16","guid":{"rendered":"https:\/\/www.manaus.am.gov.br\/semcom\/bosque-da-ciencia-para-o-turismo\/"},"modified":"2025-05-08T16:49:18","modified_gmt":"2025-05-08T19:49:18","slug":"bosque-da-ciencia-para-o-turismo","status":"publish","type":"post","link":"https:\/\/www.manaus.am.gov.br\/semcom\/bosque-da-ciencia-para-o-turismo\/","title":{"rendered":"Prefeitura de Manaus refor\u00e7a import\u00e2ncia do Bosque da Ci\u00eancia para o turismo de natureza na capital"},"content":{"rendered":"\n<p>A <a href=\"https:\/\/www.instagram.com\/prefeiturademanaus\/\">Prefeitura de Manaus<\/a>, por meio da <a href=\"https:\/\/www.manaus.am.gov.br\/manauscult\/\">Funda\u00e7\u00e3o Municipal de Cultura, Turismo e Eventos (Manauscult)<\/a>, participou, nesta quinta-feira, 8\/5, da solenidade em homenagem aos 30 anos do Bosque da Ci\u00eancia, realizada na C\u00e2mara Municipal de Manaus (CMM). A cerim\u00f4nia celebrou as tr\u00eas d\u00e9cadas de hist\u00f3ria deste importante espa\u00e7o vinculado ao Instituto Nacional de Pesquisas da Amaz\u00f4nia (Inpa), com reconhecimento aos servidores e pesquisadores que fazem do Bosque um dos maiores patrim\u00f4nios cient\u00edficos e ambientais da cidade.<\/p>\n\n\n\n<p>O diretor-presidente da Manauscult, Jender Lobato, destacou o valor simb\u00f3lico e estrat\u00e9gico do Bosque da Ci\u00eancia para o turismo e a identidade cultural da capital amazonense.<\/p>\n\n\n\n<p>\u201cO Bosque da Ci\u00eancia \u00e9 um equipamento essencial, que conecta a cidade \u00e0 sua ess\u00eancia natural e cient\u00edfica. Ao celebrarmos seus 30 anos justamente no Dia Nacional do Turismo, refor\u00e7amos o compromisso da Prefeitura de Manaus em valorizar esse espa\u00e7o como atrativo tur\u00edstico priorit\u00e1rio e refer\u00eancia para o turismo sustent\u00e1vel na Amaz\u00f4nia\u201d, afirmou Lobato.<\/p>\n\n\n\n<p>A diretora de Turismo da Manauscult, Oreni Braga, que representou oficialmente a institui\u00e7\u00e3o durante o evento, tamb\u00e9m refor\u00e7ou a import\u00e2ncia do Bosque da Ci\u00eancia nas pol\u00edticas p\u00fablicas de fomento ao turismo, especialmente nos segmentos de natureza e cient\u00edfico, mercados em expans\u00e3o no cen\u00e1rio nacional e internacional.<\/p>\n\n\n\n<p>\u201cO Bosque da Ci\u00eancia \u00e9 um dos principais ativos tur\u00edsticos de Manaus, tanto para a comunidade local quanto para visitantes de fora. Precisamos promov\u00ea-lo como um produto tur\u00edstico diferenciado, que conjuga ci\u00eancia, educa\u00e7\u00e3o ambiental e a viv\u00eancia amaz\u00f4nica em um s\u00f3 lugar. \u00c9 fundamental que ele seja valorizado e apoiado por todas as esferas de governo\u201d, destacou Oreni.<\/p>\n\n\n\n<p>A Prefeitura de Manaus, por meio da Manauscult, tem atuado de forma integrada para fortalecer atrativos tur\u00edsticos que dialogam com o desenvolvimento sustent\u00e1vel e a valoriza\u00e7\u00e3o da biodiversidade amaz\u00f4nica. A celebra\u00e7\u00e3o dos 30 anos do Bosque da Ci\u00eancia reafirma o papel estrat\u00e9gico desse espa\u00e7o na constru\u00e7\u00e3o de uma cidade mais consciente, conectada \u00e0 sua floresta e aberta ao mundo.<\/p>\n\n\n\n<p>&#8212; &#8212; &#8212;<\/p>\n\n\n\n<p><strong>Texto &#8211;<\/strong> J\u00e9ssica Trajano \/ Manauscult<\/p>\n\n\n\n<p><strong>Foto &#8211;<\/strong> Eder Fran\u00e7a \/ Dicom CMM<\/p>\n","protected":false},"excerpt":{"rendered":"","protected":false},"author":57,"featured_media":238660,"comment_status":"closed","ping_status":"closed","sticky":false,"template":"","format":"standard","meta":{"footnotes":""},"categories":[1183],"tags":[4632,307,77],"acf":[],"yoast_head":"<!-- This site is optimized with the Yoast SEO plugin v23.0 - https:\/\/yoast.com\/wordpress\/plugins\/seo\/ -->\n<title>PMM refor\u00e7a import\u00e2ncia do Bosque da Ci\u00eancia para o turismo<\/title>\n<meta name=\"description\" content=\"A Prefeitura de Manaus participou da solenidade em homenagem aos 30 anos do Bosque da Ci\u00eancia, realizada na C\u00e2mara Municipal de Manaus (CMM).\" \/>\n<meta name=\"robots\" content=\"index, follow, max-snippet:-1, max-image-preview:large, max-video-preview:-1\" \/>\n<link rel=\"canonical\" href=\"https:\/\/www.manaus.am.gov.br\/semcom\/bosque-da-ciencia-para-o-turismo\/\" \/>\n<meta property=\"og:locale\" content=\"pt_BR\" \/>\n<meta property=\"og:type\" content=\"article\" \/>\n<meta property=\"og:title\" content=\"PMM refor\u00e7a import\u00e2ncia do Bosque da Ci\u00eancia para o turismo\" \/>\n<meta property=\"og:description\" content=\"A Prefeitura de Manaus participou da solenidade em homenagem aos 30 anos do Bosque da Ci\u00eancia, realizada na C\u00e2mara Municipal de Manaus (CMM).\" \/>\n<meta property=\"og:url\" content=\"https:\/\/www.manaus.am.gov.br\/semcom\/bosque-da-ciencia-para-o-turismo\/\" \/>\n<meta property=\"og:site_name\" content=\"SEMCOM\" \/>\n<meta property=\"article:published_time\" content=\"2025-05-08T19:49:16+00:00\" \/>\n<meta property=\"article:modified_time\" content=\"2025-05-08T19:49:18+00:00\" \/>\n<meta property=\"og:image\" content=\"https:\/\/www.manaus.am.gov.br\/semcom\/wp-content\/uploads\/sites\/5\/2025\/05\/Camara-Municipal-de-Manaus-celebra-30-anos-do-Bosque-da-Ciencia-em-Reuniao-Solene.jpg\" \/>\n\t<meta property=\"og:image:width\" content=\"1200\" \/>\n\t<meta property=\"og:image:height\" content=\"675\" \/>\n\t<meta property=\"og:image:type\" content=\"image\/jpeg\" \/>\n<meta name=\"author\" content=\"Thiago Fernando\" \/>\n<meta name=\"twitter:card\" content=\"summary_large_image\" \/>\n<meta name=\"twitter:label1\" content=\"Written by\" \/>\n\t<meta name=\"twitter:data1\" content=\"Thiago Fernando\" \/>\n\t<meta name=\"twitter:label2\" content=\"Est. reading time\" \/>\n\t<meta name=\"twitter:data2\" content=\"3 minutos\" \/>\n<script type=\"application\/ld+json\" class=\"yoast-schema-graph\">{\"@context\":\"https:\/\/schema.org\",\"@graph\":[{\"@type\":\"WebPage\",\"@id\":\"https:\/\/www.manaus.am.gov.br\/semcom\/bosque-da-ciencia-para-o-turismo\/\",\"url\":\"https:\/\/www.manaus.am.gov.br\/semcom\/bosque-da-ciencia-para-o-turismo\/\",\"name\":\"PMM refor\u00e7a import\u00e2ncia do Bosque da Ci\u00eancia para o turismo\",\"isPartOf\":{\"@id\":\"https:\/\/www.manaus.am.gov.br\/semcom\/#website\"},\"primaryImageOfPage\":{\"@id\":\"https:\/\/www.manaus.am.gov.br\/semcom\/bosque-da-ciencia-para-o-turismo\/#primaryimage\"},\"image\":{\"@id\":\"https:\/\/www.manaus.am.gov.br\/semcom\/bosque-da-ciencia-para-o-turismo\/#primaryimage\"},\"thumbnailUrl\":\"https:\/\/www.manaus.am.gov.br\/semcom\/wp-content\/uploads\/sites\/5\/2025\/05\/Camara-Municipal-de-Manaus-celebra-30-anos-do-Bosque-da-Ciencia-em-Reuniao-Solene.jpg\",\"datePublished\":\"2025-05-08T19:49:16+00:00\",\"dateModified\":\"2025-05-08T19:49:18+00:00\",\"author\":{\"@id\":\"https:\/\/www.manaus.am.gov.br\/semcom\/#\/schema\/person\/a5ee5376db6e21af026374b369f30882\"},\"description\":\"A Prefeitura de Manaus participou da solenidade em homenagem aos 30 anos do Bosque da Ci\u00eancia, realizada na C\u00e2mara Municipal de Manaus (CMM).\",\"inLanguage\":\"pt-BR\",\"potentialAction\":[{\"@type\":\"ReadAction\",\"target\":[\"https:\/\/www.manaus.am.gov.br\/semcom\/bosque-da-ciencia-para-o-turismo\/\"]}]},{\"@type\":\"ImageObject\",\"inLanguage\":\"pt-BR\",\"@id\":\"https:\/\/www.manaus.am.gov.br\/semcom\/bosque-da-ciencia-para-o-turismo\/#primaryimage\",\"url\":\"https:\/\/www.manaus.am.gov.br\/semcom\/wp-content\/uploads\/sites\/5\/2025\/05\/Camara-Municipal-de-Manaus-celebra-30-anos-do-Bosque-da-Ciencia-em-Reuniao-Solene.jpg\",\"contentUrl\":\"https:\/\/www.manaus.am.gov.br\/semcom\/wp-content\/uploads\/sites\/5\/2025\/05\/Camara-Municipal-de-Manaus-celebra-30-anos-do-Bosque-da-Ciencia-em-Reuniao-Solene.jpg\",\"width\":1200,\"height\":675,\"caption\":\"Bosque da Ci\u00eancia\"},{\"@type\":\"WebSite\",\"@id\":\"https:\/\/www.manaus.am.gov.br\/semcom\/#website\",\"url\":\"https:\/\/www.manaus.am.gov.br\/semcom\/\",\"name\":\"SEMCOM\",\"description\":\"Secretaria Municipal de Comunica\u00e7\u00e3o\",\"potentialAction\":[{\"@type\":\"SearchAction\",\"target\":{\"@type\":\"EntryPoint\",\"urlTemplate\":\"https:\/\/www.manaus.am.gov.br\/semcom\/?s={search_term_string}\"},\"query-input\":\"required name=search_term_string\"}],\"inLanguage\":\"pt-BR\"},{\"@type\":\"Person\",\"@id\":\"https:\/\/www.manaus.am.gov.br\/semcom\/#\/schema\/person\/a5ee5376db6e21af026374b369f30882\",\"name\":\"Thiago Fernando\",\"image\":{\"@type\":\"ImageObject\",\"inLanguage\":\"pt-BR\",\"@id\":\"https:\/\/www.manaus.am.gov.br\/semcom\/#\/schema\/person\/image\/\",\"url\":\"https:\/\/secure.gravatar.com\/avatar\/f5aab8722444041451501c077052ac07?s=96&d=mm&r=g\",\"contentUrl\":\"https:\/\/secure.gravatar.com\/avatar\/f5aab8722444041451501c077052ac07?s=96&d=mm&r=g\",\"caption\":\"Thiago Fernando\"}}]}<\/script>\n<!-- \/ Yoast SEO plugin. -->","yoast_head_json":{"title":"PMM refor\u00e7a import\u00e2ncia do Bosque da Ci\u00eancia para o turismo","description":"A Prefeitura de Manaus participou da solenidade em homenagem aos 30 anos do Bosque da Ci\u00eancia, realizada na C\u00e2mara Municipal de Manaus (CMM).","robots":{"index":"index","follow":"follow","max-snippet":"max-snippet:-1","max-image-preview":"max-image-preview:large","max-video-preview":"max-video-preview:-1"},"canonical":"https:\/\/www.manaus.am.gov.br\/semcom\/bosque-da-ciencia-para-o-turismo\/","og_locale":"pt_BR","og_type":"article","og_title":"PMM refor\u00e7a import\u00e2ncia do Bosque da Ci\u00eancia para o turismo","og_description":"A Prefeitura de Manaus participou da solenidade em homenagem aos 30 anos do Bosque da Ci\u00eancia, realizada na C\u00e2mara Municipal de Manaus (CMM).","og_url":"https:\/\/www.manaus.am.gov.br\/semcom\/bosque-da-ciencia-para-o-turismo\/","og_site_name":"SEMCOM","article_published_time":"2025-05-08T19:49:16+00:00","article_modified_time":"2025-05-08T19:49:18+00:00","og_image":[{"width":1200,"height":675,"url":"https:\/\/www.manaus.am.gov.br\/semcom\/wp-content\/uploads\/sites\/5\/2025\/05\/Camara-Municipal-de-Manaus-celebra-30-anos-do-Bosque-da-Ciencia-em-Reuniao-Solene.jpg","type":"image\/jpeg"}],"author":"Thiago Fernando","twitter_card":"summary_large_image","twitter_misc":{"Written by":"Thiago Fernando","Est. reading time":"3 minutos"},"schema":{"@context":"https:\/\/schema.org","@graph":[{"@type":"WebPage","@id":"https:\/\/www.manaus.am.gov.br\/semcom\/bosque-da-ciencia-para-o-turismo\/","url":"https:\/\/www.manaus.am.gov.br\/semcom\/bosque-da-ciencia-para-o-turismo\/","name":"PMM refor\u00e7a import\u00e2ncia do Bosque da Ci\u00eancia para o turismo","isPartOf":{"@id":"https:\/\/www.manaus.am.gov.br\/semcom\/#website"},"primaryImageOfPage":{"@id":"https:\/\/www.manaus.am.gov.br\/semcom\/bosque-da-ciencia-para-o-turismo\/#primaryimage"},"image":{"@id":"https:\/\/www.manaus.am.gov.br\/semcom\/bosque-da-ciencia-para-o-turismo\/#primaryimage"},"thumbnailUrl":"https:\/\/www.manaus.am.gov.br\/semcom\/wp-content\/uploads\/sites\/5\/2025\/05\/Camara-Municipal-de-Manaus-celebra-30-anos-do-Bosque-da-Ciencia-em-Reuniao-Solene.jpg","datePublished":"2025-05-08T19:49:16+00:00","dateModified":"2025-05-08T19:49:18+00:00","author":{"@id":"https:\/\/www.manaus.am.gov.br\/semcom\/#\/schema\/person\/a5ee5376db6e21af026374b369f30882"},"description":"A Prefeitura de Manaus participou da solenidade em homenagem aos 30 anos do Bosque da Ci\u00eancia, realizada na C\u00e2mara Municipal de Manaus (CMM).","inLanguage":"pt-BR","potentialAction":[{"@type":"ReadAction","target":["https:\/\/www.manaus.am.gov.br\/semcom\/bosque-da-ciencia-para-o-turismo\/"]}]},{"@type":"ImageObject","inLanguage":"pt-BR","@id":"https:\/\/www.manaus.am.gov.br\/semcom\/bosque-da-ciencia-para-o-turismo\/#primaryimage","url":"https:\/\/www.manaus.am.gov.br\/semcom\/wp-content\/uploads\/sites\/5\/2025\/05\/Camara-Municipal-de-Manaus-celebra-30-anos-do-Bosque-da-Ciencia-em-Reuniao-Solene.jpg","contentUrl":"https:\/\/www.manaus.am.gov.br\/semcom\/wp-content\/uploads\/sites\/5\/2025\/05\/Camara-Municipal-de-Manaus-celebra-30-anos-do-Bosque-da-Ciencia-em-Reuniao-Solene.jpg","width":1200,"height":675,"caption":"Bosque da Ci\u00eancia"},{"@type":"WebSite","@id":"https:\/\/www.manaus.am.gov.br\/semcom\/#website","url":"https:\/\/www.manaus.am.gov.br\/semcom\/","name":"SEMCOM","description":"Secretaria Municipal de Comunica\u00e7\u00e3o","potentialAction":[{"@type":"SearchAction","target":{"@type":"EntryPoint","urlTemplate":"https:\/\/www.manaus.am.gov.br\/semcom\/?s={search_term_string}"},"query-input":"required name=search_term_string"}],"inLanguage":"pt-BR"},{"@type":"Person","@id":"https:\/\/www.manaus.am.gov.br\/semcom\/#\/schema\/person\/a5ee5376db6e21af026374b369f30882","name":"Thiago Fernando","image":{"@type":"ImageObject","inLanguage":"pt-BR","@id":"https:\/\/www.manaus.am.gov.br\/semcom\/#\/schema\/person\/image\/","url":"https:\/\/secure.gravatar.com\/avatar\/f5aab8722444041451501c077052ac07?s=96&d=mm&r=g","contentUrl":"https:\/\/secure.gravatar.com\/avatar\/f5aab8722444041451501c077052ac07?s=96&d=mm&r=g","caption":"Thiago Fernando"}}]}},"_links":{"self":[{"href":"https:\/\/www.manaus.am.gov.br\/semcom\/wp-json\/wp\/v2\/posts\/238659"}],"collection":[{"href":"https:\/\/www.manaus.am.gov.br\/semcom\/wp-json\/wp\/v2\/posts"}],"about":[{"href":"https:\/\/www.manaus.am.gov.br\/semcom\/wp-json\/wp\/v2\/types\/post"}],"author":[{"embeddable":true,"href":"https:\/\/www.manaus.am.gov.br\/semcom\/wp-json\/wp\/v2\/users\/57"}],"replies":[{"embeddable":true,"href":"https:\/\/www.manaus.am.gov.br\/semcom\/wp-json\/wp\/v2\/comments?post=238659"}],"version-history":[{"count":0,"href":"https:\/\/www.manaus.am.gov.br\/semcom\/wp-json\/wp\/v2\/posts\/238659\/revisions"}],"wp:featuredmedia":[{"embeddable":true,"href":"https:\/\/www.manaus.am.gov.br\/semcom\/wp-json\/wp\/v2\/media\/238660"}],"wp:attachment":[{"href":"https:\/\/www.manaus.am.gov.br\/semcom\/wp-json\/wp\/v2\/media?parent=238659"}],"wp:term":[{"taxonomy":"category","embeddable":true,"href":"https:\/\/www.manaus.am.gov.br\/semcom\/wp-json\/wp\/v2\/categories?post=238659"},{"taxonomy":"post_tag","embeddable":true,"href":"https:\/\/www.manaus.am.gov.br\/semcom\/wp-json\/wp\/v2\/tags?post=238659"}],"curies":[{"name":"wp","href":"https:\/\/api.w.org\/{rel}","templated":true}]}}