{"id":238612,"date":"2025-05-07T19:13:06","date_gmt":"2025-05-07T23:13:06","guid":{"rendered":"https:\/\/www.manaus.am.gov.br\/semcom\/preco-da-cesta-basica-entre-supermercados\/"},"modified":"2025-05-07T20:16:47","modified_gmt":"2025-05-07T23:16:47","slug":"preco-da-cesta-basica-entre-supermercados","status":"publish","type":"post","link":"https:\/\/www.manaus.am.gov.br\/semcom\/preco-da-cesta-basica-entre-supermercados\/","title":{"rendered":"Procon Manaus identifica varia\u00e7\u00e3o no pre\u00e7o da cesta b\u00e1sica entre supermercados da capital"},"content":{"rendered":"\n<p>Com o objetivo de proteger os direitos dos consumidores, promover a transpar\u00eancia nas rela\u00e7\u00f5es de consumo e incentivar a livre concorr\u00eancia, a Prefeitura de Manaus, por meio do Servi\u00e7o de Atendimento e Prote\u00e7\u00e3o ao Consumidor (Procon Manaus), realizou, nos dias 5 e 6\/5, a pesquisa mensal de pre\u00e7os da cesta b\u00e1sica.&nbsp;<\/p>\n\n\n\n<p>O levantamento foi realizado em 10 estabelecimentos e avaliou 36 itens distribu\u00eddos em 16 categorias, com base na metodologia do Departamento Intersindical de estat\u00edstica e estudos socioecon\u00f4micos \u2013 Dieese e no Decreto Federal n\u00ba 11.936\/2024, que regulamenta a composi\u00e7\u00e3o da cesta b\u00e1sica de alimentos no Brasil.<\/p>\n\n\n\n<p>Durante a pesquisa, foi identificado que o pre\u00e7o m\u00e9dio da cesta b\u00e1sica em maio foi de R$ 280,46. A maior diferen\u00e7a observada entre os estabelecimentos foi de R$ 42,91, com o supermercado Vit\u00f3ria oferecendo a cesta mais barata (R$ 262,42) e o Carrefour, a mais cara (R$ 305,33).<\/p>\n\n\n\n<p>\u201cA pesquisa mensal do Procon Manaus tem como objetivo fornecer dados atualizados e confi\u00e1veis para que os consumidores possam comparar pre\u00e7os, planejar melhor suas compras e garantir mais economia. Os valores refletem os pre\u00e7os praticados nos dias da pesquisa e podem variar conforme promo\u00e7\u00f5es ou disponibilidade dos produtos nos estabelecimentos\u201d, declarou a presidente do Procon Manaus, Onilda Abreu.<\/p>\n\n\n\n<p>Entre os produtos com maior aumento de pre\u00e7o, destacam-se a batata escovada, com varia\u00e7\u00e3o de at\u00e9 125,31% (entre R$ 3,99 e R$ 8,99), o a\u00e7\u00facar cristal, que passou de R$ 4,59 para R$ 4,89 (aumento de 6,54%), e o leite em p\u00f3 integral, que subiu de R$ 18,99 para R$ 19,79 (alta de 4,21%). J\u00e1 entre os itens que apresentaram maior redu\u00e7\u00e3o, a farinha d\u2019\u00e1gua teve uma queda expressiva de 46,31% no pre\u00e7o, passando de R$ 7,99 para R$ 4,29.<br><br>Confira o resultado completo da pesquisa.<\/p>\n\n\n\n<p><img decoding=\"async\" class=\"wp-image-238620\" style=\"width: NaNpx\" src=\"https:\/\/www.manaus.am.gov.br\/semcom\/wp-content\/uploads\/sites\/5\/2025\/05\/Pesquisa-Cesta-basica-maio-2025-2.pdf\" alt=\"\"><\/p>\n\n\n\n<div data-wp-interactive=\"\" class=\"wp-block-file\"><object data-wp-bind--hidden=\"!selectors.core.file.hasPdfPreview\" hidden class=\"wp-block-file__embed\" data=\"https:\/\/www.manaus.am.gov.br\/semcom\/wp-content\/uploads\/sites\/5\/2025\/05\/Pesquisa-Cesta-basica-maio-2025-3.pdf\" type=\"application\/pdf\" style=\"width:100%;height:600px\" aria-label=\"Incorporado de Pesquisa-Cesta-basica-maio-2025-3.\"><\/object><a id=\"wp-block-file--media-ed83e28c-9ced-488b-b7a4-711897fc5bad\" href=\"https:\/\/www.manaus.am.gov.br\/semcom\/wp-content\/uploads\/sites\/5\/2025\/05\/Pesquisa-Cesta-basica-maio-2025-3.pdf\">Pesquisa-Cesta-basica-maio-2025-3<\/a><a href=\"https:\/\/www.manaus.am.gov.br\/semcom\/wp-content\/uploads\/sites\/5\/2025\/05\/Pesquisa-Cesta-basica-maio-2025-3.pdf\" class=\"wp-block-file__button wp-element-button\" download aria-describedby=\"wp-block-file--media-ed83e28c-9ced-488b-b7a4-711897fc5bad\">Baixar<\/a><\/div>\n\n\n\n<p>\u2014 \u2014 \u2014&nbsp;<\/p>\n\n\n\n<p><strong>Texto \u2013<\/strong> Larissa Coutinho \/ Procon Manaus<br><strong>Fotos \u2013<\/strong> Divulga\u00e7\u00e3o \/ Procon Manaus<\/p>\n","protected":false},"excerpt":{"rendered":"","protected":false},"author":39,"featured_media":238614,"comment_status":"closed","ping_status":"closed","sticky":false,"template":"","format":"standard","meta":{"footnotes":""},"categories":[223],"tags":[77,9825,14709],"acf":[],"yoast_head":"<!-- This site is optimized with the Yoast SEO plugin v23.0 - https:\/\/yoast.com\/wordpress\/plugins\/seo\/ -->\n<title>Procon Manaus identifica varia\u00e7\u00e3o no pre\u00e7o da cesta b\u00e1sica entre supermercados da capital<\/title>\n<meta name=\"description\" content=\"Com o objetivo de proteger os direitos dos consumidores, promover a transpar\u00eancia nas rela\u00e7\u00f5es de consumo e incentivar a livre concorr\u00eancia, a Prefeitura de Manaus, por meio do Servi\u00e7o de Atendimento e Prote\u00e7\u00e3o ao Consumidor (Procon Manaus), realizou, nos dias 5 e 6\/5, a pesquisa mensal de pre\u00e7os da cesta b\u00e1sica.\" \/>\n<meta name=\"robots\" content=\"index, follow, max-snippet:-1, max-image-preview:large, max-video-preview:-1\" \/>\n<link rel=\"canonical\" href=\"https:\/\/www.manaus.am.gov.br\/semcom\/preco-da-cesta-basica-entre-supermercados\/\" \/>\n<meta property=\"og:locale\" content=\"pt_BR\" \/>\n<meta property=\"og:type\" content=\"article\" \/>\n<meta property=\"og:title\" content=\"Procon Manaus identifica varia\u00e7\u00e3o no pre\u00e7o da cesta b\u00e1sica entre supermercados da capital\" \/>\n<meta property=\"og:description\" content=\"Com o objetivo de proteger os direitos dos consumidores, promover a transpar\u00eancia nas rela\u00e7\u00f5es de consumo e incentivar a livre concorr\u00eancia, a Prefeitura de Manaus, por meio do Servi\u00e7o de Atendimento e Prote\u00e7\u00e3o ao Consumidor (Procon Manaus), realizou, nos dias 5 e 6\/5, a pesquisa mensal de pre\u00e7os da cesta b\u00e1sica.\" \/>\n<meta property=\"og:url\" content=\"https:\/\/www.manaus.am.gov.br\/semcom\/preco-da-cesta-basica-entre-supermercados\/\" \/>\n<meta property=\"og:site_name\" content=\"SEMCOM\" \/>\n<meta property=\"article:published_time\" content=\"2025-05-07T23:13:06+00:00\" \/>\n<meta property=\"article:modified_time\" content=\"2025-05-07T23:16:47+00:00\" \/>\n<meta property=\"og:image\" content=\"https:\/\/www.manaus.am.gov.br\/semcom\/wp-content\/uploads\/sites\/5\/2025\/05\/IMG_4591-1-1-1024x683.jpg\" \/>\n\t<meta property=\"og:image:width\" content=\"1024\" \/>\n\t<meta property=\"og:image:height\" content=\"683\" \/>\n\t<meta property=\"og:image:type\" content=\"image\/jpeg\" \/>\n<meta name=\"author\" content=\"Bruna Greco\" \/>\n<meta name=\"twitter:card\" content=\"summary_large_image\" \/>\n<meta name=\"twitter:label1\" content=\"Written by\" \/>\n\t<meta name=\"twitter:data1\" content=\"Bruna Greco\" \/>\n\t<meta name=\"twitter:label2\" content=\"Est. reading time\" \/>\n\t<meta name=\"twitter:data2\" content=\"3 minutos\" \/>\n<script type=\"application\/ld+json\" class=\"yoast-schema-graph\">{\"@context\":\"https:\/\/schema.org\",\"@graph\":[{\"@type\":\"WebPage\",\"@id\":\"https:\/\/www.manaus.am.gov.br\/semcom\/preco-da-cesta-basica-entre-supermercados\/\",\"url\":\"https:\/\/www.manaus.am.gov.br\/semcom\/preco-da-cesta-basica-entre-supermercados\/\",\"name\":\"Procon Manaus identifica varia\u00e7\u00e3o no pre\u00e7o da cesta b\u00e1sica entre supermercados da capital\",\"isPartOf\":{\"@id\":\"https:\/\/www.manaus.am.gov.br\/semcom\/#website\"},\"primaryImageOfPage\":{\"@id\":\"https:\/\/www.manaus.am.gov.br\/semcom\/preco-da-cesta-basica-entre-supermercados\/#primaryimage\"},\"image\":{\"@id\":\"https:\/\/www.manaus.am.gov.br\/semcom\/preco-da-cesta-basica-entre-supermercados\/#primaryimage\"},\"thumbnailUrl\":\"https:\/\/www.manaus.am.gov.br\/semcom\/wp-content\/uploads\/sites\/5\/2025\/05\/IMG_4591-1-1.jpg\",\"datePublished\":\"2025-05-07T23:13:06+00:00\",\"dateModified\":\"2025-05-07T23:16:47+00:00\",\"author\":{\"@id\":\"https:\/\/www.manaus.am.gov.br\/semcom\/#\/schema\/person\/05d223aea2bf115f9883a6ff3683d81b\"},\"description\":\"Com o objetivo de proteger os direitos dos consumidores, promover a transpar\u00eancia nas rela\u00e7\u00f5es de consumo e incentivar a livre concorr\u00eancia, a Prefeitura de Manaus, por meio do Servi\u00e7o de Atendimento e Prote\u00e7\u00e3o ao Consumidor (Procon Manaus), realizou, nos dias 5 e 6\/5, a pesquisa mensal de pre\u00e7os da cesta b\u00e1sica.\",\"inLanguage\":\"pt-BR\",\"potentialAction\":[{\"@type\":\"ReadAction\",\"target\":[\"https:\/\/www.manaus.am.gov.br\/semcom\/preco-da-cesta-basica-entre-supermercados\/\"]}]},{\"@type\":\"ImageObject\",\"inLanguage\":\"pt-BR\",\"@id\":\"https:\/\/www.manaus.am.gov.br\/semcom\/preco-da-cesta-basica-entre-supermercados\/#primaryimage\",\"url\":\"https:\/\/www.manaus.am.gov.br\/semcom\/wp-content\/uploads\/sites\/5\/2025\/05\/IMG_4591-1-1.jpg\",\"contentUrl\":\"https:\/\/www.manaus.am.gov.br\/semcom\/wp-content\/uploads\/sites\/5\/2025\/05\/IMG_4591-1-1.jpg\",\"width\":6240,\"height\":4160},{\"@type\":\"WebSite\",\"@id\":\"https:\/\/www.manaus.am.gov.br\/semcom\/#website\",\"url\":\"https:\/\/www.manaus.am.gov.br\/semcom\/\",\"name\":\"SEMCOM\",\"description\":\"Secretaria Municipal de Comunica\u00e7\u00e3o\",\"potentialAction\":[{\"@type\":\"SearchAction\",\"target\":{\"@type\":\"EntryPoint\",\"urlTemplate\":\"https:\/\/www.manaus.am.gov.br\/semcom\/?s={search_term_string}\"},\"query-input\":\"required name=search_term_string\"}],\"inLanguage\":\"pt-BR\"},{\"@type\":\"Person\",\"@id\":\"https:\/\/www.manaus.am.gov.br\/semcom\/#\/schema\/person\/05d223aea2bf115f9883a6ff3683d81b\",\"name\":\"Bruna Greco\",\"image\":{\"@type\":\"ImageObject\",\"inLanguage\":\"pt-BR\",\"@id\":\"https:\/\/www.manaus.am.gov.br\/semcom\/#\/schema\/person\/image\/\",\"url\":\"https:\/\/secure.gravatar.com\/avatar\/9c877d1a6adc2a055330e5c09a8653ce?s=96&d=mm&r=g\",\"contentUrl\":\"https:\/\/secure.gravatar.com\/avatar\/9c877d1a6adc2a055330e5c09a8653ce?s=96&d=mm&r=g\",\"caption\":\"Bruna Greco\"}}]}<\/script>\n<!-- \/ Yoast SEO plugin. -->","yoast_head_json":{"title":"Procon Manaus identifica varia\u00e7\u00e3o no pre\u00e7o da cesta b\u00e1sica entre supermercados da capital","description":"Com o objetivo de proteger os direitos dos consumidores, promover a transpar\u00eancia nas rela\u00e7\u00f5es de consumo e incentivar a livre concorr\u00eancia, a Prefeitura de Manaus, por meio do Servi\u00e7o de Atendimento e Prote\u00e7\u00e3o ao Consumidor (Procon Manaus), realizou, nos dias 5 e 6\/5, a pesquisa mensal de pre\u00e7os da cesta b\u00e1sica.","robots":{"index":"index","follow":"follow","max-snippet":"max-snippet:-1","max-image-preview":"max-image-preview:large","max-video-preview":"max-video-preview:-1"},"canonical":"https:\/\/www.manaus.am.gov.br\/semcom\/preco-da-cesta-basica-entre-supermercados\/","og_locale":"pt_BR","og_type":"article","og_title":"Procon Manaus identifica varia\u00e7\u00e3o no pre\u00e7o da cesta b\u00e1sica entre supermercados da capital","og_description":"Com o objetivo de proteger os direitos dos consumidores, promover a transpar\u00eancia nas rela\u00e7\u00f5es de consumo e incentivar a livre concorr\u00eancia, a Prefeitura de Manaus, por meio do Servi\u00e7o de Atendimento e Prote\u00e7\u00e3o ao Consumidor (Procon Manaus), realizou, nos dias 5 e 6\/5, a pesquisa mensal de pre\u00e7os da cesta b\u00e1sica.","og_url":"https:\/\/www.manaus.am.gov.br\/semcom\/preco-da-cesta-basica-entre-supermercados\/","og_site_name":"SEMCOM","article_published_time":"2025-05-07T23:13:06+00:00","article_modified_time":"2025-05-07T23:16:47+00:00","og_image":[{"width":1024,"height":683,"url":"https:\/\/www.manaus.am.gov.br\/semcom\/wp-content\/uploads\/sites\/5\/2025\/05\/IMG_4591-1-1-1024x683.jpg","type":"image\/jpeg"}],"author":"Bruna Greco","twitter_card":"summary_large_image","twitter_misc":{"Written by":"Bruna Greco","Est. reading time":"3 minutos"},"schema":{"@context":"https:\/\/schema.org","@graph":[{"@type":"WebPage","@id":"https:\/\/www.manaus.am.gov.br\/semcom\/preco-da-cesta-basica-entre-supermercados\/","url":"https:\/\/www.manaus.am.gov.br\/semcom\/preco-da-cesta-basica-entre-supermercados\/","name":"Procon Manaus identifica varia\u00e7\u00e3o no pre\u00e7o da cesta b\u00e1sica entre supermercados da capital","isPartOf":{"@id":"https:\/\/www.manaus.am.gov.br\/semcom\/#website"},"primaryImageOfPage":{"@id":"https:\/\/www.manaus.am.gov.br\/semcom\/preco-da-cesta-basica-entre-supermercados\/#primaryimage"},"image":{"@id":"https:\/\/www.manaus.am.gov.br\/semcom\/preco-da-cesta-basica-entre-supermercados\/#primaryimage"},"thumbnailUrl":"https:\/\/www.manaus.am.gov.br\/semcom\/wp-content\/uploads\/sites\/5\/2025\/05\/IMG_4591-1-1.jpg","datePublished":"2025-05-07T23:13:06+00:00","dateModified":"2025-05-07T23:16:47+00:00","author":{"@id":"https:\/\/www.manaus.am.gov.br\/semcom\/#\/schema\/person\/05d223aea2bf115f9883a6ff3683d81b"},"description":"Com o objetivo de proteger os direitos dos consumidores, promover a transpar\u00eancia nas rela\u00e7\u00f5es de consumo e incentivar a livre concorr\u00eancia, a Prefeitura de Manaus, por meio do Servi\u00e7o de Atendimento e Prote\u00e7\u00e3o ao Consumidor (Procon Manaus), realizou, nos dias 5 e 6\/5, a pesquisa mensal de pre\u00e7os da cesta b\u00e1sica.","inLanguage":"pt-BR","potentialAction":[{"@type":"ReadAction","target":["https:\/\/www.manaus.am.gov.br\/semcom\/preco-da-cesta-basica-entre-supermercados\/"]}]},{"@type":"ImageObject","inLanguage":"pt-BR","@id":"https:\/\/www.manaus.am.gov.br\/semcom\/preco-da-cesta-basica-entre-supermercados\/#primaryimage","url":"https:\/\/www.manaus.am.gov.br\/semcom\/wp-content\/uploads\/sites\/5\/2025\/05\/IMG_4591-1-1.jpg","contentUrl":"https:\/\/www.manaus.am.gov.br\/semcom\/wp-content\/uploads\/sites\/5\/2025\/05\/IMG_4591-1-1.jpg","width":6240,"height":4160},{"@type":"WebSite","@id":"https:\/\/www.manaus.am.gov.br\/semcom\/#website","url":"https:\/\/www.manaus.am.gov.br\/semcom\/","name":"SEMCOM","description":"Secretaria Municipal de Comunica\u00e7\u00e3o","potentialAction":[{"@type":"SearchAction","target":{"@type":"EntryPoint","urlTemplate":"https:\/\/www.manaus.am.gov.br\/semcom\/?s={search_term_string}"},"query-input":"required name=search_term_string"}],"inLanguage":"pt-BR"},{"@type":"Person","@id":"https:\/\/www.manaus.am.gov.br\/semcom\/#\/schema\/person\/05d223aea2bf115f9883a6ff3683d81b","name":"Bruna Greco","image":{"@type":"ImageObject","inLanguage":"pt-BR","@id":"https:\/\/www.manaus.am.gov.br\/semcom\/#\/schema\/person\/image\/","url":"https:\/\/secure.gravatar.com\/avatar\/9c877d1a6adc2a055330e5c09a8653ce?s=96&d=mm&r=g","contentUrl":"https:\/\/secure.gravatar.com\/avatar\/9c877d1a6adc2a055330e5c09a8653ce?s=96&d=mm&r=g","caption":"Bruna Greco"}}]}},"_links":{"self":[{"href":"https:\/\/www.manaus.am.gov.br\/semcom\/wp-json\/wp\/v2\/posts\/238612"}],"collection":[{"href":"https:\/\/www.manaus.am.gov.br\/semcom\/wp-json\/wp\/v2\/posts"}],"about":[{"href":"https:\/\/www.manaus.am.gov.br\/semcom\/wp-json\/wp\/v2\/types\/post"}],"author":[{"embeddable":true,"href":"https:\/\/www.manaus.am.gov.br\/semcom\/wp-json\/wp\/v2\/users\/39"}],"replies":[{"embeddable":true,"href":"https:\/\/www.manaus.am.gov.br\/semcom\/wp-json\/wp\/v2\/comments?post=238612"}],"version-history":[{"count":3,"href":"https:\/\/www.manaus.am.gov.br\/semcom\/wp-json\/wp\/v2\/posts\/238612\/revisions"}],"predecessor-version":[{"id":238622,"href":"https:\/\/www.manaus.am.gov.br\/semcom\/wp-json\/wp\/v2\/posts\/238612\/revisions\/238622"}],"wp:featuredmedia":[{"embeddable":true,"href":"https:\/\/www.manaus.am.gov.br\/semcom\/wp-json\/wp\/v2\/media\/238614"}],"wp:attachment":[{"href":"https:\/\/www.manaus.am.gov.br\/semcom\/wp-json\/wp\/v2\/media?parent=238612"}],"wp:term":[{"taxonomy":"category","embeddable":true,"href":"https:\/\/www.manaus.am.gov.br\/semcom\/wp-json\/wp\/v2\/categories?post=238612"},{"taxonomy":"post_tag","embeddable":true,"href":"https:\/\/www.manaus.am.gov.br\/semcom\/wp-json\/wp\/v2\/tags?post=238612"}],"curies":[{"name":"wp","href":"https:\/\/api.w.org\/{rel}","templated":true}]}}