{"id":238437,"date":"2025-05-05T13:30:13","date_gmt":"2025-05-05T17:30:13","guid":{"rendered":"https:\/\/www.manaus.am.gov.br\/semcom\/ccc-visita-tecnica-alunos-arquivologia-ufam\/"},"modified":"2025-05-05T13:30:13","modified_gmt":"2025-05-05T17:30:13","slug":"ccc-visita-tecnica-alunos-arquivologia-ufam","status":"publish","type":"post","link":"https:\/\/www.manaus.am.gov.br\/semcom\/ccc-visita-tecnica-alunos-arquivologia-ufam\/","title":{"rendered":"Centro de Coopera\u00e7\u00e3o da Cidade recebe visita t\u00e9cnica de alunos de arquivologia da Ufam"},"content":{"rendered":"\n<p>O Centro de Coopera\u00e7\u00e3o da Cidade (CCC), da Prefeitura de Manaus, recebeu, na manh\u00e3 desta segunda-feira, 5\/5, alunos e professor do curso de arquivologia, da Universidade Federal do Amazonas (Ufam), para uma visita t\u00e9cnica \u00e0s instala\u00e7\u00f5es. A iniciativa integra o Projeto de Inicia\u00e7\u00e3o Cient\u00edfica (PIC) dos estudantes, promovendo a imers\u00e3o pr\u00e1tica nas solu\u00e7\u00f5es tecnol\u00f3gicas que d\u00e3o suporte \u00e0 gest\u00e3o municipal.<\/p>\n\n\n\n<p>\u201cMomentos como este fortalecem a parceria entre a academia e o poder p\u00fablico, al\u00e9m de demonstrar \u00e0 sociedade manauara o quanto o CCC tem avan\u00e7ado em tecnologia e inova\u00e7\u00e3o para melhorar a gest\u00e3o municipal\u201d, ressaltou o superintendente do CCC, Sandro Dias.<\/p>\n\n\n\n<p>Durante a visita t\u00e9cnica, o grupo conheceu detalhadamente as principais \u00e1reas e setores do Centro. Na Sala de Monitoramento, os acad\u00eamicos puderam observar, a partir de 27 monitores de 55 polegadas, simultaneamente, imagens de c\u00e2meras, mapas de calor e fluxos de dados, em tempo real, que servem de apoio \u00e0 tomada de decis\u00e3o da gest\u00e3o.<\/p>\n\n\n\n<p>Os visitantes conheceram o Contact Center, ambiente operacional onde atuam as equipes das secretarias municipais de Tr\u00e2nsito, Sa\u00fade, Defesa Civil, Guarda Municipal e Direitos Humanos, coordenando atendimentos e a\u00e7\u00f5es emergenciais.<\/p>\n\n\n\n<p>No Data Center, os alunos da Ufam tiveram uma vis\u00e3o do setor respons\u00e1vel pelo processamento, armazenamento e um dos backups dos dados municipais. A visita t\u00e9cnica incluiu, ainda, a \u00e1rea administrativa, onde acontece todo o planejamento, controle de projetos e fluxo documental interno do CCC.<\/p>\n\n\n\n<p>&nbsp;\u201cEsta visita veio contribuir diretamente para o trabalho cient\u00edfico dos alunos, ao permitir que eles compreendam, na pr\u00e1tica, a governan\u00e7a arquiv\u00edstica e a infraestrutura tecnol\u00f3gica do CCC. Saio daqui maravilhado com os sistemas de monitoramento e com o potencial de aplica\u00e7\u00e3o desses conhecimentos nos Projetos de Inicia\u00e7\u00e3o Cient\u00edfica\u201d, disse o professor do curso de arquivologia, Alexandre Costa.<\/p>\n\n\n\n<p>Para a aluna finalista Tayane Figueiredo, a experi\u00eancia foi enriquecedora. \u201cFoi incr\u00edvel conhecer toda a estrutura do CCC. Cada espa\u00e7o, equipamento, vai enriquecer muito o conte\u00fado do meu projeto de pesquisa. Parabenizo toda a equipe pelo profissionalismo e pela tecnologia desenvolvida para monitoramento em tempo real e gest\u00e3o integrada\u201d, destacou.<\/p>\n\n\n\n<figure class=\"wp-block-image size-large\"><img loading=\"lazy\" decoding=\"async\" width=\"1024\" height=\"780\" src=\"https:\/\/www.manaus.am.gov.br\/semcom\/wp-content\/uploads\/sites\/5\/2025\/05\/WhatsApp-Image-2025-05-05-at-13.21.02-1-1024x780.jpeg\" alt=\"\" class=\"wp-image-238439\" srcset=\"https:\/\/www.manaus.am.gov.br\/semcom\/wp-content\/uploads\/sites\/5\/2025\/05\/WhatsApp-Image-2025-05-05-at-13.21.02-1-1024x780.jpeg 1024w, https:\/\/www.manaus.am.gov.br\/semcom\/wp-content\/uploads\/sites\/5\/2025\/05\/WhatsApp-Image-2025-05-05-at-13.21.02-1-300x228.jpeg 300w, https:\/\/www.manaus.am.gov.br\/semcom\/wp-content\/uploads\/sites\/5\/2025\/05\/WhatsApp-Image-2025-05-05-at-13.21.02-1-768x585.jpeg 768w, https:\/\/www.manaus.am.gov.br\/semcom\/wp-content\/uploads\/sites\/5\/2025\/05\/WhatsApp-Image-2025-05-05-at-13.21.02-1-1536x1169.jpeg 1536w, https:\/\/www.manaus.am.gov.br\/semcom\/wp-content\/uploads\/sites\/5\/2025\/05\/WhatsApp-Image-2025-05-05-at-13.21.02-1.jpeg 1600w\" sizes=\"(max-width: 1024px) 100vw, 1024px\" \/><\/figure>\n\n\n\n<p>&#8212; &#8212; &#8212;<\/p>\n\n\n\n<p><strong>Texto<\/strong> &#8211;&nbsp; F\u00e1bia Lima\/CCC<\/p>\n\n\n\n<p><strong>Fotos <\/strong>\u2013 Divulga\u00e7\u00e3o\/CCC<\/p>\n","protected":false},"excerpt":{"rendered":"","protected":false},"author":39,"featured_media":238438,"comment_status":"closed","ping_status":"closed","sticky":false,"template":"","format":"standard","meta":{"footnotes":""},"categories":[144],"tags":[14649,146,77,1282,1482],"acf":[],"yoast_head":"<!-- This site is optimized with the Yoast SEO plugin v23.0 - https:\/\/yoast.com\/wordpress\/plugins\/seo\/ -->\n<title>CCC recebe visita t\u00e9cnica de alunos de arquivologia da Ufam<\/title>\n<meta name=\"description\" content=\"Centro de Coopera\u00e7\u00e3o da Cidade (CCC) recebe visita t\u00e9cnica de alunos de arquivologia da Ufam nesta segund-feira, 5\/5.\" \/>\n<meta name=\"robots\" content=\"index, follow, max-snippet:-1, max-image-preview:large, max-video-preview:-1\" \/>\n<link rel=\"canonical\" href=\"https:\/\/www.manaus.am.gov.br\/semcom\/ccc-visita-tecnica-alunos-arquivologia-ufam\/\" \/>\n<meta property=\"og:locale\" content=\"pt_BR\" \/>\n<meta property=\"og:type\" content=\"article\" \/>\n<meta property=\"og:title\" content=\"CCC recebe visita t\u00e9cnica de alunos de arquivologia da Ufam\" \/>\n<meta property=\"og:description\" content=\"Centro de Coopera\u00e7\u00e3o da Cidade (CCC) recebe visita t\u00e9cnica de alunos de arquivologia da Ufam nesta segund-feira, 5\/5.\" \/>\n<meta property=\"og:url\" content=\"https:\/\/www.manaus.am.gov.br\/semcom\/ccc-visita-tecnica-alunos-arquivologia-ufam\/\" \/>\n<meta property=\"og:site_name\" content=\"SEMCOM\" \/>\n<meta property=\"article:published_time\" content=\"2025-05-05T17:30:13+00:00\" \/>\n<meta property=\"og:image\" content=\"https:\/\/www.manaus.am.gov.br\/semcom\/wp-content\/uploads\/sites\/5\/2025\/05\/WhatsApp-Image-2025-05-05-at-13.21.02.jpeg\" \/>\n\t<meta property=\"og:image:width\" content=\"1600\" \/>\n\t<meta property=\"og:image:height\" content=\"900\" \/>\n\t<meta property=\"og:image:type\" content=\"image\/jpeg\" \/>\n<meta name=\"author\" content=\"Bruna Greco\" \/>\n<meta name=\"twitter:card\" content=\"summary_large_image\" \/>\n<meta name=\"twitter:label1\" content=\"Written by\" \/>\n\t<meta name=\"twitter:data1\" content=\"Bruna Greco\" \/>\n\t<meta name=\"twitter:label2\" content=\"Est. reading time\" \/>\n\t<meta name=\"twitter:data2\" content=\"3 minutos\" \/>\n<script type=\"application\/ld+json\" class=\"yoast-schema-graph\">{\"@context\":\"https:\/\/schema.org\",\"@graph\":[{\"@type\":\"WebPage\",\"@id\":\"https:\/\/www.manaus.am.gov.br\/semcom\/ccc-visita-tecnica-alunos-arquivologia-ufam\/\",\"url\":\"https:\/\/www.manaus.am.gov.br\/semcom\/ccc-visita-tecnica-alunos-arquivologia-ufam\/\",\"name\":\"CCC recebe visita t\u00e9cnica de alunos de arquivologia da Ufam\",\"isPartOf\":{\"@id\":\"https:\/\/www.manaus.am.gov.br\/semcom\/#website\"},\"primaryImageOfPage\":{\"@id\":\"https:\/\/www.manaus.am.gov.br\/semcom\/ccc-visita-tecnica-alunos-arquivologia-ufam\/#primaryimage\"},\"image\":{\"@id\":\"https:\/\/www.manaus.am.gov.br\/semcom\/ccc-visita-tecnica-alunos-arquivologia-ufam\/#primaryimage\"},\"thumbnailUrl\":\"https:\/\/www.manaus.am.gov.br\/semcom\/wp-content\/uploads\/sites\/5\/2025\/05\/WhatsApp-Image-2025-05-05-at-13.21.02.jpeg\",\"datePublished\":\"2025-05-05T17:30:13+00:00\",\"dateModified\":\"2025-05-05T17:30:13+00:00\",\"author\":{\"@id\":\"https:\/\/www.manaus.am.gov.br\/semcom\/#\/schema\/person\/05d223aea2bf115f9883a6ff3683d81b\"},\"description\":\"Centro de Coopera\u00e7\u00e3o da Cidade (CCC) recebe visita t\u00e9cnica de alunos de arquivologia da Ufam nesta segund-feira, 5\/5.\",\"inLanguage\":\"pt-BR\",\"potentialAction\":[{\"@type\":\"ReadAction\",\"target\":[\"https:\/\/www.manaus.am.gov.br\/semcom\/ccc-visita-tecnica-alunos-arquivologia-ufam\/\"]}]},{\"@type\":\"ImageObject\",\"inLanguage\":\"pt-BR\",\"@id\":\"https:\/\/www.manaus.am.gov.br\/semcom\/ccc-visita-tecnica-alunos-arquivologia-ufam\/#primaryimage\",\"url\":\"https:\/\/www.manaus.am.gov.br\/semcom\/wp-content\/uploads\/sites\/5\/2025\/05\/WhatsApp-Image-2025-05-05-at-13.21.02.jpeg\",\"contentUrl\":\"https:\/\/www.manaus.am.gov.br\/semcom\/wp-content\/uploads\/sites\/5\/2025\/05\/WhatsApp-Image-2025-05-05-at-13.21.02.jpeg\",\"width\":1600,\"height\":900,\"caption\":\"#paratodosverem - Alunos de de arquivologia da Ufam realizando visita t\u00e9cnica no CCC\"},{\"@type\":\"WebSite\",\"@id\":\"https:\/\/www.manaus.am.gov.br\/semcom\/#website\",\"url\":\"https:\/\/www.manaus.am.gov.br\/semcom\/\",\"name\":\"SEMCOM\",\"description\":\"Secretaria Municipal de Comunica\u00e7\u00e3o\",\"potentialAction\":[{\"@type\":\"SearchAction\",\"target\":{\"@type\":\"EntryPoint\",\"urlTemplate\":\"https:\/\/www.manaus.am.gov.br\/semcom\/?s={search_term_string}\"},\"query-input\":\"required name=search_term_string\"}],\"inLanguage\":\"pt-BR\"},{\"@type\":\"Person\",\"@id\":\"https:\/\/www.manaus.am.gov.br\/semcom\/#\/schema\/person\/05d223aea2bf115f9883a6ff3683d81b\",\"name\":\"Bruna Greco\",\"image\":{\"@type\":\"ImageObject\",\"inLanguage\":\"pt-BR\",\"@id\":\"https:\/\/www.manaus.am.gov.br\/semcom\/#\/schema\/person\/image\/\",\"url\":\"https:\/\/secure.gravatar.com\/avatar\/9c877d1a6adc2a055330e5c09a8653ce?s=96&d=mm&r=g\",\"contentUrl\":\"https:\/\/secure.gravatar.com\/avatar\/9c877d1a6adc2a055330e5c09a8653ce?s=96&d=mm&r=g\",\"caption\":\"Bruna Greco\"}}]}<\/script>\n<!-- \/ Yoast SEO plugin. -->","yoast_head_json":{"title":"CCC recebe visita t\u00e9cnica de alunos de arquivologia da Ufam","description":"Centro de Coopera\u00e7\u00e3o da Cidade (CCC) recebe visita t\u00e9cnica de alunos de arquivologia da Ufam nesta segund-feira, 5\/5.","robots":{"index":"index","follow":"follow","max-snippet":"max-snippet:-1","max-image-preview":"max-image-preview:large","max-video-preview":"max-video-preview:-1"},"canonical":"https:\/\/www.manaus.am.gov.br\/semcom\/ccc-visita-tecnica-alunos-arquivologia-ufam\/","og_locale":"pt_BR","og_type":"article","og_title":"CCC recebe visita t\u00e9cnica de alunos de arquivologia da Ufam","og_description":"Centro de Coopera\u00e7\u00e3o da Cidade (CCC) recebe visita t\u00e9cnica de alunos de arquivologia da Ufam nesta segund-feira, 5\/5.","og_url":"https:\/\/www.manaus.am.gov.br\/semcom\/ccc-visita-tecnica-alunos-arquivologia-ufam\/","og_site_name":"SEMCOM","article_published_time":"2025-05-05T17:30:13+00:00","og_image":[{"width":1600,"height":900,"url":"https:\/\/www.manaus.am.gov.br\/semcom\/wp-content\/uploads\/sites\/5\/2025\/05\/WhatsApp-Image-2025-05-05-at-13.21.02.jpeg","type":"image\/jpeg"}],"author":"Bruna Greco","twitter_card":"summary_large_image","twitter_misc":{"Written by":"Bruna Greco","Est. reading time":"3 minutos"},"schema":{"@context":"https:\/\/schema.org","@graph":[{"@type":"WebPage","@id":"https:\/\/www.manaus.am.gov.br\/semcom\/ccc-visita-tecnica-alunos-arquivologia-ufam\/","url":"https:\/\/www.manaus.am.gov.br\/semcom\/ccc-visita-tecnica-alunos-arquivologia-ufam\/","name":"CCC recebe visita t\u00e9cnica de alunos de arquivologia da Ufam","isPartOf":{"@id":"https:\/\/www.manaus.am.gov.br\/semcom\/#website"},"primaryImageOfPage":{"@id":"https:\/\/www.manaus.am.gov.br\/semcom\/ccc-visita-tecnica-alunos-arquivologia-ufam\/#primaryimage"},"image":{"@id":"https:\/\/www.manaus.am.gov.br\/semcom\/ccc-visita-tecnica-alunos-arquivologia-ufam\/#primaryimage"},"thumbnailUrl":"https:\/\/www.manaus.am.gov.br\/semcom\/wp-content\/uploads\/sites\/5\/2025\/05\/WhatsApp-Image-2025-05-05-at-13.21.02.jpeg","datePublished":"2025-05-05T17:30:13+00:00","dateModified":"2025-05-05T17:30:13+00:00","author":{"@id":"https:\/\/www.manaus.am.gov.br\/semcom\/#\/schema\/person\/05d223aea2bf115f9883a6ff3683d81b"},"description":"Centro de Coopera\u00e7\u00e3o da Cidade (CCC) recebe visita t\u00e9cnica de alunos de arquivologia da Ufam nesta segund-feira, 5\/5.","inLanguage":"pt-BR","potentialAction":[{"@type":"ReadAction","target":["https:\/\/www.manaus.am.gov.br\/semcom\/ccc-visita-tecnica-alunos-arquivologia-ufam\/"]}]},{"@type":"ImageObject","inLanguage":"pt-BR","@id":"https:\/\/www.manaus.am.gov.br\/semcom\/ccc-visita-tecnica-alunos-arquivologia-ufam\/#primaryimage","url":"https:\/\/www.manaus.am.gov.br\/semcom\/wp-content\/uploads\/sites\/5\/2025\/05\/WhatsApp-Image-2025-05-05-at-13.21.02.jpeg","contentUrl":"https:\/\/www.manaus.am.gov.br\/semcom\/wp-content\/uploads\/sites\/5\/2025\/05\/WhatsApp-Image-2025-05-05-at-13.21.02.jpeg","width":1600,"height":900,"caption":"#paratodosverem - Alunos de de arquivologia da Ufam realizando visita t\u00e9cnica no CCC"},{"@type":"WebSite","@id":"https:\/\/www.manaus.am.gov.br\/semcom\/#website","url":"https:\/\/www.manaus.am.gov.br\/semcom\/","name":"SEMCOM","description":"Secretaria Municipal de Comunica\u00e7\u00e3o","potentialAction":[{"@type":"SearchAction","target":{"@type":"EntryPoint","urlTemplate":"https:\/\/www.manaus.am.gov.br\/semcom\/?s={search_term_string}"},"query-input":"required name=search_term_string"}],"inLanguage":"pt-BR"},{"@type":"Person","@id":"https:\/\/www.manaus.am.gov.br\/semcom\/#\/schema\/person\/05d223aea2bf115f9883a6ff3683d81b","name":"Bruna Greco","image":{"@type":"ImageObject","inLanguage":"pt-BR","@id":"https:\/\/www.manaus.am.gov.br\/semcom\/#\/schema\/person\/image\/","url":"https:\/\/secure.gravatar.com\/avatar\/9c877d1a6adc2a055330e5c09a8653ce?s=96&d=mm&r=g","contentUrl":"https:\/\/secure.gravatar.com\/avatar\/9c877d1a6adc2a055330e5c09a8653ce?s=96&d=mm&r=g","caption":"Bruna Greco"}}]}},"_links":{"self":[{"href":"https:\/\/www.manaus.am.gov.br\/semcom\/wp-json\/wp\/v2\/posts\/238437"}],"collection":[{"href":"https:\/\/www.manaus.am.gov.br\/semcom\/wp-json\/wp\/v2\/posts"}],"about":[{"href":"https:\/\/www.manaus.am.gov.br\/semcom\/wp-json\/wp\/v2\/types\/post"}],"author":[{"embeddable":true,"href":"https:\/\/www.manaus.am.gov.br\/semcom\/wp-json\/wp\/v2\/users\/39"}],"replies":[{"embeddable":true,"href":"https:\/\/www.manaus.am.gov.br\/semcom\/wp-json\/wp\/v2\/comments?post=238437"}],"version-history":[{"count":1,"href":"https:\/\/www.manaus.am.gov.br\/semcom\/wp-json\/wp\/v2\/posts\/238437\/revisions"}],"predecessor-version":[{"id":238440,"href":"https:\/\/www.manaus.am.gov.br\/semcom\/wp-json\/wp\/v2\/posts\/238437\/revisions\/238440"}],"wp:featuredmedia":[{"embeddable":true,"href":"https:\/\/www.manaus.am.gov.br\/semcom\/wp-json\/wp\/v2\/media\/238438"}],"wp:attachment":[{"href":"https:\/\/www.manaus.am.gov.br\/semcom\/wp-json\/wp\/v2\/media?parent=238437"}],"wp:term":[{"taxonomy":"category","embeddable":true,"href":"https:\/\/www.manaus.am.gov.br\/semcom\/wp-json\/wp\/v2\/categories?post=238437"},{"taxonomy":"post_tag","embeddable":true,"href":"https:\/\/www.manaus.am.gov.br\/semcom\/wp-json\/wp\/v2\/tags?post=238437"}],"curies":[{"name":"wp","href":"https:\/\/api.w.org\/{rel}","templated":true}]}}