{"id":238407,"date":"2025-05-02T17:31:17","date_gmt":"2025-05-02T20:31:17","guid":{"rendered":"https:\/\/www.manaus.am.gov.br\/semcom\/prefeito-regularizacaofundiaria-riopiorini\/"},"modified":"2025-05-02T17:31:19","modified_gmt":"2025-05-02T20:31:19","slug":"prefeito-regularizacaofundiaria-riopiorini","status":"publish","type":"post","link":"https:\/\/www.manaus.am.gov.br\/semcom\/prefeito-regularizacaofundiaria-riopiorini\/","title":{"rendered":"Prefeito David Almeida assina certid\u00f5es para regulariza\u00e7\u00e3o fundi\u00e1ria de 2.600 lotes da comunidade Rio Piorini"},"content":{"rendered":"\n<p>O prefeito de Manaus, David Almeida, assinou, nesta semana, a Certid\u00e3o de Regulariza\u00e7\u00e3o Fundi\u00e1ria (CRF) de 2.600 lotes da comunidade Rio Piorini, bairro Col\u00f4nia Terra Nova, zona Norte de Manaus. A medida integra o programa \u201cManaus Legal\u201d, coordenado pela Secretaria Municipal de Habita\u00e7\u00e3o e Assuntos Fundi\u00e1rios (Semhaf), que tem como objetivo garantir seguran\u00e7a jur\u00eddica para fam\u00edlias que ainda n\u00e3o possuem o t\u00edtulo definitivo de im\u00f3vel.<\/p>\n\n\n\n<p>O prefeito informou que, ap\u00f3s realizar a assinatura das CRFs, os documentos ser\u00e3o enviados para registro em cart\u00f3rio. &#8220;S\u00e3o 2.600 lotes regularizados pela prefeitura, que agora vamos enviar para o cart\u00f3rio, para que a gente possa fazer o registro de im\u00f3veis. Com o envio desse material para os cart\u00f3rios, n\u00f3s vamos ter o t\u00edtulo definitivo e o registro de im\u00f3veis em uma s\u00f3 a\u00e7\u00e3o. Ent\u00e3o, \u00e9 regulariza\u00e7\u00e3o fundi\u00e1ria, \u00e9 direito fundamental, \u00e9 trabalho da prefeitura&#8221;, disse o prefeito.<\/p>\n\n\n\n<p>Programa<\/p>\n\n\n\n<p>O programa \u201cManaus Legal\u201d, coordenado pela Semhaf, \u00e9 a maior iniciativa de regulariza\u00e7\u00e3o fundi\u00e1ria da regi\u00e3o Norte do Brasil, promovida pela Prefeitura de Manaus. O programa tem como miss\u00e3o garantir o direito \u00e0 moradia legalizada, assegurando dignidade, seguran\u00e7a jur\u00eddica, inclus\u00e3o social e valoriza\u00e7\u00e3o dos im\u00f3veis em \u00e1reas urbanas e rurais da cidade.<\/p>\n\n\n\n<p>Desde a cria\u00e7\u00e3o da Secretaria de Habita\u00e7\u00e3o e Assuntos Fundi\u00e1rios, o \u201cManaus Legal\u201d j\u00e1 regularizou mais de 7.000 im\u00f3veis, beneficiando diretamente milhares de fam\u00edlias com a entrega de t\u00edtulos definitivos de propriedade. Esse n\u00famero consolida Manaus como refer\u00eancia nacional em pol\u00edticas p\u00fablicas de regulariza\u00e7\u00e3o fundi\u00e1ria.<\/p>\n\n\n\n<p>A regulariza\u00e7\u00e3o fundi\u00e1ria traz diversos benef\u00edcios para as fam\u00edlias, al\u00e9m da seguran\u00e7a jur\u00eddica sobre a propriedade do im\u00f3vel, permite acesso a financiamentos habitacionais e linhas de cr\u00e9dito, valoriza\u00e7\u00e3o imobili\u00e1ria e desenvolvimento urbano, e a inclus\u00e3o em pol\u00edticas p\u00fablicas de habita\u00e7\u00e3o, infraestrutura e urbaniza\u00e7\u00e3o.<\/p>\n\n\n\n<p>Para participar do processo promovido pela Semhaf, o im\u00f3vel deve estar localizado em uma \u00e1rea atendida pelo programa. A secretaria realiza levantamentos topogr\u00e1ficos, vistorias t\u00e9cnicas, an\u00e1lise jur\u00eddica e social, garantindo que todo o processo seja realizado com seguran\u00e7a e transpar\u00eancia.<\/p>\n\n\n\n<p>O programa \u00e9 voltado, prioritariamente, para fam\u00edlias de baixa renda; ocupa\u00e7\u00f5es consolidadas em \u00e1reas p\u00fablicas ou privadas pass\u00edveis de regulariza\u00e7\u00e3o; im\u00f3veis situados em \u00e1reas urbanas ou rurais de interesse social, conforme previsto na legisla\u00e7\u00e3o de Regulariza\u00e7\u00e3o Fundi\u00e1ria Urbana (Reurb).<\/p>\n\n\n\n<p>&#8212; &#8212; &#8212;<\/p>\n\n\n\n<p><strong>Texto <\/strong>&#8211;\u00a0Geraldo Farias \/ Semcom e Divulga\u00e7\u00e3o \/ Semhaf\u00a0<\/p>\n","protected":false},"excerpt":{"rendered":"","protected":false},"author":23,"featured_media":238408,"comment_status":"closed","ping_status":"closed","sticky":false,"template":"","format":"standard","meta":{"footnotes":""},"categories":[2162],"tags":[14639,484,77,259,5352],"acf":[],"yoast_head":"<!-- This site is optimized with the Yoast SEO plugin v23.0 - https:\/\/yoast.com\/wordpress\/plugins\/seo\/ -->\n<title>Prefeito David Almeida assina certid\u00f5es para regulariza\u00e7\u00e3o fundi\u00e1ria de 2.600 lotes da comunidade Rio Piorini<\/title>\n<meta name=\"description\" content=\"O prefeito de Manaus, David Almeida, assinou, nesta semana, a Certid\u00e3o de Regulariza\u00e7\u00e3o Fundi\u00e1ria (CRF) de 2.600 lotes da comunidade Rio Piorini, bairro Col\u00f4nia Terra Nova, zona Norte de Manaus.\" \/>\n<meta name=\"robots\" content=\"index, follow, max-snippet:-1, max-image-preview:large, max-video-preview:-1\" \/>\n<link rel=\"canonical\" href=\"https:\/\/www.manaus.am.gov.br\/semcom\/prefeito-regularizacaofundiaria-riopiorini\/\" \/>\n<meta property=\"og:locale\" content=\"pt_BR\" \/>\n<meta property=\"og:type\" content=\"article\" \/>\n<meta property=\"og:title\" content=\"Prefeito David Almeida assina certid\u00f5es para regulariza\u00e7\u00e3o fundi\u00e1ria de 2.600 lotes da comunidade Rio Piorini\" \/>\n<meta property=\"og:description\" content=\"O prefeito de Manaus, David Almeida, assinou, nesta semana, a Certid\u00e3o de Regulariza\u00e7\u00e3o Fundi\u00e1ria (CRF) de 2.600 lotes da comunidade Rio Piorini, bairro Col\u00f4nia Terra Nova, zona Norte de Manaus.\" \/>\n<meta property=\"og:url\" content=\"https:\/\/www.manaus.am.gov.br\/semcom\/prefeito-regularizacaofundiaria-riopiorini\/\" \/>\n<meta property=\"og:site_name\" content=\"SEMCOM\" \/>\n<meta property=\"article:published_time\" content=\"2025-05-02T20:31:17+00:00\" \/>\n<meta property=\"article:modified_time\" content=\"2025-05-02T20:31:19+00:00\" \/>\n<meta property=\"og:image\" content=\"https:\/\/www.manaus.am.gov.br\/semcom\/wp-content\/uploads\/sites\/5\/2025\/05\/02-3-1024x576.png\" \/>\n\t<meta property=\"og:image:width\" content=\"1024\" \/>\n\t<meta property=\"og:image:height\" content=\"576\" \/>\n\t<meta property=\"og:image:type\" content=\"image\/png\" \/>\n<meta name=\"author\" content=\"Adriana Costa\" \/>\n<meta name=\"twitter:card\" content=\"summary_large_image\" \/>\n<meta name=\"twitter:label1\" content=\"Written by\" \/>\n\t<meta name=\"twitter:data1\" content=\"Adriana Costa\" \/>\n\t<meta name=\"twitter:label2\" content=\"Est. reading time\" \/>\n\t<meta name=\"twitter:data2\" content=\"3 minutos\" \/>\n<script type=\"application\/ld+json\" class=\"yoast-schema-graph\">{\"@context\":\"https:\/\/schema.org\",\"@graph\":[{\"@type\":\"WebPage\",\"@id\":\"https:\/\/www.manaus.am.gov.br\/semcom\/prefeito-regularizacaofundiaria-riopiorini\/\",\"url\":\"https:\/\/www.manaus.am.gov.br\/semcom\/prefeito-regularizacaofundiaria-riopiorini\/\",\"name\":\"Prefeito David Almeida assina certid\u00f5es para regulariza\u00e7\u00e3o fundi\u00e1ria de 2.600 lotes da comunidade Rio Piorini\",\"isPartOf\":{\"@id\":\"https:\/\/www.manaus.am.gov.br\/semcom\/#website\"},\"primaryImageOfPage\":{\"@id\":\"https:\/\/www.manaus.am.gov.br\/semcom\/prefeito-regularizacaofundiaria-riopiorini\/#primaryimage\"},\"image\":{\"@id\":\"https:\/\/www.manaus.am.gov.br\/semcom\/prefeito-regularizacaofundiaria-riopiorini\/#primaryimage\"},\"thumbnailUrl\":\"https:\/\/www.manaus.am.gov.br\/semcom\/wp-content\/uploads\/sites\/5\/2025\/05\/02-3.png\",\"datePublished\":\"2025-05-02T20:31:17+00:00\",\"dateModified\":\"2025-05-02T20:31:19+00:00\",\"author\":{\"@id\":\"https:\/\/www.manaus.am.gov.br\/semcom\/#\/schema\/person\/4e49f4e267757a06ca072ec61b2b9968\"},\"description\":\"O prefeito de Manaus, David Almeida, assinou, nesta semana, a Certid\u00e3o de Regulariza\u00e7\u00e3o Fundi\u00e1ria (CRF) de 2.600 lotes da comunidade Rio Piorini, bairro Col\u00f4nia Terra Nova, zona Norte de Manaus.\",\"inLanguage\":\"pt-BR\",\"potentialAction\":[{\"@type\":\"ReadAction\",\"target\":[\"https:\/\/www.manaus.am.gov.br\/semcom\/prefeito-regularizacaofundiaria-riopiorini\/\"]}]},{\"@type\":\"ImageObject\",\"inLanguage\":\"pt-BR\",\"@id\":\"https:\/\/www.manaus.am.gov.br\/semcom\/prefeito-regularizacaofundiaria-riopiorini\/#primaryimage\",\"url\":\"https:\/\/www.manaus.am.gov.br\/semcom\/wp-content\/uploads\/sites\/5\/2025\/05\/02-3.png\",\"contentUrl\":\"https:\/\/www.manaus.am.gov.br\/semcom\/wp-content\/uploads\/sites\/5\/2025\/05\/02-3.png\",\"width\":1920,\"height\":1080},{\"@type\":\"WebSite\",\"@id\":\"https:\/\/www.manaus.am.gov.br\/semcom\/#website\",\"url\":\"https:\/\/www.manaus.am.gov.br\/semcom\/\",\"name\":\"SEMCOM\",\"description\":\"Secretaria Municipal de Comunica\u00e7\u00e3o\",\"potentialAction\":[{\"@type\":\"SearchAction\",\"target\":{\"@type\":\"EntryPoint\",\"urlTemplate\":\"https:\/\/www.manaus.am.gov.br\/semcom\/?s={search_term_string}\"},\"query-input\":\"required name=search_term_string\"}],\"inLanguage\":\"pt-BR\"},{\"@type\":\"Person\",\"@id\":\"https:\/\/www.manaus.am.gov.br\/semcom\/#\/schema\/person\/4e49f4e267757a06ca072ec61b2b9968\",\"name\":\"Adriana Costa\",\"image\":{\"@type\":\"ImageObject\",\"inLanguage\":\"pt-BR\",\"@id\":\"https:\/\/www.manaus.am.gov.br\/semcom\/#\/schema\/person\/image\/\",\"url\":\"https:\/\/secure.gravatar.com\/avatar\/576258617ef7194f718179e766d57bd4?s=96&d=mm&r=g\",\"contentUrl\":\"https:\/\/secure.gravatar.com\/avatar\/576258617ef7194f718179e766d57bd4?s=96&d=mm&r=g\",\"caption\":\"Adriana Costa\"}}]}<\/script>\n<!-- \/ Yoast SEO plugin. -->","yoast_head_json":{"title":"Prefeito David Almeida assina certid\u00f5es para regulariza\u00e7\u00e3o fundi\u00e1ria de 2.600 lotes da comunidade Rio Piorini","description":"O prefeito de Manaus, David Almeida, assinou, nesta semana, a Certid\u00e3o de Regulariza\u00e7\u00e3o Fundi\u00e1ria (CRF) de 2.600 lotes da comunidade Rio Piorini, bairro Col\u00f4nia Terra Nova, zona Norte de Manaus.","robots":{"index":"index","follow":"follow","max-snippet":"max-snippet:-1","max-image-preview":"max-image-preview:large","max-video-preview":"max-video-preview:-1"},"canonical":"https:\/\/www.manaus.am.gov.br\/semcom\/prefeito-regularizacaofundiaria-riopiorini\/","og_locale":"pt_BR","og_type":"article","og_title":"Prefeito David Almeida assina certid\u00f5es para regulariza\u00e7\u00e3o fundi\u00e1ria de 2.600 lotes da comunidade Rio Piorini","og_description":"O prefeito de Manaus, David Almeida, assinou, nesta semana, a Certid\u00e3o de Regulariza\u00e7\u00e3o Fundi\u00e1ria (CRF) de 2.600 lotes da comunidade Rio Piorini, bairro Col\u00f4nia Terra Nova, zona Norte de Manaus.","og_url":"https:\/\/www.manaus.am.gov.br\/semcom\/prefeito-regularizacaofundiaria-riopiorini\/","og_site_name":"SEMCOM","article_published_time":"2025-05-02T20:31:17+00:00","article_modified_time":"2025-05-02T20:31:19+00:00","og_image":[{"width":1024,"height":576,"url":"https:\/\/www.manaus.am.gov.br\/semcom\/wp-content\/uploads\/sites\/5\/2025\/05\/02-3-1024x576.png","type":"image\/png"}],"author":"Adriana Costa","twitter_card":"summary_large_image","twitter_misc":{"Written by":"Adriana Costa","Est. reading time":"3 minutos"},"schema":{"@context":"https:\/\/schema.org","@graph":[{"@type":"WebPage","@id":"https:\/\/www.manaus.am.gov.br\/semcom\/prefeito-regularizacaofundiaria-riopiorini\/","url":"https:\/\/www.manaus.am.gov.br\/semcom\/prefeito-regularizacaofundiaria-riopiorini\/","name":"Prefeito David Almeida assina certid\u00f5es para regulariza\u00e7\u00e3o fundi\u00e1ria de 2.600 lotes da comunidade Rio Piorini","isPartOf":{"@id":"https:\/\/www.manaus.am.gov.br\/semcom\/#website"},"primaryImageOfPage":{"@id":"https:\/\/www.manaus.am.gov.br\/semcom\/prefeito-regularizacaofundiaria-riopiorini\/#primaryimage"},"image":{"@id":"https:\/\/www.manaus.am.gov.br\/semcom\/prefeito-regularizacaofundiaria-riopiorini\/#primaryimage"},"thumbnailUrl":"https:\/\/www.manaus.am.gov.br\/semcom\/wp-content\/uploads\/sites\/5\/2025\/05\/02-3.png","datePublished":"2025-05-02T20:31:17+00:00","dateModified":"2025-05-02T20:31:19+00:00","author":{"@id":"https:\/\/www.manaus.am.gov.br\/semcom\/#\/schema\/person\/4e49f4e267757a06ca072ec61b2b9968"},"description":"O prefeito de Manaus, David Almeida, assinou, nesta semana, a Certid\u00e3o de Regulariza\u00e7\u00e3o Fundi\u00e1ria (CRF) de 2.600 lotes da comunidade Rio Piorini, bairro Col\u00f4nia Terra Nova, zona Norte de Manaus.","inLanguage":"pt-BR","potentialAction":[{"@type":"ReadAction","target":["https:\/\/www.manaus.am.gov.br\/semcom\/prefeito-regularizacaofundiaria-riopiorini\/"]}]},{"@type":"ImageObject","inLanguage":"pt-BR","@id":"https:\/\/www.manaus.am.gov.br\/semcom\/prefeito-regularizacaofundiaria-riopiorini\/#primaryimage","url":"https:\/\/www.manaus.am.gov.br\/semcom\/wp-content\/uploads\/sites\/5\/2025\/05\/02-3.png","contentUrl":"https:\/\/www.manaus.am.gov.br\/semcom\/wp-content\/uploads\/sites\/5\/2025\/05\/02-3.png","width":1920,"height":1080},{"@type":"WebSite","@id":"https:\/\/www.manaus.am.gov.br\/semcom\/#website","url":"https:\/\/www.manaus.am.gov.br\/semcom\/","name":"SEMCOM","description":"Secretaria Municipal de Comunica\u00e7\u00e3o","potentialAction":[{"@type":"SearchAction","target":{"@type":"EntryPoint","urlTemplate":"https:\/\/www.manaus.am.gov.br\/semcom\/?s={search_term_string}"},"query-input":"required name=search_term_string"}],"inLanguage":"pt-BR"},{"@type":"Person","@id":"https:\/\/www.manaus.am.gov.br\/semcom\/#\/schema\/person\/4e49f4e267757a06ca072ec61b2b9968","name":"Adriana Costa","image":{"@type":"ImageObject","inLanguage":"pt-BR","@id":"https:\/\/www.manaus.am.gov.br\/semcom\/#\/schema\/person\/image\/","url":"https:\/\/secure.gravatar.com\/avatar\/576258617ef7194f718179e766d57bd4?s=96&d=mm&r=g","contentUrl":"https:\/\/secure.gravatar.com\/avatar\/576258617ef7194f718179e766d57bd4?s=96&d=mm&r=g","caption":"Adriana Costa"}}]}},"_links":{"self":[{"href":"https:\/\/www.manaus.am.gov.br\/semcom\/wp-json\/wp\/v2\/posts\/238407"}],"collection":[{"href":"https:\/\/www.manaus.am.gov.br\/semcom\/wp-json\/wp\/v2\/posts"}],"about":[{"href":"https:\/\/www.manaus.am.gov.br\/semcom\/wp-json\/wp\/v2\/types\/post"}],"author":[{"embeddable":true,"href":"https:\/\/www.manaus.am.gov.br\/semcom\/wp-json\/wp\/v2\/users\/23"}],"replies":[{"embeddable":true,"href":"https:\/\/www.manaus.am.gov.br\/semcom\/wp-json\/wp\/v2\/comments?post=238407"}],"version-history":[{"count":0,"href":"https:\/\/www.manaus.am.gov.br\/semcom\/wp-json\/wp\/v2\/posts\/238407\/revisions"}],"wp:featuredmedia":[{"embeddable":true,"href":"https:\/\/www.manaus.am.gov.br\/semcom\/wp-json\/wp\/v2\/media\/238408"}],"wp:attachment":[{"href":"https:\/\/www.manaus.am.gov.br\/semcom\/wp-json\/wp\/v2\/media?parent=238407"}],"wp:term":[{"taxonomy":"category","embeddable":true,"href":"https:\/\/www.manaus.am.gov.br\/semcom\/wp-json\/wp\/v2\/categories?post=238407"},{"taxonomy":"post_tag","embeddable":true,"href":"https:\/\/www.manaus.am.gov.br\/semcom\/wp-json\/wp\/v2\/tags?post=238407"}],"curies":[{"name":"wp","href":"https:\/\/api.w.org\/{rel}","templated":true}]}}