{"id":238400,"date":"2025-05-02T13:24:50","date_gmt":"2025-05-02T16:24:50","guid":{"rendered":"https:\/\/www.manaus.am.gov.br\/semcom\/prefeitura-semsa-pre-corrida\/"},"modified":"2025-05-02T13:36:47","modified_gmt":"2025-05-02T16:36:47","slug":"prefeitura-semsa-pre-corrida","status":"publish","type":"post","link":"https:\/\/www.manaus.am.gov.br\/semcom\/prefeitura-semsa-pre-corrida\/","title":{"rendered":"Atividades de sa\u00fade e bem-estar movimentam a agenda de pr\u00e9-corrida da prefeitura neste s\u00e1bado"},"content":{"rendered":"\n<p>Com servi\u00e7os e atividades variadas de sa\u00fade e bem-estar, a Prefeitura de Manaus, por meio da Secretaria Municipal de Sa\u00fade (Semsa), realiza, neste s\u00e1bado, 3\/5, das 8h30 \u00e0s 16h, uma agenda pr\u00e9via da 4\u00aa edi\u00e7\u00e3o da corrida de rua \u201cManaus em Movimento\u201d.<\/p>\n\n\n\n<p>As atividades ocorrem no mirante L\u00facia Almeida, no centro hist\u00f3rico da capital, onde tamb\u00e9m ocorre a entrega de kits dos corredores. O objetivo da programa\u00e7\u00e3o \u00e9 agregar o p\u00fablico em torno de pr\u00e1ticas e avalia\u00e7\u00f5es f\u00edsicas, como ioga, tai chi chuan, antropometria, bioimped\u00e2ncia, al\u00e9m de rodas de conversa sobre nutri\u00e7\u00e3o e sobre desafios e benef\u00edcios do exerc\u00edcio f\u00edsico regular para a sa\u00fade e a longevidade.<\/p>\n\n\n\n<p>Ainda no s\u00e1bado, \u00e0s 17h, encerrando a programa\u00e7\u00e3o do dia, a Semsa realiza, no entorno do mirante, a \u201cCorridinha\u201d, etapa mirim da corrida, voltada para crian\u00e7as e adolescentes de 2 a 12 anos. Os menores de at\u00e9 6 anos ir\u00e3o correr 100 metros e os de 7 a 12 ir\u00e3o correr 200 metros. A corridinha n\u00e3o ter\u00e1 car\u00e1ter competitivo e todas as crian\u00e7as receber\u00e3o medalhas de participa\u00e7\u00e3o.<\/p>\n\n\n\n<p>A titular da Semsa, Sh\u00e1dia Fraxe, explica que realizar as atividades e servi\u00e7os de sa\u00fade como programa\u00e7\u00e3o pr\u00e9via \u00e9 uma inova\u00e7\u00e3o deste ano para facilitar a participa\u00e7\u00e3o do p\u00fablico. \u201cQueremos oferecer aos que j\u00e1 s\u00e3o corredores e tamb\u00e9m aos que ainda n\u00e3o fazem atividade f\u00edsica alguns servi\u00e7os que v\u00e3o al\u00e9m da corrida, orientando, esclarecendo e estimulando a incorpora\u00e7\u00e3o do exerc\u00edcio e de h\u00e1bitos saud\u00e1veis no dia a dia\u201d.<\/p>\n\n\n\n<p>A programa\u00e7\u00e3o come\u00e7a com uma pr\u00e1tica de ioga para iniciantes, \u00e0s 8h30, conduzida pela m\u00e9dica Marina Mota. \u00c0s 10h, o educador f\u00edsico Lucas Wiggers e o nutricionista Lu\u00eds Rocildo Vieira e Silva iniciam um bate-papo sobre \u201cNutri\u00e7\u00e3o, Alimenta\u00e7\u00e3o e Atividade F\u00edsica\u201d com foco na potencializa\u00e7\u00e3o dos resultados.<\/p>\n\n\n\n<p>\u00c0 tarde, haver\u00e1 a roda de conversa \u201cHist\u00f3rias de Supera\u00e7\u00e3o e Inspira\u00e7\u00e3o\u201d, da qual participam a triatleta Bianca Guedes, o maratonista Pedro Panilha e a corredora cadeirante Marleide Sales. Eles ir\u00e3o contar sobre como a corrida teve efeitos ben\u00e9ficos nas duas trajet\u00f3rias de vida. A conversa come\u00e7a \u00e0s 15h e vai ser mediada pela secret\u00e1ria Sh\u00e1dia Fraxe.<\/p>\n\n\n\n<p>\u00c0s 16h, fechando as atividades f\u00edsicas, ser\u00e1 a vez da pr\u00e1tica de tai chi chuan com o educador f\u00edsico Lucas Wiggers.<\/p>\n\n\n\n<p>Al\u00e9m das conversas e pr\u00e1ticas, a Semsa vai oferecer, das 8h \u00e0s 12h e das 13h \u00e0s 16h, diversos servi\u00e7os em estandes localizados no primeiro piso do mirante. No local, haver\u00e1 oferta de bioimped\u00e2ncia, antropometria, auriculoterapia e massoterapia, al\u00e9m de distribui\u00e7\u00e3o de preservativos e aplica\u00e7\u00e3o de vacinas.<\/p>\n\n\n\n<p><strong>Kits<\/strong><\/p>\n\n\n\n<p>No s\u00e1bado, 3\/5, a Semsa tamb\u00e9m d\u00e1 continuidade \u00e0 entrega dos kits dos atletas inscritos na corrida. A entrega ser\u00e1 das 9h \u00e0s 16h e est\u00e1 condicionada \u00e0 doa\u00e7\u00e3o de uma lata de leite em p\u00f3 integral, de 380 gramas ou 400 gramas.<\/p>\n\n\n\n<p>O kit dos adultos \u00e9 composto por sacola, camiseta oficial da prova, n\u00famero do peito e medalha p\u00f3s-prova. J\u00e1 as crian\u00e7as receber\u00e3o sacochila, camiseta e medalha.<\/p>\n\n\n\n<p><strong>Corrida<\/strong><\/p>\n\n\n\n<p>A 4\u00aa edi\u00e7\u00e3o da corrida \u201cManaus em Movimento &#8211; Promovendo Sa\u00fade\u201d ter\u00e1 as provas de 5 quil\u00f4metros e 10 quil\u00f4metros realizadas no domingo, 4\/5, no complexo tur\u00edstico da Ponta Negra, zona Oeste da cidade. A largada dos 10 quil\u00f4metros ser\u00e1 no estacionamento recuado do complexo, \u00e0s 5h30. J\u00e1 na prova de 5 quil\u00f4metros, as pessoas com defici\u00eancia largam \u00e0s 5h38 e os demais corredores, \u00e0s 5h40.<\/p>\n\n\n\n<p>Os atletas que completarem a prova receber\u00e3o medalha e os tr\u00eas primeiros colocados nas categorias Individual Geral, Deficientes Visuais e Cadeirantes (feminino e masculino) e Equipe (maior n\u00famero de atletas que completarem a prova) receber\u00e3o trof\u00e9u.<\/p>\n\n\n\n<p>No total, a Prefeitura de Manaus ofereceu 5.000 vagas nesta edi\u00e7\u00e3o da corrida. Sh\u00e1dia Fraxe ressalta que o evento, que teve a primeira edi\u00e7\u00e3o em 2022, est\u00e1 consolidado como atividade complementar no contexto da Aten\u00e7\u00e3o Prim\u00e1ria, como estrat\u00e9gia de promo\u00e7\u00e3o da sa\u00fade para todas as idades. \u201cAl\u00e9m disso, nossa corrida j\u00e1 integra o calend\u00e1rio municipal de eventos e \u00e9 uma refer\u00eancia de sucesso, sendo uma das maiores corridas do Norte em n\u00famero de participantes\u201d.<\/p>\n\n\n\n<p>&#8212; &#8212; &#8212;<\/p>\n\n\n\n<p><strong>Texto<\/strong> &#8211; Andr\u00e9a Arruda\/Semsa<\/p>\n\n\n\n<p><strong>Fotos<\/strong> &#8211; Divulga\u00e7\u00e3o\/Semsa<\/p>\n","protected":false},"excerpt":{"rendered":"","protected":false},"author":23,"featured_media":238401,"comment_status":"closed","ping_status":"closed","sticky":false,"template":"","format":"standard","meta":{"footnotes":""},"categories":[4850],"tags":[14562,14643,77,162],"acf":[],"yoast_head":"<!-- This site is optimized with the Yoast SEO plugin v23.0 - https:\/\/yoast.com\/wordpress\/plugins\/seo\/ -->\n<title>Atividades de sa\u00fade e bem-estar movimentam a agenda de pr\u00e9-corrida da prefeitura neste s\u00e1bado<\/title>\n<meta name=\"description\" content=\"Com servi\u00e7os e atividades variadas de sa\u00fade e bem-estar, a Prefeitura de Manaus, por meio da Secretaria Municipal de Sa\u00fade (Semsa), realiza, neste s\u00e1bado, 3\/5, das 8h30 \u00e0s 16h, uma agenda pr\u00e9via da 4\u00aa edi\u00e7\u00e3o da corrida de rua \u201cManaus em Movimento\u201d.\" \/>\n<meta name=\"robots\" content=\"index, follow, max-snippet:-1, max-image-preview:large, max-video-preview:-1\" \/>\n<link rel=\"canonical\" href=\"https:\/\/www.manaus.am.gov.br\/semcom\/prefeitura-semsa-pre-corrida\/\" \/>\n<meta property=\"og:locale\" content=\"pt_BR\" \/>\n<meta property=\"og:type\" content=\"article\" \/>\n<meta property=\"og:title\" content=\"Atividades de sa\u00fade e bem-estar movimentam a agenda de pr\u00e9-corrida da prefeitura neste s\u00e1bado\" \/>\n<meta property=\"og:description\" content=\"Com servi\u00e7os e atividades variadas de sa\u00fade e bem-estar, a Prefeitura de Manaus, por meio da Secretaria Municipal de Sa\u00fade (Semsa), realiza, neste s\u00e1bado, 3\/5, das 8h30 \u00e0s 16h, uma agenda pr\u00e9via da 4\u00aa edi\u00e7\u00e3o da corrida de rua \u201cManaus em Movimento\u201d.\" \/>\n<meta property=\"og:url\" content=\"https:\/\/www.manaus.am.gov.br\/semcom\/prefeitura-semsa-pre-corrida\/\" \/>\n<meta property=\"og:site_name\" content=\"SEMCOM\" \/>\n<meta property=\"article:published_time\" content=\"2025-05-02T16:24:50+00:00\" \/>\n<meta property=\"article:modified_time\" content=\"2025-05-02T16:36:47+00:00\" \/>\n<meta property=\"og:image\" content=\"https:\/\/www.manaus.am.gov.br\/semcom\/wp-content\/uploads\/sites\/5\/2025\/05\/07ABR24_CORRIDA-MANAUS-EM-MOVIMENTO-III-EDICAO-PONTA-NEGRA-110.jpg\" \/>\n\t<meta property=\"og:image:width\" content=\"3000\" \/>\n\t<meta property=\"og:image:height\" content=\"2000\" \/>\n\t<meta property=\"og:image:type\" content=\"image\/jpeg\" \/>\n<meta name=\"author\" content=\"Adriana Costa\" \/>\n<meta name=\"twitter:card\" content=\"summary_large_image\" \/>\n<meta name=\"twitter:label1\" content=\"Written by\" \/>\n\t<meta name=\"twitter:data1\" content=\"Adriana Costa\" \/>\n\t<meta name=\"twitter:label2\" content=\"Est. reading time\" \/>\n\t<meta name=\"twitter:data2\" content=\"4 minutos\" \/>\n<script type=\"application\/ld+json\" class=\"yoast-schema-graph\">{\"@context\":\"https:\/\/schema.org\",\"@graph\":[{\"@type\":\"WebPage\",\"@id\":\"https:\/\/www.manaus.am.gov.br\/semcom\/prefeitura-semsa-pre-corrida\/\",\"url\":\"https:\/\/www.manaus.am.gov.br\/semcom\/prefeitura-semsa-pre-corrida\/\",\"name\":\"Atividades de sa\u00fade e bem-estar movimentam a agenda de pr\u00e9-corrida da prefeitura neste s\u00e1bado\",\"isPartOf\":{\"@id\":\"https:\/\/www.manaus.am.gov.br\/semcom\/#website\"},\"primaryImageOfPage\":{\"@id\":\"https:\/\/www.manaus.am.gov.br\/semcom\/prefeitura-semsa-pre-corrida\/#primaryimage\"},\"image\":{\"@id\":\"https:\/\/www.manaus.am.gov.br\/semcom\/prefeitura-semsa-pre-corrida\/#primaryimage\"},\"thumbnailUrl\":\"https:\/\/www.manaus.am.gov.br\/semcom\/wp-content\/uploads\/sites\/5\/2025\/05\/07ABR24_CORRIDA-MANAUS-EM-MOVIMENTO-III-EDICAO-PONTA-NEGRA-110.jpg\",\"datePublished\":\"2025-05-02T16:24:50+00:00\",\"dateModified\":\"2025-05-02T16:36:47+00:00\",\"author\":{\"@id\":\"https:\/\/www.manaus.am.gov.br\/semcom\/#\/schema\/person\/4e49f4e267757a06ca072ec61b2b9968\"},\"description\":\"Com servi\u00e7os e atividades variadas de sa\u00fade e bem-estar, a Prefeitura de Manaus, por meio da Secretaria Municipal de Sa\u00fade (Semsa), realiza, neste s\u00e1bado, 3\/5, das 8h30 \u00e0s 16h, uma agenda pr\u00e9via da 4\u00aa edi\u00e7\u00e3o da corrida de rua \u201cManaus em Movimento\u201d.\",\"inLanguage\":\"pt-BR\",\"potentialAction\":[{\"@type\":\"ReadAction\",\"target\":[\"https:\/\/www.manaus.am.gov.br\/semcom\/prefeitura-semsa-pre-corrida\/\"]}]},{\"@type\":\"ImageObject\",\"inLanguage\":\"pt-BR\",\"@id\":\"https:\/\/www.manaus.am.gov.br\/semcom\/prefeitura-semsa-pre-corrida\/#primaryimage\",\"url\":\"https:\/\/www.manaus.am.gov.br\/semcom\/wp-content\/uploads\/sites\/5\/2025\/05\/07ABR24_CORRIDA-MANAUS-EM-MOVIMENTO-III-EDICAO-PONTA-NEGRA-110.jpg\",\"contentUrl\":\"https:\/\/www.manaus.am.gov.br\/semcom\/wp-content\/uploads\/sites\/5\/2025\/05\/07ABR24_CORRIDA-MANAUS-EM-MOVIMENTO-III-EDICAO-PONTA-NEGRA-110.jpg\",\"width\":3000,\"height\":2000},{\"@type\":\"WebSite\",\"@id\":\"https:\/\/www.manaus.am.gov.br\/semcom\/#website\",\"url\":\"https:\/\/www.manaus.am.gov.br\/semcom\/\",\"name\":\"SEMCOM\",\"description\":\"Secretaria Municipal de Comunica\u00e7\u00e3o\",\"potentialAction\":[{\"@type\":\"SearchAction\",\"target\":{\"@type\":\"EntryPoint\",\"urlTemplate\":\"https:\/\/www.manaus.am.gov.br\/semcom\/?s={search_term_string}\"},\"query-input\":\"required name=search_term_string\"}],\"inLanguage\":\"pt-BR\"},{\"@type\":\"Person\",\"@id\":\"https:\/\/www.manaus.am.gov.br\/semcom\/#\/schema\/person\/4e49f4e267757a06ca072ec61b2b9968\",\"name\":\"Adriana Costa\",\"image\":{\"@type\":\"ImageObject\",\"inLanguage\":\"pt-BR\",\"@id\":\"https:\/\/www.manaus.am.gov.br\/semcom\/#\/schema\/person\/image\/\",\"url\":\"https:\/\/secure.gravatar.com\/avatar\/576258617ef7194f718179e766d57bd4?s=96&d=mm&r=g\",\"contentUrl\":\"https:\/\/secure.gravatar.com\/avatar\/576258617ef7194f718179e766d57bd4?s=96&d=mm&r=g\",\"caption\":\"Adriana Costa\"}}]}<\/script>\n<!-- \/ Yoast SEO plugin. -->","yoast_head_json":{"title":"Atividades de sa\u00fade e bem-estar movimentam a agenda de pr\u00e9-corrida da prefeitura neste s\u00e1bado","description":"Com servi\u00e7os e atividades variadas de sa\u00fade e bem-estar, a Prefeitura de Manaus, por meio da Secretaria Municipal de Sa\u00fade (Semsa), realiza, neste s\u00e1bado, 3\/5, das 8h30 \u00e0s 16h, uma agenda pr\u00e9via da 4\u00aa edi\u00e7\u00e3o da corrida de rua \u201cManaus em Movimento\u201d.","robots":{"index":"index","follow":"follow","max-snippet":"max-snippet:-1","max-image-preview":"max-image-preview:large","max-video-preview":"max-video-preview:-1"},"canonical":"https:\/\/www.manaus.am.gov.br\/semcom\/prefeitura-semsa-pre-corrida\/","og_locale":"pt_BR","og_type":"article","og_title":"Atividades de sa\u00fade e bem-estar movimentam a agenda de pr\u00e9-corrida da prefeitura neste s\u00e1bado","og_description":"Com servi\u00e7os e atividades variadas de sa\u00fade e bem-estar, a Prefeitura de Manaus, por meio da Secretaria Municipal de Sa\u00fade (Semsa), realiza, neste s\u00e1bado, 3\/5, das 8h30 \u00e0s 16h, uma agenda pr\u00e9via da 4\u00aa edi\u00e7\u00e3o da corrida de rua \u201cManaus em Movimento\u201d.","og_url":"https:\/\/www.manaus.am.gov.br\/semcom\/prefeitura-semsa-pre-corrida\/","og_site_name":"SEMCOM","article_published_time":"2025-05-02T16:24:50+00:00","article_modified_time":"2025-05-02T16:36:47+00:00","og_image":[{"width":3000,"height":2000,"url":"https:\/\/www.manaus.am.gov.br\/semcom\/wp-content\/uploads\/sites\/5\/2025\/05\/07ABR24_CORRIDA-MANAUS-EM-MOVIMENTO-III-EDICAO-PONTA-NEGRA-110.jpg","type":"image\/jpeg"}],"author":"Adriana Costa","twitter_card":"summary_large_image","twitter_misc":{"Written by":"Adriana Costa","Est. reading time":"4 minutos"},"schema":{"@context":"https:\/\/schema.org","@graph":[{"@type":"WebPage","@id":"https:\/\/www.manaus.am.gov.br\/semcom\/prefeitura-semsa-pre-corrida\/","url":"https:\/\/www.manaus.am.gov.br\/semcom\/prefeitura-semsa-pre-corrida\/","name":"Atividades de sa\u00fade e bem-estar movimentam a agenda de pr\u00e9-corrida da prefeitura neste s\u00e1bado","isPartOf":{"@id":"https:\/\/www.manaus.am.gov.br\/semcom\/#website"},"primaryImageOfPage":{"@id":"https:\/\/www.manaus.am.gov.br\/semcom\/prefeitura-semsa-pre-corrida\/#primaryimage"},"image":{"@id":"https:\/\/www.manaus.am.gov.br\/semcom\/prefeitura-semsa-pre-corrida\/#primaryimage"},"thumbnailUrl":"https:\/\/www.manaus.am.gov.br\/semcom\/wp-content\/uploads\/sites\/5\/2025\/05\/07ABR24_CORRIDA-MANAUS-EM-MOVIMENTO-III-EDICAO-PONTA-NEGRA-110.jpg","datePublished":"2025-05-02T16:24:50+00:00","dateModified":"2025-05-02T16:36:47+00:00","author":{"@id":"https:\/\/www.manaus.am.gov.br\/semcom\/#\/schema\/person\/4e49f4e267757a06ca072ec61b2b9968"},"description":"Com servi\u00e7os e atividades variadas de sa\u00fade e bem-estar, a Prefeitura de Manaus, por meio da Secretaria Municipal de Sa\u00fade (Semsa), realiza, neste s\u00e1bado, 3\/5, das 8h30 \u00e0s 16h, uma agenda pr\u00e9via da 4\u00aa edi\u00e7\u00e3o da corrida de rua \u201cManaus em Movimento\u201d.","inLanguage":"pt-BR","potentialAction":[{"@type":"ReadAction","target":["https:\/\/www.manaus.am.gov.br\/semcom\/prefeitura-semsa-pre-corrida\/"]}]},{"@type":"ImageObject","inLanguage":"pt-BR","@id":"https:\/\/www.manaus.am.gov.br\/semcom\/prefeitura-semsa-pre-corrida\/#primaryimage","url":"https:\/\/www.manaus.am.gov.br\/semcom\/wp-content\/uploads\/sites\/5\/2025\/05\/07ABR24_CORRIDA-MANAUS-EM-MOVIMENTO-III-EDICAO-PONTA-NEGRA-110.jpg","contentUrl":"https:\/\/www.manaus.am.gov.br\/semcom\/wp-content\/uploads\/sites\/5\/2025\/05\/07ABR24_CORRIDA-MANAUS-EM-MOVIMENTO-III-EDICAO-PONTA-NEGRA-110.jpg","width":3000,"height":2000},{"@type":"WebSite","@id":"https:\/\/www.manaus.am.gov.br\/semcom\/#website","url":"https:\/\/www.manaus.am.gov.br\/semcom\/","name":"SEMCOM","description":"Secretaria Municipal de Comunica\u00e7\u00e3o","potentialAction":[{"@type":"SearchAction","target":{"@type":"EntryPoint","urlTemplate":"https:\/\/www.manaus.am.gov.br\/semcom\/?s={search_term_string}"},"query-input":"required name=search_term_string"}],"inLanguage":"pt-BR"},{"@type":"Person","@id":"https:\/\/www.manaus.am.gov.br\/semcom\/#\/schema\/person\/4e49f4e267757a06ca072ec61b2b9968","name":"Adriana Costa","image":{"@type":"ImageObject","inLanguage":"pt-BR","@id":"https:\/\/www.manaus.am.gov.br\/semcom\/#\/schema\/person\/image\/","url":"https:\/\/secure.gravatar.com\/avatar\/576258617ef7194f718179e766d57bd4?s=96&d=mm&r=g","contentUrl":"https:\/\/secure.gravatar.com\/avatar\/576258617ef7194f718179e766d57bd4?s=96&d=mm&r=g","caption":"Adriana Costa"}}]}},"_links":{"self":[{"href":"https:\/\/www.manaus.am.gov.br\/semcom\/wp-json\/wp\/v2\/posts\/238400"}],"collection":[{"href":"https:\/\/www.manaus.am.gov.br\/semcom\/wp-json\/wp\/v2\/posts"}],"about":[{"href":"https:\/\/www.manaus.am.gov.br\/semcom\/wp-json\/wp\/v2\/types\/post"}],"author":[{"embeddable":true,"href":"https:\/\/www.manaus.am.gov.br\/semcom\/wp-json\/wp\/v2\/users\/23"}],"replies":[{"embeddable":true,"href":"https:\/\/www.manaus.am.gov.br\/semcom\/wp-json\/wp\/v2\/comments?post=238400"}],"version-history":[{"count":1,"href":"https:\/\/www.manaus.am.gov.br\/semcom\/wp-json\/wp\/v2\/posts\/238400\/revisions"}],"predecessor-version":[{"id":238402,"href":"https:\/\/www.manaus.am.gov.br\/semcom\/wp-json\/wp\/v2\/posts\/238400\/revisions\/238402"}],"wp:featuredmedia":[{"embeddable":true,"href":"https:\/\/www.manaus.am.gov.br\/semcom\/wp-json\/wp\/v2\/media\/238401"}],"wp:attachment":[{"href":"https:\/\/www.manaus.am.gov.br\/semcom\/wp-json\/wp\/v2\/media?parent=238400"}],"wp:term":[{"taxonomy":"category","embeddable":true,"href":"https:\/\/www.manaus.am.gov.br\/semcom\/wp-json\/wp\/v2\/categories?post=238400"},{"taxonomy":"post_tag","embeddable":true,"href":"https:\/\/www.manaus.am.gov.br\/semcom\/wp-json\/wp\/v2\/tags?post=238400"}],"curies":[{"name":"wp","href":"https:\/\/api.w.org\/{rel}","templated":true}]}}