{"id":238373,"date":"2025-04-30T22:52:45","date_gmt":"2025-05-01T01:52:45","guid":{"rendered":"https:\/\/www.manaus.am.gov.br\/semcom\/interacoes-nas-redes-sociais\/"},"modified":"2025-04-30T22:56:03","modified_gmt":"2025-05-01T01:56:03","slug":"interacoes-nas-redes-sociais","status":"publish","type":"post","link":"https:\/\/www.manaus.am.gov.br\/semcom\/interacoes-nas-redes-sociais\/","title":{"rendered":"Prefeitura de Manaus \u00e9 destaque nacional entre as institui\u00e7\u00f5es p\u00fablicas com mais intera\u00e7\u00f5es nas redes sociais"},"content":{"rendered":"\n<p>A <a href=\"https:\/\/www.manaus.am.gov.br\/semcom\/\">Secretaria Municipal de Comunica\u00e7\u00e3o (Semcom)<\/a> da <a href=\"https:\/\/www.instagram.com\/prefeiturademanaus\/\">Prefeitura de Manaus<\/a> foi reconhecida nacionalmente pelo trabalho de relacionamento da gest\u00e3o com os ve\u00edculos de comunica\u00e7\u00e3o e com a popula\u00e7\u00e3o, por meio de uma comunica\u00e7\u00e3o ativa nas redes sociais. Durante o evento WeGov, realizado nesta ter\u00e7a e quarta, 29 e 30 de abril, em Florian\u00f3polis (SC), a capital amazonense foi inclu\u00edda no Top 10 das institui\u00e7\u00f5es p\u00fablicas com mais intera\u00e7\u00f5es nas redes sociais em 2024, na categoria Executivo Municipal.<\/p>\n\n\n\n<p>O reconhecimento \u00e9 fruto do trabalho estrat\u00e9gico e integrado da equipe de comunica\u00e7\u00e3o da Prefeitura de Manaus, que utiliza as plataformas digitais como ferramenta de aproxima\u00e7\u00e3o, transpar\u00eancia e presta\u00e7\u00e3o de contas \u00e0 popula\u00e7\u00e3o. A certifica\u00e7\u00e3o foi recebida pela secret\u00e1ria municipal de Comunica\u00e7\u00e3o da Prefeitura de Manaus, Camila Silva, a coordenadora de redes sociais da prefeitura, Karen Mabel, a jornalista e consultora t\u00e9cnica, Emanuelle Baires, que representaram a equipe de comunica\u00e7\u00e3o da gest\u00e3o.<\/p>\n\n\n\n<p>\u201cEsse pr\u00eamio mostra que estamos no caminho certo. Nossa comunica\u00e7\u00e3o \u00e9 feita com responsabilidade, proximidade e compromisso com o cidad\u00e3o. \u00c9 por meio dela que conseguimos mostrar as entregas da nossa gest\u00e3o e dialogar diretamente com a popula\u00e7\u00e3o\u201d, destacou o prefeito David Almeida.<\/p>\n\n\n\n<p>A secret\u00e1ria municipal de Comunica\u00e7\u00e3o, Camila Silva, tamb\u00e9m celebrou o reconhecimento. \u201cEsse resultado reflete um trabalho di\u00e1rio de planejamento, monitoramento e escuta ativa. Utilizamos as redes sociais para fortalecer a imagem institucional, ampliar o alcance das a\u00e7\u00f5es da prefeitura e, principalmente, garantir que a popula\u00e7\u00e3o tenha acesso a informa\u00e7\u00f5es claras e seguras\u201d, afirmou.<\/p>\n\n\n\n<p>O certificado foi concedido pela Social Media Gov, plataforma especializada em an\u00e1lise e performance de institui\u00e7\u00f5es p\u00fablicas nas redes sociais. O levantamento considera crit\u00e9rios como engajamento, volume de intera\u00e7\u00f5es e alcance das publica\u00e7\u00f5es institucionais.<\/p>\n\n\n\n<p>O evento WeGov \u00e9 um dos principais encontros do pa\u00eds voltados para inova\u00e7\u00e3o e lideran\u00e7a no setor p\u00fablico, reunindo gestores, servidores e especialistas em comunica\u00e7\u00e3o, tecnologia e pol\u00edticas p\u00fablicas.<\/p>\n\n\n\n<p>&#8212; &#8212; &#8212;<\/p>\n\n\n\n<p><strong>Texto &#8211;<\/strong> Emanuelle Baires \/ Semcom<\/p>\n\n\n\n<p><strong>Fotos &#8211;<\/strong> Divulga\u00e7\u00e3o \/ WeGov<\/p>\n","protected":false},"excerpt":{"rendered":"","protected":false},"author":57,"featured_media":238374,"comment_status":"closed","ping_status":"closed","sticky":false,"template":"","format":"standard","meta":{"footnotes":""},"categories":[67],"tags":[35,77,1721,71],"acf":[],"yoast_head":"<!-- This site is optimized with the Yoast SEO plugin v23.0 - https:\/\/yoast.com\/wordpress\/plugins\/seo\/ -->\n<title>PMM \u00e9 destaque nacional com mais intera\u00e7\u00f5es nas redes sociais<\/title>\n<meta name=\"description\" content=\"A capital amazonense foi inclu\u00edda no Top 10 das institui\u00e7\u00f5es p\u00fablicas com mais intera\u00e7\u00f5es nas redes sociais em 2024.\" \/>\n<meta name=\"robots\" content=\"index, follow, max-snippet:-1, max-image-preview:large, max-video-preview:-1\" \/>\n<link rel=\"canonical\" href=\"https:\/\/www.manaus.am.gov.br\/semcom\/interacoes-nas-redes-sociais\/\" \/>\n<meta property=\"og:locale\" content=\"pt_BR\" \/>\n<meta property=\"og:type\" content=\"article\" \/>\n<meta property=\"og:title\" content=\"PMM \u00e9 destaque nacional com mais intera\u00e7\u00f5es nas redes sociais\" \/>\n<meta property=\"og:description\" content=\"A capital amazonense foi inclu\u00edda no Top 10 das institui\u00e7\u00f5es p\u00fablicas com mais intera\u00e7\u00f5es nas redes sociais em 2024.\" \/>\n<meta property=\"og:url\" content=\"https:\/\/www.manaus.am.gov.br\/semcom\/interacoes-nas-redes-sociais\/\" \/>\n<meta property=\"og:site_name\" content=\"SEMCOM\" \/>\n<meta property=\"article:published_time\" content=\"2025-05-01T01:52:45+00:00\" \/>\n<meta property=\"article:modified_time\" content=\"2025-05-01T01:56:03+00:00\" \/>\n<meta property=\"og:image\" content=\"https:\/\/www.manaus.am.gov.br\/semcom\/wp-content\/uploads\/sites\/5\/2025\/04\/mais-interacoes-nas-redes-sociais-2.jpeg\" \/>\n\t<meta property=\"og:image:width\" content=\"4160\" \/>\n\t<meta property=\"og:image:height\" content=\"4156\" \/>\n\t<meta property=\"og:image:type\" content=\"image\/jpeg\" \/>\n<meta name=\"author\" content=\"Thiago Fernando\" \/>\n<meta name=\"twitter:card\" content=\"summary_large_image\" \/>\n<meta name=\"twitter:label1\" content=\"Written by\" \/>\n\t<meta name=\"twitter:data1\" content=\"Thiago Fernando\" \/>\n\t<meta name=\"twitter:label2\" content=\"Est. reading time\" \/>\n\t<meta name=\"twitter:data2\" content=\"2 minutos\" \/>\n<script type=\"application\/ld+json\" class=\"yoast-schema-graph\">{\"@context\":\"https:\/\/schema.org\",\"@graph\":[{\"@type\":\"WebPage\",\"@id\":\"https:\/\/www.manaus.am.gov.br\/semcom\/interacoes-nas-redes-sociais\/\",\"url\":\"https:\/\/www.manaus.am.gov.br\/semcom\/interacoes-nas-redes-sociais\/\",\"name\":\"PMM \u00e9 destaque nacional com mais intera\u00e7\u00f5es nas redes sociais\",\"isPartOf\":{\"@id\":\"https:\/\/www.manaus.am.gov.br\/semcom\/#website\"},\"primaryImageOfPage\":{\"@id\":\"https:\/\/www.manaus.am.gov.br\/semcom\/interacoes-nas-redes-sociais\/#primaryimage\"},\"image\":{\"@id\":\"https:\/\/www.manaus.am.gov.br\/semcom\/interacoes-nas-redes-sociais\/#primaryimage\"},\"thumbnailUrl\":\"https:\/\/www.manaus.am.gov.br\/semcom\/wp-content\/uploads\/sites\/5\/2025\/04\/mais-interacoes-nas-redes-sociais-2.jpeg\",\"datePublished\":\"2025-05-01T01:52:45+00:00\",\"dateModified\":\"2025-05-01T01:56:03+00:00\",\"author\":{\"@id\":\"https:\/\/www.manaus.am.gov.br\/semcom\/#\/schema\/person\/a5ee5376db6e21af026374b369f30882\"},\"description\":\"A capital amazonense foi inclu\u00edda no Top 10 das institui\u00e7\u00f5es p\u00fablicas com mais intera\u00e7\u00f5es nas redes sociais em 2024.\",\"inLanguage\":\"pt-BR\",\"potentialAction\":[{\"@type\":\"ReadAction\",\"target\":[\"https:\/\/www.manaus.am.gov.br\/semcom\/interacoes-nas-redes-sociais\/\"]}]},{\"@type\":\"ImageObject\",\"inLanguage\":\"pt-BR\",\"@id\":\"https:\/\/www.manaus.am.gov.br\/semcom\/interacoes-nas-redes-sociais\/#primaryimage\",\"url\":\"https:\/\/www.manaus.am.gov.br\/semcom\/wp-content\/uploads\/sites\/5\/2025\/04\/mais-interacoes-nas-redes-sociais-2.jpeg\",\"contentUrl\":\"https:\/\/www.manaus.am.gov.br\/semcom\/wp-content\/uploads\/sites\/5\/2025\/04\/mais-interacoes-nas-redes-sociais-2.jpeg\",\"width\":4160,\"height\":4156,\"caption\":\"mais intera\u00e7\u00f5es nas redes sociais\"},{\"@type\":\"WebSite\",\"@id\":\"https:\/\/www.manaus.am.gov.br\/semcom\/#website\",\"url\":\"https:\/\/www.manaus.am.gov.br\/semcom\/\",\"name\":\"SEMCOM\",\"description\":\"Secretaria Municipal de Comunica\u00e7\u00e3o\",\"potentialAction\":[{\"@type\":\"SearchAction\",\"target\":{\"@type\":\"EntryPoint\",\"urlTemplate\":\"https:\/\/www.manaus.am.gov.br\/semcom\/?s={search_term_string}\"},\"query-input\":\"required name=search_term_string\"}],\"inLanguage\":\"pt-BR\"},{\"@type\":\"Person\",\"@id\":\"https:\/\/www.manaus.am.gov.br\/semcom\/#\/schema\/person\/a5ee5376db6e21af026374b369f30882\",\"name\":\"Thiago Fernando\",\"image\":{\"@type\":\"ImageObject\",\"inLanguage\":\"pt-BR\",\"@id\":\"https:\/\/www.manaus.am.gov.br\/semcom\/#\/schema\/person\/image\/\",\"url\":\"https:\/\/secure.gravatar.com\/avatar\/f5aab8722444041451501c077052ac07?s=96&d=mm&r=g\",\"contentUrl\":\"https:\/\/secure.gravatar.com\/avatar\/f5aab8722444041451501c077052ac07?s=96&d=mm&r=g\",\"caption\":\"Thiago Fernando\"}}]}<\/script>\n<!-- \/ Yoast SEO plugin. -->","yoast_head_json":{"title":"PMM \u00e9 destaque nacional com mais intera\u00e7\u00f5es nas redes sociais","description":"A capital amazonense foi inclu\u00edda no Top 10 das institui\u00e7\u00f5es p\u00fablicas com mais intera\u00e7\u00f5es nas redes sociais em 2024.","robots":{"index":"index","follow":"follow","max-snippet":"max-snippet:-1","max-image-preview":"max-image-preview:large","max-video-preview":"max-video-preview:-1"},"canonical":"https:\/\/www.manaus.am.gov.br\/semcom\/interacoes-nas-redes-sociais\/","og_locale":"pt_BR","og_type":"article","og_title":"PMM \u00e9 destaque nacional com mais intera\u00e7\u00f5es nas redes sociais","og_description":"A capital amazonense foi inclu\u00edda no Top 10 das institui\u00e7\u00f5es p\u00fablicas com mais intera\u00e7\u00f5es nas redes sociais em 2024.","og_url":"https:\/\/www.manaus.am.gov.br\/semcom\/interacoes-nas-redes-sociais\/","og_site_name":"SEMCOM","article_published_time":"2025-05-01T01:52:45+00:00","article_modified_time":"2025-05-01T01:56:03+00:00","og_image":[{"width":4160,"height":4156,"url":"https:\/\/www.manaus.am.gov.br\/semcom\/wp-content\/uploads\/sites\/5\/2025\/04\/mais-interacoes-nas-redes-sociais-2.jpeg","type":"image\/jpeg"}],"author":"Thiago Fernando","twitter_card":"summary_large_image","twitter_misc":{"Written by":"Thiago Fernando","Est. reading time":"2 minutos"},"schema":{"@context":"https:\/\/schema.org","@graph":[{"@type":"WebPage","@id":"https:\/\/www.manaus.am.gov.br\/semcom\/interacoes-nas-redes-sociais\/","url":"https:\/\/www.manaus.am.gov.br\/semcom\/interacoes-nas-redes-sociais\/","name":"PMM \u00e9 destaque nacional com mais intera\u00e7\u00f5es nas redes sociais","isPartOf":{"@id":"https:\/\/www.manaus.am.gov.br\/semcom\/#website"},"primaryImageOfPage":{"@id":"https:\/\/www.manaus.am.gov.br\/semcom\/interacoes-nas-redes-sociais\/#primaryimage"},"image":{"@id":"https:\/\/www.manaus.am.gov.br\/semcom\/interacoes-nas-redes-sociais\/#primaryimage"},"thumbnailUrl":"https:\/\/www.manaus.am.gov.br\/semcom\/wp-content\/uploads\/sites\/5\/2025\/04\/mais-interacoes-nas-redes-sociais-2.jpeg","datePublished":"2025-05-01T01:52:45+00:00","dateModified":"2025-05-01T01:56:03+00:00","author":{"@id":"https:\/\/www.manaus.am.gov.br\/semcom\/#\/schema\/person\/a5ee5376db6e21af026374b369f30882"},"description":"A capital amazonense foi inclu\u00edda no Top 10 das institui\u00e7\u00f5es p\u00fablicas com mais intera\u00e7\u00f5es nas redes sociais em 2024.","inLanguage":"pt-BR","potentialAction":[{"@type":"ReadAction","target":["https:\/\/www.manaus.am.gov.br\/semcom\/interacoes-nas-redes-sociais\/"]}]},{"@type":"ImageObject","inLanguage":"pt-BR","@id":"https:\/\/www.manaus.am.gov.br\/semcom\/interacoes-nas-redes-sociais\/#primaryimage","url":"https:\/\/www.manaus.am.gov.br\/semcom\/wp-content\/uploads\/sites\/5\/2025\/04\/mais-interacoes-nas-redes-sociais-2.jpeg","contentUrl":"https:\/\/www.manaus.am.gov.br\/semcom\/wp-content\/uploads\/sites\/5\/2025\/04\/mais-interacoes-nas-redes-sociais-2.jpeg","width":4160,"height":4156,"caption":"mais intera\u00e7\u00f5es nas redes sociais"},{"@type":"WebSite","@id":"https:\/\/www.manaus.am.gov.br\/semcom\/#website","url":"https:\/\/www.manaus.am.gov.br\/semcom\/","name":"SEMCOM","description":"Secretaria Municipal de Comunica\u00e7\u00e3o","potentialAction":[{"@type":"SearchAction","target":{"@type":"EntryPoint","urlTemplate":"https:\/\/www.manaus.am.gov.br\/semcom\/?s={search_term_string}"},"query-input":"required name=search_term_string"}],"inLanguage":"pt-BR"},{"@type":"Person","@id":"https:\/\/www.manaus.am.gov.br\/semcom\/#\/schema\/person\/a5ee5376db6e21af026374b369f30882","name":"Thiago Fernando","image":{"@type":"ImageObject","inLanguage":"pt-BR","@id":"https:\/\/www.manaus.am.gov.br\/semcom\/#\/schema\/person\/image\/","url":"https:\/\/secure.gravatar.com\/avatar\/f5aab8722444041451501c077052ac07?s=96&d=mm&r=g","contentUrl":"https:\/\/secure.gravatar.com\/avatar\/f5aab8722444041451501c077052ac07?s=96&d=mm&r=g","caption":"Thiago Fernando"}}]}},"_links":{"self":[{"href":"https:\/\/www.manaus.am.gov.br\/semcom\/wp-json\/wp\/v2\/posts\/238373"}],"collection":[{"href":"https:\/\/www.manaus.am.gov.br\/semcom\/wp-json\/wp\/v2\/posts"}],"about":[{"href":"https:\/\/www.manaus.am.gov.br\/semcom\/wp-json\/wp\/v2\/types\/post"}],"author":[{"embeddable":true,"href":"https:\/\/www.manaus.am.gov.br\/semcom\/wp-json\/wp\/v2\/users\/57"}],"replies":[{"embeddable":true,"href":"https:\/\/www.manaus.am.gov.br\/semcom\/wp-json\/wp\/v2\/comments?post=238373"}],"version-history":[{"count":1,"href":"https:\/\/www.manaus.am.gov.br\/semcom\/wp-json\/wp\/v2\/posts\/238373\/revisions"}],"predecessor-version":[{"id":238375,"href":"https:\/\/www.manaus.am.gov.br\/semcom\/wp-json\/wp\/v2\/posts\/238373\/revisions\/238375"}],"wp:featuredmedia":[{"embeddable":true,"href":"https:\/\/www.manaus.am.gov.br\/semcom\/wp-json\/wp\/v2\/media\/238374"}],"wp:attachment":[{"href":"https:\/\/www.manaus.am.gov.br\/semcom\/wp-json\/wp\/v2\/media?parent=238373"}],"wp:term":[{"taxonomy":"category","embeddable":true,"href":"https:\/\/www.manaus.am.gov.br\/semcom\/wp-json\/wp\/v2\/categories?post=238373"},{"taxonomy":"post_tag","embeddable":true,"href":"https:\/\/www.manaus.am.gov.br\/semcom\/wp-json\/wp\/v2\/tags?post=238373"}],"curies":[{"name":"wp","href":"https:\/\/api.w.org\/{rel}","templated":true}]}}