{"id":238333,"date":"2025-04-30T15:33:43","date_gmt":"2025-04-30T18:33:43","guid":{"rendered":"https:\/\/www.manaus.am.gov.br\/semcom\/prefeitura-semulsp-bazar\/"},"modified":"2025-04-30T15:33:45","modified_gmt":"2025-04-30T18:33:45","slug":"prefeitura-semulsp-bazar","status":"publish","type":"post","link":"https:\/\/www.manaus.am.gov.br\/semcom\/prefeitura-semulsp-bazar\/","title":{"rendered":"Prefeitura de Manaus estimula empreendedorismo como ferramenta de inclus\u00e3o social"},"content":{"rendered":"\n<p>A Prefeitura de Manaus tem intensificado a\u00e7\u00f5es para fomentar o empreendedorismo como meio de promover inclus\u00e3o social e gera\u00e7\u00e3o de renda. Por meio de programas e eventos organizados por diversas secretarias, a gest\u00e3o municipal busca oferecer oportunidades, para que servidores e cidad\u00e3os desenvolvam atividades empreendedoras, fortalecendo a economia local e promovendo a autonomia financeira.<\/p>\n\n\n\n<p>Um exemplo not\u00e1vel dessa pol\u00edtica \u00e9 o \u201cBazar da Drica\u201d, iniciativa da Secretaria Municipal de Limpeza Urbana (Semulsp), que ocorre mensalmente na \u00e1rea de conviv\u00eancia do viveiro da secretaria. Idealizado pela servidora Adriana Melo, o bazar re\u00fane empreendedores de diversos segmentos, como cal\u00e7ados, bolsas, cosm\u00e9ticos, bijuterias, acess\u00f3rios e artesanato, oferecendo produtos a pre\u00e7os acess\u00edveis para os servidores, sem que precisem se deslocar do local de trabalho.<\/p>\n\n\n\n<p>&#8220;O Bazar da Drica tem quatro anos de exist\u00eancia. Come\u00e7ou como um bazar acolhedor, onde trabalhamos com a maioria das expositoras, que s\u00e3o mulheres, m\u00e3es solo, mulheres que passaram por problemas oncol\u00f3gicos. Hoje, este bazar \u00e9 um espa\u00e7o inclusivo, atendendo v\u00e1rios pontos de Manaus, inclusive as empresas do Distrito. Na Semulsp, resolvemos trazer o \u2018Bazar da Drica\u2019, para que todos os servidores que j\u00e1 trabalham com algum tipo de artigo possam ter essa oportunidade. N\u00e3o \u00e9 cobrada taxa, \u00e9 um trabalho maravilhoso, onde procuramos atender todos da melhor forma poss\u00edvel&#8221;, destaca Adriana Melo.<\/p>\n\n\n\n<p>Os produtos oferecidos no bazar s\u00e3o variados e acess\u00edveis. Por exemplo, uma bolsa que normalmente custa R$ 180, em uma loja, pode ser adquirida por R$ 90 a R$ 100 no Bazar da Drica. Al\u00e9m disso, h\u00e1 op\u00e7\u00f5es de bolsas seminovas por R$ 30, tornando o evento uma excelente oportunidade para compras econ\u00f4micas.<\/p>\n\n\n\n<p>O secret\u00e1rio da Semulsp, Sab\u00e1 Reis, ressalta a import\u00e2ncia de iniciativas como o \u201cBazar da Drica\u201d para a valoriza\u00e7\u00e3o dos servidores e o fortalecimento da comunidade.<\/p>\n\n\n\n<p>&#8220;Receber esses eventos n\u00e3o \u00e9 apenas um gesto de apoio, mas tamb\u00e9m uma forma de promover a integra\u00e7\u00e3o dos servidores da Semulsp. Todos saem ganhando: quem vende, quem compra e quem fortalece o esp\u00edrito de uni\u00e3o&#8221;, afirmou o secret\u00e1rio Sab\u00e1 Reis.<\/p>\n\n\n\n<p>A Prefeitura de Manaus, por meio de a\u00e7\u00f5es como o \u201cBazar da Drica\u201d, reafirma seu compromisso com o incentivo ao empreendedorismo e \u00e0 inclus\u00e3o social, proporcionando aos servidores e \u00e0 comunidade oportunidades de crescimento econ\u00f4mico e pessoal.<\/p>\n\n\n\n<p>&#8212; &#8212; &#8212;<\/p>\n\n\n\n<p><strong>Texto e fotos &#8211;<\/strong>\u00a0Dora Tupinamb\u00e1\/Semulsp\u00a0<\/p>\n","protected":false},"excerpt":{"rendered":"","protected":false},"author":23,"featured_media":238334,"comment_status":"closed","ping_status":"closed","sticky":false,"template":"","format":"standard","meta":{"footnotes":""},"categories":[24],"tags":[14621,380,77,301],"acf":[],"yoast_head":"<!-- This site is optimized with the Yoast SEO plugin v23.0 - https:\/\/yoast.com\/wordpress\/plugins\/seo\/ -->\n<title>Prefeitura de Manaus estimula empreendedorismo como ferramenta de inclus\u00e3o social<\/title>\n<meta name=\"description\" content=\"A Prefeitura de Manaus tem intensificado a\u00e7\u00f5es para fomentar o empreendedorismo como meio de promover inclus\u00e3o social e gera\u00e7\u00e3o de renda. Por meio de programas e eventos organizados por diversas secretarias, a gest\u00e3o municipal busca oferecer oportunidades, para que servidores e cidad\u00e3os desenvolvam atividades empreendedoras, fortalecendo a economia local e promovendo a autonomia financeira.\" \/>\n<meta name=\"robots\" content=\"index, follow, max-snippet:-1, max-image-preview:large, max-video-preview:-1\" \/>\n<link rel=\"canonical\" href=\"https:\/\/www.manaus.am.gov.br\/semcom\/prefeitura-semulsp-bazar\/\" \/>\n<meta property=\"og:locale\" content=\"pt_BR\" \/>\n<meta property=\"og:type\" content=\"article\" \/>\n<meta property=\"og:title\" content=\"Prefeitura de Manaus estimula empreendedorismo como ferramenta de inclus\u00e3o social\" \/>\n<meta property=\"og:description\" content=\"A Prefeitura de Manaus tem intensificado a\u00e7\u00f5es para fomentar o empreendedorismo como meio de promover inclus\u00e3o social e gera\u00e7\u00e3o de renda. Por meio de programas e eventos organizados por diversas secretarias, a gest\u00e3o municipal busca oferecer oportunidades, para que servidores e cidad\u00e3os desenvolvam atividades empreendedoras, fortalecendo a economia local e promovendo a autonomia financeira.\" \/>\n<meta property=\"og:url\" content=\"https:\/\/www.manaus.am.gov.br\/semcom\/prefeitura-semulsp-bazar\/\" \/>\n<meta property=\"og:site_name\" content=\"SEMCOM\" \/>\n<meta property=\"article:published_time\" content=\"2025-04-30T18:33:43+00:00\" \/>\n<meta property=\"article:modified_time\" content=\"2025-04-30T18:33:45+00:00\" \/>\n<meta property=\"og:image\" content=\"https:\/\/www.manaus.am.gov.br\/semcom\/wp-content\/uploads\/sites\/5\/2025\/04\/WhatsApp-Image-2025-04-30-at-14.08.20-2.jpeg\" \/>\n\t<meta property=\"og:image:width\" content=\"1600\" \/>\n\t<meta property=\"og:image:height\" content=\"739\" \/>\n\t<meta property=\"og:image:type\" content=\"image\/jpeg\" \/>\n<meta name=\"author\" content=\"Adriana Costa\" \/>\n<meta name=\"twitter:card\" content=\"summary_large_image\" \/>\n<meta name=\"twitter:label1\" content=\"Written by\" \/>\n\t<meta name=\"twitter:data1\" content=\"Adriana Costa\" \/>\n\t<meta name=\"twitter:label2\" content=\"Est. reading time\" \/>\n\t<meta name=\"twitter:data2\" content=\"3 minutos\" \/>\n<script type=\"application\/ld+json\" class=\"yoast-schema-graph\">{\"@context\":\"https:\/\/schema.org\",\"@graph\":[{\"@type\":\"WebPage\",\"@id\":\"https:\/\/www.manaus.am.gov.br\/semcom\/prefeitura-semulsp-bazar\/\",\"url\":\"https:\/\/www.manaus.am.gov.br\/semcom\/prefeitura-semulsp-bazar\/\",\"name\":\"Prefeitura de Manaus estimula empreendedorismo como ferramenta de inclus\u00e3o social\",\"isPartOf\":{\"@id\":\"https:\/\/www.manaus.am.gov.br\/semcom\/#website\"},\"primaryImageOfPage\":{\"@id\":\"https:\/\/www.manaus.am.gov.br\/semcom\/prefeitura-semulsp-bazar\/#primaryimage\"},\"image\":{\"@id\":\"https:\/\/www.manaus.am.gov.br\/semcom\/prefeitura-semulsp-bazar\/#primaryimage\"},\"thumbnailUrl\":\"https:\/\/www.manaus.am.gov.br\/semcom\/wp-content\/uploads\/sites\/5\/2025\/04\/WhatsApp-Image-2025-04-30-at-14.08.20-2.jpeg\",\"datePublished\":\"2025-04-30T18:33:43+00:00\",\"dateModified\":\"2025-04-30T18:33:45+00:00\",\"author\":{\"@id\":\"https:\/\/www.manaus.am.gov.br\/semcom\/#\/schema\/person\/4e49f4e267757a06ca072ec61b2b9968\"},\"description\":\"A Prefeitura de Manaus tem intensificado a\u00e7\u00f5es para fomentar o empreendedorismo como meio de promover inclus\u00e3o social e gera\u00e7\u00e3o de renda. Por meio de programas e eventos organizados por diversas secretarias, a gest\u00e3o municipal busca oferecer oportunidades, para que servidores e cidad\u00e3os desenvolvam atividades empreendedoras, fortalecendo a economia local e promovendo a autonomia financeira.\",\"inLanguage\":\"pt-BR\",\"potentialAction\":[{\"@type\":\"ReadAction\",\"target\":[\"https:\/\/www.manaus.am.gov.br\/semcom\/prefeitura-semulsp-bazar\/\"]}]},{\"@type\":\"ImageObject\",\"inLanguage\":\"pt-BR\",\"@id\":\"https:\/\/www.manaus.am.gov.br\/semcom\/prefeitura-semulsp-bazar\/#primaryimage\",\"url\":\"https:\/\/www.manaus.am.gov.br\/semcom\/wp-content\/uploads\/sites\/5\/2025\/04\/WhatsApp-Image-2025-04-30-at-14.08.20-2.jpeg\",\"contentUrl\":\"https:\/\/www.manaus.am.gov.br\/semcom\/wp-content\/uploads\/sites\/5\/2025\/04\/WhatsApp-Image-2025-04-30-at-14.08.20-2.jpeg\",\"width\":1600,\"height\":739},{\"@type\":\"WebSite\",\"@id\":\"https:\/\/www.manaus.am.gov.br\/semcom\/#website\",\"url\":\"https:\/\/www.manaus.am.gov.br\/semcom\/\",\"name\":\"SEMCOM\",\"description\":\"Secretaria Municipal de Comunica\u00e7\u00e3o\",\"potentialAction\":[{\"@type\":\"SearchAction\",\"target\":{\"@type\":\"EntryPoint\",\"urlTemplate\":\"https:\/\/www.manaus.am.gov.br\/semcom\/?s={search_term_string}\"},\"query-input\":\"required name=search_term_string\"}],\"inLanguage\":\"pt-BR\"},{\"@type\":\"Person\",\"@id\":\"https:\/\/www.manaus.am.gov.br\/semcom\/#\/schema\/person\/4e49f4e267757a06ca072ec61b2b9968\",\"name\":\"Adriana Costa\",\"image\":{\"@type\":\"ImageObject\",\"inLanguage\":\"pt-BR\",\"@id\":\"https:\/\/www.manaus.am.gov.br\/semcom\/#\/schema\/person\/image\/\",\"url\":\"https:\/\/secure.gravatar.com\/avatar\/576258617ef7194f718179e766d57bd4?s=96&d=mm&r=g\",\"contentUrl\":\"https:\/\/secure.gravatar.com\/avatar\/576258617ef7194f718179e766d57bd4?s=96&d=mm&r=g\",\"caption\":\"Adriana Costa\"}}]}<\/script>\n<!-- \/ Yoast SEO plugin. -->","yoast_head_json":{"title":"Prefeitura de Manaus estimula empreendedorismo como ferramenta de inclus\u00e3o social","description":"A Prefeitura de Manaus tem intensificado a\u00e7\u00f5es para fomentar o empreendedorismo como meio de promover inclus\u00e3o social e gera\u00e7\u00e3o de renda. Por meio de programas e eventos organizados por diversas secretarias, a gest\u00e3o municipal busca oferecer oportunidades, para que servidores e cidad\u00e3os desenvolvam atividades empreendedoras, fortalecendo a economia local e promovendo a autonomia financeira.","robots":{"index":"index","follow":"follow","max-snippet":"max-snippet:-1","max-image-preview":"max-image-preview:large","max-video-preview":"max-video-preview:-1"},"canonical":"https:\/\/www.manaus.am.gov.br\/semcom\/prefeitura-semulsp-bazar\/","og_locale":"pt_BR","og_type":"article","og_title":"Prefeitura de Manaus estimula empreendedorismo como ferramenta de inclus\u00e3o social","og_description":"A Prefeitura de Manaus tem intensificado a\u00e7\u00f5es para fomentar o empreendedorismo como meio de promover inclus\u00e3o social e gera\u00e7\u00e3o de renda. Por meio de programas e eventos organizados por diversas secretarias, a gest\u00e3o municipal busca oferecer oportunidades, para que servidores e cidad\u00e3os desenvolvam atividades empreendedoras, fortalecendo a economia local e promovendo a autonomia financeira.","og_url":"https:\/\/www.manaus.am.gov.br\/semcom\/prefeitura-semulsp-bazar\/","og_site_name":"SEMCOM","article_published_time":"2025-04-30T18:33:43+00:00","article_modified_time":"2025-04-30T18:33:45+00:00","og_image":[{"width":1600,"height":739,"url":"https:\/\/www.manaus.am.gov.br\/semcom\/wp-content\/uploads\/sites\/5\/2025\/04\/WhatsApp-Image-2025-04-30-at-14.08.20-2.jpeg","type":"image\/jpeg"}],"author":"Adriana Costa","twitter_card":"summary_large_image","twitter_misc":{"Written by":"Adriana Costa","Est. reading time":"3 minutos"},"schema":{"@context":"https:\/\/schema.org","@graph":[{"@type":"WebPage","@id":"https:\/\/www.manaus.am.gov.br\/semcom\/prefeitura-semulsp-bazar\/","url":"https:\/\/www.manaus.am.gov.br\/semcom\/prefeitura-semulsp-bazar\/","name":"Prefeitura de Manaus estimula empreendedorismo como ferramenta de inclus\u00e3o social","isPartOf":{"@id":"https:\/\/www.manaus.am.gov.br\/semcom\/#website"},"primaryImageOfPage":{"@id":"https:\/\/www.manaus.am.gov.br\/semcom\/prefeitura-semulsp-bazar\/#primaryimage"},"image":{"@id":"https:\/\/www.manaus.am.gov.br\/semcom\/prefeitura-semulsp-bazar\/#primaryimage"},"thumbnailUrl":"https:\/\/www.manaus.am.gov.br\/semcom\/wp-content\/uploads\/sites\/5\/2025\/04\/WhatsApp-Image-2025-04-30-at-14.08.20-2.jpeg","datePublished":"2025-04-30T18:33:43+00:00","dateModified":"2025-04-30T18:33:45+00:00","author":{"@id":"https:\/\/www.manaus.am.gov.br\/semcom\/#\/schema\/person\/4e49f4e267757a06ca072ec61b2b9968"},"description":"A Prefeitura de Manaus tem intensificado a\u00e7\u00f5es para fomentar o empreendedorismo como meio de promover inclus\u00e3o social e gera\u00e7\u00e3o de renda. Por meio de programas e eventos organizados por diversas secretarias, a gest\u00e3o municipal busca oferecer oportunidades, para que servidores e cidad\u00e3os desenvolvam atividades empreendedoras, fortalecendo a economia local e promovendo a autonomia financeira.","inLanguage":"pt-BR","potentialAction":[{"@type":"ReadAction","target":["https:\/\/www.manaus.am.gov.br\/semcom\/prefeitura-semulsp-bazar\/"]}]},{"@type":"ImageObject","inLanguage":"pt-BR","@id":"https:\/\/www.manaus.am.gov.br\/semcom\/prefeitura-semulsp-bazar\/#primaryimage","url":"https:\/\/www.manaus.am.gov.br\/semcom\/wp-content\/uploads\/sites\/5\/2025\/04\/WhatsApp-Image-2025-04-30-at-14.08.20-2.jpeg","contentUrl":"https:\/\/www.manaus.am.gov.br\/semcom\/wp-content\/uploads\/sites\/5\/2025\/04\/WhatsApp-Image-2025-04-30-at-14.08.20-2.jpeg","width":1600,"height":739},{"@type":"WebSite","@id":"https:\/\/www.manaus.am.gov.br\/semcom\/#website","url":"https:\/\/www.manaus.am.gov.br\/semcom\/","name":"SEMCOM","description":"Secretaria Municipal de Comunica\u00e7\u00e3o","potentialAction":[{"@type":"SearchAction","target":{"@type":"EntryPoint","urlTemplate":"https:\/\/www.manaus.am.gov.br\/semcom\/?s={search_term_string}"},"query-input":"required name=search_term_string"}],"inLanguage":"pt-BR"},{"@type":"Person","@id":"https:\/\/www.manaus.am.gov.br\/semcom\/#\/schema\/person\/4e49f4e267757a06ca072ec61b2b9968","name":"Adriana Costa","image":{"@type":"ImageObject","inLanguage":"pt-BR","@id":"https:\/\/www.manaus.am.gov.br\/semcom\/#\/schema\/person\/image\/","url":"https:\/\/secure.gravatar.com\/avatar\/576258617ef7194f718179e766d57bd4?s=96&d=mm&r=g","contentUrl":"https:\/\/secure.gravatar.com\/avatar\/576258617ef7194f718179e766d57bd4?s=96&d=mm&r=g","caption":"Adriana Costa"}}]}},"_links":{"self":[{"href":"https:\/\/www.manaus.am.gov.br\/semcom\/wp-json\/wp\/v2\/posts\/238333"}],"collection":[{"href":"https:\/\/www.manaus.am.gov.br\/semcom\/wp-json\/wp\/v2\/posts"}],"about":[{"href":"https:\/\/www.manaus.am.gov.br\/semcom\/wp-json\/wp\/v2\/types\/post"}],"author":[{"embeddable":true,"href":"https:\/\/www.manaus.am.gov.br\/semcom\/wp-json\/wp\/v2\/users\/23"}],"replies":[{"embeddable":true,"href":"https:\/\/www.manaus.am.gov.br\/semcom\/wp-json\/wp\/v2\/comments?post=238333"}],"version-history":[{"count":0,"href":"https:\/\/www.manaus.am.gov.br\/semcom\/wp-json\/wp\/v2\/posts\/238333\/revisions"}],"wp:featuredmedia":[{"embeddable":true,"href":"https:\/\/www.manaus.am.gov.br\/semcom\/wp-json\/wp\/v2\/media\/238334"}],"wp:attachment":[{"href":"https:\/\/www.manaus.am.gov.br\/semcom\/wp-json\/wp\/v2\/media?parent=238333"}],"wp:term":[{"taxonomy":"category","embeddable":true,"href":"https:\/\/www.manaus.am.gov.br\/semcom\/wp-json\/wp\/v2\/categories?post=238333"},{"taxonomy":"post_tag","embeddable":true,"href":"https:\/\/www.manaus.am.gov.br\/semcom\/wp-json\/wp\/v2\/tags?post=238333"}],"curies":[{"name":"wp","href":"https:\/\/api.w.org\/{rel}","templated":true}]}}