{"id":238242,"date":"2025-04-29T12:03:09","date_gmt":"2025-04-29T15:03:09","guid":{"rendered":"https:\/\/www.manaus.am.gov.br\/semcom\/links-participacao-popular-seminario-nosso-centro\/"},"modified":"2025-04-29T12:03:10","modified_gmt":"2025-04-29T15:03:10","slug":"links-participacao-popular-seminario-nosso-centro","status":"publish","type":"post","link":"https:\/\/www.manaus.am.gov.br\/semcom\/links-participacao-popular-seminario-nosso-centro\/","title":{"rendered":"Prefeitura de Manaus divulga links para participa\u00e7\u00e3o popular ap\u00f3s o semin\u00e1rio \u2018Nosso Centro\u2019"},"content":{"rendered":"\n<p>At\u00e9 o dia 7\/5, a Prefeitura de Manaus estar\u00e1 recebendo contribui\u00e7\u00f5es populares da sociedade civil organizada e do p\u00fablico em geral para o semin\u00e1rio \u201cNosso Centro \u2013 Desafios e Solu\u00e7\u00f5es\u201d, evento realizado pela gest\u00e3o municipal, por meio do Comit\u00ea de Melhorias do Ambiente de Neg\u00f3cios de Manaus (CMANM), da Secretaria Municipal de Finan\u00e7as e Tecnologia da Informa\u00e7\u00e3o (Semef) e do Instituto Municipal de Planejamento Urbano (Implurb).<\/p>\n\n\n\n<p>Durante os dias 24 e 25\/4, foram realizados 12 pain\u00e9is, no audit\u00f3rio da&nbsp;C\u00e2mara Municipal de Manaus (CMM),&nbsp;no bairro Santo Ant\u00f4nio, zona Oeste. A participa\u00e7\u00e3o popular \u00e9 feita por meio de formul\u00e1rios separados conforme os temas apresentados, dispon\u00edveis no site do&nbsp;<a href=\"https:\/\/www.manaus.am.gov.br\/implurb\/\" target=\"_blank\" rel=\"noreferrer noopener\">Implurb<\/a>.<\/p>\n\n\n\n<p>Inova\u00e7\u00e3o tecnol\u00f3gica, transporte, limpeza p\u00fablica, infraestrutura, desenvolvimento urbano integrado, seguran\u00e7a, assist\u00eancia social, com\u00e9rcio informal, habita\u00e7\u00e3o, recupera\u00e7\u00e3o de im\u00f3veis, gastronomia e cultura e turismo, foram apresentados por gestores p\u00fablicos e convidados, e as colabora\u00e7\u00f5es v\u00e3o fazer parte de uma matriz de a\u00e7\u00f5es e uma matriz de investimentos.<\/p>\n\n\n\n<p>\u201cVamos receber as sugest\u00f5es, contribui\u00e7\u00f5es e quest\u00f5es pelos links disponibilizados e depois tudo ser\u00e1 consolidado num relat\u00f3rio para gerar a matriz que vai apontar para onde \u00e9 preciso fazer a reabilita\u00e7\u00e3o em curto, m\u00e9dio e longo prazo. Temos o investimento p\u00fablico, da prefeitura, e do setor privado, mas a dimens\u00e3o do programa exige investimentos tamb\u00e9m de mais setores e de atores estaduais e federais, e do legislativo, com emendas parlamentares\u201d, completou o diretor-presidente do Implurb, Carlos Valente.<\/p>\n\n\n\n<p><strong>Gest\u00e3o p\u00fablica<\/strong><\/p>\n\n\n\n<p>O programa \u201cNosso Centro\u201d tem obras inauguradas, em pleno funcionamento, como o mirante L\u00facia Almeida, largo de S\u00e3o Vicente, casar\u00e3o Thiago de Mello, p\u00eder tur\u00edstico Manaus 355 e o&nbsp;<em>skyglass<\/em>, que levam mais vida, mais neg\u00f3cios e fomentam novas hist\u00f3rias \u00e0s margens do rio Negro, no in\u00edcio da avenida 7 de Setembro, no Centro, zona Sul da cidade. Mais de 300 mil pessoas j\u00e1 passaram pelos novos espa\u00e7os p\u00fablicos criados, onde antes n\u00e3o havia visita\u00e7\u00e3o de pessoas.<\/p>\n\n\n\n<p>Al\u00e9m das obras inauguradas, a Prefeitura de Manaus trabalha intensamente na segunda etapa do programa, onde est\u00e3o projetos como a&nbsp;amplia\u00e7\u00e3o do Polo Digital, Polo de Gastronomia Criativa, Museu da Hist\u00f3ria das Ol\u00edmpiadas, retorno da circula\u00e7\u00e3o de um trecho do antigo bondinho e o&nbsp;casar\u00e3o azul de S\u00e3o Vicente (<em>hub<\/em>&nbsp;de inova\u00e7\u00e3o).<\/p>\n\n\n\n<p>&#8212; &#8212; &#8212;<\/p>\n\n\n\n<p><strong>Texto<\/strong>&nbsp;&#8211;&nbsp;Claudia do Valle\/Implurb<\/p>\n\n\n\n<p><strong>Fotos<\/strong>&nbsp;\u2013 Jo\u00e3o Viana\/Semcom<\/p>\n\n\n\n<p><strong>Dispon\u00edveis em &#8211; <\/strong><a href=\"https:\/\/flic.kr\/s\/aHBqjCb8k1\" target=\"_blank\" rel=\"noreferrer noopener\">https:\/\/flic.kr\/s\/aHBqjCb8k1<\/a><\/p>\n","protected":false},"excerpt":{"rendered":"","protected":false},"author":39,"featured_media":238243,"comment_status":"closed","ping_status":"closed","sticky":false,"template":"","format":"standard","meta":{"footnotes":""},"categories":[1156],"tags":[65,14585,7788,77,14030],"acf":[],"yoast_head":"<!-- This site is optimized with the Yoast SEO plugin v23.0 - https:\/\/yoast.com\/wordpress\/plugins\/seo\/ -->\n<title>Links para participa\u00e7\u00e3o popular ap\u00f3s o semin\u00e1rio &#039;Nosso Centro&#039;<\/title>\n<meta name=\"description\" content=\"Prefeitura de Manaus, por meio do Implurb, divulga links para participa\u00e7\u00e3o popular ap\u00f3s o semin\u00e1rio \u2018Nosso Centro\u2019.\" \/>\n<meta name=\"robots\" content=\"index, follow, max-snippet:-1, max-image-preview:large, max-video-preview:-1\" \/>\n<link rel=\"canonical\" href=\"https:\/\/www.manaus.am.gov.br\/semcom\/links-participacao-popular-seminario-nosso-centro\/\" \/>\n<meta property=\"og:locale\" content=\"pt_BR\" \/>\n<meta property=\"og:type\" content=\"article\" \/>\n<meta property=\"og:title\" content=\"Links para participa\u00e7\u00e3o popular ap\u00f3s o semin\u00e1rio &#039;Nosso Centro&#039;\" \/>\n<meta property=\"og:description\" content=\"Prefeitura de Manaus, por meio do Implurb, divulga links para participa\u00e7\u00e3o popular ap\u00f3s o semin\u00e1rio \u2018Nosso Centro\u2019.\" \/>\n<meta property=\"og:url\" content=\"https:\/\/www.manaus.am.gov.br\/semcom\/links-participacao-popular-seminario-nosso-centro\/\" \/>\n<meta property=\"og:site_name\" content=\"SEMCOM\" \/>\n<meta property=\"article:published_time\" content=\"2025-04-29T15:03:09+00:00\" \/>\n<meta property=\"article:modified_time\" content=\"2025-04-29T15:03:10+00:00\" \/>\n<meta property=\"og:image\" content=\"https:\/\/www.manaus.am.gov.br\/semcom\/wp-content\/uploads\/sites\/5\/2025\/04\/54475781193_dfae73c175_k.jpg\" \/>\n\t<meta property=\"og:image:width\" content=\"2048\" \/>\n\t<meta property=\"og:image:height\" content=\"1365\" \/>\n\t<meta property=\"og:image:type\" content=\"image\/jpeg\" \/>\n<meta name=\"author\" content=\"Bruna Greco\" \/>\n<meta name=\"twitter:card\" content=\"summary_large_image\" \/>\n<meta name=\"twitter:label1\" content=\"Written by\" \/>\n\t<meta name=\"twitter:data1\" content=\"Bruna Greco\" \/>\n\t<meta name=\"twitter:label2\" content=\"Est. reading time\" \/>\n\t<meta name=\"twitter:data2\" content=\"3 minutos\" \/>\n<script type=\"application\/ld+json\" class=\"yoast-schema-graph\">{\"@context\":\"https:\/\/schema.org\",\"@graph\":[{\"@type\":\"WebPage\",\"@id\":\"https:\/\/www.manaus.am.gov.br\/semcom\/links-participacao-popular-seminario-nosso-centro\/\",\"url\":\"https:\/\/www.manaus.am.gov.br\/semcom\/links-participacao-popular-seminario-nosso-centro\/\",\"name\":\"Links para participa\u00e7\u00e3o popular ap\u00f3s o semin\u00e1rio 'Nosso Centro'\",\"isPartOf\":{\"@id\":\"https:\/\/www.manaus.am.gov.br\/semcom\/#website\"},\"primaryImageOfPage\":{\"@id\":\"https:\/\/www.manaus.am.gov.br\/semcom\/links-participacao-popular-seminario-nosso-centro\/#primaryimage\"},\"image\":{\"@id\":\"https:\/\/www.manaus.am.gov.br\/semcom\/links-participacao-popular-seminario-nosso-centro\/#primaryimage\"},\"thumbnailUrl\":\"https:\/\/www.manaus.am.gov.br\/semcom\/wp-content\/uploads\/sites\/5\/2025\/04\/54475781193_dfae73c175_k.jpg\",\"datePublished\":\"2025-04-29T15:03:09+00:00\",\"dateModified\":\"2025-04-29T15:03:10+00:00\",\"author\":{\"@id\":\"https:\/\/www.manaus.am.gov.br\/semcom\/#\/schema\/person\/05d223aea2bf115f9883a6ff3683d81b\"},\"description\":\"Prefeitura de Manaus, por meio do Implurb, divulga links para participa\u00e7\u00e3o popular ap\u00f3s o semin\u00e1rio \u2018Nosso Centro\u2019.\",\"inLanguage\":\"pt-BR\",\"potentialAction\":[{\"@type\":\"ReadAction\",\"target\":[\"https:\/\/www.manaus.am.gov.br\/semcom\/links-participacao-popular-seminario-nosso-centro\/\"]}]},{\"@type\":\"ImageObject\",\"inLanguage\":\"pt-BR\",\"@id\":\"https:\/\/www.manaus.am.gov.br\/semcom\/links-participacao-popular-seminario-nosso-centro\/#primaryimage\",\"url\":\"https:\/\/www.manaus.am.gov.br\/semcom\/wp-content\/uploads\/sites\/5\/2025\/04\/54475781193_dfae73c175_k.jpg\",\"contentUrl\":\"https:\/\/www.manaus.am.gov.br\/semcom\/wp-content\/uploads\/sites\/5\/2025\/04\/54475781193_dfae73c175_k.jpg\",\"width\":2048,\"height\":1365,\"caption\":\"#paratodosverem - Diretor-presidente do Implurb, Carlos Valente, discursando durante o semin\u00e1rio \\\"Nosso Centro\\\" na C\u00e2mara Municipal de Manaus\"},{\"@type\":\"WebSite\",\"@id\":\"https:\/\/www.manaus.am.gov.br\/semcom\/#website\",\"url\":\"https:\/\/www.manaus.am.gov.br\/semcom\/\",\"name\":\"SEMCOM\",\"description\":\"Secretaria Municipal de Comunica\u00e7\u00e3o\",\"potentialAction\":[{\"@type\":\"SearchAction\",\"target\":{\"@type\":\"EntryPoint\",\"urlTemplate\":\"https:\/\/www.manaus.am.gov.br\/semcom\/?s={search_term_string}\"},\"query-input\":\"required name=search_term_string\"}],\"inLanguage\":\"pt-BR\"},{\"@type\":\"Person\",\"@id\":\"https:\/\/www.manaus.am.gov.br\/semcom\/#\/schema\/person\/05d223aea2bf115f9883a6ff3683d81b\",\"name\":\"Bruna Greco\",\"image\":{\"@type\":\"ImageObject\",\"inLanguage\":\"pt-BR\",\"@id\":\"https:\/\/www.manaus.am.gov.br\/semcom\/#\/schema\/person\/image\/\",\"url\":\"https:\/\/secure.gravatar.com\/avatar\/9c877d1a6adc2a055330e5c09a8653ce?s=96&d=mm&r=g\",\"contentUrl\":\"https:\/\/secure.gravatar.com\/avatar\/9c877d1a6adc2a055330e5c09a8653ce?s=96&d=mm&r=g\",\"caption\":\"Bruna Greco\"}}]}<\/script>\n<!-- \/ Yoast SEO plugin. -->","yoast_head_json":{"title":"Links para participa\u00e7\u00e3o popular ap\u00f3s o semin\u00e1rio 'Nosso Centro'","description":"Prefeitura de Manaus, por meio do Implurb, divulga links para participa\u00e7\u00e3o popular ap\u00f3s o semin\u00e1rio \u2018Nosso Centro\u2019.","robots":{"index":"index","follow":"follow","max-snippet":"max-snippet:-1","max-image-preview":"max-image-preview:large","max-video-preview":"max-video-preview:-1"},"canonical":"https:\/\/www.manaus.am.gov.br\/semcom\/links-participacao-popular-seminario-nosso-centro\/","og_locale":"pt_BR","og_type":"article","og_title":"Links para participa\u00e7\u00e3o popular ap\u00f3s o semin\u00e1rio 'Nosso Centro'","og_description":"Prefeitura de Manaus, por meio do Implurb, divulga links para participa\u00e7\u00e3o popular ap\u00f3s o semin\u00e1rio \u2018Nosso Centro\u2019.","og_url":"https:\/\/www.manaus.am.gov.br\/semcom\/links-participacao-popular-seminario-nosso-centro\/","og_site_name":"SEMCOM","article_published_time":"2025-04-29T15:03:09+00:00","article_modified_time":"2025-04-29T15:03:10+00:00","og_image":[{"width":2048,"height":1365,"url":"https:\/\/www.manaus.am.gov.br\/semcom\/wp-content\/uploads\/sites\/5\/2025\/04\/54475781193_dfae73c175_k.jpg","type":"image\/jpeg"}],"author":"Bruna Greco","twitter_card":"summary_large_image","twitter_misc":{"Written by":"Bruna Greco","Est. reading time":"3 minutos"},"schema":{"@context":"https:\/\/schema.org","@graph":[{"@type":"WebPage","@id":"https:\/\/www.manaus.am.gov.br\/semcom\/links-participacao-popular-seminario-nosso-centro\/","url":"https:\/\/www.manaus.am.gov.br\/semcom\/links-participacao-popular-seminario-nosso-centro\/","name":"Links para participa\u00e7\u00e3o popular ap\u00f3s o semin\u00e1rio 'Nosso Centro'","isPartOf":{"@id":"https:\/\/www.manaus.am.gov.br\/semcom\/#website"},"primaryImageOfPage":{"@id":"https:\/\/www.manaus.am.gov.br\/semcom\/links-participacao-popular-seminario-nosso-centro\/#primaryimage"},"image":{"@id":"https:\/\/www.manaus.am.gov.br\/semcom\/links-participacao-popular-seminario-nosso-centro\/#primaryimage"},"thumbnailUrl":"https:\/\/www.manaus.am.gov.br\/semcom\/wp-content\/uploads\/sites\/5\/2025\/04\/54475781193_dfae73c175_k.jpg","datePublished":"2025-04-29T15:03:09+00:00","dateModified":"2025-04-29T15:03:10+00:00","author":{"@id":"https:\/\/www.manaus.am.gov.br\/semcom\/#\/schema\/person\/05d223aea2bf115f9883a6ff3683d81b"},"description":"Prefeitura de Manaus, por meio do Implurb, divulga links para participa\u00e7\u00e3o popular ap\u00f3s o semin\u00e1rio \u2018Nosso Centro\u2019.","inLanguage":"pt-BR","potentialAction":[{"@type":"ReadAction","target":["https:\/\/www.manaus.am.gov.br\/semcom\/links-participacao-popular-seminario-nosso-centro\/"]}]},{"@type":"ImageObject","inLanguage":"pt-BR","@id":"https:\/\/www.manaus.am.gov.br\/semcom\/links-participacao-popular-seminario-nosso-centro\/#primaryimage","url":"https:\/\/www.manaus.am.gov.br\/semcom\/wp-content\/uploads\/sites\/5\/2025\/04\/54475781193_dfae73c175_k.jpg","contentUrl":"https:\/\/www.manaus.am.gov.br\/semcom\/wp-content\/uploads\/sites\/5\/2025\/04\/54475781193_dfae73c175_k.jpg","width":2048,"height":1365,"caption":"#paratodosverem - Diretor-presidente do Implurb, Carlos Valente, discursando durante o semin\u00e1rio \"Nosso Centro\" na C\u00e2mara Municipal de Manaus"},{"@type":"WebSite","@id":"https:\/\/www.manaus.am.gov.br\/semcom\/#website","url":"https:\/\/www.manaus.am.gov.br\/semcom\/","name":"SEMCOM","description":"Secretaria Municipal de Comunica\u00e7\u00e3o","potentialAction":[{"@type":"SearchAction","target":{"@type":"EntryPoint","urlTemplate":"https:\/\/www.manaus.am.gov.br\/semcom\/?s={search_term_string}"},"query-input":"required name=search_term_string"}],"inLanguage":"pt-BR"},{"@type":"Person","@id":"https:\/\/www.manaus.am.gov.br\/semcom\/#\/schema\/person\/05d223aea2bf115f9883a6ff3683d81b","name":"Bruna Greco","image":{"@type":"ImageObject","inLanguage":"pt-BR","@id":"https:\/\/www.manaus.am.gov.br\/semcom\/#\/schema\/person\/image\/","url":"https:\/\/secure.gravatar.com\/avatar\/9c877d1a6adc2a055330e5c09a8653ce?s=96&d=mm&r=g","contentUrl":"https:\/\/secure.gravatar.com\/avatar\/9c877d1a6adc2a055330e5c09a8653ce?s=96&d=mm&r=g","caption":"Bruna Greco"}}]}},"_links":{"self":[{"href":"https:\/\/www.manaus.am.gov.br\/semcom\/wp-json\/wp\/v2\/posts\/238242"}],"collection":[{"href":"https:\/\/www.manaus.am.gov.br\/semcom\/wp-json\/wp\/v2\/posts"}],"about":[{"href":"https:\/\/www.manaus.am.gov.br\/semcom\/wp-json\/wp\/v2\/types\/post"}],"author":[{"embeddable":true,"href":"https:\/\/www.manaus.am.gov.br\/semcom\/wp-json\/wp\/v2\/users\/39"}],"replies":[{"embeddable":true,"href":"https:\/\/www.manaus.am.gov.br\/semcom\/wp-json\/wp\/v2\/comments?post=238242"}],"version-history":[{"count":0,"href":"https:\/\/www.manaus.am.gov.br\/semcom\/wp-json\/wp\/v2\/posts\/238242\/revisions"}],"wp:featuredmedia":[{"embeddable":true,"href":"https:\/\/www.manaus.am.gov.br\/semcom\/wp-json\/wp\/v2\/media\/238243"}],"wp:attachment":[{"href":"https:\/\/www.manaus.am.gov.br\/semcom\/wp-json\/wp\/v2\/media?parent=238242"}],"wp:term":[{"taxonomy":"category","embeddable":true,"href":"https:\/\/www.manaus.am.gov.br\/semcom\/wp-json\/wp\/v2\/categories?post=238242"},{"taxonomy":"post_tag","embeddable":true,"href":"https:\/\/www.manaus.am.gov.br\/semcom\/wp-json\/wp\/v2\/tags?post=238242"}],"curies":[{"name":"wp","href":"https:\/\/api.w.org\/{rel}","templated":true}]}}