{"id":238191,"date":"2025-04-28T15:32:16","date_gmt":"2025-04-28T19:32:16","guid":{"rendered":"https:\/\/www.manaus.am.gov.br\/semcom\/revitalizacao-espaco-lazer-frente-ao-musa\/"},"modified":"2025-04-28T16:32:57","modified_gmt":"2025-04-28T19:32:57","slug":"revitalizacao-espaco-lazer-frente-ao-musa","status":"publish","type":"post","link":"https:\/\/www.manaus.am.gov.br\/semcom\/revitalizacao-espaco-lazer-frente-ao-musa\/","title":{"rendered":"Novo espa\u00e7o de lazer em frente ao Musa come\u00e7a a tomar forma com revitaliza\u00e7\u00e3o da Prefeitura de Manaus"},"content":{"rendered":"\n<p>A Prefeitura de Manaus, por meio das equipes de paisagismo da Secretaria Municipal de Limpeza Urbana (Semulsp), est\u00e1 realizando a revitaliza\u00e7\u00e3o completa da rotat\u00f3ria localizada em frente ao Museu da Amaz\u00f4nia (Musa), no bairro Cidade de Deus, zona Norte da capital. A obra, iniciada no \u00faltimo s\u00e1bado, 26\/4, prossegue nesta segunda-feira, 28\/4, com a previs\u00e3o de conclus\u00e3o at\u00e9 o final de maio.<\/p>\n\n\n\n<p>O local, usado pela comunidade h\u00e1 cerca de 10 anos para aulas de zumba e atividades de lazer, nunca teve uma infraestrutura adequada. Agora, a \u00e1rea est\u00e1 ganhando uma nova configura\u00e7\u00e3o, com a constru\u00e7\u00e3o de pista de caminhada, instala\u00e7\u00e3o de bancos, sarjetas, um palco para apresenta\u00e7\u00f5es e um espa\u00e7o destinado \u00e0 pr\u00e1tica de exerc\u00edcios f\u00edsicos, al\u00e9m de um projeto de paisagismo com diversas esp\u00e9cies de plantas ornamentais.<\/p>\n\n\n\n<p>O secret\u00e1rio da Semulsp, Sab\u00e1 Reis, destacou a sensibilidade do prefeito David Almeida em atender a reivindica\u00e7\u00e3o dos moradores. &#8220;Este trabalho \u00e9 fruto da determina\u00e7\u00e3o do prefeito David Almeida, que nos orientou a transformar este espa\u00e7o em um verdadeiro ponto de lazer e conviv\u00eancia para a popula\u00e7\u00e3o. Estamos trabalhando com carinho para entregar \u00e0 comunidade um local bonito, acolhedor e cheio de vida&#8221;, afirmou.<\/p>\n\n\n\n<p>Os moradores da \u00e1rea, como a dona de casa Maria de Lourdes Oliveira, de 58 anos, comemoram a revitaliza\u00e7\u00e3o. &#8220;A gente j\u00e1 usava esse espa\u00e7o para nossas aulas de zumba, para se reunir, mas era tudo improvisado. Agora, com essa obra linda que a prefeitura est\u00e1 fazendo, teremos um lugar digno para nossos encontros e atividades f\u00edsicas&#8221;, disse emocionada.<\/p>\n\n\n\n<p>O comerciante Jo\u00e3o Batista Silva, de 45 anos, lembrou que o espa\u00e7o j\u00e1 vinha recebendo servi\u00e7os de capina\u00e7\u00e3o e poda desde o primeiro ano da gest\u00e3o do prefeito David Almeida, mas agora est\u00e1 ganhando um projeto mais completo. &#8220;\u00c9 um sonho sendo realizado. A comunidade ocupou, cuidou como podia, e gra\u00e7as \u00e0 sensibilidade do prefeito e do secret\u00e1rio Sab\u00e1, vamos ter uma \u00e1rea estruturada para todas as idades&#8221;, comentou.<\/p>\n\n\n\n<p>O Museu da Amaz\u00f4nia (Musa), que fica em frente ao espa\u00e7o revitalizado, \u00e9 refer\u00eancia nacional e internacional na divulga\u00e7\u00e3o da ci\u00eancia e da biodiversidade amaz\u00f4nica. Inaugurado em 2009, o museu re\u00fane exposi\u00e7\u00f5es, trilhas ecol\u00f3gicas, viveiros de plantas e animais, al\u00e9m da ic\u00f4nica torre de observa\u00e7\u00e3o com 42 metros de altura, que oferece uma vis\u00e3o privilegiada da floresta.<\/p>\n\n\n\n<p>Com a revitaliza\u00e7\u00e3o da rotat\u00f3ria, a Prefeitura de Manaus amplia as op\u00e7\u00f5es de lazer e bem-estar para os moradores da zona Norte, fortalecendo a integra\u00e7\u00e3o comunit\u00e1ria e a valoriza\u00e7\u00e3o dos espa\u00e7os p\u00fablicos.<\/p>\n\n\n\n<figure class=\"wp-block-image size-large\"><img loading=\"lazy\" decoding=\"async\" width=\"1024\" height=\"771\" src=\"https:\/\/www.manaus.am.gov.br\/semcom\/wp-content\/uploads\/sites\/5\/2025\/04\/Revitalizacao-10-1024x771.jpeg\" alt=\"\" class=\"wp-image-238194\" srcset=\"https:\/\/www.manaus.am.gov.br\/semcom\/wp-content\/uploads\/sites\/5\/2025\/04\/Revitalizacao-10-1024x771.jpeg 1024w, https:\/\/www.manaus.am.gov.br\/semcom\/wp-content\/uploads\/sites\/5\/2025\/04\/Revitalizacao-10-300x226.jpeg 300w, https:\/\/www.manaus.am.gov.br\/semcom\/wp-content\/uploads\/sites\/5\/2025\/04\/Revitalizacao-10-768x578.jpeg 768w, https:\/\/www.manaus.am.gov.br\/semcom\/wp-content\/uploads\/sites\/5\/2025\/04\/Revitalizacao-10-1536x1156.jpeg 1536w, https:\/\/www.manaus.am.gov.br\/semcom\/wp-content\/uploads\/sites\/5\/2025\/04\/Revitalizacao-10.jpeg 1600w\" sizes=\"(max-width: 1024px) 100vw, 1024px\" \/><\/figure>\n\n\n\n<p>&#8212; &#8212; &#8212;<\/p>\n\n\n\n<p><strong>Texto<\/strong>\u00a0&#8211; Dora Tupinamb\u00e1\/Semulsp<\/p>\n\n\n\n<p><strong>Fotos &#8211;<\/strong> Alex Melo\/Semulsp<\/p>\n\n\n\n<p> <\/p>\n","protected":false},"excerpt":{"rendered":"","protected":false},"author":39,"featured_media":238192,"comment_status":"closed","ping_status":"closed","sticky":false,"template":"","format":"standard","meta":{"footnotes":""},"categories":[8],"tags":[3598,14570,77,450,301],"acf":[],"yoast_head":"<!-- This site is optimized with the Yoast SEO plugin v23.0 - https:\/\/yoast.com\/wordpress\/plugins\/seo\/ -->\n<title>Prefeitura revitaliza novo espa\u00e7o de lazer em frente ao Musa<\/title>\n<meta name=\"description\" content=\"Novo espa\u00e7o de lazer em frente ao Musa come\u00e7a a tomar forma com revitaliza\u00e7\u00e3o da Prefeitura de Manaus, por meio da Semulsp.\" \/>\n<meta name=\"robots\" content=\"index, follow, max-snippet:-1, max-image-preview:large, max-video-preview:-1\" \/>\n<link rel=\"canonical\" href=\"https:\/\/www.manaus.am.gov.br\/semcom\/revitalizacao-espaco-lazer-frente-ao-musa\/\" \/>\n<meta property=\"og:locale\" content=\"pt_BR\" \/>\n<meta property=\"og:type\" content=\"article\" \/>\n<meta property=\"og:title\" content=\"Prefeitura revitaliza novo espa\u00e7o de lazer em frente ao Musa\" \/>\n<meta property=\"og:description\" content=\"Novo espa\u00e7o de lazer em frente ao Musa come\u00e7a a tomar forma com revitaliza\u00e7\u00e3o da Prefeitura de Manaus, por meio da Semulsp.\" \/>\n<meta property=\"og:url\" content=\"https:\/\/www.manaus.am.gov.br\/semcom\/revitalizacao-espaco-lazer-frente-ao-musa\/\" \/>\n<meta property=\"og:site_name\" content=\"SEMCOM\" \/>\n<meta property=\"article:published_time\" content=\"2025-04-28T19:32:16+00:00\" \/>\n<meta property=\"article:modified_time\" content=\"2025-04-28T19:32:57+00:00\" \/>\n<meta property=\"og:image\" content=\"https:\/\/www.manaus.am.gov.br\/semcom\/wp-content\/uploads\/sites\/5\/2025\/04\/Revitalizacao-3-1.jpeg\" \/>\n\t<meta property=\"og:image:width\" content=\"1600\" \/>\n\t<meta property=\"og:image:height\" content=\"1204\" \/>\n\t<meta property=\"og:image:type\" content=\"image\/jpeg\" \/>\n<meta name=\"author\" content=\"Bruna Greco\" \/>\n<meta name=\"twitter:card\" content=\"summary_large_image\" \/>\n<meta name=\"twitter:label1\" content=\"Written by\" \/>\n\t<meta name=\"twitter:data1\" content=\"Bruna Greco\" \/>\n\t<meta name=\"twitter:label2\" content=\"Est. reading time\" \/>\n\t<meta name=\"twitter:data2\" content=\"3 minutos\" \/>\n<script type=\"application\/ld+json\" class=\"yoast-schema-graph\">{\"@context\":\"https:\/\/schema.org\",\"@graph\":[{\"@type\":\"WebPage\",\"@id\":\"https:\/\/www.manaus.am.gov.br\/semcom\/revitalizacao-espaco-lazer-frente-ao-musa\/\",\"url\":\"https:\/\/www.manaus.am.gov.br\/semcom\/revitalizacao-espaco-lazer-frente-ao-musa\/\",\"name\":\"Prefeitura revitaliza novo espa\u00e7o de lazer em frente ao Musa\",\"isPartOf\":{\"@id\":\"https:\/\/www.manaus.am.gov.br\/semcom\/#website\"},\"primaryImageOfPage\":{\"@id\":\"https:\/\/www.manaus.am.gov.br\/semcom\/revitalizacao-espaco-lazer-frente-ao-musa\/#primaryimage\"},\"image\":{\"@id\":\"https:\/\/www.manaus.am.gov.br\/semcom\/revitalizacao-espaco-lazer-frente-ao-musa\/#primaryimage\"},\"thumbnailUrl\":\"https:\/\/www.manaus.am.gov.br\/semcom\/wp-content\/uploads\/sites\/5\/2025\/04\/Revitalizacao-3-1.jpeg\",\"datePublished\":\"2025-04-28T19:32:16+00:00\",\"dateModified\":\"2025-04-28T19:32:57+00:00\",\"author\":{\"@id\":\"https:\/\/www.manaus.am.gov.br\/semcom\/#\/schema\/person\/05d223aea2bf115f9883a6ff3683d81b\"},\"description\":\"Novo espa\u00e7o de lazer em frente ao Musa come\u00e7a a tomar forma com revitaliza\u00e7\u00e3o da Prefeitura de Manaus, por meio da Semulsp.\",\"inLanguage\":\"pt-BR\",\"potentialAction\":[{\"@type\":\"ReadAction\",\"target\":[\"https:\/\/www.manaus.am.gov.br\/semcom\/revitalizacao-espaco-lazer-frente-ao-musa\/\"]}]},{\"@type\":\"ImageObject\",\"inLanguage\":\"pt-BR\",\"@id\":\"https:\/\/www.manaus.am.gov.br\/semcom\/revitalizacao-espaco-lazer-frente-ao-musa\/#primaryimage\",\"url\":\"https:\/\/www.manaus.am.gov.br\/semcom\/wp-content\/uploads\/sites\/5\/2025\/04\/Revitalizacao-3-1.jpeg\",\"contentUrl\":\"https:\/\/www.manaus.am.gov.br\/semcom\/wp-content\/uploads\/sites\/5\/2025\/04\/Revitalizacao-3-1.jpeg\",\"width\":1600,\"height\":1204,\"caption\":\"#paratodosverem - Equipe da Semulsp revitalizando novo espa\u00e7o de lazer em frente ao Musa, no bairro Cidade de Deus\"},{\"@type\":\"WebSite\",\"@id\":\"https:\/\/www.manaus.am.gov.br\/semcom\/#website\",\"url\":\"https:\/\/www.manaus.am.gov.br\/semcom\/\",\"name\":\"SEMCOM\",\"description\":\"Secretaria Municipal de Comunica\u00e7\u00e3o\",\"potentialAction\":[{\"@type\":\"SearchAction\",\"target\":{\"@type\":\"EntryPoint\",\"urlTemplate\":\"https:\/\/www.manaus.am.gov.br\/semcom\/?s={search_term_string}\"},\"query-input\":\"required name=search_term_string\"}],\"inLanguage\":\"pt-BR\"},{\"@type\":\"Person\",\"@id\":\"https:\/\/www.manaus.am.gov.br\/semcom\/#\/schema\/person\/05d223aea2bf115f9883a6ff3683d81b\",\"name\":\"Bruna Greco\",\"image\":{\"@type\":\"ImageObject\",\"inLanguage\":\"pt-BR\",\"@id\":\"https:\/\/www.manaus.am.gov.br\/semcom\/#\/schema\/person\/image\/\",\"url\":\"https:\/\/secure.gravatar.com\/avatar\/9c877d1a6adc2a055330e5c09a8653ce?s=96&d=mm&r=g\",\"contentUrl\":\"https:\/\/secure.gravatar.com\/avatar\/9c877d1a6adc2a055330e5c09a8653ce?s=96&d=mm&r=g\",\"caption\":\"Bruna Greco\"}}]}<\/script>\n<!-- \/ Yoast SEO plugin. -->","yoast_head_json":{"title":"Prefeitura revitaliza novo espa\u00e7o de lazer em frente ao Musa","description":"Novo espa\u00e7o de lazer em frente ao Musa come\u00e7a a tomar forma com revitaliza\u00e7\u00e3o da Prefeitura de Manaus, por meio da Semulsp.","robots":{"index":"index","follow":"follow","max-snippet":"max-snippet:-1","max-image-preview":"max-image-preview:large","max-video-preview":"max-video-preview:-1"},"canonical":"https:\/\/www.manaus.am.gov.br\/semcom\/revitalizacao-espaco-lazer-frente-ao-musa\/","og_locale":"pt_BR","og_type":"article","og_title":"Prefeitura revitaliza novo espa\u00e7o de lazer em frente ao Musa","og_description":"Novo espa\u00e7o de lazer em frente ao Musa come\u00e7a a tomar forma com revitaliza\u00e7\u00e3o da Prefeitura de Manaus, por meio da Semulsp.","og_url":"https:\/\/www.manaus.am.gov.br\/semcom\/revitalizacao-espaco-lazer-frente-ao-musa\/","og_site_name":"SEMCOM","article_published_time":"2025-04-28T19:32:16+00:00","article_modified_time":"2025-04-28T19:32:57+00:00","og_image":[{"width":1600,"height":1204,"url":"https:\/\/www.manaus.am.gov.br\/semcom\/wp-content\/uploads\/sites\/5\/2025\/04\/Revitalizacao-3-1.jpeg","type":"image\/jpeg"}],"author":"Bruna Greco","twitter_card":"summary_large_image","twitter_misc":{"Written by":"Bruna Greco","Est. reading time":"3 minutos"},"schema":{"@context":"https:\/\/schema.org","@graph":[{"@type":"WebPage","@id":"https:\/\/www.manaus.am.gov.br\/semcom\/revitalizacao-espaco-lazer-frente-ao-musa\/","url":"https:\/\/www.manaus.am.gov.br\/semcom\/revitalizacao-espaco-lazer-frente-ao-musa\/","name":"Prefeitura revitaliza novo espa\u00e7o de lazer em frente ao Musa","isPartOf":{"@id":"https:\/\/www.manaus.am.gov.br\/semcom\/#website"},"primaryImageOfPage":{"@id":"https:\/\/www.manaus.am.gov.br\/semcom\/revitalizacao-espaco-lazer-frente-ao-musa\/#primaryimage"},"image":{"@id":"https:\/\/www.manaus.am.gov.br\/semcom\/revitalizacao-espaco-lazer-frente-ao-musa\/#primaryimage"},"thumbnailUrl":"https:\/\/www.manaus.am.gov.br\/semcom\/wp-content\/uploads\/sites\/5\/2025\/04\/Revitalizacao-3-1.jpeg","datePublished":"2025-04-28T19:32:16+00:00","dateModified":"2025-04-28T19:32:57+00:00","author":{"@id":"https:\/\/www.manaus.am.gov.br\/semcom\/#\/schema\/person\/05d223aea2bf115f9883a6ff3683d81b"},"description":"Novo espa\u00e7o de lazer em frente ao Musa come\u00e7a a tomar forma com revitaliza\u00e7\u00e3o da Prefeitura de Manaus, por meio da Semulsp.","inLanguage":"pt-BR","potentialAction":[{"@type":"ReadAction","target":["https:\/\/www.manaus.am.gov.br\/semcom\/revitalizacao-espaco-lazer-frente-ao-musa\/"]}]},{"@type":"ImageObject","inLanguage":"pt-BR","@id":"https:\/\/www.manaus.am.gov.br\/semcom\/revitalizacao-espaco-lazer-frente-ao-musa\/#primaryimage","url":"https:\/\/www.manaus.am.gov.br\/semcom\/wp-content\/uploads\/sites\/5\/2025\/04\/Revitalizacao-3-1.jpeg","contentUrl":"https:\/\/www.manaus.am.gov.br\/semcom\/wp-content\/uploads\/sites\/5\/2025\/04\/Revitalizacao-3-1.jpeg","width":1600,"height":1204,"caption":"#paratodosverem - Equipe da Semulsp revitalizando novo espa\u00e7o de lazer em frente ao Musa, no bairro Cidade de Deus"},{"@type":"WebSite","@id":"https:\/\/www.manaus.am.gov.br\/semcom\/#website","url":"https:\/\/www.manaus.am.gov.br\/semcom\/","name":"SEMCOM","description":"Secretaria Municipal de Comunica\u00e7\u00e3o","potentialAction":[{"@type":"SearchAction","target":{"@type":"EntryPoint","urlTemplate":"https:\/\/www.manaus.am.gov.br\/semcom\/?s={search_term_string}"},"query-input":"required name=search_term_string"}],"inLanguage":"pt-BR"},{"@type":"Person","@id":"https:\/\/www.manaus.am.gov.br\/semcom\/#\/schema\/person\/05d223aea2bf115f9883a6ff3683d81b","name":"Bruna Greco","image":{"@type":"ImageObject","inLanguage":"pt-BR","@id":"https:\/\/www.manaus.am.gov.br\/semcom\/#\/schema\/person\/image\/","url":"https:\/\/secure.gravatar.com\/avatar\/9c877d1a6adc2a055330e5c09a8653ce?s=96&d=mm&r=g","contentUrl":"https:\/\/secure.gravatar.com\/avatar\/9c877d1a6adc2a055330e5c09a8653ce?s=96&d=mm&r=g","caption":"Bruna Greco"}}]}},"_links":{"self":[{"href":"https:\/\/www.manaus.am.gov.br\/semcom\/wp-json\/wp\/v2\/posts\/238191"}],"collection":[{"href":"https:\/\/www.manaus.am.gov.br\/semcom\/wp-json\/wp\/v2\/posts"}],"about":[{"href":"https:\/\/www.manaus.am.gov.br\/semcom\/wp-json\/wp\/v2\/types\/post"}],"author":[{"embeddable":true,"href":"https:\/\/www.manaus.am.gov.br\/semcom\/wp-json\/wp\/v2\/users\/39"}],"replies":[{"embeddable":true,"href":"https:\/\/www.manaus.am.gov.br\/semcom\/wp-json\/wp\/v2\/comments?post=238191"}],"version-history":[{"count":2,"href":"https:\/\/www.manaus.am.gov.br\/semcom\/wp-json\/wp\/v2\/posts\/238191\/revisions"}],"predecessor-version":[{"id":238195,"href":"https:\/\/www.manaus.am.gov.br\/semcom\/wp-json\/wp\/v2\/posts\/238191\/revisions\/238195"}],"wp:featuredmedia":[{"embeddable":true,"href":"https:\/\/www.manaus.am.gov.br\/semcom\/wp-json\/wp\/v2\/media\/238192"}],"wp:attachment":[{"href":"https:\/\/www.manaus.am.gov.br\/semcom\/wp-json\/wp\/v2\/media?parent=238191"}],"wp:term":[{"taxonomy":"category","embeddable":true,"href":"https:\/\/www.manaus.am.gov.br\/semcom\/wp-json\/wp\/v2\/categories?post=238191"},{"taxonomy":"post_tag","embeddable":true,"href":"https:\/\/www.manaus.am.gov.br\/semcom\/wp-json\/wp\/v2\/tags?post=238191"}],"curies":[{"name":"wp","href":"https:\/\/api.w.org\/{rel}","templated":true}]}}