{"id":238169,"date":"2025-04-27T17:15:09","date_gmt":"2025-04-27T20:15:09","guid":{"rendered":"https:\/\/www.manaus.am.gov.br\/semcom\/impactos-das-chuvas\/"},"modified":"2025-04-27T17:15:10","modified_gmt":"2025-04-27T20:15:10","slug":"impactos-das-chuvas","status":"publish","type":"post","link":"https:\/\/www.manaus.am.gov.br\/semcom\/impactos-das-chuvas\/","title":{"rendered":"Prefeitura de Manaus atua desde a madrugada para minimizar impactos das chuvas e refor\u00e7a a\u00e7\u00f5es emergenciais"},"content":{"rendered":"\n<p>As fortes chuvas que atingiram Manaus entre a madrugada e o in\u00edcio da manh\u00e3 deste domingo, 27\/4, mobilizaram imediatamente as equipes da <a href=\"https:\/\/www.instagram.com\/prefeiturademanaus\/\">Prefeitura de Manaus<\/a>. Sob a coordena\u00e7\u00e3o da Secretaria Municipal de Infraestrutura (Seminf), os trabalhos se intensificaram nas ruas para reduzir os danos causados pelas precipita\u00e7\u00f5es e garantir a seguran\u00e7a da popula\u00e7\u00e3o.<\/p>\n\n\n\n<p>O vice-prefeito e secret\u00e1rio de Obras, Renato Junior, esteve desde cedo acompanhando as a\u00e7\u00f5es emergenciais. \u201cO trabalho come\u00e7ou ainda de madrugada. Estamos nas ruas desde as primeiras horas do dia para minimizar os danos e garantir a seguran\u00e7a da popula\u00e7\u00e3o, como determina o prefeito David Almeida\u201d, afirmou.<\/p>\n\n\n\n<p>Renato destacou que a prioridade \u00e9 agir r\u00e1pido, especialmente em \u00e1reas cr\u00edticas. \u201cN\u00e3o estamos apenas limpando ruas. Estamos protegendo vidas, restabelecendo o direito de ir e vir dos moradores e mitigando riscos de novos desabamentos. Cada a\u00e7\u00e3o emergencial que realizamos hoje \u00e9 resultado de planejamento, da prontid\u00e3o das equipes e da decis\u00e3o da gest\u00e3o de n\u00e3o esperar a situa\u00e7\u00e3o piorar para agir. Essa \u00e9 a diferen\u00e7a de uma prefeitura que est\u00e1 presente de verdade na vida das pessoas\u201d, completou.<\/p>\n\n\n\n<p>No bairro Adrian\u00f3polis, zona Centro-Sul, as equipes da Seminf atuam na recupera\u00e7\u00e3o da avenida M\u00e1rio Ypiranga Monteiro, antiga avenida Recife, onde um desbarrancamento de terra atingiu parte da pista, exigindo trabalho imediato para libera\u00e7\u00e3o da via e seguran\u00e7a dos motoristas.<\/p>\n\n\n\n<p>No L\u00edrio do Vale, zona Oeste, duas frentes foram acionadas. Na rua Ipanema, a for\u00e7a da \u00e1gua provocou o desabamento de um muro, interditando o acesso de ve\u00edculos. As equipes trabalham na limpeza, remo\u00e7\u00e3o de entulhos e reconstru\u00e7\u00e3o emergencial da \u00e1rea. J\u00e1 na rua Sebasti\u00e3o do Pass\u00e9, outro muro desabou sobre duas casas. Felizmente, n\u00e3o houve registro de v\u00edtimas. A Seminf atua na desobstru\u00e7\u00e3o e limpeza da \u00e1rea, para devolver a seguran\u00e7a \u00e0s fam\u00edlias afetadas.<\/p>\n\n\n\n<p>A Prefeitura de Manaus refor\u00e7a que o descarte irregular de lixo nas ruas \u00e9 uma das principais causas de entupimentos de bueiros e agravamento de alagamentos, e pede a colabora\u00e7\u00e3o da popula\u00e7\u00e3o nesse per\u00edodo de fortes chuvas.<\/p>\n\n\n\n<p>At\u00e9 o momento, a Defesa Civil registrou 37 ocorr\u00eancias relacionadas \u00e0s chuvas na cidade. Para situa\u00e7\u00f5es de emerg\u00eancia, o \u00f3rg\u00e3o pode ser acionado pelo n\u00famero 199.<\/p>\n\n\n\n<p>As equipes da Seminf, Semulsp (Limpeza Urbana) e Defesa Civil seguem em campo, de forma integrada, monitorando \u00e1reas vulner\u00e1veis, realizando desobstru\u00e7\u00f5es de bueiros, retiradas de barreiras e dando suporte \u00e0s fam\u00edlias afetadas.<\/p>\n\n\n\n<p>&#8212; &#8212; &#8212;<\/p>\n\n\n\n<p><strong>Texto &#8211;<\/strong> Valesca Martins\/ Seminf&nbsp;e Alessandra Taveira\/ Gabinete Vice-Prefeito&nbsp;<\/p>\n\n\n\n<p><strong>Fotos &#8211;<\/strong>&nbsp;Alessandro&nbsp;Ara\u00fajo\/ Seminf<\/p>\n\n\n\n<p><strong>Dispon\u00edvel em &#8211; <\/strong><a href=\"https:\/\/flic.kr\/s\/aHBqjCbx8u\">https:\/\/flic.kr\/s\/aHBqjCbx8u<\/a><\/p>\n","protected":false},"excerpt":{"rendered":"","protected":false},"author":57,"featured_media":238170,"comment_status":"closed","ping_status":"closed","sticky":false,"template":"","format":"standard","meta":{"footnotes":""},"categories":[46],"tags":[12444,13824,77,33],"acf":[],"yoast_head":"<!-- This site is optimized with the Yoast SEO plugin v23.0 - https:\/\/yoast.com\/wordpress\/plugins\/seo\/ -->\n<title>PMM atua para minimizar impactos das chuvas e refor\u00e7a a\u00e7\u00f5es<\/title>\n<meta name=\"description\" content=\"As fortes chuvas que atingiram Manaus neste domingo, 27\/4, mobilizaram imediatamente as equipes da Prefeitura de Manaus.\" \/>\n<meta name=\"robots\" content=\"index, follow, max-snippet:-1, max-image-preview:large, max-video-preview:-1\" \/>\n<link rel=\"canonical\" href=\"https:\/\/www.manaus.am.gov.br\/semcom\/impactos-das-chuvas\/\" \/>\n<meta property=\"og:locale\" content=\"pt_BR\" \/>\n<meta property=\"og:type\" content=\"article\" \/>\n<meta property=\"og:title\" content=\"PMM atua para minimizar impactos das chuvas e refor\u00e7a a\u00e7\u00f5es\" \/>\n<meta property=\"og:description\" content=\"As fortes chuvas que atingiram Manaus neste domingo, 27\/4, mobilizaram imediatamente as equipes da Prefeitura de Manaus.\" \/>\n<meta property=\"og:url\" content=\"https:\/\/www.manaus.am.gov.br\/semcom\/impactos-das-chuvas\/\" \/>\n<meta property=\"og:site_name\" content=\"SEMCOM\" \/>\n<meta property=\"article:published_time\" content=\"2025-04-27T20:15:09+00:00\" \/>\n<meta property=\"article:modified_time\" content=\"2025-04-27T20:15:10+00:00\" \/>\n<meta property=\"og:image\" content=\"https:\/\/www.manaus.am.gov.br\/semcom\/wp-content\/uploads\/sites\/5\/2025\/04\/impactos-das-chuvas-1.jpg\" \/>\n\t<meta property=\"og:image:width\" content=\"800\" \/>\n\t<meta property=\"og:image:height\" content=\"450\" \/>\n\t<meta property=\"og:image:type\" content=\"image\/jpeg\" \/>\n<meta name=\"author\" content=\"Thiago Fernando\" \/>\n<meta name=\"twitter:card\" content=\"summary_large_image\" \/>\n<meta name=\"twitter:label1\" content=\"Written by\" \/>\n\t<meta name=\"twitter:data1\" content=\"Thiago Fernando\" \/>\n\t<meta name=\"twitter:label2\" content=\"Est. reading time\" \/>\n\t<meta name=\"twitter:data2\" content=\"3 minutos\" \/>\n<script type=\"application\/ld+json\" class=\"yoast-schema-graph\">{\"@context\":\"https:\/\/schema.org\",\"@graph\":[{\"@type\":\"WebPage\",\"@id\":\"https:\/\/www.manaus.am.gov.br\/semcom\/impactos-das-chuvas\/\",\"url\":\"https:\/\/www.manaus.am.gov.br\/semcom\/impactos-das-chuvas\/\",\"name\":\"PMM atua para minimizar impactos das chuvas e refor\u00e7a a\u00e7\u00f5es\",\"isPartOf\":{\"@id\":\"https:\/\/www.manaus.am.gov.br\/semcom\/#website\"},\"primaryImageOfPage\":{\"@id\":\"https:\/\/www.manaus.am.gov.br\/semcom\/impactos-das-chuvas\/#primaryimage\"},\"image\":{\"@id\":\"https:\/\/www.manaus.am.gov.br\/semcom\/impactos-das-chuvas\/#primaryimage\"},\"thumbnailUrl\":\"https:\/\/www.manaus.am.gov.br\/semcom\/wp-content\/uploads\/sites\/5\/2025\/04\/impactos-das-chuvas-1.jpg\",\"datePublished\":\"2025-04-27T20:15:09+00:00\",\"dateModified\":\"2025-04-27T20:15:10+00:00\",\"author\":{\"@id\":\"https:\/\/www.manaus.am.gov.br\/semcom\/#\/schema\/person\/a5ee5376db6e21af026374b369f30882\"},\"description\":\"As fortes chuvas que atingiram Manaus neste domingo, 27\/4, mobilizaram imediatamente as equipes da Prefeitura de Manaus.\",\"inLanguage\":\"pt-BR\",\"potentialAction\":[{\"@type\":\"ReadAction\",\"target\":[\"https:\/\/www.manaus.am.gov.br\/semcom\/impactos-das-chuvas\/\"]}]},{\"@type\":\"ImageObject\",\"inLanguage\":\"pt-BR\",\"@id\":\"https:\/\/www.manaus.am.gov.br\/semcom\/impactos-das-chuvas\/#primaryimage\",\"url\":\"https:\/\/www.manaus.am.gov.br\/semcom\/wp-content\/uploads\/sites\/5\/2025\/04\/impactos-das-chuvas-1.jpg\",\"contentUrl\":\"https:\/\/www.manaus.am.gov.br\/semcom\/wp-content\/uploads\/sites\/5\/2025\/04\/impactos-das-chuvas-1.jpg\",\"width\":800,\"height\":450,\"caption\":\"impactos das chuvas\"},{\"@type\":\"WebSite\",\"@id\":\"https:\/\/www.manaus.am.gov.br\/semcom\/#website\",\"url\":\"https:\/\/www.manaus.am.gov.br\/semcom\/\",\"name\":\"SEMCOM\",\"description\":\"Secretaria Municipal de Comunica\u00e7\u00e3o\",\"potentialAction\":[{\"@type\":\"SearchAction\",\"target\":{\"@type\":\"EntryPoint\",\"urlTemplate\":\"https:\/\/www.manaus.am.gov.br\/semcom\/?s={search_term_string}\"},\"query-input\":\"required name=search_term_string\"}],\"inLanguage\":\"pt-BR\"},{\"@type\":\"Person\",\"@id\":\"https:\/\/www.manaus.am.gov.br\/semcom\/#\/schema\/person\/a5ee5376db6e21af026374b369f30882\",\"name\":\"Thiago Fernando\",\"image\":{\"@type\":\"ImageObject\",\"inLanguage\":\"pt-BR\",\"@id\":\"https:\/\/www.manaus.am.gov.br\/semcom\/#\/schema\/person\/image\/\",\"url\":\"https:\/\/secure.gravatar.com\/avatar\/f5aab8722444041451501c077052ac07?s=96&d=mm&r=g\",\"contentUrl\":\"https:\/\/secure.gravatar.com\/avatar\/f5aab8722444041451501c077052ac07?s=96&d=mm&r=g\",\"caption\":\"Thiago Fernando\"}}]}<\/script>\n<!-- \/ Yoast SEO plugin. -->","yoast_head_json":{"title":"PMM atua para minimizar impactos das chuvas e refor\u00e7a a\u00e7\u00f5es","description":"As fortes chuvas que atingiram Manaus neste domingo, 27\/4, mobilizaram imediatamente as equipes da Prefeitura de Manaus.","robots":{"index":"index","follow":"follow","max-snippet":"max-snippet:-1","max-image-preview":"max-image-preview:large","max-video-preview":"max-video-preview:-1"},"canonical":"https:\/\/www.manaus.am.gov.br\/semcom\/impactos-das-chuvas\/","og_locale":"pt_BR","og_type":"article","og_title":"PMM atua para minimizar impactos das chuvas e refor\u00e7a a\u00e7\u00f5es","og_description":"As fortes chuvas que atingiram Manaus neste domingo, 27\/4, mobilizaram imediatamente as equipes da Prefeitura de Manaus.","og_url":"https:\/\/www.manaus.am.gov.br\/semcom\/impactos-das-chuvas\/","og_site_name":"SEMCOM","article_published_time":"2025-04-27T20:15:09+00:00","article_modified_time":"2025-04-27T20:15:10+00:00","og_image":[{"width":800,"height":450,"url":"https:\/\/www.manaus.am.gov.br\/semcom\/wp-content\/uploads\/sites\/5\/2025\/04\/impactos-das-chuvas-1.jpg","type":"image\/jpeg"}],"author":"Thiago Fernando","twitter_card":"summary_large_image","twitter_misc":{"Written by":"Thiago Fernando","Est. reading time":"3 minutos"},"schema":{"@context":"https:\/\/schema.org","@graph":[{"@type":"WebPage","@id":"https:\/\/www.manaus.am.gov.br\/semcom\/impactos-das-chuvas\/","url":"https:\/\/www.manaus.am.gov.br\/semcom\/impactos-das-chuvas\/","name":"PMM atua para minimizar impactos das chuvas e refor\u00e7a a\u00e7\u00f5es","isPartOf":{"@id":"https:\/\/www.manaus.am.gov.br\/semcom\/#website"},"primaryImageOfPage":{"@id":"https:\/\/www.manaus.am.gov.br\/semcom\/impactos-das-chuvas\/#primaryimage"},"image":{"@id":"https:\/\/www.manaus.am.gov.br\/semcom\/impactos-das-chuvas\/#primaryimage"},"thumbnailUrl":"https:\/\/www.manaus.am.gov.br\/semcom\/wp-content\/uploads\/sites\/5\/2025\/04\/impactos-das-chuvas-1.jpg","datePublished":"2025-04-27T20:15:09+00:00","dateModified":"2025-04-27T20:15:10+00:00","author":{"@id":"https:\/\/www.manaus.am.gov.br\/semcom\/#\/schema\/person\/a5ee5376db6e21af026374b369f30882"},"description":"As fortes chuvas que atingiram Manaus neste domingo, 27\/4, mobilizaram imediatamente as equipes da Prefeitura de Manaus.","inLanguage":"pt-BR","potentialAction":[{"@type":"ReadAction","target":["https:\/\/www.manaus.am.gov.br\/semcom\/impactos-das-chuvas\/"]}]},{"@type":"ImageObject","inLanguage":"pt-BR","@id":"https:\/\/www.manaus.am.gov.br\/semcom\/impactos-das-chuvas\/#primaryimage","url":"https:\/\/www.manaus.am.gov.br\/semcom\/wp-content\/uploads\/sites\/5\/2025\/04\/impactos-das-chuvas-1.jpg","contentUrl":"https:\/\/www.manaus.am.gov.br\/semcom\/wp-content\/uploads\/sites\/5\/2025\/04\/impactos-das-chuvas-1.jpg","width":800,"height":450,"caption":"impactos das chuvas"},{"@type":"WebSite","@id":"https:\/\/www.manaus.am.gov.br\/semcom\/#website","url":"https:\/\/www.manaus.am.gov.br\/semcom\/","name":"SEMCOM","description":"Secretaria Municipal de Comunica\u00e7\u00e3o","potentialAction":[{"@type":"SearchAction","target":{"@type":"EntryPoint","urlTemplate":"https:\/\/www.manaus.am.gov.br\/semcom\/?s={search_term_string}"},"query-input":"required name=search_term_string"}],"inLanguage":"pt-BR"},{"@type":"Person","@id":"https:\/\/www.manaus.am.gov.br\/semcom\/#\/schema\/person\/a5ee5376db6e21af026374b369f30882","name":"Thiago Fernando","image":{"@type":"ImageObject","inLanguage":"pt-BR","@id":"https:\/\/www.manaus.am.gov.br\/semcom\/#\/schema\/person\/image\/","url":"https:\/\/secure.gravatar.com\/avatar\/f5aab8722444041451501c077052ac07?s=96&d=mm&r=g","contentUrl":"https:\/\/secure.gravatar.com\/avatar\/f5aab8722444041451501c077052ac07?s=96&d=mm&r=g","caption":"Thiago Fernando"}}]}},"_links":{"self":[{"href":"https:\/\/www.manaus.am.gov.br\/semcom\/wp-json\/wp\/v2\/posts\/238169"}],"collection":[{"href":"https:\/\/www.manaus.am.gov.br\/semcom\/wp-json\/wp\/v2\/posts"}],"about":[{"href":"https:\/\/www.manaus.am.gov.br\/semcom\/wp-json\/wp\/v2\/types\/post"}],"author":[{"embeddable":true,"href":"https:\/\/www.manaus.am.gov.br\/semcom\/wp-json\/wp\/v2\/users\/57"}],"replies":[{"embeddable":true,"href":"https:\/\/www.manaus.am.gov.br\/semcom\/wp-json\/wp\/v2\/comments?post=238169"}],"version-history":[{"count":0,"href":"https:\/\/www.manaus.am.gov.br\/semcom\/wp-json\/wp\/v2\/posts\/238169\/revisions"}],"wp:featuredmedia":[{"embeddable":true,"href":"https:\/\/www.manaus.am.gov.br\/semcom\/wp-json\/wp\/v2\/media\/238170"}],"wp:attachment":[{"href":"https:\/\/www.manaus.am.gov.br\/semcom\/wp-json\/wp\/v2\/media?parent=238169"}],"wp:term":[{"taxonomy":"category","embeddable":true,"href":"https:\/\/www.manaus.am.gov.br\/semcom\/wp-json\/wp\/v2\/categories?post=238169"},{"taxonomy":"post_tag","embeddable":true,"href":"https:\/\/www.manaus.am.gov.br\/semcom\/wp-json\/wp\/v2\/tags?post=238169"}],"curies":[{"name":"wp","href":"https:\/\/api.w.org\/{rel}","templated":true}]}}