{"id":238168,"date":"2025-04-27T15:58:06","date_gmt":"2025-04-27T18:58:06","guid":{"rendered":"https:\/\/www.manaus.am.gov.br\/semcom\/45-ocorrencias-chuvas\/"},"modified":"2025-04-27T15:58:07","modified_gmt":"2025-04-27T18:58:07","slug":"45-ocorrencias-chuvas","status":"publish","type":"post","link":"https:\/\/www.manaus.am.gov.br\/semcom\/45-ocorrencias-chuvas\/","title":{"rendered":"Prefeitura registra 45 ocorr\u00eancias ap\u00f3s fortes chuvas"},"content":{"rendered":"\n<p>A Prefeitura de Manaus, por meio do Centro de Coopera\u00e7\u00e3o da Cidade (CCC), atendeu na madrugada de domingo, 27\/04, 45 chamadas ap\u00f3s as chuvas que ca\u00edram na cidade. As demandas foram recebidas pelo Disque 199 ou o n\u00famero (92) 98802-3547, canal direto de comunica\u00e7\u00e3o com a Defesa Civil, operado 24 horas na sede do CCC.<\/p>\n\n\n\n<p>As ocorr\u00eancias foram repassadas para as equipes de campo da Secretaria Executiva de Prote\u00e7\u00e3o e Defesa Civil Municipal (Sepdec), vinculada \u00e0 Secretaria Municipal de Seguran\u00e7a P\u00fablica e Defesa Social (Semseg), que respondem rapidamente \u00e0s \u00e1reas impactadas.<\/p>\n\n\n\n<p>Durante as recentes precipita\u00e7\u00f5es em Manaus, as situa\u00e7\u00f5es foram observadas, demonstrando a necessidade de aten\u00e7\u00e3o das equipes de campo.<\/p>\n\n\n\n<p>Entre elas est\u00e3o, vinte e duas alaga\u00e7\u00f5es, sendo dez na sete centro oeste, uma na zona sul, dez na zona oeste e um na zona centro sul. Um de bueiro entupido na zona oeste.&nbsp; Tr\u00eas deslizamentos, sendo um na zona centro oeste e um na zona norte. Um inc\u00eandio na zona sul. Dois riscos de desabar na zona oeste. Dois riscos de deslizar tamb\u00e9m na zona oeste. Uma solicita\u00e7\u00e3o de vistoria na zona centro sul. Dois tombamentos de arvores, sendo um na zona sul e um na zona leste. Onze desabamentos sendo, sete na zona oeste, quatro na zona centro oeste. As equipes foram prontamente mobilizadas para lidar com o incidente na \u00e1rea. visando garantir a seguran\u00e7a e o bem-estar da popula\u00e7\u00e3o.<\/p>\n\n\n\n<p><strong>Canal de atendimento 24 horas<\/strong><\/p>\n\n\n\n<p>Em caso de ocorr\u00eancias, para assist\u00eancia imediata, os cidad\u00e3os podem entrar em contato ligando para o Disque 199 (Defesa Civil), do Centro de Coopera\u00e7\u00e3o da Cidade (CCC), que opera 24 horas.<\/p>\n\n\n\n<p>&nbsp;\u00c9 importante ressaltar que o sistema atmosf\u00e9rico \u00e9 din\u00e2mico e a Prefeitura de Manaus continuar\u00e1 monitorando os dados de previs\u00e3o para fornecer atualiza\u00e7\u00f5es, caso haja altera\u00e7\u00f5es significativas.<\/p>\n\n\n\n<p><strong>Recomenda\u00e7\u00f5es<\/strong><\/p>\n\n\n\n<p>\u00c9 importante que os residentes de Manaus estejam preparados para as condi\u00e7\u00f5es do mau tempo e adotem as precau\u00e7\u00f5es necess\u00e1rias. Al\u00e9m disso, \u00e9 recomendado evitar o ac\u00famulo de \u00e1gua parada, visando prevenir a prolifera\u00e7\u00e3o de mosquitos transmissores de doen\u00e7as.<\/p>\n\n\n\n<p>Ao dirigir em vias alagadas, \u00e9 essencial reduzir a velocidade e manter uma dist\u00e2ncia segura do ve\u00edculo \u00e0 frente. Evite transitar por locais alagados e, se necess\u00e1rio, procure rotas alternativas.<\/p>\n\n\n\n<p>&#8212; &#8212; &#8212;<\/p>\n\n\n\n<p><strong>Texto \u2013<\/strong> La\u00eds Fernandes \/ Semseg<\/p>\n","protected":false},"excerpt":{"rendered":"","protected":false},"author":57,"featured_media":238167,"comment_status":"closed","ping_status":"closed","sticky":false,"template":"","format":"standard","meta":{"footnotes":""},"categories":[6005],"tags":[14561,346,77,349],"acf":[],"yoast_head":"<!-- This site is optimized with the Yoast SEO plugin v23.0 - https:\/\/yoast.com\/wordpress\/plugins\/seo\/ -->\n<title>Prefeitura registra 45 ocorr\u00eancias ap\u00f3s fortes chuvas<\/title>\n<meta name=\"description\" content=\"A Prefeitura de Manaus atendeu na madrugada de domingo, 27\/04, 45 ocorr\u00eancias ap\u00f3s as chuvas que ca\u00edram na cidade.\" \/>\n<meta name=\"robots\" content=\"index, follow, max-snippet:-1, max-image-preview:large, max-video-preview:-1\" \/>\n<link rel=\"canonical\" href=\"https:\/\/www.manaus.am.gov.br\/semcom\/45-ocorrencias-chuvas\/\" \/>\n<meta property=\"og:locale\" content=\"pt_BR\" \/>\n<meta property=\"og:type\" content=\"article\" \/>\n<meta property=\"og:title\" content=\"Prefeitura registra 45 ocorr\u00eancias ap\u00f3s fortes chuvas\" \/>\n<meta property=\"og:description\" content=\"A Prefeitura de Manaus atendeu na madrugada de domingo, 27\/04, 45 ocorr\u00eancias ap\u00f3s as chuvas que ca\u00edram na cidade.\" \/>\n<meta property=\"og:url\" content=\"https:\/\/www.manaus.am.gov.br\/semcom\/45-ocorrencias-chuvas\/\" \/>\n<meta property=\"og:site_name\" content=\"SEMCOM\" \/>\n<meta property=\"article:published_time\" content=\"2025-04-27T18:58:06+00:00\" \/>\n<meta property=\"article:modified_time\" content=\"2025-04-27T18:58:07+00:00\" \/>\n<meta property=\"og:image\" content=\"https:\/\/www.manaus.am.gov.br\/semcom\/wp-content\/uploads\/sites\/5\/2025\/04\/BANNER-NOTA.png\" \/>\n\t<meta property=\"og:image:width\" content=\"900\" \/>\n\t<meta property=\"og:image:height\" content=\"509\" \/>\n\t<meta property=\"og:image:type\" content=\"image\/png\" \/>\n<meta name=\"author\" content=\"Thiago Fernando\" \/>\n<meta name=\"twitter:card\" content=\"summary_large_image\" \/>\n<meta name=\"twitter:label1\" content=\"Written by\" \/>\n\t<meta name=\"twitter:data1\" content=\"Thiago Fernando\" \/>\n\t<meta name=\"twitter:label2\" content=\"Est. reading time\" \/>\n\t<meta name=\"twitter:data2\" content=\"3 minutos\" \/>\n<script type=\"application\/ld+json\" class=\"yoast-schema-graph\">{\"@context\":\"https:\/\/schema.org\",\"@graph\":[{\"@type\":\"WebPage\",\"@id\":\"https:\/\/www.manaus.am.gov.br\/semcom\/45-ocorrencias-chuvas\/\",\"url\":\"https:\/\/www.manaus.am.gov.br\/semcom\/45-ocorrencias-chuvas\/\",\"name\":\"Prefeitura registra 45 ocorr\u00eancias ap\u00f3s fortes chuvas\",\"isPartOf\":{\"@id\":\"https:\/\/www.manaus.am.gov.br\/semcom\/#website\"},\"primaryImageOfPage\":{\"@id\":\"https:\/\/www.manaus.am.gov.br\/semcom\/45-ocorrencias-chuvas\/#primaryimage\"},\"image\":{\"@id\":\"https:\/\/www.manaus.am.gov.br\/semcom\/45-ocorrencias-chuvas\/#primaryimage\"},\"thumbnailUrl\":\"https:\/\/www.manaus.am.gov.br\/semcom\/wp-content\/uploads\/sites\/5\/2025\/04\/BANNER-NOTA.png\",\"datePublished\":\"2025-04-27T18:58:06+00:00\",\"dateModified\":\"2025-04-27T18:58:07+00:00\",\"author\":{\"@id\":\"https:\/\/www.manaus.am.gov.br\/semcom\/#\/schema\/person\/a5ee5376db6e21af026374b369f30882\"},\"description\":\"A Prefeitura de Manaus atendeu na madrugada de domingo, 27\/04, 45 ocorr\u00eancias ap\u00f3s as chuvas que ca\u00edram na cidade.\",\"inLanguage\":\"pt-BR\",\"potentialAction\":[{\"@type\":\"ReadAction\",\"target\":[\"https:\/\/www.manaus.am.gov.br\/semcom\/45-ocorrencias-chuvas\/\"]}]},{\"@type\":\"ImageObject\",\"inLanguage\":\"pt-BR\",\"@id\":\"https:\/\/www.manaus.am.gov.br\/semcom\/45-ocorrencias-chuvas\/#primaryimage\",\"url\":\"https:\/\/www.manaus.am.gov.br\/semcom\/wp-content\/uploads\/sites\/5\/2025\/04\/BANNER-NOTA.png\",\"contentUrl\":\"https:\/\/www.manaus.am.gov.br\/semcom\/wp-content\/uploads\/sites\/5\/2025\/04\/BANNER-NOTA.png\",\"width\":900,\"height\":509,\"caption\":\"37 ocorr\u00eancias ap\u00f3s fortes chuvas\"},{\"@type\":\"WebSite\",\"@id\":\"https:\/\/www.manaus.am.gov.br\/semcom\/#website\",\"url\":\"https:\/\/www.manaus.am.gov.br\/semcom\/\",\"name\":\"SEMCOM\",\"description\":\"Secretaria Municipal de Comunica\u00e7\u00e3o\",\"potentialAction\":[{\"@type\":\"SearchAction\",\"target\":{\"@type\":\"EntryPoint\",\"urlTemplate\":\"https:\/\/www.manaus.am.gov.br\/semcom\/?s={search_term_string}\"},\"query-input\":\"required name=search_term_string\"}],\"inLanguage\":\"pt-BR\"},{\"@type\":\"Person\",\"@id\":\"https:\/\/www.manaus.am.gov.br\/semcom\/#\/schema\/person\/a5ee5376db6e21af026374b369f30882\",\"name\":\"Thiago Fernando\",\"image\":{\"@type\":\"ImageObject\",\"inLanguage\":\"pt-BR\",\"@id\":\"https:\/\/www.manaus.am.gov.br\/semcom\/#\/schema\/person\/image\/\",\"url\":\"https:\/\/secure.gravatar.com\/avatar\/f5aab8722444041451501c077052ac07?s=96&d=mm&r=g\",\"contentUrl\":\"https:\/\/secure.gravatar.com\/avatar\/f5aab8722444041451501c077052ac07?s=96&d=mm&r=g\",\"caption\":\"Thiago Fernando\"}}]}<\/script>\n<!-- \/ Yoast SEO plugin. -->","yoast_head_json":{"title":"Prefeitura registra 45 ocorr\u00eancias ap\u00f3s fortes chuvas","description":"A Prefeitura de Manaus atendeu na madrugada de domingo, 27\/04, 45 ocorr\u00eancias ap\u00f3s as chuvas que ca\u00edram na cidade.","robots":{"index":"index","follow":"follow","max-snippet":"max-snippet:-1","max-image-preview":"max-image-preview:large","max-video-preview":"max-video-preview:-1"},"canonical":"https:\/\/www.manaus.am.gov.br\/semcom\/45-ocorrencias-chuvas\/","og_locale":"pt_BR","og_type":"article","og_title":"Prefeitura registra 45 ocorr\u00eancias ap\u00f3s fortes chuvas","og_description":"A Prefeitura de Manaus atendeu na madrugada de domingo, 27\/04, 45 ocorr\u00eancias ap\u00f3s as chuvas que ca\u00edram na cidade.","og_url":"https:\/\/www.manaus.am.gov.br\/semcom\/45-ocorrencias-chuvas\/","og_site_name":"SEMCOM","article_published_time":"2025-04-27T18:58:06+00:00","article_modified_time":"2025-04-27T18:58:07+00:00","og_image":[{"width":900,"height":509,"url":"https:\/\/www.manaus.am.gov.br\/semcom\/wp-content\/uploads\/sites\/5\/2025\/04\/BANNER-NOTA.png","type":"image\/png"}],"author":"Thiago Fernando","twitter_card":"summary_large_image","twitter_misc":{"Written by":"Thiago Fernando","Est. reading time":"3 minutos"},"schema":{"@context":"https:\/\/schema.org","@graph":[{"@type":"WebPage","@id":"https:\/\/www.manaus.am.gov.br\/semcom\/45-ocorrencias-chuvas\/","url":"https:\/\/www.manaus.am.gov.br\/semcom\/45-ocorrencias-chuvas\/","name":"Prefeitura registra 45 ocorr\u00eancias ap\u00f3s fortes chuvas","isPartOf":{"@id":"https:\/\/www.manaus.am.gov.br\/semcom\/#website"},"primaryImageOfPage":{"@id":"https:\/\/www.manaus.am.gov.br\/semcom\/45-ocorrencias-chuvas\/#primaryimage"},"image":{"@id":"https:\/\/www.manaus.am.gov.br\/semcom\/45-ocorrencias-chuvas\/#primaryimage"},"thumbnailUrl":"https:\/\/www.manaus.am.gov.br\/semcom\/wp-content\/uploads\/sites\/5\/2025\/04\/BANNER-NOTA.png","datePublished":"2025-04-27T18:58:06+00:00","dateModified":"2025-04-27T18:58:07+00:00","author":{"@id":"https:\/\/www.manaus.am.gov.br\/semcom\/#\/schema\/person\/a5ee5376db6e21af026374b369f30882"},"description":"A Prefeitura de Manaus atendeu na madrugada de domingo, 27\/04, 45 ocorr\u00eancias ap\u00f3s as chuvas que ca\u00edram na cidade.","inLanguage":"pt-BR","potentialAction":[{"@type":"ReadAction","target":["https:\/\/www.manaus.am.gov.br\/semcom\/45-ocorrencias-chuvas\/"]}]},{"@type":"ImageObject","inLanguage":"pt-BR","@id":"https:\/\/www.manaus.am.gov.br\/semcom\/45-ocorrencias-chuvas\/#primaryimage","url":"https:\/\/www.manaus.am.gov.br\/semcom\/wp-content\/uploads\/sites\/5\/2025\/04\/BANNER-NOTA.png","contentUrl":"https:\/\/www.manaus.am.gov.br\/semcom\/wp-content\/uploads\/sites\/5\/2025\/04\/BANNER-NOTA.png","width":900,"height":509,"caption":"37 ocorr\u00eancias ap\u00f3s fortes chuvas"},{"@type":"WebSite","@id":"https:\/\/www.manaus.am.gov.br\/semcom\/#website","url":"https:\/\/www.manaus.am.gov.br\/semcom\/","name":"SEMCOM","description":"Secretaria Municipal de Comunica\u00e7\u00e3o","potentialAction":[{"@type":"SearchAction","target":{"@type":"EntryPoint","urlTemplate":"https:\/\/www.manaus.am.gov.br\/semcom\/?s={search_term_string}"},"query-input":"required name=search_term_string"}],"inLanguage":"pt-BR"},{"@type":"Person","@id":"https:\/\/www.manaus.am.gov.br\/semcom\/#\/schema\/person\/a5ee5376db6e21af026374b369f30882","name":"Thiago Fernando","image":{"@type":"ImageObject","inLanguage":"pt-BR","@id":"https:\/\/www.manaus.am.gov.br\/semcom\/#\/schema\/person\/image\/","url":"https:\/\/secure.gravatar.com\/avatar\/f5aab8722444041451501c077052ac07?s=96&d=mm&r=g","contentUrl":"https:\/\/secure.gravatar.com\/avatar\/f5aab8722444041451501c077052ac07?s=96&d=mm&r=g","caption":"Thiago Fernando"}}]}},"_links":{"self":[{"href":"https:\/\/www.manaus.am.gov.br\/semcom\/wp-json\/wp\/v2\/posts\/238168"}],"collection":[{"href":"https:\/\/www.manaus.am.gov.br\/semcom\/wp-json\/wp\/v2\/posts"}],"about":[{"href":"https:\/\/www.manaus.am.gov.br\/semcom\/wp-json\/wp\/v2\/types\/post"}],"author":[{"embeddable":true,"href":"https:\/\/www.manaus.am.gov.br\/semcom\/wp-json\/wp\/v2\/users\/57"}],"replies":[{"embeddable":true,"href":"https:\/\/www.manaus.am.gov.br\/semcom\/wp-json\/wp\/v2\/comments?post=238168"}],"version-history":[{"count":0,"href":"https:\/\/www.manaus.am.gov.br\/semcom\/wp-json\/wp\/v2\/posts\/238168\/revisions"}],"wp:featuredmedia":[{"embeddable":true,"href":"https:\/\/www.manaus.am.gov.br\/semcom\/wp-json\/wp\/v2\/media\/238167"}],"wp:attachment":[{"href":"https:\/\/www.manaus.am.gov.br\/semcom\/wp-json\/wp\/v2\/media?parent=238168"}],"wp:term":[{"taxonomy":"category","embeddable":true,"href":"https:\/\/www.manaus.am.gov.br\/semcom\/wp-json\/wp\/v2\/categories?post=238168"},{"taxonomy":"post_tag","embeddable":true,"href":"https:\/\/www.manaus.am.gov.br\/semcom\/wp-json\/wp\/v2\/tags?post=238168"}],"curies":[{"name":"wp","href":"https:\/\/api.w.org\/{rel}","templated":true}]}}