{"id":238142,"date":"2025-04-25T20:22:59","date_gmt":"2025-04-25T23:22:59","guid":{"rendered":"https:\/\/www.manaus.am.gov.br\/semcom\/programa-habitacao-manaus\/"},"modified":"2025-04-25T20:23:00","modified_gmt":"2025-04-25T23:23:00","slug":"programa-habitacao-manaus","status":"publish","type":"post","link":"https:\/\/www.manaus.am.gov.br\/semcom\/programa-habitacao-manaus\/","title":{"rendered":"CMH apresenta crit\u00e9rios para sele\u00e7\u00e3o de fam\u00edlias do \u2018Minha Casa, Minha Vida\u2019 em reuni\u00e3o com \u00f3rg\u00e3os de controle"},"content":{"rendered":"\n<p>Na tarde desta sexta-feira, 25\/4, o Conselho Municipal de Habita\u00e7\u00e3o (CMH) se reuniu com representantes do Minist\u00e9rio P\u00fablico Federal (MPF), da Defensoria P\u00fablica do Estado do Amazonas (DPE-AM) e Procuradoria-Geral do Munic\u00edpio (PGM), para debater as diretrizes que ir\u00e3o nortear a sele\u00e7\u00e3o das fam\u00edlias beneficiadas pelo programa \u201cMinha Casa, Minha Vida\u201d, no munic\u00edpio de Manaus. A reuni\u00e3o foi presidida pelo secret\u00e1rio municipal de Habita\u00e7\u00e3o e Assuntos Fundi\u00e1rios, Jesus Alves.&nbsp;<\/p>\n\n\n\n<p>Durante o encontro, foram discutidas as etapas que antecedem a entrega das 576 unidades habitacionais previstas no primeiro lote do programa, voltado prioritariamente \u00e0 popula\u00e7\u00e3o em situa\u00e7\u00e3o de vulnerabilidade social. A reuni\u00e3o teve como objetivo garantir transpar\u00eancia, isonomia e justi\u00e7a social no processo de sele\u00e7\u00e3o dos contemplados.<\/p>\n\n\n\n<p>\u201cO trabalho da Prefeitura de Manaus, por meio da Semhaf, \u00e9 conduzido de forma a garantir que as moradias cheguem a quem realmente precisa, com base em crit\u00e9rios claros, justos e acompanhados pelos \u00f3rg\u00e3os competentes. A transpar\u00eancia \u00e9 um pilar fundamental desse processo\u201d, afirmou Jesus Alves.<\/p>\n\n\n\n<p>Atualmente, o sistema registra mais de 184 mil candidatos cadastrados. O levantamento revela, por exemplo, que 57,35% est\u00e3o inscritos no Cad\u00danico, 45,89% s\u00e3o mulheres respons\u00e1veis pelo domic\u00edlio e cerca de 3% das fam\u00edlias vivem em situa\u00e7\u00e3o de rua. Tamb\u00e9m foram destacados os crit\u00e9rios sociais priorit\u00e1rios, como presen\u00e7a de idosos, pessoas com defici\u00eancia, crian\u00e7as e adolescentes nas fam\u00edlias, al\u00e9m da localiza\u00e7\u00e3o em \u00e1reas de risco.<\/p>\n\n\n\n<p>Para o procurador do Minist\u00e9rio P\u00fablico Federal, Thiago Sacchetto, a iniciativa \u00e9 importante para garantir a transpar\u00eancia em todo o processo. \u201cRecebemos o convite feito pelo Conselho para apreciarmos os mecanismos que est\u00e3o sendo utilizados pelo munic\u00edpio. A nossa atua\u00e7\u00e3o est\u00e1 no acompanhamento de que toda pol\u00edtica p\u00fablica seja realizada de acordo com as leis e a constitui\u00e7\u00e3o federal\u201d.<\/p>\n\n\n\n<p>J\u00e1 o defensor p\u00fablico do Estado do Amazonas, Carlos Almeida, destacou o ineditismo da iniciativa. Segundo ele, \u00e9 a primeira vez que a Defensoria P\u00fablica \u00e9 chamada para discutir as bases de sele\u00e7\u00e3o das fam\u00edlias que ser\u00e3o contempladas.<\/p>\n\n\n\n<p>\u201cEsse \u00e9 um grande marco hist\u00f3rico porque, pela primeira vez, antes da defini\u00e7\u00e3o da entrega das unidades pelo \u2018Minha Casa Minha Vida\u2019, houve uma preocupa\u00e7\u00e3o p\u00fablica com a classifica\u00e7\u00e3o dos poss\u00edveis benefici\u00e1rios. Esse tipo de antecipa\u00e7\u00e3o \u00e9 muito importante e a constru\u00e7\u00e3o de uma solu\u00e7\u00e3o estrutural de pol\u00edtica p\u00fablica \u00e9 in\u00e9dita\u201d, finalizou Carlos Almeida.<\/p>\n\n\n\n<p>A pr\u00f3xima reuni\u00e3o est\u00e1 prevista para acontecer na primeira quinzena de maio.<\/p>\n\n\n\n<p>\u2014 \u2014 \u2014<\/p>\n\n\n\n<p><strong>Texto &#8211;<\/strong> Leonardo Fierro \/ Assessoria Semhaf<\/p>\n\n\n\n<p><strong>Fotos &#8211; <\/strong>Levy Moraes \/ Assessoria Semhaf<\/p>\n","protected":false},"excerpt":{"rendered":"","protected":false},"author":68,"featured_media":238143,"comment_status":"closed","ping_status":"closed","sticky":false,"template":"","format":"standard","meta":{"footnotes":""},"categories":[2205],"tags":[14553,14554,77,5352],"acf":[],"yoast_head":"<!-- This site is optimized with the Yoast SEO plugin v23.0 - https:\/\/yoast.com\/wordpress\/plugins\/seo\/ -->\n<title>CMH apresenta crit\u00e9rios para sele\u00e7\u00e3o de fam\u00edlias do \u2018Minha Casa, Minha Vida\u2019 em reuni\u00e3o com \u00f3rg\u00e3os de controle<\/title>\n<meta name=\"description\" content=\"Na tarde desta sexta-feira, 25\/4, o Conselho Municipal de Habita\u00e7\u00e3o (CMH) se reuniu com representantes do Minist\u00e9rio P\u00fablico Federal (MPF), da Defensoria P\u00fablica do Estado do Amazonas (DPE-AM) e Procuradoria-Geral do Munic\u00edpio (PGM), para debater as diretrizes que ir\u00e3o nortear a sele\u00e7\u00e3o das fam\u00edlias beneficiadas pelo programa \u201cMinha Casa, Minha Vida\u201d, no munic\u00edpio de Manaus. A reuni\u00e3o foi presidida pelo secret\u00e1rio municipal de Habita\u00e7\u00e3o e Assuntos Fundi\u00e1rios, Jesus Alves.\" \/>\n<meta name=\"robots\" content=\"index, follow, max-snippet:-1, max-image-preview:large, max-video-preview:-1\" \/>\n<link rel=\"canonical\" href=\"https:\/\/www.manaus.am.gov.br\/semcom\/programa-habitacao-manaus\/\" \/>\n<meta property=\"og:locale\" content=\"pt_BR\" \/>\n<meta property=\"og:type\" content=\"article\" \/>\n<meta property=\"og:title\" content=\"CMH apresenta crit\u00e9rios para sele\u00e7\u00e3o de fam\u00edlias do \u2018Minha Casa, Minha Vida\u2019 em reuni\u00e3o com \u00f3rg\u00e3os de controle\" \/>\n<meta property=\"og:description\" content=\"Na tarde desta sexta-feira, 25\/4, o Conselho Municipal de Habita\u00e7\u00e3o (CMH) se reuniu com representantes do Minist\u00e9rio P\u00fablico Federal (MPF), da Defensoria P\u00fablica do Estado do Amazonas (DPE-AM) e Procuradoria-Geral do Munic\u00edpio (PGM), para debater as diretrizes que ir\u00e3o nortear a sele\u00e7\u00e3o das fam\u00edlias beneficiadas pelo programa \u201cMinha Casa, Minha Vida\u201d, no munic\u00edpio de Manaus. A reuni\u00e3o foi presidida pelo secret\u00e1rio municipal de Habita\u00e7\u00e3o e Assuntos Fundi\u00e1rios, Jesus Alves.\" \/>\n<meta property=\"og:url\" content=\"https:\/\/www.manaus.am.gov.br\/semcom\/programa-habitacao-manaus\/\" \/>\n<meta property=\"og:site_name\" content=\"SEMCOM\" \/>\n<meta property=\"article:published_time\" content=\"2025-04-25T23:22:59+00:00\" \/>\n<meta property=\"article:modified_time\" content=\"2025-04-25T23:23:00+00:00\" \/>\n<meta property=\"og:image\" content=\"https:\/\/www.manaus.am.gov.br\/semcom\/wp-content\/uploads\/sites\/5\/2025\/04\/IMG_7660-1024x768.jpeg\" \/>\n\t<meta property=\"og:image:width\" content=\"1024\" \/>\n\t<meta property=\"og:image:height\" content=\"768\" \/>\n\t<meta property=\"og:image:type\" content=\"image\/jpeg\" \/>\n<meta name=\"author\" content=\"bvalente\" \/>\n<meta name=\"twitter:card\" content=\"summary_large_image\" \/>\n<meta name=\"twitter:label1\" content=\"Written by\" \/>\n\t<meta name=\"twitter:data1\" content=\"bvalente\" \/>\n\t<meta name=\"twitter:label2\" content=\"Est. reading time\" \/>\n\t<meta name=\"twitter:data2\" content=\"3 minutos\" \/>\n<script type=\"application\/ld+json\" class=\"yoast-schema-graph\">{\"@context\":\"https:\/\/schema.org\",\"@graph\":[{\"@type\":\"WebPage\",\"@id\":\"https:\/\/www.manaus.am.gov.br\/semcom\/programa-habitacao-manaus\/\",\"url\":\"https:\/\/www.manaus.am.gov.br\/semcom\/programa-habitacao-manaus\/\",\"name\":\"CMH apresenta crit\u00e9rios para sele\u00e7\u00e3o de fam\u00edlias do \u2018Minha Casa, Minha Vida\u2019 em reuni\u00e3o com \u00f3rg\u00e3os de controle\",\"isPartOf\":{\"@id\":\"https:\/\/www.manaus.am.gov.br\/semcom\/#website\"},\"primaryImageOfPage\":{\"@id\":\"https:\/\/www.manaus.am.gov.br\/semcom\/programa-habitacao-manaus\/#primaryimage\"},\"image\":{\"@id\":\"https:\/\/www.manaus.am.gov.br\/semcom\/programa-habitacao-manaus\/#primaryimage\"},\"thumbnailUrl\":\"https:\/\/www.manaus.am.gov.br\/semcom\/wp-content\/uploads\/sites\/5\/2025\/04\/IMG_7660.jpeg\",\"datePublished\":\"2025-04-25T23:22:59+00:00\",\"dateModified\":\"2025-04-25T23:23:00+00:00\",\"author\":{\"@id\":\"https:\/\/www.manaus.am.gov.br\/semcom\/#\/schema\/person\/466a0e03ae4b6062809046bd560ac955\"},\"description\":\"Na tarde desta sexta-feira, 25\/4, o Conselho Municipal de Habita\u00e7\u00e3o (CMH) se reuniu com representantes do Minist\u00e9rio P\u00fablico Federal (MPF), da Defensoria P\u00fablica do Estado do Amazonas (DPE-AM) e Procuradoria-Geral do Munic\u00edpio (PGM), para debater as diretrizes que ir\u00e3o nortear a sele\u00e7\u00e3o das fam\u00edlias beneficiadas pelo programa \u201cMinha Casa, Minha Vida\u201d, no munic\u00edpio de Manaus. A reuni\u00e3o foi presidida pelo secret\u00e1rio municipal de Habita\u00e7\u00e3o e Assuntos Fundi\u00e1rios, Jesus Alves.\",\"inLanguage\":\"pt-BR\",\"potentialAction\":[{\"@type\":\"ReadAction\",\"target\":[\"https:\/\/www.manaus.am.gov.br\/semcom\/programa-habitacao-manaus\/\"]}]},{\"@type\":\"ImageObject\",\"inLanguage\":\"pt-BR\",\"@id\":\"https:\/\/www.manaus.am.gov.br\/semcom\/programa-habitacao-manaus\/#primaryimage\",\"url\":\"https:\/\/www.manaus.am.gov.br\/semcom\/wp-content\/uploads\/sites\/5\/2025\/04\/IMG_7660.jpeg\",\"contentUrl\":\"https:\/\/www.manaus.am.gov.br\/semcom\/wp-content\/uploads\/sites\/5\/2025\/04\/IMG_7660.jpeg\",\"width\":5712,\"height\":4284},{\"@type\":\"WebSite\",\"@id\":\"https:\/\/www.manaus.am.gov.br\/semcom\/#website\",\"url\":\"https:\/\/www.manaus.am.gov.br\/semcom\/\",\"name\":\"SEMCOM\",\"description\":\"Secretaria Municipal de Comunica\u00e7\u00e3o\",\"potentialAction\":[{\"@type\":\"SearchAction\",\"target\":{\"@type\":\"EntryPoint\",\"urlTemplate\":\"https:\/\/www.manaus.am.gov.br\/semcom\/?s={search_term_string}\"},\"query-input\":\"required name=search_term_string\"}],\"inLanguage\":\"pt-BR\"},{\"@type\":\"Person\",\"@id\":\"https:\/\/www.manaus.am.gov.br\/semcom\/#\/schema\/person\/466a0e03ae4b6062809046bd560ac955\",\"name\":\"bvalente\",\"image\":{\"@type\":\"ImageObject\",\"inLanguage\":\"pt-BR\",\"@id\":\"https:\/\/www.manaus.am.gov.br\/semcom\/#\/schema\/person\/image\/\",\"url\":\"https:\/\/secure.gravatar.com\/avatar\/3e69bc2b014bdad41adfec3a39de07d2?s=96&d=mm&r=g\",\"contentUrl\":\"https:\/\/secure.gravatar.com\/avatar\/3e69bc2b014bdad41adfec3a39de07d2?s=96&d=mm&r=g\",\"caption\":\"bvalente\"}}]}<\/script>\n<!-- \/ Yoast SEO plugin. -->","yoast_head_json":{"title":"CMH apresenta crit\u00e9rios para sele\u00e7\u00e3o de fam\u00edlias do \u2018Minha Casa, Minha Vida\u2019 em reuni\u00e3o com \u00f3rg\u00e3os de controle","description":"Na tarde desta sexta-feira, 25\/4, o Conselho Municipal de Habita\u00e7\u00e3o (CMH) se reuniu com representantes do Minist\u00e9rio P\u00fablico Federal (MPF), da Defensoria P\u00fablica do Estado do Amazonas (DPE-AM) e Procuradoria-Geral do Munic\u00edpio (PGM), para debater as diretrizes que ir\u00e3o nortear a sele\u00e7\u00e3o das fam\u00edlias beneficiadas pelo programa \u201cMinha Casa, Minha Vida\u201d, no munic\u00edpio de Manaus. A reuni\u00e3o foi presidida pelo secret\u00e1rio municipal de Habita\u00e7\u00e3o e Assuntos Fundi\u00e1rios, Jesus Alves.","robots":{"index":"index","follow":"follow","max-snippet":"max-snippet:-1","max-image-preview":"max-image-preview:large","max-video-preview":"max-video-preview:-1"},"canonical":"https:\/\/www.manaus.am.gov.br\/semcom\/programa-habitacao-manaus\/","og_locale":"pt_BR","og_type":"article","og_title":"CMH apresenta crit\u00e9rios para sele\u00e7\u00e3o de fam\u00edlias do \u2018Minha Casa, Minha Vida\u2019 em reuni\u00e3o com \u00f3rg\u00e3os de controle","og_description":"Na tarde desta sexta-feira, 25\/4, o Conselho Municipal de Habita\u00e7\u00e3o (CMH) se reuniu com representantes do Minist\u00e9rio P\u00fablico Federal (MPF), da Defensoria P\u00fablica do Estado do Amazonas (DPE-AM) e Procuradoria-Geral do Munic\u00edpio (PGM), para debater as diretrizes que ir\u00e3o nortear a sele\u00e7\u00e3o das fam\u00edlias beneficiadas pelo programa \u201cMinha Casa, Minha Vida\u201d, no munic\u00edpio de Manaus. A reuni\u00e3o foi presidida pelo secret\u00e1rio municipal de Habita\u00e7\u00e3o e Assuntos Fundi\u00e1rios, Jesus Alves.","og_url":"https:\/\/www.manaus.am.gov.br\/semcom\/programa-habitacao-manaus\/","og_site_name":"SEMCOM","article_published_time":"2025-04-25T23:22:59+00:00","article_modified_time":"2025-04-25T23:23:00+00:00","og_image":[{"width":1024,"height":768,"url":"https:\/\/www.manaus.am.gov.br\/semcom\/wp-content\/uploads\/sites\/5\/2025\/04\/IMG_7660-1024x768.jpeg","type":"image\/jpeg"}],"author":"bvalente","twitter_card":"summary_large_image","twitter_misc":{"Written by":"bvalente","Est. reading time":"3 minutos"},"schema":{"@context":"https:\/\/schema.org","@graph":[{"@type":"WebPage","@id":"https:\/\/www.manaus.am.gov.br\/semcom\/programa-habitacao-manaus\/","url":"https:\/\/www.manaus.am.gov.br\/semcom\/programa-habitacao-manaus\/","name":"CMH apresenta crit\u00e9rios para sele\u00e7\u00e3o de fam\u00edlias do \u2018Minha Casa, Minha Vida\u2019 em reuni\u00e3o com \u00f3rg\u00e3os de controle","isPartOf":{"@id":"https:\/\/www.manaus.am.gov.br\/semcom\/#website"},"primaryImageOfPage":{"@id":"https:\/\/www.manaus.am.gov.br\/semcom\/programa-habitacao-manaus\/#primaryimage"},"image":{"@id":"https:\/\/www.manaus.am.gov.br\/semcom\/programa-habitacao-manaus\/#primaryimage"},"thumbnailUrl":"https:\/\/www.manaus.am.gov.br\/semcom\/wp-content\/uploads\/sites\/5\/2025\/04\/IMG_7660.jpeg","datePublished":"2025-04-25T23:22:59+00:00","dateModified":"2025-04-25T23:23:00+00:00","author":{"@id":"https:\/\/www.manaus.am.gov.br\/semcom\/#\/schema\/person\/466a0e03ae4b6062809046bd560ac955"},"description":"Na tarde desta sexta-feira, 25\/4, o Conselho Municipal de Habita\u00e7\u00e3o (CMH) se reuniu com representantes do Minist\u00e9rio P\u00fablico Federal (MPF), da Defensoria P\u00fablica do Estado do Amazonas (DPE-AM) e Procuradoria-Geral do Munic\u00edpio (PGM), para debater as diretrizes que ir\u00e3o nortear a sele\u00e7\u00e3o das fam\u00edlias beneficiadas pelo programa \u201cMinha Casa, Minha Vida\u201d, no munic\u00edpio de Manaus. A reuni\u00e3o foi presidida pelo secret\u00e1rio municipal de Habita\u00e7\u00e3o e Assuntos Fundi\u00e1rios, Jesus Alves.","inLanguage":"pt-BR","potentialAction":[{"@type":"ReadAction","target":["https:\/\/www.manaus.am.gov.br\/semcom\/programa-habitacao-manaus\/"]}]},{"@type":"ImageObject","inLanguage":"pt-BR","@id":"https:\/\/www.manaus.am.gov.br\/semcom\/programa-habitacao-manaus\/#primaryimage","url":"https:\/\/www.manaus.am.gov.br\/semcom\/wp-content\/uploads\/sites\/5\/2025\/04\/IMG_7660.jpeg","contentUrl":"https:\/\/www.manaus.am.gov.br\/semcom\/wp-content\/uploads\/sites\/5\/2025\/04\/IMG_7660.jpeg","width":5712,"height":4284},{"@type":"WebSite","@id":"https:\/\/www.manaus.am.gov.br\/semcom\/#website","url":"https:\/\/www.manaus.am.gov.br\/semcom\/","name":"SEMCOM","description":"Secretaria Municipal de Comunica\u00e7\u00e3o","potentialAction":[{"@type":"SearchAction","target":{"@type":"EntryPoint","urlTemplate":"https:\/\/www.manaus.am.gov.br\/semcom\/?s={search_term_string}"},"query-input":"required name=search_term_string"}],"inLanguage":"pt-BR"},{"@type":"Person","@id":"https:\/\/www.manaus.am.gov.br\/semcom\/#\/schema\/person\/466a0e03ae4b6062809046bd560ac955","name":"bvalente","image":{"@type":"ImageObject","inLanguage":"pt-BR","@id":"https:\/\/www.manaus.am.gov.br\/semcom\/#\/schema\/person\/image\/","url":"https:\/\/secure.gravatar.com\/avatar\/3e69bc2b014bdad41adfec3a39de07d2?s=96&d=mm&r=g","contentUrl":"https:\/\/secure.gravatar.com\/avatar\/3e69bc2b014bdad41adfec3a39de07d2?s=96&d=mm&r=g","caption":"bvalente"}}]}},"_links":{"self":[{"href":"https:\/\/www.manaus.am.gov.br\/semcom\/wp-json\/wp\/v2\/posts\/238142"}],"collection":[{"href":"https:\/\/www.manaus.am.gov.br\/semcom\/wp-json\/wp\/v2\/posts"}],"about":[{"href":"https:\/\/www.manaus.am.gov.br\/semcom\/wp-json\/wp\/v2\/types\/post"}],"author":[{"embeddable":true,"href":"https:\/\/www.manaus.am.gov.br\/semcom\/wp-json\/wp\/v2\/users\/68"}],"replies":[{"embeddable":true,"href":"https:\/\/www.manaus.am.gov.br\/semcom\/wp-json\/wp\/v2\/comments?post=238142"}],"version-history":[{"count":0,"href":"https:\/\/www.manaus.am.gov.br\/semcom\/wp-json\/wp\/v2\/posts\/238142\/revisions"}],"wp:featuredmedia":[{"embeddable":true,"href":"https:\/\/www.manaus.am.gov.br\/semcom\/wp-json\/wp\/v2\/media\/238143"}],"wp:attachment":[{"href":"https:\/\/www.manaus.am.gov.br\/semcom\/wp-json\/wp\/v2\/media?parent=238142"}],"wp:term":[{"taxonomy":"category","embeddable":true,"href":"https:\/\/www.manaus.am.gov.br\/semcom\/wp-json\/wp\/v2\/categories?post=238142"},{"taxonomy":"post_tag","embeddable":true,"href":"https:\/\/www.manaus.am.gov.br\/semcom\/wp-json\/wp\/v2\/tags?post=238142"}],"curies":[{"name":"wp","href":"https:\/\/api.w.org\/{rel}","templated":true}]}}