{"id":238104,"date":"2025-04-25T14:20:38","date_gmt":"2025-04-25T18:20:38","guid":{"rendered":"https:\/\/www.manaus.am.gov.br\/semcom\/acao-protecao-social-centro\/"},"modified":"2025-04-25T14:20:38","modified_gmt":"2025-04-25T18:20:38","slug":"acao-protecao-social-centro","status":"publish","type":"post","link":"https:\/\/www.manaus.am.gov.br\/semcom\/acao-protecao-social-centro\/","title":{"rendered":"Prefeitura de Manaus amplia prote\u00e7\u00e3o social no Centro e refor\u00e7a compromisso com pessoas em situa\u00e7\u00e3o de rua"},"content":{"rendered":"\n<p>A Prefeitura de Manaus, por meio da Secretaria Municipal da Mulher, Assist\u00eancia Social e Cidadania (Semasc), tem intensificado as a\u00e7\u00f5es de acolhimento e abordagem social no centro da cidade, em resposta ao aumento da popula\u00e7\u00e3o em situa\u00e7\u00e3o de rua e aos desafios sociais dessa \u00e1rea estrat\u00e9gica para o desenvolvimento urbano.<\/p>\n\n\n\n<p>Durante a abertura do segundo dia do semin\u00e1rio \u201cNosso Centro &#8211; Desafios e Solu\u00e7\u00f5es\u201d, nesta sexta-feira, 25\/4, o secret\u00e1rio da Semasc, Saullo Vianna, acompanhado de parte da equipe t\u00e9cnica da secretaria, apresentou um balan\u00e7o das a\u00e7\u00f5es desenvolvidas pela pasta, refor\u00e7ando que a prote\u00e7\u00e3o das pessoas mais vulner\u00e1veis tem sido uma prioridade determinada pelo prefeito David Almeida.<\/p>\n\n\n\n<p>&#8220;Revitalizar o centro de Manaus \u00e9 tamb\u00e9m cuidar das pessoas que fazem parte dele. Estamos avan\u00e7ando em todas as frentes, com a\u00e7\u00f5es integradas e o acolhimento qualificado. Essa \u00e9 uma orienta\u00e7\u00e3o clara do prefeito David Almeida, aliar desenvolvimento urbano \u00e0 inclus\u00e3o social e prote\u00e7\u00e3o de direitos&#8221;, afirmou Saullo Vianna.<\/p>\n\n\n\n<p>Entre os dados apresentados, se destaca o crescimento expressivo no n\u00famero de abordagens sociais realizadas pela Semasc. Em 2023, foram 77 encaminhamentos para servi\u00e7os de acolhimento e atendimento especializado. Em 2024, esse n\u00famero saltou para 469 encaminhamentos, demonstrando o fortalecimento da atua\u00e7\u00e3o direta nas ruas. Neste ano, apenas nesses primeiros meses, j\u00e1 foram realizados 130 encaminhamentos, confirmando a continuidade dos esfor\u00e7os.<\/p>\n\n\n\n<p>Atualmente, Manaus contabiliza 2.423 pessoas que se declaram em situa\u00e7\u00e3o de rua cadastradas, sendo que 1.498 delas j\u00e1 recebem benef\u00edcios como o BPC (Benef\u00edcio de Presta\u00e7\u00e3o Continuada) ou o Bolsa Fam\u00edlia.<\/p>\n\n\n\n<p>A rede de prote\u00e7\u00e3o da Semasc conta com unidades especializadas como o Centro Pop, o Servi\u00e7o de Acolhimento Emergencial (SAE Gecilda Albano Pe\u00e7anha) e o Servi\u00e7o de Acolhimento Institucional (SAI Amine Daou), que oferecem atendimento psicossocial, abrigo tempor\u00e1rio, alimenta\u00e7\u00e3o, suporte documental e articula\u00e7\u00e3o com demais pol\u00edticas p\u00fablicas.<\/p>\n\n\n\n<p>Ao longo do semin\u00e1rio, a Semasc tamb\u00e9m destacou o novo planejamento para o bi\u00eanio 2025\/2026, que inclui a cria\u00e7\u00e3o do Centro de Atendimento e Desenvolvimento Social (Cads) e a amplia\u00e7\u00e3o dos servi\u00e7os de abordagem social na \u00e1rea central.<\/p>\n\n\n\n<p>&#8220;Estamos estruturando, dia ap\u00f3s dia, uma rede de acolhimento mais forte, mais humana e mais presente. Porque cuidar das pessoas \u00e9, acima de tudo, uma escolha de respeito e de responsabilidade com o futuro da nossa cidade&#8221;, completou Saullo Viana.<\/p>\n\n\n\n<p>A diretora do Departamento de Prote\u00e7\u00e3o Social Especial da Semasc, Helane Moreira, destacou a import\u00e2ncia da discuss\u00e3o sobre pol\u00edticas p\u00fablicas voltadas \u00e0 popula\u00e7\u00e3o em situa\u00e7\u00e3o de rua, com objetivo principal de promover melhoria e qualidade de vida dessas pessoas.<\/p>\n\n\n\n<p>\u201cEstamos participando do semin\u00e1rio \u2018Nosso Centro &#8211; Desafios e Solu\u00e7\u00f5es\u2019, uma iniciativa extremamente relevante para discutirmos pol\u00edticas p\u00fablicas voltadas \u00e0 popula\u00e7\u00e3o em situa\u00e7\u00e3o de rua. Nesse contexto, estamos apresentando o trabalho que vem sendo desenvolvido de forma integrada com as demais secretarias municipais, com destaque para o Servi\u00e7o Especializado de Abordagem Social, al\u00e9m dos abrigos e servi\u00e7os de acolhimento emergencial oferecidos pela Prefeitura de Manaus. O nosso objetivo principal \u00e9 promover a melhoria da qualidade de vida dessas pessoas, assegurando o acesso a direitos e \u00e0 cidadania\u201d, concluiu Helane.<\/p>\n\n\n\n<figure class=\"wp-block-image size-large\"><img loading=\"lazy\" decoding=\"async\" width=\"1024\" height=\"682\" src=\"https:\/\/www.manaus.am.gov.br\/semcom\/wp-content\/uploads\/sites\/5\/2025\/04\/Assistencia-Social-6-1024x682.jpeg\" alt=\"\" class=\"wp-image-238105\" srcset=\"https:\/\/www.manaus.am.gov.br\/semcom\/wp-content\/uploads\/sites\/5\/2025\/04\/Assistencia-Social-6-1024x682.jpeg 1024w, https:\/\/www.manaus.am.gov.br\/semcom\/wp-content\/uploads\/sites\/5\/2025\/04\/Assistencia-Social-6-300x200.jpeg 300w, https:\/\/www.manaus.am.gov.br\/semcom\/wp-content\/uploads\/sites\/5\/2025\/04\/Assistencia-Social-6-768x512.jpeg 768w, https:\/\/www.manaus.am.gov.br\/semcom\/wp-content\/uploads\/sites\/5\/2025\/04\/Assistencia-Social-6-1536x1023.jpeg 1536w, https:\/\/www.manaus.am.gov.br\/semcom\/wp-content\/uploads\/sites\/5\/2025\/04\/Assistencia-Social-6.jpeg 1600w\" sizes=\"(max-width: 1024px) 100vw, 1024px\" \/><\/figure>\n\n\n\n<p>&#8212; &#8212; &#8212;<\/p>\n\n\n\n<p><strong>Texto &#8211;&nbsp;<\/strong>Syrrames Mendon\u00e7a\/Semasc<\/p>\n\n\n\n<p><strong>Fotos &#8211;<\/strong>&nbsp;Diego Lima\/Semasc<\/p>\n\n\n\n<p> <\/p>\n","protected":false},"excerpt":{"rendered":"","protected":false},"author":39,"featured_media":238106,"comment_status":"closed","ping_status":"closed","sticky":false,"template":"","format":"standard","meta":{"footnotes":""},"categories":[41],"tags":[5305,77,14544,153,2772],"acf":[],"yoast_head":"<!-- This site is optimized with the Yoast SEO plugin v23.0 - https:\/\/yoast.com\/wordpress\/plugins\/seo\/ -->\n<title>Prefeitura de Manaus amplia prote\u00e7\u00e3o social no Centro<\/title>\n<meta name=\"description\" content=\"Prefeitura de Manaus amplia prote\u00e7\u00e3o social no Centro e refor\u00e7a compromisso com pessoas em situa\u00e7\u00e3o de rua.\" \/>\n<meta name=\"robots\" content=\"index, follow, max-snippet:-1, max-image-preview:large, max-video-preview:-1\" \/>\n<link rel=\"canonical\" href=\"https:\/\/www.manaus.am.gov.br\/semcom\/acao-protecao-social-centro\/\" \/>\n<meta property=\"og:locale\" content=\"pt_BR\" \/>\n<meta property=\"og:type\" content=\"article\" \/>\n<meta property=\"og:title\" content=\"Prefeitura de Manaus amplia prote\u00e7\u00e3o social no Centro\" \/>\n<meta property=\"og:description\" content=\"Prefeitura de Manaus amplia prote\u00e7\u00e3o social no Centro e refor\u00e7a compromisso com pessoas em situa\u00e7\u00e3o de rua.\" \/>\n<meta property=\"og:url\" content=\"https:\/\/www.manaus.am.gov.br\/semcom\/acao-protecao-social-centro\/\" \/>\n<meta property=\"og:site_name\" content=\"SEMCOM\" \/>\n<meta property=\"article:published_time\" content=\"2025-04-25T18:20:38+00:00\" \/>\n<meta property=\"og:image\" content=\"https:\/\/www.manaus.am.gov.br\/semcom\/wp-content\/uploads\/sites\/5\/2025\/04\/Assistencia-Social-5.jpeg\" \/>\n\t<meta property=\"og:image:width\" content=\"1600\" \/>\n\t<meta property=\"og:image:height\" content=\"1066\" \/>\n\t<meta property=\"og:image:type\" content=\"image\/jpeg\" \/>\n<meta name=\"author\" content=\"Bruna Greco\" \/>\n<meta name=\"twitter:card\" content=\"summary_large_image\" \/>\n<meta name=\"twitter:label1\" content=\"Written by\" \/>\n\t<meta name=\"twitter:data1\" content=\"Bruna Greco\" \/>\n\t<meta name=\"twitter:label2\" content=\"Est. reading time\" \/>\n\t<meta name=\"twitter:data2\" content=\"4 minutos\" \/>\n<script type=\"application\/ld+json\" class=\"yoast-schema-graph\">{\"@context\":\"https:\/\/schema.org\",\"@graph\":[{\"@type\":\"WebPage\",\"@id\":\"https:\/\/www.manaus.am.gov.br\/semcom\/acao-protecao-social-centro\/\",\"url\":\"https:\/\/www.manaus.am.gov.br\/semcom\/acao-protecao-social-centro\/\",\"name\":\"Prefeitura de Manaus amplia prote\u00e7\u00e3o social no Centro\",\"isPartOf\":{\"@id\":\"https:\/\/www.manaus.am.gov.br\/semcom\/#website\"},\"primaryImageOfPage\":{\"@id\":\"https:\/\/www.manaus.am.gov.br\/semcom\/acao-protecao-social-centro\/#primaryimage\"},\"image\":{\"@id\":\"https:\/\/www.manaus.am.gov.br\/semcom\/acao-protecao-social-centro\/#primaryimage\"},\"thumbnailUrl\":\"https:\/\/www.manaus.am.gov.br\/semcom\/wp-content\/uploads\/sites\/5\/2025\/04\/Assistencia-Social-5.jpeg\",\"datePublished\":\"2025-04-25T18:20:38+00:00\",\"dateModified\":\"2025-04-25T18:20:38+00:00\",\"author\":{\"@id\":\"https:\/\/www.manaus.am.gov.br\/semcom\/#\/schema\/person\/05d223aea2bf115f9883a6ff3683d81b\"},\"description\":\"Prefeitura de Manaus amplia prote\u00e7\u00e3o social no Centro e refor\u00e7a compromisso com pessoas em situa\u00e7\u00e3o de rua.\",\"inLanguage\":\"pt-BR\",\"potentialAction\":[{\"@type\":\"ReadAction\",\"target\":[\"https:\/\/www.manaus.am.gov.br\/semcom\/acao-protecao-social-centro\/\"]}]},{\"@type\":\"ImageObject\",\"inLanguage\":\"pt-BR\",\"@id\":\"https:\/\/www.manaus.am.gov.br\/semcom\/acao-protecao-social-centro\/#primaryimage\",\"url\":\"https:\/\/www.manaus.am.gov.br\/semcom\/wp-content\/uploads\/sites\/5\/2025\/04\/Assistencia-Social-5.jpeg\",\"contentUrl\":\"https:\/\/www.manaus.am.gov.br\/semcom\/wp-content\/uploads\/sites\/5\/2025\/04\/Assistencia-Social-5.jpeg\",\"width\":1600,\"height\":1066,\"caption\":\"#paratodosverem - Titular da Semasc, Saullo Viana, discursando sobre a inclus\u00e3o social de pessoas em situa\u00e7\u00e3o de rua durante o semin\u00e1rio \u201cNosso Centro - Desafios e Solu\u00e7\u00f5es\u201d\"},{\"@type\":\"WebSite\",\"@id\":\"https:\/\/www.manaus.am.gov.br\/semcom\/#website\",\"url\":\"https:\/\/www.manaus.am.gov.br\/semcom\/\",\"name\":\"SEMCOM\",\"description\":\"Secretaria Municipal de Comunica\u00e7\u00e3o\",\"potentialAction\":[{\"@type\":\"SearchAction\",\"target\":{\"@type\":\"EntryPoint\",\"urlTemplate\":\"https:\/\/www.manaus.am.gov.br\/semcom\/?s={search_term_string}\"},\"query-input\":\"required name=search_term_string\"}],\"inLanguage\":\"pt-BR\"},{\"@type\":\"Person\",\"@id\":\"https:\/\/www.manaus.am.gov.br\/semcom\/#\/schema\/person\/05d223aea2bf115f9883a6ff3683d81b\",\"name\":\"Bruna Greco\",\"image\":{\"@type\":\"ImageObject\",\"inLanguage\":\"pt-BR\",\"@id\":\"https:\/\/www.manaus.am.gov.br\/semcom\/#\/schema\/person\/image\/\",\"url\":\"https:\/\/secure.gravatar.com\/avatar\/9c877d1a6adc2a055330e5c09a8653ce?s=96&d=mm&r=g\",\"contentUrl\":\"https:\/\/secure.gravatar.com\/avatar\/9c877d1a6adc2a055330e5c09a8653ce?s=96&d=mm&r=g\",\"caption\":\"Bruna Greco\"}}]}<\/script>\n<!-- \/ Yoast SEO plugin. -->","yoast_head_json":{"title":"Prefeitura de Manaus amplia prote\u00e7\u00e3o social no Centro","description":"Prefeitura de Manaus amplia prote\u00e7\u00e3o social no Centro e refor\u00e7a compromisso com pessoas em situa\u00e7\u00e3o de rua.","robots":{"index":"index","follow":"follow","max-snippet":"max-snippet:-1","max-image-preview":"max-image-preview:large","max-video-preview":"max-video-preview:-1"},"canonical":"https:\/\/www.manaus.am.gov.br\/semcom\/acao-protecao-social-centro\/","og_locale":"pt_BR","og_type":"article","og_title":"Prefeitura de Manaus amplia prote\u00e7\u00e3o social no Centro","og_description":"Prefeitura de Manaus amplia prote\u00e7\u00e3o social no Centro e refor\u00e7a compromisso com pessoas em situa\u00e7\u00e3o de rua.","og_url":"https:\/\/www.manaus.am.gov.br\/semcom\/acao-protecao-social-centro\/","og_site_name":"SEMCOM","article_published_time":"2025-04-25T18:20:38+00:00","og_image":[{"width":1600,"height":1066,"url":"https:\/\/www.manaus.am.gov.br\/semcom\/wp-content\/uploads\/sites\/5\/2025\/04\/Assistencia-Social-5.jpeg","type":"image\/jpeg"}],"author":"Bruna Greco","twitter_card":"summary_large_image","twitter_misc":{"Written by":"Bruna Greco","Est. reading time":"4 minutos"},"schema":{"@context":"https:\/\/schema.org","@graph":[{"@type":"WebPage","@id":"https:\/\/www.manaus.am.gov.br\/semcom\/acao-protecao-social-centro\/","url":"https:\/\/www.manaus.am.gov.br\/semcom\/acao-protecao-social-centro\/","name":"Prefeitura de Manaus amplia prote\u00e7\u00e3o social no Centro","isPartOf":{"@id":"https:\/\/www.manaus.am.gov.br\/semcom\/#website"},"primaryImageOfPage":{"@id":"https:\/\/www.manaus.am.gov.br\/semcom\/acao-protecao-social-centro\/#primaryimage"},"image":{"@id":"https:\/\/www.manaus.am.gov.br\/semcom\/acao-protecao-social-centro\/#primaryimage"},"thumbnailUrl":"https:\/\/www.manaus.am.gov.br\/semcom\/wp-content\/uploads\/sites\/5\/2025\/04\/Assistencia-Social-5.jpeg","datePublished":"2025-04-25T18:20:38+00:00","dateModified":"2025-04-25T18:20:38+00:00","author":{"@id":"https:\/\/www.manaus.am.gov.br\/semcom\/#\/schema\/person\/05d223aea2bf115f9883a6ff3683d81b"},"description":"Prefeitura de Manaus amplia prote\u00e7\u00e3o social no Centro e refor\u00e7a compromisso com pessoas em situa\u00e7\u00e3o de rua.","inLanguage":"pt-BR","potentialAction":[{"@type":"ReadAction","target":["https:\/\/www.manaus.am.gov.br\/semcom\/acao-protecao-social-centro\/"]}]},{"@type":"ImageObject","inLanguage":"pt-BR","@id":"https:\/\/www.manaus.am.gov.br\/semcom\/acao-protecao-social-centro\/#primaryimage","url":"https:\/\/www.manaus.am.gov.br\/semcom\/wp-content\/uploads\/sites\/5\/2025\/04\/Assistencia-Social-5.jpeg","contentUrl":"https:\/\/www.manaus.am.gov.br\/semcom\/wp-content\/uploads\/sites\/5\/2025\/04\/Assistencia-Social-5.jpeg","width":1600,"height":1066,"caption":"#paratodosverem - Titular da Semasc, Saullo Viana, discursando sobre a inclus\u00e3o social de pessoas em situa\u00e7\u00e3o de rua durante o semin\u00e1rio \u201cNosso Centro - Desafios e Solu\u00e7\u00f5es\u201d"},{"@type":"WebSite","@id":"https:\/\/www.manaus.am.gov.br\/semcom\/#website","url":"https:\/\/www.manaus.am.gov.br\/semcom\/","name":"SEMCOM","description":"Secretaria Municipal de Comunica\u00e7\u00e3o","potentialAction":[{"@type":"SearchAction","target":{"@type":"EntryPoint","urlTemplate":"https:\/\/www.manaus.am.gov.br\/semcom\/?s={search_term_string}"},"query-input":"required name=search_term_string"}],"inLanguage":"pt-BR"},{"@type":"Person","@id":"https:\/\/www.manaus.am.gov.br\/semcom\/#\/schema\/person\/05d223aea2bf115f9883a6ff3683d81b","name":"Bruna Greco","image":{"@type":"ImageObject","inLanguage":"pt-BR","@id":"https:\/\/www.manaus.am.gov.br\/semcom\/#\/schema\/person\/image\/","url":"https:\/\/secure.gravatar.com\/avatar\/9c877d1a6adc2a055330e5c09a8653ce?s=96&d=mm&r=g","contentUrl":"https:\/\/secure.gravatar.com\/avatar\/9c877d1a6adc2a055330e5c09a8653ce?s=96&d=mm&r=g","caption":"Bruna Greco"}}]}},"_links":{"self":[{"href":"https:\/\/www.manaus.am.gov.br\/semcom\/wp-json\/wp\/v2\/posts\/238104"}],"collection":[{"href":"https:\/\/www.manaus.am.gov.br\/semcom\/wp-json\/wp\/v2\/posts"}],"about":[{"href":"https:\/\/www.manaus.am.gov.br\/semcom\/wp-json\/wp\/v2\/types\/post"}],"author":[{"embeddable":true,"href":"https:\/\/www.manaus.am.gov.br\/semcom\/wp-json\/wp\/v2\/users\/39"}],"replies":[{"embeddable":true,"href":"https:\/\/www.manaus.am.gov.br\/semcom\/wp-json\/wp\/v2\/comments?post=238104"}],"version-history":[{"count":1,"href":"https:\/\/www.manaus.am.gov.br\/semcom\/wp-json\/wp\/v2\/posts\/238104\/revisions"}],"predecessor-version":[{"id":238107,"href":"https:\/\/www.manaus.am.gov.br\/semcom\/wp-json\/wp\/v2\/posts\/238104\/revisions\/238107"}],"wp:featuredmedia":[{"embeddable":true,"href":"https:\/\/www.manaus.am.gov.br\/semcom\/wp-json\/wp\/v2\/media\/238106"}],"wp:attachment":[{"href":"https:\/\/www.manaus.am.gov.br\/semcom\/wp-json\/wp\/v2\/media?parent=238104"}],"wp:term":[{"taxonomy":"category","embeddable":true,"href":"https:\/\/www.manaus.am.gov.br\/semcom\/wp-json\/wp\/v2\/categories?post=238104"},{"taxonomy":"post_tag","embeddable":true,"href":"https:\/\/www.manaus.am.gov.br\/semcom\/wp-json\/wp\/v2\/tags?post=238104"}],"curies":[{"name":"wp","href":"https:\/\/api.w.org\/{rel}","templated":true}]}}