{"id":238025,"date":"2025-04-23T20:09:23","date_gmt":"2025-04-23T23:09:23","guid":{"rendered":"https:\/\/www.manaus.am.gov.br\/semcom\/projecoes-financeiras-de-estudo-atuarial\/"},"modified":"2025-04-23T20:09:24","modified_gmt":"2025-04-23T23:09:24","slug":"projecoes-financeiras-de-estudo-atuarial","status":"publish","type":"post","link":"https:\/\/www.manaus.am.gov.br\/semcom\/projecoes-financeiras-de-estudo-atuarial\/","title":{"rendered":"Manausprev apresenta proje\u00e7\u00f5es financeiras de estudo atuarial \u00e0 CMM"},"content":{"rendered":"\n<p><br>A Manaus Previd\u00eancia, autarquia da Prefeitura de Manaus, apresentou, nesta quarta-feira, 23\/4, o estudo atuarial 2024 do Regime Pr\u00f3prio de Previd\u00eancia Social (RPPS), no plen\u00e1rio da C\u00e2mara Municipal de Manaus (CMM), no bairro Santo Ant\u00f4nio, zona Oeste.<br><br>O ato de transpar\u00eancia da autarquia \u00e9 uma exig\u00eancia legal que exp\u00f5e proje\u00e7\u00f5es financeiras e demais dados previdenci\u00e1rios. Na Casa Legislativa, o ato foi conduzido pela diretora-presidente da Manausprev, Daniela Benayon, juntamente com a diretora de Previd\u00eancia, Ana Silvia Domingues e ainda pelo consultor atuarial da Brasilis Consultoria, Thiago Fernandes.<br><br>\u201cA Manaus Previd\u00eancia apresentou a situa\u00e7\u00e3o atuarial do RPPS, segregada por poder, aos vereadores e servidores da C\u00e2mara Municipal. A iniciativa teve o objetivo de aproximar o poder legislativo dos n\u00fameros da previd\u00eancia e colocar-se \u00e0 disposi\u00e7\u00e3o para maiores esclarecimentos\u201d.<br><br>O estudo \u00e9 importante para o equil\u00edbrio financeiro porque permite estimar os recursos necess\u00e1rios que garantem o pagamento de aposentados e pensionistas municipais.<br><br>Os dados foram apresentados de forma transparente aos vereadores e demais cidad\u00e3os presentes na sess\u00e3o. Os parlamentares ficaram a par dos dados e puderam expor seus pontos de vista.<\/p>\n\n\n\n<p>\u2014 \u2014 \u2014<br><strong>Texto \u2013 <\/strong>Renata Felix \/ Manaus Previd\u00eancia<br><strong>Fotos &#8211; <\/strong>Divulga\u00e7\u00e3o&nbsp;<\/p>\n","protected":false},"excerpt":{"rendered":"","protected":false},"author":68,"featured_media":238026,"comment_status":"closed","ping_status":"closed","sticky":false,"template":"","format":"standard","meta":{"footnotes":""},"categories":[2205],"tags":[9617,14514,77],"acf":[],"yoast_head":"<!-- This site is optimized with the Yoast SEO plugin v23.0 - https:\/\/yoast.com\/wordpress\/plugins\/seo\/ -->\n<title>Manausprev apresenta proje\u00e7\u00f5es financeiras de estudo atuarial \u00e0 CMM<\/title>\n<meta name=\"description\" content=\"A Manaus Previd\u00eancia, autarquia da Prefeitura de Manaus, apresentou, nesta quarta-feira, 23\/4, o estudo atuarial 2024 do Regime Pr\u00f3prio de Previd\u00eancia Social (RPPS), no plen\u00e1rio da C\u00e2mara Municipal de Manaus (CMM), no bairro Santo Ant\u00f4nio, zona Oeste.\" \/>\n<meta name=\"robots\" content=\"index, follow, max-snippet:-1, max-image-preview:large, max-video-preview:-1\" \/>\n<link rel=\"canonical\" href=\"https:\/\/www.manaus.am.gov.br\/semcom\/projecoes-financeiras-de-estudo-atuarial\/\" \/>\n<meta property=\"og:locale\" content=\"pt_BR\" \/>\n<meta property=\"og:type\" content=\"article\" \/>\n<meta property=\"og:title\" content=\"Manausprev apresenta proje\u00e7\u00f5es financeiras de estudo atuarial \u00e0 CMM\" \/>\n<meta property=\"og:description\" content=\"A Manaus Previd\u00eancia, autarquia da Prefeitura de Manaus, apresentou, nesta quarta-feira, 23\/4, o estudo atuarial 2024 do Regime Pr\u00f3prio de Previd\u00eancia Social (RPPS), no plen\u00e1rio da C\u00e2mara Municipal de Manaus (CMM), no bairro Santo Ant\u00f4nio, zona Oeste.\" \/>\n<meta property=\"og:url\" content=\"https:\/\/www.manaus.am.gov.br\/semcom\/projecoes-financeiras-de-estudo-atuarial\/\" \/>\n<meta property=\"og:site_name\" content=\"SEMCOM\" \/>\n<meta property=\"article:published_time\" content=\"2025-04-23T23:09:23+00:00\" \/>\n<meta property=\"article:modified_time\" content=\"2025-04-23T23:09:24+00:00\" \/>\n<meta property=\"og:image\" content=\"https:\/\/www.manaus.am.gov.br\/semcom\/wp-content\/uploads\/sites\/5\/2025\/04\/1000970863.jpg\" \/>\n\t<meta property=\"og:image:width\" content=\"4160\" \/>\n\t<meta property=\"og:image:height\" content=\"2773\" \/>\n\t<meta property=\"og:image:type\" content=\"image\/jpeg\" \/>\n<meta name=\"author\" content=\"bvalente\" \/>\n<meta name=\"twitter:card\" content=\"summary_large_image\" \/>\n<meta name=\"twitter:label1\" content=\"Written by\" \/>\n\t<meta name=\"twitter:data1\" content=\"bvalente\" \/>\n\t<meta name=\"twitter:label2\" content=\"Est. reading time\" \/>\n\t<meta name=\"twitter:data2\" content=\"2 minutos\" \/>\n<script type=\"application\/ld+json\" class=\"yoast-schema-graph\">{\"@context\":\"https:\/\/schema.org\",\"@graph\":[{\"@type\":\"WebPage\",\"@id\":\"https:\/\/www.manaus.am.gov.br\/semcom\/projecoes-financeiras-de-estudo-atuarial\/\",\"url\":\"https:\/\/www.manaus.am.gov.br\/semcom\/projecoes-financeiras-de-estudo-atuarial\/\",\"name\":\"Manausprev apresenta proje\u00e7\u00f5es financeiras de estudo atuarial \u00e0 CMM\",\"isPartOf\":{\"@id\":\"https:\/\/www.manaus.am.gov.br\/semcom\/#website\"},\"primaryImageOfPage\":{\"@id\":\"https:\/\/www.manaus.am.gov.br\/semcom\/projecoes-financeiras-de-estudo-atuarial\/#primaryimage\"},\"image\":{\"@id\":\"https:\/\/www.manaus.am.gov.br\/semcom\/projecoes-financeiras-de-estudo-atuarial\/#primaryimage\"},\"thumbnailUrl\":\"https:\/\/www.manaus.am.gov.br\/semcom\/wp-content\/uploads\/sites\/5\/2025\/04\/1000970863.jpg\",\"datePublished\":\"2025-04-23T23:09:23+00:00\",\"dateModified\":\"2025-04-23T23:09:24+00:00\",\"author\":{\"@id\":\"https:\/\/www.manaus.am.gov.br\/semcom\/#\/schema\/person\/466a0e03ae4b6062809046bd560ac955\"},\"description\":\"A Manaus Previd\u00eancia, autarquia da Prefeitura de Manaus, apresentou, nesta quarta-feira, 23\/4, o estudo atuarial 2024 do Regime Pr\u00f3prio de Previd\u00eancia Social (RPPS), no plen\u00e1rio da C\u00e2mara Municipal de Manaus (CMM), no bairro Santo Ant\u00f4nio, zona Oeste.\",\"inLanguage\":\"pt-BR\",\"potentialAction\":[{\"@type\":\"ReadAction\",\"target\":[\"https:\/\/www.manaus.am.gov.br\/semcom\/projecoes-financeiras-de-estudo-atuarial\/\"]}]},{\"@type\":\"ImageObject\",\"inLanguage\":\"pt-BR\",\"@id\":\"https:\/\/www.manaus.am.gov.br\/semcom\/projecoes-financeiras-de-estudo-atuarial\/#primaryimage\",\"url\":\"https:\/\/www.manaus.am.gov.br\/semcom\/wp-content\/uploads\/sites\/5\/2025\/04\/1000970863.jpg\",\"contentUrl\":\"https:\/\/www.manaus.am.gov.br\/semcom\/wp-content\/uploads\/sites\/5\/2025\/04\/1000970863.jpg\",\"width\":4160,\"height\":2773},{\"@type\":\"WebSite\",\"@id\":\"https:\/\/www.manaus.am.gov.br\/semcom\/#website\",\"url\":\"https:\/\/www.manaus.am.gov.br\/semcom\/\",\"name\":\"SEMCOM\",\"description\":\"Secretaria Municipal de Comunica\u00e7\u00e3o\",\"potentialAction\":[{\"@type\":\"SearchAction\",\"target\":{\"@type\":\"EntryPoint\",\"urlTemplate\":\"https:\/\/www.manaus.am.gov.br\/semcom\/?s={search_term_string}\"},\"query-input\":\"required name=search_term_string\"}],\"inLanguage\":\"pt-BR\"},{\"@type\":\"Person\",\"@id\":\"https:\/\/www.manaus.am.gov.br\/semcom\/#\/schema\/person\/466a0e03ae4b6062809046bd560ac955\",\"name\":\"bvalente\",\"image\":{\"@type\":\"ImageObject\",\"inLanguage\":\"pt-BR\",\"@id\":\"https:\/\/www.manaus.am.gov.br\/semcom\/#\/schema\/person\/image\/\",\"url\":\"https:\/\/secure.gravatar.com\/avatar\/3e69bc2b014bdad41adfec3a39de07d2?s=96&d=mm&r=g\",\"contentUrl\":\"https:\/\/secure.gravatar.com\/avatar\/3e69bc2b014bdad41adfec3a39de07d2?s=96&d=mm&r=g\",\"caption\":\"bvalente\"}}]}<\/script>\n<!-- \/ Yoast SEO plugin. -->","yoast_head_json":{"title":"Manausprev apresenta proje\u00e7\u00f5es financeiras de estudo atuarial \u00e0 CMM","description":"A Manaus Previd\u00eancia, autarquia da Prefeitura de Manaus, apresentou, nesta quarta-feira, 23\/4, o estudo atuarial 2024 do Regime Pr\u00f3prio de Previd\u00eancia Social (RPPS), no plen\u00e1rio da C\u00e2mara Municipal de Manaus (CMM), no bairro Santo Ant\u00f4nio, zona Oeste.","robots":{"index":"index","follow":"follow","max-snippet":"max-snippet:-1","max-image-preview":"max-image-preview:large","max-video-preview":"max-video-preview:-1"},"canonical":"https:\/\/www.manaus.am.gov.br\/semcom\/projecoes-financeiras-de-estudo-atuarial\/","og_locale":"pt_BR","og_type":"article","og_title":"Manausprev apresenta proje\u00e7\u00f5es financeiras de estudo atuarial \u00e0 CMM","og_description":"A Manaus Previd\u00eancia, autarquia da Prefeitura de Manaus, apresentou, nesta quarta-feira, 23\/4, o estudo atuarial 2024 do Regime Pr\u00f3prio de Previd\u00eancia Social (RPPS), no plen\u00e1rio da C\u00e2mara Municipal de Manaus (CMM), no bairro Santo Ant\u00f4nio, zona Oeste.","og_url":"https:\/\/www.manaus.am.gov.br\/semcom\/projecoes-financeiras-de-estudo-atuarial\/","og_site_name":"SEMCOM","article_published_time":"2025-04-23T23:09:23+00:00","article_modified_time":"2025-04-23T23:09:24+00:00","og_image":[{"width":4160,"height":2773,"url":"https:\/\/www.manaus.am.gov.br\/semcom\/wp-content\/uploads\/sites\/5\/2025\/04\/1000970863.jpg","type":"image\/jpeg"}],"author":"bvalente","twitter_card":"summary_large_image","twitter_misc":{"Written by":"bvalente","Est. reading time":"2 minutos"},"schema":{"@context":"https:\/\/schema.org","@graph":[{"@type":"WebPage","@id":"https:\/\/www.manaus.am.gov.br\/semcom\/projecoes-financeiras-de-estudo-atuarial\/","url":"https:\/\/www.manaus.am.gov.br\/semcom\/projecoes-financeiras-de-estudo-atuarial\/","name":"Manausprev apresenta proje\u00e7\u00f5es financeiras de estudo atuarial \u00e0 CMM","isPartOf":{"@id":"https:\/\/www.manaus.am.gov.br\/semcom\/#website"},"primaryImageOfPage":{"@id":"https:\/\/www.manaus.am.gov.br\/semcom\/projecoes-financeiras-de-estudo-atuarial\/#primaryimage"},"image":{"@id":"https:\/\/www.manaus.am.gov.br\/semcom\/projecoes-financeiras-de-estudo-atuarial\/#primaryimage"},"thumbnailUrl":"https:\/\/www.manaus.am.gov.br\/semcom\/wp-content\/uploads\/sites\/5\/2025\/04\/1000970863.jpg","datePublished":"2025-04-23T23:09:23+00:00","dateModified":"2025-04-23T23:09:24+00:00","author":{"@id":"https:\/\/www.manaus.am.gov.br\/semcom\/#\/schema\/person\/466a0e03ae4b6062809046bd560ac955"},"description":"A Manaus Previd\u00eancia, autarquia da Prefeitura de Manaus, apresentou, nesta quarta-feira, 23\/4, o estudo atuarial 2024 do Regime Pr\u00f3prio de Previd\u00eancia Social (RPPS), no plen\u00e1rio da C\u00e2mara Municipal de Manaus (CMM), no bairro Santo Ant\u00f4nio, zona Oeste.","inLanguage":"pt-BR","potentialAction":[{"@type":"ReadAction","target":["https:\/\/www.manaus.am.gov.br\/semcom\/projecoes-financeiras-de-estudo-atuarial\/"]}]},{"@type":"ImageObject","inLanguage":"pt-BR","@id":"https:\/\/www.manaus.am.gov.br\/semcom\/projecoes-financeiras-de-estudo-atuarial\/#primaryimage","url":"https:\/\/www.manaus.am.gov.br\/semcom\/wp-content\/uploads\/sites\/5\/2025\/04\/1000970863.jpg","contentUrl":"https:\/\/www.manaus.am.gov.br\/semcom\/wp-content\/uploads\/sites\/5\/2025\/04\/1000970863.jpg","width":4160,"height":2773},{"@type":"WebSite","@id":"https:\/\/www.manaus.am.gov.br\/semcom\/#website","url":"https:\/\/www.manaus.am.gov.br\/semcom\/","name":"SEMCOM","description":"Secretaria Municipal de Comunica\u00e7\u00e3o","potentialAction":[{"@type":"SearchAction","target":{"@type":"EntryPoint","urlTemplate":"https:\/\/www.manaus.am.gov.br\/semcom\/?s={search_term_string}"},"query-input":"required name=search_term_string"}],"inLanguage":"pt-BR"},{"@type":"Person","@id":"https:\/\/www.manaus.am.gov.br\/semcom\/#\/schema\/person\/466a0e03ae4b6062809046bd560ac955","name":"bvalente","image":{"@type":"ImageObject","inLanguage":"pt-BR","@id":"https:\/\/www.manaus.am.gov.br\/semcom\/#\/schema\/person\/image\/","url":"https:\/\/secure.gravatar.com\/avatar\/3e69bc2b014bdad41adfec3a39de07d2?s=96&d=mm&r=g","contentUrl":"https:\/\/secure.gravatar.com\/avatar\/3e69bc2b014bdad41adfec3a39de07d2?s=96&d=mm&r=g","caption":"bvalente"}}]}},"_links":{"self":[{"href":"https:\/\/www.manaus.am.gov.br\/semcom\/wp-json\/wp\/v2\/posts\/238025"}],"collection":[{"href":"https:\/\/www.manaus.am.gov.br\/semcom\/wp-json\/wp\/v2\/posts"}],"about":[{"href":"https:\/\/www.manaus.am.gov.br\/semcom\/wp-json\/wp\/v2\/types\/post"}],"author":[{"embeddable":true,"href":"https:\/\/www.manaus.am.gov.br\/semcom\/wp-json\/wp\/v2\/users\/68"}],"replies":[{"embeddable":true,"href":"https:\/\/www.manaus.am.gov.br\/semcom\/wp-json\/wp\/v2\/comments?post=238025"}],"version-history":[{"count":0,"href":"https:\/\/www.manaus.am.gov.br\/semcom\/wp-json\/wp\/v2\/posts\/238025\/revisions"}],"wp:featuredmedia":[{"embeddable":true,"href":"https:\/\/www.manaus.am.gov.br\/semcom\/wp-json\/wp\/v2\/media\/238026"}],"wp:attachment":[{"href":"https:\/\/www.manaus.am.gov.br\/semcom\/wp-json\/wp\/v2\/media?parent=238025"}],"wp:term":[{"taxonomy":"category","embeddable":true,"href":"https:\/\/www.manaus.am.gov.br\/semcom\/wp-json\/wp\/v2\/categories?post=238025"},{"taxonomy":"post_tag","embeddable":true,"href":"https:\/\/www.manaus.am.gov.br\/semcom\/wp-json\/wp\/v2\/tags?post=238025"}],"curies":[{"name":"wp","href":"https:\/\/api.w.org\/{rel}","templated":true}]}}