{"id":237954,"date":"2025-04-22T21:31:36","date_gmt":"2025-04-23T00:31:36","guid":{"rendered":"https:\/\/www.manaus.am.gov.br\/semcom\/marcha-para-jesus-2025\/"},"modified":"2025-04-22T21:31:38","modified_gmt":"2025-04-23T00:31:38","slug":"marcha-para-jesus-2025","status":"publish","type":"post","link":"https:\/\/www.manaus.am.gov.br\/semcom\/marcha-para-jesus-2025\/","title":{"rendered":"Prefeito David Almeida confirma apoio institucional \u00e0 \u2018Marcha para Jesus 2025\u2019"},"content":{"rendered":"\n<p>O prefeito de Manaus, David Almeida, recebeu nesta ter\u00e7a-feira, 22\/4, no Centro de Coopera\u00e7\u00e3o da Cidade (CCC), localizado no Adrian\u00f3polis, zona Centro-Sul, o vereador Roberto Sabino e uma comitiva da Ordem dos Ministros Evang\u00e9licos do Amazonas (Omeam), liderada pelo pastor Mois\u00e9s Castilho, presidente da entidade. O encontro teve como objetivo alinhar o apoio da gest\u00e3o municipal \u00e0 realiza\u00e7\u00e3o da \u201cMarcha para Jesus 2025\u201d, prevista para o dia 14 de junho, no Samb\u00f3dromo, no Dom Pedro, zona Centro-Oeste.<\/p>\n\n\n\n<p>O suporte ao evento ser\u00e1 coordenado pela Funda\u00e7\u00e3o Municipal de Cultura, Turismo e Eventos (Manauscult) e supervisionado pela Superintend\u00eancia do CCC, com o apoio das secretarias municipais que integram a matriz de responsabilidades de grandes eventos em Manaus, garantindo seguran\u00e7a, log\u00edstica, mobilidade e ordenamento urbano.<\/p>\n\n\n\n<p>\u201cReceber a Omeam \u00e9 reafirmar nosso compromisso com a liberdade religiosa e com o fortalecimento das manifesta\u00e7\u00f5es de f\u00e9 que unem e transformam vidas. A \u2018Marcha para Jesus\u2019 \u00e9 um dos maiores eventos evang\u00e9licos do nosso calend\u00e1rio e, mais uma vez, a Prefeitura ser\u00e1 parceira para que tudo ocorra com organiza\u00e7\u00e3o, estrutura e seguran\u00e7a\u201d, afirmou o prefeito David Almeida.<\/p>\n\n\n\n<p>Durante o encontro, o pastor Mois\u00e9s Castilho agradeceu a receptividade do prefeito e destacou a import\u00e2ncia da parceria institucional para o sucesso da Marcha.<\/p>\n\n\n\n<p>\u201cO prefeito tem nos dado a oportunidade e, gra\u00e7as a Deus, as demandas que s\u00e3o tantas est\u00e3o quase todas fechadas para que se cumpra o trabalho da \u2018Marcha para Jesus\u2019. Sabemos que \u00e9 um evento de grande import\u00e2ncia para a nossa cidade e louvamos a Deus pela vida do nosso prefeito David Almeida, que tem nos recebido com carinho e nos aberto as portas do CCC\u201d, ressaltou.<\/p>\n\n\n\n<p>De acordo com os organizadores, a Marcha contar\u00e1 com uma grande estrutura, seguran\u00e7a refor\u00e7ada e programa\u00e7\u00e3o especial, tendo como destaque a presen\u00e7a de artistas crist\u00e3os da cena nacional e local. \u201cMas a atra\u00e7\u00e3o maior ser\u00e1 sempre Jesus Cristo\u201d, frisou o pastor Mois\u00e9s.<\/p>\n\n\n\n<p>A expectativa \u00e9 que milhares de pessoas participem do evento, consolidando a \u201cMarcha para Jesus\u201d como um marco anual de f\u00e9, unidade e express\u00e3o p\u00fablica dos valores crist\u00e3os em Manaus.<\/p>\n\n\n\n<p>&#8212; &#8212; &#8212;<\/p>\n\n\n\n<p><strong>Texto &#8211;<\/strong> Emanuelle Baires \/ Semcom<\/p>\n\n\n\n<p><strong>Fotos &#8211;<\/strong> Matheus Dias \/ Semcom<\/p>\n","protected":false},"excerpt":{"rendered":"","protected":false},"author":57,"featured_media":237955,"comment_status":"closed","ping_status":"closed","sticky":false,"template":"","format":"standard","meta":{"footnotes":""},"categories":[3177],"tags":[35,307,4377,77],"acf":[],"yoast_head":"<!-- This site is optimized with the Yoast SEO plugin v23.0 - https:\/\/yoast.com\/wordpress\/plugins\/seo\/ -->\n<title>David Almeida anuncia apoio a Marcha para Jesus 2025<\/title>\n<meta name=\"description\" content=\"O encontro teve como objetivo alinhar o apoio da gest\u00e3o municipal \u00e0 realiza\u00e7\u00e3o da \u201cMarcha para Jesus 2025\u201d, prevista para o dia 14 de junho.\" \/>\n<meta name=\"robots\" content=\"index, follow, max-snippet:-1, max-image-preview:large, max-video-preview:-1\" \/>\n<link rel=\"canonical\" href=\"https:\/\/www.manaus.am.gov.br\/semcom\/marcha-para-jesus-2025\/\" \/>\n<meta property=\"og:locale\" content=\"pt_BR\" \/>\n<meta property=\"og:type\" content=\"article\" \/>\n<meta property=\"og:title\" content=\"David Almeida anuncia apoio a Marcha para Jesus 2025\" \/>\n<meta property=\"og:description\" content=\"O encontro teve como objetivo alinhar o apoio da gest\u00e3o municipal \u00e0 realiza\u00e7\u00e3o da \u201cMarcha para Jesus 2025\u201d, prevista para o dia 14 de junho.\" \/>\n<meta property=\"og:url\" content=\"https:\/\/www.manaus.am.gov.br\/semcom\/marcha-para-jesus-2025\/\" \/>\n<meta property=\"og:site_name\" content=\"SEMCOM\" \/>\n<meta property=\"article:published_time\" content=\"2025-04-23T00:31:36+00:00\" \/>\n<meta property=\"article:modified_time\" content=\"2025-04-23T00:31:38+00:00\" \/>\n<meta property=\"og:image\" content=\"https:\/\/www.manaus.am.gov.br\/semcom\/wp-content\/uploads\/sites\/5\/2025\/04\/Marcha-para-Jesus.jpeg\" \/>\n\t<meta property=\"og:image:width\" content=\"2560\" \/>\n\t<meta property=\"og:image:height\" content=\"1725\" \/>\n\t<meta property=\"og:image:type\" content=\"image\/jpeg\" \/>\n<meta name=\"author\" content=\"Thiago Fernando\" \/>\n<meta name=\"twitter:card\" content=\"summary_large_image\" \/>\n<meta name=\"twitter:label1\" content=\"Written by\" \/>\n\t<meta name=\"twitter:data1\" content=\"Thiago Fernando\" \/>\n\t<meta name=\"twitter:label2\" content=\"Est. reading time\" \/>\n\t<meta name=\"twitter:data2\" content=\"3 minutos\" \/>\n<script type=\"application\/ld+json\" class=\"yoast-schema-graph\">{\"@context\":\"https:\/\/schema.org\",\"@graph\":[{\"@type\":\"WebPage\",\"@id\":\"https:\/\/www.manaus.am.gov.br\/semcom\/marcha-para-jesus-2025\/\",\"url\":\"https:\/\/www.manaus.am.gov.br\/semcom\/marcha-para-jesus-2025\/\",\"name\":\"David Almeida anuncia apoio a Marcha para Jesus 2025\",\"isPartOf\":{\"@id\":\"https:\/\/www.manaus.am.gov.br\/semcom\/#website\"},\"primaryImageOfPage\":{\"@id\":\"https:\/\/www.manaus.am.gov.br\/semcom\/marcha-para-jesus-2025\/#primaryimage\"},\"image\":{\"@id\":\"https:\/\/www.manaus.am.gov.br\/semcom\/marcha-para-jesus-2025\/#primaryimage\"},\"thumbnailUrl\":\"https:\/\/www.manaus.am.gov.br\/semcom\/wp-content\/uploads\/sites\/5\/2025\/04\/Marcha-para-Jesus.jpeg\",\"datePublished\":\"2025-04-23T00:31:36+00:00\",\"dateModified\":\"2025-04-23T00:31:38+00:00\",\"author\":{\"@id\":\"https:\/\/www.manaus.am.gov.br\/semcom\/#\/schema\/person\/a5ee5376db6e21af026374b369f30882\"},\"description\":\"O encontro teve como objetivo alinhar o apoio da gest\u00e3o municipal \u00e0 realiza\u00e7\u00e3o da \u201cMarcha para Jesus 2025\u201d, prevista para o dia 14 de junho.\",\"inLanguage\":\"pt-BR\",\"potentialAction\":[{\"@type\":\"ReadAction\",\"target\":[\"https:\/\/www.manaus.am.gov.br\/semcom\/marcha-para-jesus-2025\/\"]}]},{\"@type\":\"ImageObject\",\"inLanguage\":\"pt-BR\",\"@id\":\"https:\/\/www.manaus.am.gov.br\/semcom\/marcha-para-jesus-2025\/#primaryimage\",\"url\":\"https:\/\/www.manaus.am.gov.br\/semcom\/wp-content\/uploads\/sites\/5\/2025\/04\/Marcha-para-Jesus.jpeg\",\"contentUrl\":\"https:\/\/www.manaus.am.gov.br\/semcom\/wp-content\/uploads\/sites\/5\/2025\/04\/Marcha-para-Jesus.jpeg\",\"width\":2560,\"height\":1725,\"caption\":\"Marcha para Jesus\"},{\"@type\":\"WebSite\",\"@id\":\"https:\/\/www.manaus.am.gov.br\/semcom\/#website\",\"url\":\"https:\/\/www.manaus.am.gov.br\/semcom\/\",\"name\":\"SEMCOM\",\"description\":\"Secretaria Municipal de Comunica\u00e7\u00e3o\",\"potentialAction\":[{\"@type\":\"SearchAction\",\"target\":{\"@type\":\"EntryPoint\",\"urlTemplate\":\"https:\/\/www.manaus.am.gov.br\/semcom\/?s={search_term_string}\"},\"query-input\":\"required name=search_term_string\"}],\"inLanguage\":\"pt-BR\"},{\"@type\":\"Person\",\"@id\":\"https:\/\/www.manaus.am.gov.br\/semcom\/#\/schema\/person\/a5ee5376db6e21af026374b369f30882\",\"name\":\"Thiago Fernando\",\"image\":{\"@type\":\"ImageObject\",\"inLanguage\":\"pt-BR\",\"@id\":\"https:\/\/www.manaus.am.gov.br\/semcom\/#\/schema\/person\/image\/\",\"url\":\"https:\/\/secure.gravatar.com\/avatar\/f5aab8722444041451501c077052ac07?s=96&d=mm&r=g\",\"contentUrl\":\"https:\/\/secure.gravatar.com\/avatar\/f5aab8722444041451501c077052ac07?s=96&d=mm&r=g\",\"caption\":\"Thiago Fernando\"}}]}<\/script>\n<!-- \/ Yoast SEO plugin. -->","yoast_head_json":{"title":"David Almeida anuncia apoio a Marcha para Jesus 2025","description":"O encontro teve como objetivo alinhar o apoio da gest\u00e3o municipal \u00e0 realiza\u00e7\u00e3o da \u201cMarcha para Jesus 2025\u201d, prevista para o dia 14 de junho.","robots":{"index":"index","follow":"follow","max-snippet":"max-snippet:-1","max-image-preview":"max-image-preview:large","max-video-preview":"max-video-preview:-1"},"canonical":"https:\/\/www.manaus.am.gov.br\/semcom\/marcha-para-jesus-2025\/","og_locale":"pt_BR","og_type":"article","og_title":"David Almeida anuncia apoio a Marcha para Jesus 2025","og_description":"O encontro teve como objetivo alinhar o apoio da gest\u00e3o municipal \u00e0 realiza\u00e7\u00e3o da \u201cMarcha para Jesus 2025\u201d, prevista para o dia 14 de junho.","og_url":"https:\/\/www.manaus.am.gov.br\/semcom\/marcha-para-jesus-2025\/","og_site_name":"SEMCOM","article_published_time":"2025-04-23T00:31:36+00:00","article_modified_time":"2025-04-23T00:31:38+00:00","og_image":[{"width":2560,"height":1725,"url":"https:\/\/www.manaus.am.gov.br\/semcom\/wp-content\/uploads\/sites\/5\/2025\/04\/Marcha-para-Jesus.jpeg","type":"image\/jpeg"}],"author":"Thiago Fernando","twitter_card":"summary_large_image","twitter_misc":{"Written by":"Thiago Fernando","Est. reading time":"3 minutos"},"schema":{"@context":"https:\/\/schema.org","@graph":[{"@type":"WebPage","@id":"https:\/\/www.manaus.am.gov.br\/semcom\/marcha-para-jesus-2025\/","url":"https:\/\/www.manaus.am.gov.br\/semcom\/marcha-para-jesus-2025\/","name":"David Almeida anuncia apoio a Marcha para Jesus 2025","isPartOf":{"@id":"https:\/\/www.manaus.am.gov.br\/semcom\/#website"},"primaryImageOfPage":{"@id":"https:\/\/www.manaus.am.gov.br\/semcom\/marcha-para-jesus-2025\/#primaryimage"},"image":{"@id":"https:\/\/www.manaus.am.gov.br\/semcom\/marcha-para-jesus-2025\/#primaryimage"},"thumbnailUrl":"https:\/\/www.manaus.am.gov.br\/semcom\/wp-content\/uploads\/sites\/5\/2025\/04\/Marcha-para-Jesus.jpeg","datePublished":"2025-04-23T00:31:36+00:00","dateModified":"2025-04-23T00:31:38+00:00","author":{"@id":"https:\/\/www.manaus.am.gov.br\/semcom\/#\/schema\/person\/a5ee5376db6e21af026374b369f30882"},"description":"O encontro teve como objetivo alinhar o apoio da gest\u00e3o municipal \u00e0 realiza\u00e7\u00e3o da \u201cMarcha para Jesus 2025\u201d, prevista para o dia 14 de junho.","inLanguage":"pt-BR","potentialAction":[{"@type":"ReadAction","target":["https:\/\/www.manaus.am.gov.br\/semcom\/marcha-para-jesus-2025\/"]}]},{"@type":"ImageObject","inLanguage":"pt-BR","@id":"https:\/\/www.manaus.am.gov.br\/semcom\/marcha-para-jesus-2025\/#primaryimage","url":"https:\/\/www.manaus.am.gov.br\/semcom\/wp-content\/uploads\/sites\/5\/2025\/04\/Marcha-para-Jesus.jpeg","contentUrl":"https:\/\/www.manaus.am.gov.br\/semcom\/wp-content\/uploads\/sites\/5\/2025\/04\/Marcha-para-Jesus.jpeg","width":2560,"height":1725,"caption":"Marcha para Jesus"},{"@type":"WebSite","@id":"https:\/\/www.manaus.am.gov.br\/semcom\/#website","url":"https:\/\/www.manaus.am.gov.br\/semcom\/","name":"SEMCOM","description":"Secretaria Municipal de Comunica\u00e7\u00e3o","potentialAction":[{"@type":"SearchAction","target":{"@type":"EntryPoint","urlTemplate":"https:\/\/www.manaus.am.gov.br\/semcom\/?s={search_term_string}"},"query-input":"required name=search_term_string"}],"inLanguage":"pt-BR"},{"@type":"Person","@id":"https:\/\/www.manaus.am.gov.br\/semcom\/#\/schema\/person\/a5ee5376db6e21af026374b369f30882","name":"Thiago Fernando","image":{"@type":"ImageObject","inLanguage":"pt-BR","@id":"https:\/\/www.manaus.am.gov.br\/semcom\/#\/schema\/person\/image\/","url":"https:\/\/secure.gravatar.com\/avatar\/f5aab8722444041451501c077052ac07?s=96&d=mm&r=g","contentUrl":"https:\/\/secure.gravatar.com\/avatar\/f5aab8722444041451501c077052ac07?s=96&d=mm&r=g","caption":"Thiago Fernando"}}]}},"_links":{"self":[{"href":"https:\/\/www.manaus.am.gov.br\/semcom\/wp-json\/wp\/v2\/posts\/237954"}],"collection":[{"href":"https:\/\/www.manaus.am.gov.br\/semcom\/wp-json\/wp\/v2\/posts"}],"about":[{"href":"https:\/\/www.manaus.am.gov.br\/semcom\/wp-json\/wp\/v2\/types\/post"}],"author":[{"embeddable":true,"href":"https:\/\/www.manaus.am.gov.br\/semcom\/wp-json\/wp\/v2\/users\/57"}],"replies":[{"embeddable":true,"href":"https:\/\/www.manaus.am.gov.br\/semcom\/wp-json\/wp\/v2\/comments?post=237954"}],"version-history":[{"count":0,"href":"https:\/\/www.manaus.am.gov.br\/semcom\/wp-json\/wp\/v2\/posts\/237954\/revisions"}],"wp:featuredmedia":[{"embeddable":true,"href":"https:\/\/www.manaus.am.gov.br\/semcom\/wp-json\/wp\/v2\/media\/237955"}],"wp:attachment":[{"href":"https:\/\/www.manaus.am.gov.br\/semcom\/wp-json\/wp\/v2\/media?parent=237954"}],"wp:term":[{"taxonomy":"category","embeddable":true,"href":"https:\/\/www.manaus.am.gov.br\/semcom\/wp-json\/wp\/v2\/categories?post=237954"},{"taxonomy":"post_tag","embeddable":true,"href":"https:\/\/www.manaus.am.gov.br\/semcom\/wp-json\/wp\/v2\/tags?post=237954"}],"curies":[{"name":"wp","href":"https:\/\/api.w.org\/{rel}","templated":true}]}}