{"id":237935,"date":"2025-04-22T19:05:33","date_gmt":"2025-04-22T22:05:33","guid":{"rendered":"https:\/\/www.manaus.am.gov.br\/semcom\/feira-do-sao-jorge\/"},"modified":"2025-04-22T19:05:35","modified_gmt":"2025-04-22T22:05:35","slug":"feira-do-sao-jorge","status":"publish","type":"post","link":"https:\/\/www.manaus.am.gov.br\/semcom\/feira-do-sao-jorge\/","title":{"rendered":"Prefeito David Almeida vistoria etapa final da revitaliza\u00e7\u00e3o da feira do S\u00e3o Jorge e anuncia entrega nesta quinta-feira, 24\/4"},"content":{"rendered":"\n<p>A Prefeitura de Manaus segue avan\u00e7ando na requalifica\u00e7\u00e3o dos espa\u00e7os p\u00fablicos da capital, com foco na valoriza\u00e7\u00e3o do com\u00e9rcio local e no conforto dos permission\u00e1rios e consumidores. Nesta ter\u00e7a-feira, 22\/4, o prefeito David Almeida realizou uma vistoria t\u00e9cnica na nova Feira Municipal do S\u00e3o Jorge, localizada na rua 1\u00b0 de Maio, zona Oeste da capital. O espa\u00e7o est\u00e1 em fase final de acabamento e ser\u00e1 reinaugurado nesta quinta-feira, 24\/4, \u00e0s 10h.<\/p>\n\n\n\n<p>Com 937,71 metros quadrados, a nova estrutura conta com 18 boxes e 45 bancas destinadas \u00e0 comercializa\u00e7\u00e3o de pescados, lanches, estivas, frutas e verduras. A revitaliza\u00e7\u00e3o incluiu nova cobertura, melhorias na ventila\u00e7\u00e3o, ilumina\u00e7\u00e3o e acessibilidade, proporcionando mais conforto e seguran\u00e7a para feirantes e frequentadores.<\/p>\n\n\n\n<p>\u201cOlha, n\u00f3s estamos aqui no bairro de S\u00e3o Jorge, onde estamos vendo a feira que j\u00e1 est\u00e1 praticamente pronta, s\u00f3 com acabamento fino. E n\u00f3s vamos entreg\u00e1-la j\u00e1 na quinta-feira, dia 24\/4. Daqui a dois dias tem entrega, tem inaugura\u00e7\u00e3o de feiras e mercados em Manaus\u201d, afirmou o prefeito David Almeida.<\/p>\n\n\n\n<p>A nova estrutura da feira do S\u00e3o Jorge faz parte do programa de moderniza\u00e7\u00e3o de feiras e mercados p\u00fablicos da Prefeitura de Manaus, que tem transformado os espa\u00e7os de abastecimento da cidade em ambientes mais organizados, limpos e acess\u00edveis.<\/p>\n\n\n\n<p>Essa \u00e9 a 24\u00aa feira reformada pela gest\u00e3o, sendo a segunda entrega no bairro S\u00e3o Jorge.<\/p>\n\n\n\n<p>&#8212; &#8212; &#8212;<\/p>\n\n\n\n<p><strong>Texto &#8211;<\/strong> Emanuelle Baires \/ Semcom<\/p>\n\n\n\n<p><strong>Fotos &#8211;<\/strong> Dhyeizo Lemos \/ Semcom<\/p>\n\n\n\n<p><strong>Dispon\u00edveis em \u2013<\/strong> <a href=\"https:\/\/flic.kr\/s\/aHBqjCai6F\">https:\/\/flic.kr\/s\/aHBqjCai6F<\/a><\/p>\n","protected":false},"excerpt":{"rendered":"","protected":false},"author":57,"featured_media":237936,"comment_status":"closed","ping_status":"closed","sticky":false,"template":"","format":"standard","meta":{"footnotes":""},"categories":[6],"tags":[35,455,155,77,450,1795,153],"acf":[],"yoast_head":"<!-- This site is optimized with the Yoast SEO plugin v23.0 - https:\/\/yoast.com\/wordpress\/plugins\/seo\/ -->\n<title>David Almeida vistoria revitaliza\u00e7\u00e3o da feira do S\u00e3o Jorge<\/title>\n<meta name=\"description\" content=\"Nesta ter\u00e7a-feira, 22\/4, o prefeito David Almeida realizou uma vistoria t\u00e9cnica na nova Feira Municipal do S\u00e3o Jorge.\" \/>\n<meta name=\"robots\" content=\"index, follow, max-snippet:-1, max-image-preview:large, max-video-preview:-1\" \/>\n<link rel=\"canonical\" href=\"https:\/\/www.manaus.am.gov.br\/semcom\/feira-do-sao-jorge\/\" \/>\n<meta property=\"og:locale\" content=\"pt_BR\" \/>\n<meta property=\"og:type\" content=\"article\" \/>\n<meta property=\"og:title\" content=\"David Almeida vistoria revitaliza\u00e7\u00e3o da feira do S\u00e3o Jorge\" \/>\n<meta property=\"og:description\" content=\"Nesta ter\u00e7a-feira, 22\/4, o prefeito David Almeida realizou uma vistoria t\u00e9cnica na nova Feira Municipal do S\u00e3o Jorge.\" \/>\n<meta property=\"og:url\" content=\"https:\/\/www.manaus.am.gov.br\/semcom\/feira-do-sao-jorge\/\" \/>\n<meta property=\"og:site_name\" content=\"SEMCOM\" \/>\n<meta property=\"article:published_time\" content=\"2025-04-22T22:05:33+00:00\" \/>\n<meta property=\"article:modified_time\" content=\"2025-04-22T22:05:35+00:00\" \/>\n<meta property=\"og:image\" content=\"https:\/\/www.manaus.am.gov.br\/semcom\/wp-content\/uploads\/sites\/5\/2025\/04\/Feira-do-Sao-Jorge-2.jpeg\" \/>\n\t<meta property=\"og:image:width\" content=\"4160\" \/>\n\t<meta property=\"og:image:height\" content=\"2773\" \/>\n\t<meta property=\"og:image:type\" content=\"image\/jpeg\" \/>\n<meta name=\"author\" content=\"Thiago Fernando\" \/>\n<meta name=\"twitter:card\" content=\"summary_large_image\" \/>\n<meta name=\"twitter:label1\" content=\"Written by\" \/>\n\t<meta name=\"twitter:data1\" content=\"Thiago Fernando\" \/>\n\t<meta name=\"twitter:label2\" content=\"Est. reading time\" \/>\n\t<meta name=\"twitter:data2\" content=\"2 minutos\" \/>\n<script type=\"application\/ld+json\" class=\"yoast-schema-graph\">{\"@context\":\"https:\/\/schema.org\",\"@graph\":[{\"@type\":\"WebPage\",\"@id\":\"https:\/\/www.manaus.am.gov.br\/semcom\/feira-do-sao-jorge\/\",\"url\":\"https:\/\/www.manaus.am.gov.br\/semcom\/feira-do-sao-jorge\/\",\"name\":\"David Almeida vistoria revitaliza\u00e7\u00e3o da feira do S\u00e3o Jorge\",\"isPartOf\":{\"@id\":\"https:\/\/www.manaus.am.gov.br\/semcom\/#website\"},\"primaryImageOfPage\":{\"@id\":\"https:\/\/www.manaus.am.gov.br\/semcom\/feira-do-sao-jorge\/#primaryimage\"},\"image\":{\"@id\":\"https:\/\/www.manaus.am.gov.br\/semcom\/feira-do-sao-jorge\/#primaryimage\"},\"thumbnailUrl\":\"https:\/\/www.manaus.am.gov.br\/semcom\/wp-content\/uploads\/sites\/5\/2025\/04\/Feira-do-Sao-Jorge-2.jpeg\",\"datePublished\":\"2025-04-22T22:05:33+00:00\",\"dateModified\":\"2025-04-22T22:05:35+00:00\",\"author\":{\"@id\":\"https:\/\/www.manaus.am.gov.br\/semcom\/#\/schema\/person\/a5ee5376db6e21af026374b369f30882\"},\"description\":\"Nesta ter\u00e7a-feira, 22\/4, o prefeito David Almeida realizou uma vistoria t\u00e9cnica na nova Feira Municipal do S\u00e3o Jorge.\",\"inLanguage\":\"pt-BR\",\"potentialAction\":[{\"@type\":\"ReadAction\",\"target\":[\"https:\/\/www.manaus.am.gov.br\/semcom\/feira-do-sao-jorge\/\"]}]},{\"@type\":\"ImageObject\",\"inLanguage\":\"pt-BR\",\"@id\":\"https:\/\/www.manaus.am.gov.br\/semcom\/feira-do-sao-jorge\/#primaryimage\",\"url\":\"https:\/\/www.manaus.am.gov.br\/semcom\/wp-content\/uploads\/sites\/5\/2025\/04\/Feira-do-Sao-Jorge-2.jpeg\",\"contentUrl\":\"https:\/\/www.manaus.am.gov.br\/semcom\/wp-content\/uploads\/sites\/5\/2025\/04\/Feira-do-Sao-Jorge-2.jpeg\",\"width\":4160,\"height\":2773,\"caption\":\"#paratodosverem - David Almeida na feira do S\u00e3o Jorge\"},{\"@type\":\"WebSite\",\"@id\":\"https:\/\/www.manaus.am.gov.br\/semcom\/#website\",\"url\":\"https:\/\/www.manaus.am.gov.br\/semcom\/\",\"name\":\"SEMCOM\",\"description\":\"Secretaria Municipal de Comunica\u00e7\u00e3o\",\"potentialAction\":[{\"@type\":\"SearchAction\",\"target\":{\"@type\":\"EntryPoint\",\"urlTemplate\":\"https:\/\/www.manaus.am.gov.br\/semcom\/?s={search_term_string}\"},\"query-input\":\"required name=search_term_string\"}],\"inLanguage\":\"pt-BR\"},{\"@type\":\"Person\",\"@id\":\"https:\/\/www.manaus.am.gov.br\/semcom\/#\/schema\/person\/a5ee5376db6e21af026374b369f30882\",\"name\":\"Thiago Fernando\",\"image\":{\"@type\":\"ImageObject\",\"inLanguage\":\"pt-BR\",\"@id\":\"https:\/\/www.manaus.am.gov.br\/semcom\/#\/schema\/person\/image\/\",\"url\":\"https:\/\/secure.gravatar.com\/avatar\/f5aab8722444041451501c077052ac07?s=96&d=mm&r=g\",\"contentUrl\":\"https:\/\/secure.gravatar.com\/avatar\/f5aab8722444041451501c077052ac07?s=96&d=mm&r=g\",\"caption\":\"Thiago Fernando\"}}]}<\/script>\n<!-- \/ Yoast SEO plugin. -->","yoast_head_json":{"title":"David Almeida vistoria revitaliza\u00e7\u00e3o da feira do S\u00e3o Jorge","description":"Nesta ter\u00e7a-feira, 22\/4, o prefeito David Almeida realizou uma vistoria t\u00e9cnica na nova Feira Municipal do S\u00e3o Jorge.","robots":{"index":"index","follow":"follow","max-snippet":"max-snippet:-1","max-image-preview":"max-image-preview:large","max-video-preview":"max-video-preview:-1"},"canonical":"https:\/\/www.manaus.am.gov.br\/semcom\/feira-do-sao-jorge\/","og_locale":"pt_BR","og_type":"article","og_title":"David Almeida vistoria revitaliza\u00e7\u00e3o da feira do S\u00e3o Jorge","og_description":"Nesta ter\u00e7a-feira, 22\/4, o prefeito David Almeida realizou uma vistoria t\u00e9cnica na nova Feira Municipal do S\u00e3o Jorge.","og_url":"https:\/\/www.manaus.am.gov.br\/semcom\/feira-do-sao-jorge\/","og_site_name":"SEMCOM","article_published_time":"2025-04-22T22:05:33+00:00","article_modified_time":"2025-04-22T22:05:35+00:00","og_image":[{"width":4160,"height":2773,"url":"https:\/\/www.manaus.am.gov.br\/semcom\/wp-content\/uploads\/sites\/5\/2025\/04\/Feira-do-Sao-Jorge-2.jpeg","type":"image\/jpeg"}],"author":"Thiago Fernando","twitter_card":"summary_large_image","twitter_misc":{"Written by":"Thiago Fernando","Est. reading time":"2 minutos"},"schema":{"@context":"https:\/\/schema.org","@graph":[{"@type":"WebPage","@id":"https:\/\/www.manaus.am.gov.br\/semcom\/feira-do-sao-jorge\/","url":"https:\/\/www.manaus.am.gov.br\/semcom\/feira-do-sao-jorge\/","name":"David Almeida vistoria revitaliza\u00e7\u00e3o da feira do S\u00e3o Jorge","isPartOf":{"@id":"https:\/\/www.manaus.am.gov.br\/semcom\/#website"},"primaryImageOfPage":{"@id":"https:\/\/www.manaus.am.gov.br\/semcom\/feira-do-sao-jorge\/#primaryimage"},"image":{"@id":"https:\/\/www.manaus.am.gov.br\/semcom\/feira-do-sao-jorge\/#primaryimage"},"thumbnailUrl":"https:\/\/www.manaus.am.gov.br\/semcom\/wp-content\/uploads\/sites\/5\/2025\/04\/Feira-do-Sao-Jorge-2.jpeg","datePublished":"2025-04-22T22:05:33+00:00","dateModified":"2025-04-22T22:05:35+00:00","author":{"@id":"https:\/\/www.manaus.am.gov.br\/semcom\/#\/schema\/person\/a5ee5376db6e21af026374b369f30882"},"description":"Nesta ter\u00e7a-feira, 22\/4, o prefeito David Almeida realizou uma vistoria t\u00e9cnica na nova Feira Municipal do S\u00e3o Jorge.","inLanguage":"pt-BR","potentialAction":[{"@type":"ReadAction","target":["https:\/\/www.manaus.am.gov.br\/semcom\/feira-do-sao-jorge\/"]}]},{"@type":"ImageObject","inLanguage":"pt-BR","@id":"https:\/\/www.manaus.am.gov.br\/semcom\/feira-do-sao-jorge\/#primaryimage","url":"https:\/\/www.manaus.am.gov.br\/semcom\/wp-content\/uploads\/sites\/5\/2025\/04\/Feira-do-Sao-Jorge-2.jpeg","contentUrl":"https:\/\/www.manaus.am.gov.br\/semcom\/wp-content\/uploads\/sites\/5\/2025\/04\/Feira-do-Sao-Jorge-2.jpeg","width":4160,"height":2773,"caption":"#paratodosverem - David Almeida na feira do S\u00e3o Jorge"},{"@type":"WebSite","@id":"https:\/\/www.manaus.am.gov.br\/semcom\/#website","url":"https:\/\/www.manaus.am.gov.br\/semcom\/","name":"SEMCOM","description":"Secretaria Municipal de Comunica\u00e7\u00e3o","potentialAction":[{"@type":"SearchAction","target":{"@type":"EntryPoint","urlTemplate":"https:\/\/www.manaus.am.gov.br\/semcom\/?s={search_term_string}"},"query-input":"required name=search_term_string"}],"inLanguage":"pt-BR"},{"@type":"Person","@id":"https:\/\/www.manaus.am.gov.br\/semcom\/#\/schema\/person\/a5ee5376db6e21af026374b369f30882","name":"Thiago Fernando","image":{"@type":"ImageObject","inLanguage":"pt-BR","@id":"https:\/\/www.manaus.am.gov.br\/semcom\/#\/schema\/person\/image\/","url":"https:\/\/secure.gravatar.com\/avatar\/f5aab8722444041451501c077052ac07?s=96&d=mm&r=g","contentUrl":"https:\/\/secure.gravatar.com\/avatar\/f5aab8722444041451501c077052ac07?s=96&d=mm&r=g","caption":"Thiago Fernando"}}]}},"_links":{"self":[{"href":"https:\/\/www.manaus.am.gov.br\/semcom\/wp-json\/wp\/v2\/posts\/237935"}],"collection":[{"href":"https:\/\/www.manaus.am.gov.br\/semcom\/wp-json\/wp\/v2\/posts"}],"about":[{"href":"https:\/\/www.manaus.am.gov.br\/semcom\/wp-json\/wp\/v2\/types\/post"}],"author":[{"embeddable":true,"href":"https:\/\/www.manaus.am.gov.br\/semcom\/wp-json\/wp\/v2\/users\/57"}],"replies":[{"embeddable":true,"href":"https:\/\/www.manaus.am.gov.br\/semcom\/wp-json\/wp\/v2\/comments?post=237935"}],"version-history":[{"count":0,"href":"https:\/\/www.manaus.am.gov.br\/semcom\/wp-json\/wp\/v2\/posts\/237935\/revisions"}],"wp:featuredmedia":[{"embeddable":true,"href":"https:\/\/www.manaus.am.gov.br\/semcom\/wp-json\/wp\/v2\/media\/237936"}],"wp:attachment":[{"href":"https:\/\/www.manaus.am.gov.br\/semcom\/wp-json\/wp\/v2\/media?parent=237935"}],"wp:term":[{"taxonomy":"category","embeddable":true,"href":"https:\/\/www.manaus.am.gov.br\/semcom\/wp-json\/wp\/v2\/categories?post=237935"},{"taxonomy":"post_tag","embeddable":true,"href":"https:\/\/www.manaus.am.gov.br\/semcom\/wp-json\/wp\/v2\/tags?post=237935"}],"curies":[{"name":"wp","href":"https:\/\/api.w.org\/{rel}","templated":true}]}}