{"id":237864,"date":"2025-04-20T22:19:35","date_gmt":"2025-04-21T02:19:35","guid":{"rendered":"https:\/\/www.manaus.am.gov.br\/semcom\/pascoa-gigantes-da-floresta\/"},"modified":"2025-04-20T23:23:31","modified_gmt":"2025-04-21T02:23:31","slug":"pascoa-gigantes-da-floresta","status":"publish","type":"post","link":"https:\/\/www.manaus.am.gov.br\/semcom\/pascoa-gigantes-da-floresta\/","title":{"rendered":"Encerramento do \u2018P\u00e1scoa na Floresta\u2019 atrai mais de 83 mil pessoas ao parque Gigantes da Floresta"},"content":{"rendered":"\n<p>A Prefeitura de Manaus realizou, neste domingo, 20\/4, o encerramento da \u201cP\u00e1scoa na Floresta\u201d, no parque Gigantes da Floresta, no bairro Novo Aleixo, zona Norte da capital. A programa\u00e7\u00e3o especial na Semana Santa foi coordenada pelo Fundo Manaus Solid\u00e1ria (FMS) e reuniu um p\u00fablico rotativo de 83.634 pessoas, quebrando o recorde p\u00fablico do parque em um s\u00f3 dia, que era de 71 mil pessoas.<\/p>\n\n\n\n<p>Com entrada gratuita, o evento teve uma programa\u00e7\u00e3o repleta de apresenta\u00e7\u00f5es culturais, brincadeiras tem\u00e1ticas e a participa\u00e7\u00e3o especial do coelhinho da P\u00e1scoa.<\/p>\n\n\n\n<p>A diretora-presidente do FMS, Viviana Lira, lembrou que a semana teve diversas a\u00e7\u00f5es da prefeitura, proporcionando momentos de divers\u00e3o e solidariedade em v\u00e1rios bairros e comunidades da capital.<\/p>\n\n\n\n<p>&#8220;Foi uma semana de muita gratid\u00e3o, de muita felicidade, e hoje n\u00f3s estamos encerrando aqui no maior parque tem\u00e1tico da regi\u00e3o Norte. \u00c9 gratid\u00e3o, \u00e9 felicidade de poder ver no rosto de cada crian\u00e7a, de cada m\u00e3e, de cada abra\u00e7o que a gente recebeu aqui e falando sobre a felicidade de hoje estar aqui celebrando a P\u00e1scoa. O nosso prefeito David Almeida sempre lembra da popula\u00e7\u00e3o, ele \u00e9 sens\u00edvel \u00e0s crian\u00e7as, \u00e0s fam\u00edlias e \u00e9 por isso que esse evento foi pensado com todo amor e carinho&#8221;, ressaltou Viviana Lira.<\/p>\n\n\n\n<p>A chegada do coelhinho da P\u00e1scoa gerou uma imensa como\u00e7\u00e3o em toda a multid\u00e3o que estava no parque Gigantes da Floresta. Uma grande parada foi realizada, com fanfarra para recepcionar o coelhinho que chegou em um carro aleg\u00f3rico.&nbsp; O evento ainda teve a presen\u00e7a do palha\u00e7o Lero Lero e show de Alexa Yngrid. As crian\u00e7as de at\u00e9 12 anos tamb\u00e9m receberam pulseiras para ganharem ovos de chocolate.<\/p>\n\n\n\n<figure class=\"wp-block-image size-full\"><img loading=\"lazy\" decoding=\"async\" width=\"799\" height=\"533\" src=\"https:\/\/www.manaus.am.gov.br\/semcom\/wp-content\/uploads\/sites\/5\/2025\/04\/54464175212_b1cc4f9f97_c.jpg\" alt=\"\" class=\"wp-image-237866\" srcset=\"https:\/\/www.manaus.am.gov.br\/semcom\/wp-content\/uploads\/sites\/5\/2025\/04\/54464175212_b1cc4f9f97_c.jpg 799w, https:\/\/www.manaus.am.gov.br\/semcom\/wp-content\/uploads\/sites\/5\/2025\/04\/54464175212_b1cc4f9f97_c-300x200.jpg 300w, https:\/\/www.manaus.am.gov.br\/semcom\/wp-content\/uploads\/sites\/5\/2025\/04\/54464175212_b1cc4f9f97_c-768x512.jpg 768w\" sizes=\"(max-width: 799px) 100vw, 799px\" \/><figcaption class=\"wp-element-caption\">#paratodosverem chegada do coelhinho da P\u00e1scoa gerou uma imensa como\u00e7\u00e3o em toda a multid\u00e3o<\/figcaption><\/figure>\n\n\n\n<p>Rosenira Pedrosa \u00e9 animadora no parque. Ela atua por iniciativa pr\u00f3pria, vestida de Branca de Neve, para alegrar as crian\u00e7as e na P\u00e1scoa n\u00e3o poderia ser diferente.<\/p>\n\n\n\n<p>&#8220;O Gigantes da Floresta foi uma coisa muito boa que o prefeito David Almeida fez para as crian\u00e7as porque abrange tanto a zona Norte como a zona Leste. Eu vim na P\u00e1scoa para alegrar as crian\u00e7as do Gigantes da Floresta. Boa P\u00e1scoa para todos n\u00f3s e para todas as crian\u00e7as de Manaus&#8221;, disse Rosenira.<\/p>\n\n\n\n<figure class=\"wp-block-image size-full\"><img loading=\"lazy\" decoding=\"async\" width=\"799\" height=\"533\" src=\"https:\/\/www.manaus.am.gov.br\/semcom\/wp-content\/uploads\/sites\/5\/2025\/04\/54464177847_fd4a978ec0_c.jpg\" alt=\"\" class=\"wp-image-237865\" srcset=\"https:\/\/www.manaus.am.gov.br\/semcom\/wp-content\/uploads\/sites\/5\/2025\/04\/54464177847_fd4a978ec0_c.jpg 799w, https:\/\/www.manaus.am.gov.br\/semcom\/wp-content\/uploads\/sites\/5\/2025\/04\/54464177847_fd4a978ec0_c-300x200.jpg 300w, https:\/\/www.manaus.am.gov.br\/semcom\/wp-content\/uploads\/sites\/5\/2025\/04\/54464177847_fd4a978ec0_c-768x512.jpg 768w\" sizes=\"(max-width: 799px) 100vw, 799px\" \/><figcaption class=\"wp-element-caption\">#paratodosverem crian\u00e7as de at\u00e9 12 anos tamb\u00e9m receberam ovos de chocolate<\/figcaption><\/figure>\n\n\n\n<p>O motoboy Dem\u00e9trio Felipe estava com a filha Naira desde a abertura do parque neste domingo, grato por ter a oportunidade de prestigiar a confraterniza\u00e7\u00e3o de P\u00e1scoa.<\/p>\n\n\n\n<p>&#8220;Esse parque aqui trouxe muito benef\u00edcio para o pessoal da zona Leste, zona Norte em geral, porque tem muita gente de v\u00e1rios bairros. Eu, por exemplo, vim do Grande Vit\u00f3ria. Eu trouxe a minha filha para prestigiar o domingo de P\u00e1scoa aqui, e ela est\u00e1 adorando&#8221;, destacou Felipe.<\/p>\n\n\n\n<p>O projeto &#8220;P\u00e1scoa na Floresta&#8221;, idealizado pelo FMS, contou com a parceria das secretarias municipais de Educa\u00e7\u00e3o (Semed), de Agricultura, Abastecimento, Centro e Com\u00e9rcio Informal (Semacc) e da Mulher, Assist\u00eancia Social e Cidadania (Semasc).<\/p>\n\n\n\n<p>&#8212; &#8212; &#8212;<\/p>\n\n\n\n<p><strong>Texto<\/strong> \u2013 Divulga\u00e7\u00e3o \/ FMS e Geraldo Farias \/ Semcom<\/p>\n\n\n\n<p><strong>Fotos <\/strong>\u2013 Cl\u00f3vis Miranda \/ Semcom<\/p>\n\n\n\n<p><strong>Dispon\u00edveis em<\/strong> &#8211; https:\/\/flic.kr\/s\/aHBqjC9KFM<\/p>\n","protected":false},"excerpt":{"rendered":"","protected":false},"author":25,"featured_media":237867,"comment_status":"closed","ping_status":"closed","sticky":false,"template":"","format":"standard","meta":{"footnotes":""},"categories":[1884],"tags":[7784,2375,14457,14471],"acf":[],"yoast_head":"<!-- This site is optimized with the Yoast SEO plugin v23.0 - https:\/\/yoast.com\/wordpress\/plugins\/seo\/ -->\n<title>Encerramento do \u2018P\u00e1scoa na Floresta\u2019 atrai mais de 83 mil pessoas ao parque Gigantes da Floresta<\/title>\n<meta name=\"description\" content=\"A Prefeitura de Manaus realizou, neste domingo, 20\/4, o encerramento da \u201cP\u00e1scoa na Floresta\u201d, no parque Gigantes da Floresta\" \/>\n<meta name=\"robots\" content=\"index, follow, max-snippet:-1, max-image-preview:large, max-video-preview:-1\" \/>\n<link rel=\"canonical\" href=\"https:\/\/www.manaus.am.gov.br\/semcom\/pascoa-gigantes-da-floresta\/\" \/>\n<meta property=\"og:locale\" content=\"pt_BR\" \/>\n<meta property=\"og:type\" content=\"article\" \/>\n<meta property=\"og:title\" content=\"Encerramento do \u2018P\u00e1scoa na Floresta\u2019 atrai mais de 83 mil pessoas ao parque Gigantes da Floresta\" \/>\n<meta property=\"og:description\" content=\"A Prefeitura de Manaus realizou, neste domingo, 20\/4, o encerramento da \u201cP\u00e1scoa na Floresta\u201d, no parque Gigantes da Floresta\" \/>\n<meta property=\"og:url\" content=\"https:\/\/www.manaus.am.gov.br\/semcom\/pascoa-gigantes-da-floresta\/\" \/>\n<meta property=\"og:site_name\" content=\"SEMCOM\" \/>\n<meta property=\"article:published_time\" content=\"2025-04-21T02:19:35+00:00\" \/>\n<meta property=\"article:modified_time\" content=\"2025-04-21T02:23:31+00:00\" \/>\n<meta property=\"og:image\" content=\"https:\/\/www.manaus.am.gov.br\/semcom\/wp-content\/uploads\/sites\/5\/2025\/04\/54465009671_3d53619b7f_c.jpg\" \/>\n\t<meta property=\"og:image:width\" content=\"799\" \/>\n\t<meta property=\"og:image:height\" content=\"533\" \/>\n\t<meta property=\"og:image:type\" content=\"image\/jpeg\" \/>\n<meta name=\"author\" content=\"Maur\u00edcio Freire\" \/>\n<meta name=\"twitter:card\" content=\"summary_large_image\" \/>\n<meta name=\"twitter:label1\" content=\"Written by\" \/>\n\t<meta name=\"twitter:data1\" content=\"Maur\u00edcio Freire\" \/>\n\t<meta name=\"twitter:label2\" content=\"Est. reading time\" \/>\n\t<meta name=\"twitter:data2\" content=\"4 minutos\" \/>\n<script type=\"application\/ld+json\" class=\"yoast-schema-graph\">{\"@context\":\"https:\/\/schema.org\",\"@graph\":[{\"@type\":\"WebPage\",\"@id\":\"https:\/\/www.manaus.am.gov.br\/semcom\/pascoa-gigantes-da-floresta\/\",\"url\":\"https:\/\/www.manaus.am.gov.br\/semcom\/pascoa-gigantes-da-floresta\/\",\"name\":\"Encerramento do \u2018P\u00e1scoa na Floresta\u2019 atrai mais de 83 mil pessoas ao parque Gigantes da Floresta\",\"isPartOf\":{\"@id\":\"https:\/\/www.manaus.am.gov.br\/semcom\/#website\"},\"primaryImageOfPage\":{\"@id\":\"https:\/\/www.manaus.am.gov.br\/semcom\/pascoa-gigantes-da-floresta\/#primaryimage\"},\"image\":{\"@id\":\"https:\/\/www.manaus.am.gov.br\/semcom\/pascoa-gigantes-da-floresta\/#primaryimage\"},\"thumbnailUrl\":\"https:\/\/www.manaus.am.gov.br\/semcom\/wp-content\/uploads\/sites\/5\/2025\/04\/54465009671_3d53619b7f_c.jpg\",\"datePublished\":\"2025-04-21T02:19:35+00:00\",\"dateModified\":\"2025-04-21T02:23:31+00:00\",\"author\":{\"@id\":\"https:\/\/www.manaus.am.gov.br\/semcom\/#\/schema\/person\/587989a23a463cde5618e6a028977a9a\"},\"description\":\"A Prefeitura de Manaus realizou, neste domingo, 20\/4, o encerramento da \u201cP\u00e1scoa na Floresta\u201d, no parque Gigantes da Floresta\",\"inLanguage\":\"pt-BR\",\"potentialAction\":[{\"@type\":\"ReadAction\",\"target\":[\"https:\/\/www.manaus.am.gov.br\/semcom\/pascoa-gigantes-da-floresta\/\"]}]},{\"@type\":\"ImageObject\",\"inLanguage\":\"pt-BR\",\"@id\":\"https:\/\/www.manaus.am.gov.br\/semcom\/pascoa-gigantes-da-floresta\/#primaryimage\",\"url\":\"https:\/\/www.manaus.am.gov.br\/semcom\/wp-content\/uploads\/sites\/5\/2025\/04\/54465009671_3d53619b7f_c.jpg\",\"contentUrl\":\"https:\/\/www.manaus.am.gov.br\/semcom\/wp-content\/uploads\/sites\/5\/2025\/04\/54465009671_3d53619b7f_c.jpg\",\"width\":799,\"height\":533,\"caption\":\"#paratodosverem evento teve uma programa\u00e7\u00e3o repleta de apresenta\u00e7\u00f5es culturais, brincadeiras tem\u00e1ticas e a participa\u00e7\u00e3o especial do coelhinho da P\u00e1scoa\"},{\"@type\":\"WebSite\",\"@id\":\"https:\/\/www.manaus.am.gov.br\/semcom\/#website\",\"url\":\"https:\/\/www.manaus.am.gov.br\/semcom\/\",\"name\":\"SEMCOM\",\"description\":\"Secretaria Municipal de Comunica\u00e7\u00e3o\",\"potentialAction\":[{\"@type\":\"SearchAction\",\"target\":{\"@type\":\"EntryPoint\",\"urlTemplate\":\"https:\/\/www.manaus.am.gov.br\/semcom\/?s={search_term_string}\"},\"query-input\":\"required name=search_term_string\"}],\"inLanguage\":\"pt-BR\"},{\"@type\":\"Person\",\"@id\":\"https:\/\/www.manaus.am.gov.br\/semcom\/#\/schema\/person\/587989a23a463cde5618e6a028977a9a\",\"name\":\"Maur\u00edcio Freire\",\"image\":{\"@type\":\"ImageObject\",\"inLanguage\":\"pt-BR\",\"@id\":\"https:\/\/www.manaus.am.gov.br\/semcom\/#\/schema\/person\/image\/\",\"url\":\"https:\/\/secure.gravatar.com\/avatar\/dc1481799a1f75c733ac3b2634cd6749?s=96&d=mm&r=g\",\"contentUrl\":\"https:\/\/secure.gravatar.com\/avatar\/dc1481799a1f75c733ac3b2634cd6749?s=96&d=mm&r=g\",\"caption\":\"Maur\u00edcio Freire\"}}]}<\/script>\n<!-- \/ Yoast SEO plugin. -->","yoast_head_json":{"title":"Encerramento do \u2018P\u00e1scoa na Floresta\u2019 atrai mais de 83 mil pessoas ao parque Gigantes da Floresta","description":"A Prefeitura de Manaus realizou, neste domingo, 20\/4, o encerramento da \u201cP\u00e1scoa na Floresta\u201d, no parque Gigantes da Floresta","robots":{"index":"index","follow":"follow","max-snippet":"max-snippet:-1","max-image-preview":"max-image-preview:large","max-video-preview":"max-video-preview:-1"},"canonical":"https:\/\/www.manaus.am.gov.br\/semcom\/pascoa-gigantes-da-floresta\/","og_locale":"pt_BR","og_type":"article","og_title":"Encerramento do \u2018P\u00e1scoa na Floresta\u2019 atrai mais de 83 mil pessoas ao parque Gigantes da Floresta","og_description":"A Prefeitura de Manaus realizou, neste domingo, 20\/4, o encerramento da \u201cP\u00e1scoa na Floresta\u201d, no parque Gigantes da Floresta","og_url":"https:\/\/www.manaus.am.gov.br\/semcom\/pascoa-gigantes-da-floresta\/","og_site_name":"SEMCOM","article_published_time":"2025-04-21T02:19:35+00:00","article_modified_time":"2025-04-21T02:23:31+00:00","og_image":[{"width":799,"height":533,"url":"https:\/\/www.manaus.am.gov.br\/semcom\/wp-content\/uploads\/sites\/5\/2025\/04\/54465009671_3d53619b7f_c.jpg","type":"image\/jpeg"}],"author":"Maur\u00edcio Freire","twitter_card":"summary_large_image","twitter_misc":{"Written by":"Maur\u00edcio Freire","Est. reading time":"4 minutos"},"schema":{"@context":"https:\/\/schema.org","@graph":[{"@type":"WebPage","@id":"https:\/\/www.manaus.am.gov.br\/semcom\/pascoa-gigantes-da-floresta\/","url":"https:\/\/www.manaus.am.gov.br\/semcom\/pascoa-gigantes-da-floresta\/","name":"Encerramento do \u2018P\u00e1scoa na Floresta\u2019 atrai mais de 83 mil pessoas ao parque Gigantes da Floresta","isPartOf":{"@id":"https:\/\/www.manaus.am.gov.br\/semcom\/#website"},"primaryImageOfPage":{"@id":"https:\/\/www.manaus.am.gov.br\/semcom\/pascoa-gigantes-da-floresta\/#primaryimage"},"image":{"@id":"https:\/\/www.manaus.am.gov.br\/semcom\/pascoa-gigantes-da-floresta\/#primaryimage"},"thumbnailUrl":"https:\/\/www.manaus.am.gov.br\/semcom\/wp-content\/uploads\/sites\/5\/2025\/04\/54465009671_3d53619b7f_c.jpg","datePublished":"2025-04-21T02:19:35+00:00","dateModified":"2025-04-21T02:23:31+00:00","author":{"@id":"https:\/\/www.manaus.am.gov.br\/semcom\/#\/schema\/person\/587989a23a463cde5618e6a028977a9a"},"description":"A Prefeitura de Manaus realizou, neste domingo, 20\/4, o encerramento da \u201cP\u00e1scoa na Floresta\u201d, no parque Gigantes da Floresta","inLanguage":"pt-BR","potentialAction":[{"@type":"ReadAction","target":["https:\/\/www.manaus.am.gov.br\/semcom\/pascoa-gigantes-da-floresta\/"]}]},{"@type":"ImageObject","inLanguage":"pt-BR","@id":"https:\/\/www.manaus.am.gov.br\/semcom\/pascoa-gigantes-da-floresta\/#primaryimage","url":"https:\/\/www.manaus.am.gov.br\/semcom\/wp-content\/uploads\/sites\/5\/2025\/04\/54465009671_3d53619b7f_c.jpg","contentUrl":"https:\/\/www.manaus.am.gov.br\/semcom\/wp-content\/uploads\/sites\/5\/2025\/04\/54465009671_3d53619b7f_c.jpg","width":799,"height":533,"caption":"#paratodosverem evento teve uma programa\u00e7\u00e3o repleta de apresenta\u00e7\u00f5es culturais, brincadeiras tem\u00e1ticas e a participa\u00e7\u00e3o especial do coelhinho da P\u00e1scoa"},{"@type":"WebSite","@id":"https:\/\/www.manaus.am.gov.br\/semcom\/#website","url":"https:\/\/www.manaus.am.gov.br\/semcom\/","name":"SEMCOM","description":"Secretaria Municipal de Comunica\u00e7\u00e3o","potentialAction":[{"@type":"SearchAction","target":{"@type":"EntryPoint","urlTemplate":"https:\/\/www.manaus.am.gov.br\/semcom\/?s={search_term_string}"},"query-input":"required name=search_term_string"}],"inLanguage":"pt-BR"},{"@type":"Person","@id":"https:\/\/www.manaus.am.gov.br\/semcom\/#\/schema\/person\/587989a23a463cde5618e6a028977a9a","name":"Maur\u00edcio Freire","image":{"@type":"ImageObject","inLanguage":"pt-BR","@id":"https:\/\/www.manaus.am.gov.br\/semcom\/#\/schema\/person\/image\/","url":"https:\/\/secure.gravatar.com\/avatar\/dc1481799a1f75c733ac3b2634cd6749?s=96&d=mm&r=g","contentUrl":"https:\/\/secure.gravatar.com\/avatar\/dc1481799a1f75c733ac3b2634cd6749?s=96&d=mm&r=g","caption":"Maur\u00edcio Freire"}}]}},"_links":{"self":[{"href":"https:\/\/www.manaus.am.gov.br\/semcom\/wp-json\/wp\/v2\/posts\/237864"}],"collection":[{"href":"https:\/\/www.manaus.am.gov.br\/semcom\/wp-json\/wp\/v2\/posts"}],"about":[{"href":"https:\/\/www.manaus.am.gov.br\/semcom\/wp-json\/wp\/v2\/types\/post"}],"author":[{"embeddable":true,"href":"https:\/\/www.manaus.am.gov.br\/semcom\/wp-json\/wp\/v2\/users\/25"}],"replies":[{"embeddable":true,"href":"https:\/\/www.manaus.am.gov.br\/semcom\/wp-json\/wp\/v2\/comments?post=237864"}],"version-history":[{"count":3,"href":"https:\/\/www.manaus.am.gov.br\/semcom\/wp-json\/wp\/v2\/posts\/237864\/revisions"}],"predecessor-version":[{"id":237870,"href":"https:\/\/www.manaus.am.gov.br\/semcom\/wp-json\/wp\/v2\/posts\/237864\/revisions\/237870"}],"wp:featuredmedia":[{"embeddable":true,"href":"https:\/\/www.manaus.am.gov.br\/semcom\/wp-json\/wp\/v2\/media\/237867"}],"wp:attachment":[{"href":"https:\/\/www.manaus.am.gov.br\/semcom\/wp-json\/wp\/v2\/media?parent=237864"}],"wp:term":[{"taxonomy":"category","embeddable":true,"href":"https:\/\/www.manaus.am.gov.br\/semcom\/wp-json\/wp\/v2\/categories?post=237864"},{"taxonomy":"post_tag","embeddable":true,"href":"https:\/\/www.manaus.am.gov.br\/semcom\/wp-json\/wp\/v2\/tags?post=237864"}],"curies":[{"name":"wp","href":"https:\/\/api.w.org\/{rel}","templated":true}]}}