{"id":237849,"date":"2025-04-18T14:09:47","date_gmt":"2025-04-18T17:09:47","guid":{"rendered":"https:\/\/www.manaus.am.gov.br\/semcom\/projeto-de-inclusao-sociodigital\/"},"modified":"2025-04-18T14:09:49","modified_gmt":"2025-04-18T17:09:49","slug":"projeto-de-inclusao-sociodigital","status":"publish","type":"post","link":"https:\/\/www.manaus.am.gov.br\/semcom\/projeto-de-inclusao-sociodigital\/","title":{"rendered":"Comunit\u00e1rios de unidade de conserva\u00e7\u00e3o em Manaus s\u00e3o beneficiados com projeto de inclus\u00e3o sociodigital"},"content":{"rendered":"\n<p>Conex\u00e3o, inclus\u00e3o sociodigital e impacto econ\u00f4mico para pessoas que vivem na zona rural de Manaus \u00e9 o objetivo do projeto-piloto \u201cRibeirinhos Conectados&#8221;. Por meio do projeto, um laborat\u00f3rio de inform\u00e1tica com acesso \u00e0 internet via sat\u00e9lite foi entregue aos moradores da comunidade Juli\u00e3o, localizada na Reserva de Desenvolvimento Sustent\u00e1vel (RDS) do Tup\u00e9 &#8211; unidade de conserva\u00e7\u00e3o municipal, \u00e0 margem esquerda do rio Negro, com dist\u00e2ncia aproximada de 25 quil\u00f4metros de Manaus. O evento foi realizado por meio de parceria entre Prefeitura de Manaus, Organiza\u00e7\u00e3o das Na\u00e7\u00f5es Unidas para a Educa\u00e7\u00e3o, Ci\u00eancia e Cultura (Unesco) e ReUrbi Socioambiental, na ter\u00e7a-feira, 15\/4.<\/p>\n\n\n\n<p>O diretor do departamento de \u00c1reas Protegidas e Mudan\u00e7a do Clima da Secretaria Municipal de Meio Ambiente, Sustentabilidade e Mudan\u00e7a do Clima (Semmasclima), Paulo Farias, afirmou que a iniciativa vai ao encontro da necessidade de acesso \u00e0 internet em \u00e1reas rurais, para capacita\u00e7\u00e3o de jovens e adultos. \u201cPrecisamos estar conectados para a nova realidade de empregabilidade, vencendo dist\u00e2ncias e desafios\u201d, destacou.<\/p>\n\n\n\n<p>Uma das comunit\u00e1rias que ser\u00e1 beneficiada com o projeto \u00e9 a Jucelia dos Santos. A m\u00e3e de tr\u00eas filhos vende produtos agr\u00edcolas e pretende fazer cursos de empreendedorismo. \u201cEu vendo farinha, goma, tucupi, e a internet vai facilitar para todos n\u00f3s\u201d.&nbsp;<\/p>\n\n\n\n<p>O laborat\u00f3rio de inform\u00e1tica ficar\u00e1 sob administra\u00e7\u00e3o da Associa\u00e7\u00e3o Comunit\u00e1ria de Produtores Rurais da Comunidade Juli\u00e3o.<\/p>\n\n\n\n<p><strong>Inclus\u00e3o sociodigital e sustentabilidade<\/strong><\/p>\n\n\n\n<p>A ReUrbi \u00e9 uma empresa que atua com log\u00edstica reversa em todo o Brasil, sediada em Jacare\u00ed (SP). O coordenador de Opera\u00e7\u00f5es, Wanderson Skrock, afirma que o modelo de neg\u00f3cio \u00e9 comprometido com a responsabilidade ambiental e social, com a transpar\u00eancia e valoriza\u00e7\u00e3o dos descartes de equipamentos de TI e Telecom de empresas, pessoas f\u00edsicas, organiza\u00e7\u00f5es governamentais e do 3\u00ba Setor.&nbsp;<\/p>\n\n\n\n<p>Ele explica que o projeto-piloto \u201cRibeirinhos Conectados\u201d \u00e9 somado \u00e0 miss\u00e3o do Iris \u2013 Instituto ReUrbi de Inclus\u00e3o Sociodigital, que j\u00e1 apoiou mais de 300 projetos em todas as regi\u00f5es do Brasil, com a doa\u00e7\u00e3o de quase 4 mil equipamentos seminovos. Wanderson destaca os prop\u00f3sitos de acesso \u00e0 tecnologia e \u00e0s oportunidades que elas oferecem, al\u00e9m da log\u00edstica reversa e da economia circular.&nbsp;<\/p>\n\n\n\n<p>\u201cMateriais eletr\u00f4nicos que seriam destru\u00eddos e, com certeza iriam agredir o meio ambiente, s\u00e3o recolhidos pela ReUrbi e transformados em novo de novo, para uso de pessoas que precisam\u201d.<\/p>\n\n\n\n<p>Al\u00e9m da Associa\u00e7\u00e3o Comunit\u00e1ria de Produtores Rurais da Comunidade Juli\u00e3o, a S\u00e3o Francisco do Bujar\u00fa, tamb\u00e9m no baixo rio Negro, foi beneficiada com a a\u00e7\u00e3o de inclus\u00e3o sociodigital.<\/p>\n\n\n\n<p>O consultor da Unesco, Miqueias Santos, destacou que os comunit\u00e1rios s\u00f3 t\u00eam a ganhar com a iniciativa. \u201cEst\u00e3o sendo dadas oportunidades \u00fanicas para as crian\u00e7as, jovens e adultos, de terem cursos a dist\u00e2ncia e se desenvolverem\u201d, finalizou.<\/p>\n\n\n\n<p>\u2014 \u2014 \u2014<\/p>\n\n\n\n<p><strong>Texto e fotos &#8211;<\/strong> Taianna Castro \/ Semmasclima<\/p>\n","protected":false},"excerpt":{"rendered":"","protected":false},"author":68,"featured_media":237850,"comment_status":"closed","ping_status":"closed","sticky":false,"template":"","format":"standard","meta":{"footnotes":""},"categories":[1652],"tags":[14469,77,14470],"acf":[],"yoast_head":"<!-- This site is optimized with the Yoast SEO plugin v23.0 - https:\/\/yoast.com\/wordpress\/plugins\/seo\/ -->\n<title>Comunit\u00e1rios de unidade de conserva\u00e7\u00e3o em Manaus s\u00e3o beneficiados com projeto de inclus\u00e3o sociodigital<\/title>\n<meta name=\"description\" content=\"Conex\u00e3o, inclus\u00e3o sociodigital e impacto econ\u00f4mico para pessoas que vivem na zona rural de Manaus \u00e9 o objetivo do projeto-piloto \u201cRibeirinhos Conectados&quot;. Por meio do projeto, um laborat\u00f3rio de inform\u00e1tica com acesso \u00e0 internet via sat\u00e9lite foi entregue aos moradores da comunidade Juli\u00e3o, localizada na Reserva de Desenvolvimento Sustent\u00e1vel (RDS) do Tup\u00e9 - unidade de conserva\u00e7\u00e3o municipal, \u00e0 margem esquerda do rio Negro, com dist\u00e2ncia aproximada de 25 quil\u00f4metros de Manaus. O evento foi realizado por meio de parceria entre Prefeitura de Manaus, Organiza\u00e7\u00e3o das Na\u00e7\u00f5es Unidas para a Educa\u00e7\u00e3o, Ci\u00eancia e Cultura (Unesco) e ReUrbi Socioambiental, na ter\u00e7a-feira, 15\/4.\" \/>\n<meta name=\"robots\" content=\"index, follow, max-snippet:-1, max-image-preview:large, max-video-preview:-1\" \/>\n<link rel=\"canonical\" href=\"https:\/\/www.manaus.am.gov.br\/semcom\/projeto-de-inclusao-sociodigital\/\" \/>\n<meta property=\"og:locale\" content=\"pt_BR\" \/>\n<meta property=\"og:type\" content=\"article\" \/>\n<meta property=\"og:title\" content=\"Comunit\u00e1rios de unidade de conserva\u00e7\u00e3o em Manaus s\u00e3o beneficiados com projeto de inclus\u00e3o sociodigital\" \/>\n<meta property=\"og:description\" content=\"Conex\u00e3o, inclus\u00e3o sociodigital e impacto econ\u00f4mico para pessoas que vivem na zona rural de Manaus \u00e9 o objetivo do projeto-piloto \u201cRibeirinhos Conectados&quot;. Por meio do projeto, um laborat\u00f3rio de inform\u00e1tica com acesso \u00e0 internet via sat\u00e9lite foi entregue aos moradores da comunidade Juli\u00e3o, localizada na Reserva de Desenvolvimento Sustent\u00e1vel (RDS) do Tup\u00e9 - unidade de conserva\u00e7\u00e3o municipal, \u00e0 margem esquerda do rio Negro, com dist\u00e2ncia aproximada de 25 quil\u00f4metros de Manaus. O evento foi realizado por meio de parceria entre Prefeitura de Manaus, Organiza\u00e7\u00e3o das Na\u00e7\u00f5es Unidas para a Educa\u00e7\u00e3o, Ci\u00eancia e Cultura (Unesco) e ReUrbi Socioambiental, na ter\u00e7a-feira, 15\/4.\" \/>\n<meta property=\"og:url\" content=\"https:\/\/www.manaus.am.gov.br\/semcom\/projeto-de-inclusao-sociodigital\/\" \/>\n<meta property=\"og:site_name\" content=\"SEMCOM\" \/>\n<meta property=\"article:published_time\" content=\"2025-04-18T17:09:47+00:00\" \/>\n<meta property=\"article:modified_time\" content=\"2025-04-18T17:09:49+00:00\" \/>\n<meta property=\"og:image\" content=\"https:\/\/www.manaus.am.gov.br\/semcom\/wp-content\/uploads\/sites\/5\/2025\/04\/IMG_2687-rotated-1024x768.jpeg\" \/>\n\t<meta property=\"og:image:width\" content=\"1024\" \/>\n\t<meta property=\"og:image:height\" content=\"768\" \/>\n\t<meta property=\"og:image:type\" content=\"image\/jpeg\" \/>\n<meta name=\"author\" content=\"bvalente\" \/>\n<meta name=\"twitter:card\" content=\"summary_large_image\" \/>\n<meta name=\"twitter:label1\" content=\"Written by\" \/>\n\t<meta name=\"twitter:data1\" content=\"bvalente\" \/>\n\t<meta name=\"twitter:label2\" content=\"Est. reading time\" \/>\n\t<meta name=\"twitter:data2\" content=\"3 minutos\" \/>\n<script type=\"application\/ld+json\" class=\"yoast-schema-graph\">{\"@context\":\"https:\/\/schema.org\",\"@graph\":[{\"@type\":\"WebPage\",\"@id\":\"https:\/\/www.manaus.am.gov.br\/semcom\/projeto-de-inclusao-sociodigital\/\",\"url\":\"https:\/\/www.manaus.am.gov.br\/semcom\/projeto-de-inclusao-sociodigital\/\",\"name\":\"Comunit\u00e1rios de unidade de conserva\u00e7\u00e3o em Manaus s\u00e3o beneficiados com projeto de inclus\u00e3o sociodigital\",\"isPartOf\":{\"@id\":\"https:\/\/www.manaus.am.gov.br\/semcom\/#website\"},\"primaryImageOfPage\":{\"@id\":\"https:\/\/www.manaus.am.gov.br\/semcom\/projeto-de-inclusao-sociodigital\/#primaryimage\"},\"image\":{\"@id\":\"https:\/\/www.manaus.am.gov.br\/semcom\/projeto-de-inclusao-sociodigital\/#primaryimage\"},\"thumbnailUrl\":\"https:\/\/www.manaus.am.gov.br\/semcom\/wp-content\/uploads\/sites\/5\/2025\/04\/IMG_2687-rotated.jpeg\",\"datePublished\":\"2025-04-18T17:09:47+00:00\",\"dateModified\":\"2025-04-18T17:09:49+00:00\",\"author\":{\"@id\":\"https:\/\/www.manaus.am.gov.br\/semcom\/#\/schema\/person\/466a0e03ae4b6062809046bd560ac955\"},\"description\":\"Conex\u00e3o, inclus\u00e3o sociodigital e impacto econ\u00f4mico para pessoas que vivem na zona rural de Manaus \u00e9 o objetivo do projeto-piloto \u201cRibeirinhos Conectados\\\". Por meio do projeto, um laborat\u00f3rio de inform\u00e1tica com acesso \u00e0 internet via sat\u00e9lite foi entregue aos moradores da comunidade Juli\u00e3o, localizada na Reserva de Desenvolvimento Sustent\u00e1vel (RDS) do Tup\u00e9 - unidade de conserva\u00e7\u00e3o municipal, \u00e0 margem esquerda do rio Negro, com dist\u00e2ncia aproximada de 25 quil\u00f4metros de Manaus. O evento foi realizado por meio de parceria entre Prefeitura de Manaus, Organiza\u00e7\u00e3o das Na\u00e7\u00f5es Unidas para a Educa\u00e7\u00e3o, Ci\u00eancia e Cultura (Unesco) e ReUrbi Socioambiental, na ter\u00e7a-feira, 15\/4.\",\"inLanguage\":\"pt-BR\",\"potentialAction\":[{\"@type\":\"ReadAction\",\"target\":[\"https:\/\/www.manaus.am.gov.br\/semcom\/projeto-de-inclusao-sociodigital\/\"]}]},{\"@type\":\"ImageObject\",\"inLanguage\":\"pt-BR\",\"@id\":\"https:\/\/www.manaus.am.gov.br\/semcom\/projeto-de-inclusao-sociodigital\/#primaryimage\",\"url\":\"https:\/\/www.manaus.am.gov.br\/semcom\/wp-content\/uploads\/sites\/5\/2025\/04\/IMG_2687-rotated.jpeg\",\"contentUrl\":\"https:\/\/www.manaus.am.gov.br\/semcom\/wp-content\/uploads\/sites\/5\/2025\/04\/IMG_2687-rotated.jpeg\",\"width\":4032,\"height\":3024},{\"@type\":\"WebSite\",\"@id\":\"https:\/\/www.manaus.am.gov.br\/semcom\/#website\",\"url\":\"https:\/\/www.manaus.am.gov.br\/semcom\/\",\"name\":\"SEMCOM\",\"description\":\"Secretaria Municipal de Comunica\u00e7\u00e3o\",\"potentialAction\":[{\"@type\":\"SearchAction\",\"target\":{\"@type\":\"EntryPoint\",\"urlTemplate\":\"https:\/\/www.manaus.am.gov.br\/semcom\/?s={search_term_string}\"},\"query-input\":\"required name=search_term_string\"}],\"inLanguage\":\"pt-BR\"},{\"@type\":\"Person\",\"@id\":\"https:\/\/www.manaus.am.gov.br\/semcom\/#\/schema\/person\/466a0e03ae4b6062809046bd560ac955\",\"name\":\"bvalente\",\"image\":{\"@type\":\"ImageObject\",\"inLanguage\":\"pt-BR\",\"@id\":\"https:\/\/www.manaus.am.gov.br\/semcom\/#\/schema\/person\/image\/\",\"url\":\"https:\/\/secure.gravatar.com\/avatar\/3e69bc2b014bdad41adfec3a39de07d2?s=96&d=mm&r=g\",\"contentUrl\":\"https:\/\/secure.gravatar.com\/avatar\/3e69bc2b014bdad41adfec3a39de07d2?s=96&d=mm&r=g\",\"caption\":\"bvalente\"}}]}<\/script>\n<!-- \/ Yoast SEO plugin. -->","yoast_head_json":{"title":"Comunit\u00e1rios de unidade de conserva\u00e7\u00e3o em Manaus s\u00e3o beneficiados com projeto de inclus\u00e3o sociodigital","description":"Conex\u00e3o, inclus\u00e3o sociodigital e impacto econ\u00f4mico para pessoas que vivem na zona rural de Manaus \u00e9 o objetivo do projeto-piloto \u201cRibeirinhos Conectados\". Por meio do projeto, um laborat\u00f3rio de inform\u00e1tica com acesso \u00e0 internet via sat\u00e9lite foi entregue aos moradores da comunidade Juli\u00e3o, localizada na Reserva de Desenvolvimento Sustent\u00e1vel (RDS) do Tup\u00e9 - unidade de conserva\u00e7\u00e3o municipal, \u00e0 margem esquerda do rio Negro, com dist\u00e2ncia aproximada de 25 quil\u00f4metros de Manaus. O evento foi realizado por meio de parceria entre Prefeitura de Manaus, Organiza\u00e7\u00e3o das Na\u00e7\u00f5es Unidas para a Educa\u00e7\u00e3o, Ci\u00eancia e Cultura (Unesco) e ReUrbi Socioambiental, na ter\u00e7a-feira, 15\/4.","robots":{"index":"index","follow":"follow","max-snippet":"max-snippet:-1","max-image-preview":"max-image-preview:large","max-video-preview":"max-video-preview:-1"},"canonical":"https:\/\/www.manaus.am.gov.br\/semcom\/projeto-de-inclusao-sociodigital\/","og_locale":"pt_BR","og_type":"article","og_title":"Comunit\u00e1rios de unidade de conserva\u00e7\u00e3o em Manaus s\u00e3o beneficiados com projeto de inclus\u00e3o sociodigital","og_description":"Conex\u00e3o, inclus\u00e3o sociodigital e impacto econ\u00f4mico para pessoas que vivem na zona rural de Manaus \u00e9 o objetivo do projeto-piloto \u201cRibeirinhos Conectados\". Por meio do projeto, um laborat\u00f3rio de inform\u00e1tica com acesso \u00e0 internet via sat\u00e9lite foi entregue aos moradores da comunidade Juli\u00e3o, localizada na Reserva de Desenvolvimento Sustent\u00e1vel (RDS) do Tup\u00e9 - unidade de conserva\u00e7\u00e3o municipal, \u00e0 margem esquerda do rio Negro, com dist\u00e2ncia aproximada de 25 quil\u00f4metros de Manaus. O evento foi realizado por meio de parceria entre Prefeitura de Manaus, Organiza\u00e7\u00e3o das Na\u00e7\u00f5es Unidas para a Educa\u00e7\u00e3o, Ci\u00eancia e Cultura (Unesco) e ReUrbi Socioambiental, na ter\u00e7a-feira, 15\/4.","og_url":"https:\/\/www.manaus.am.gov.br\/semcom\/projeto-de-inclusao-sociodigital\/","og_site_name":"SEMCOM","article_published_time":"2025-04-18T17:09:47+00:00","article_modified_time":"2025-04-18T17:09:49+00:00","og_image":[{"width":1024,"height":768,"url":"https:\/\/www.manaus.am.gov.br\/semcom\/wp-content\/uploads\/sites\/5\/2025\/04\/IMG_2687-rotated-1024x768.jpeg","type":"image\/jpeg"}],"author":"bvalente","twitter_card":"summary_large_image","twitter_misc":{"Written by":"bvalente","Est. reading time":"3 minutos"},"schema":{"@context":"https:\/\/schema.org","@graph":[{"@type":"WebPage","@id":"https:\/\/www.manaus.am.gov.br\/semcom\/projeto-de-inclusao-sociodigital\/","url":"https:\/\/www.manaus.am.gov.br\/semcom\/projeto-de-inclusao-sociodigital\/","name":"Comunit\u00e1rios de unidade de conserva\u00e7\u00e3o em Manaus s\u00e3o beneficiados com projeto de inclus\u00e3o sociodigital","isPartOf":{"@id":"https:\/\/www.manaus.am.gov.br\/semcom\/#website"},"primaryImageOfPage":{"@id":"https:\/\/www.manaus.am.gov.br\/semcom\/projeto-de-inclusao-sociodigital\/#primaryimage"},"image":{"@id":"https:\/\/www.manaus.am.gov.br\/semcom\/projeto-de-inclusao-sociodigital\/#primaryimage"},"thumbnailUrl":"https:\/\/www.manaus.am.gov.br\/semcom\/wp-content\/uploads\/sites\/5\/2025\/04\/IMG_2687-rotated.jpeg","datePublished":"2025-04-18T17:09:47+00:00","dateModified":"2025-04-18T17:09:49+00:00","author":{"@id":"https:\/\/www.manaus.am.gov.br\/semcom\/#\/schema\/person\/466a0e03ae4b6062809046bd560ac955"},"description":"Conex\u00e3o, inclus\u00e3o sociodigital e impacto econ\u00f4mico para pessoas que vivem na zona rural de Manaus \u00e9 o objetivo do projeto-piloto \u201cRibeirinhos Conectados\". Por meio do projeto, um laborat\u00f3rio de inform\u00e1tica com acesso \u00e0 internet via sat\u00e9lite foi entregue aos moradores da comunidade Juli\u00e3o, localizada na Reserva de Desenvolvimento Sustent\u00e1vel (RDS) do Tup\u00e9 - unidade de conserva\u00e7\u00e3o municipal, \u00e0 margem esquerda do rio Negro, com dist\u00e2ncia aproximada de 25 quil\u00f4metros de Manaus. O evento foi realizado por meio de parceria entre Prefeitura de Manaus, Organiza\u00e7\u00e3o das Na\u00e7\u00f5es Unidas para a Educa\u00e7\u00e3o, Ci\u00eancia e Cultura (Unesco) e ReUrbi Socioambiental, na ter\u00e7a-feira, 15\/4.","inLanguage":"pt-BR","potentialAction":[{"@type":"ReadAction","target":["https:\/\/www.manaus.am.gov.br\/semcom\/projeto-de-inclusao-sociodigital\/"]}]},{"@type":"ImageObject","inLanguage":"pt-BR","@id":"https:\/\/www.manaus.am.gov.br\/semcom\/projeto-de-inclusao-sociodigital\/#primaryimage","url":"https:\/\/www.manaus.am.gov.br\/semcom\/wp-content\/uploads\/sites\/5\/2025\/04\/IMG_2687-rotated.jpeg","contentUrl":"https:\/\/www.manaus.am.gov.br\/semcom\/wp-content\/uploads\/sites\/5\/2025\/04\/IMG_2687-rotated.jpeg","width":4032,"height":3024},{"@type":"WebSite","@id":"https:\/\/www.manaus.am.gov.br\/semcom\/#website","url":"https:\/\/www.manaus.am.gov.br\/semcom\/","name":"SEMCOM","description":"Secretaria Municipal de Comunica\u00e7\u00e3o","potentialAction":[{"@type":"SearchAction","target":{"@type":"EntryPoint","urlTemplate":"https:\/\/www.manaus.am.gov.br\/semcom\/?s={search_term_string}"},"query-input":"required name=search_term_string"}],"inLanguage":"pt-BR"},{"@type":"Person","@id":"https:\/\/www.manaus.am.gov.br\/semcom\/#\/schema\/person\/466a0e03ae4b6062809046bd560ac955","name":"bvalente","image":{"@type":"ImageObject","inLanguage":"pt-BR","@id":"https:\/\/www.manaus.am.gov.br\/semcom\/#\/schema\/person\/image\/","url":"https:\/\/secure.gravatar.com\/avatar\/3e69bc2b014bdad41adfec3a39de07d2?s=96&d=mm&r=g","contentUrl":"https:\/\/secure.gravatar.com\/avatar\/3e69bc2b014bdad41adfec3a39de07d2?s=96&d=mm&r=g","caption":"bvalente"}}]}},"_links":{"self":[{"href":"https:\/\/www.manaus.am.gov.br\/semcom\/wp-json\/wp\/v2\/posts\/237849"}],"collection":[{"href":"https:\/\/www.manaus.am.gov.br\/semcom\/wp-json\/wp\/v2\/posts"}],"about":[{"href":"https:\/\/www.manaus.am.gov.br\/semcom\/wp-json\/wp\/v2\/types\/post"}],"author":[{"embeddable":true,"href":"https:\/\/www.manaus.am.gov.br\/semcom\/wp-json\/wp\/v2\/users\/68"}],"replies":[{"embeddable":true,"href":"https:\/\/www.manaus.am.gov.br\/semcom\/wp-json\/wp\/v2\/comments?post=237849"}],"version-history":[{"count":0,"href":"https:\/\/www.manaus.am.gov.br\/semcom\/wp-json\/wp\/v2\/posts\/237849\/revisions"}],"wp:featuredmedia":[{"embeddable":true,"href":"https:\/\/www.manaus.am.gov.br\/semcom\/wp-json\/wp\/v2\/media\/237850"}],"wp:attachment":[{"href":"https:\/\/www.manaus.am.gov.br\/semcom\/wp-json\/wp\/v2\/media?parent=237849"}],"wp:term":[{"taxonomy":"category","embeddable":true,"href":"https:\/\/www.manaus.am.gov.br\/semcom\/wp-json\/wp\/v2\/categories?post=237849"},{"taxonomy":"post_tag","embeddable":true,"href":"https:\/\/www.manaus.am.gov.br\/semcom\/wp-json\/wp\/v2\/tags?post=237849"}],"curies":[{"name":"wp","href":"https:\/\/api.w.org\/{rel}","templated":true}]}}