{"id":237811,"date":"2025-04-16T17:48:19","date_gmt":"2025-04-16T20:48:19","guid":{"rendered":"https:\/\/www.manaus.am.gov.br\/semcom\/pascoa-na-floresta-zona-rural\/"},"modified":"2025-04-16T17:48:19","modified_gmt":"2025-04-16T20:48:19","slug":"pascoa-na-floresta-zona-rural","status":"publish","type":"post","link":"https:\/\/www.manaus.am.gov.br\/semcom\/pascoa-na-floresta-zona-rural\/","title":{"rendered":"Prefeitura realiza a\u00e7\u00e3o \u2018Pascoa na Floresta\u2019 nas comunidades Lindo Amanhecer e Terra Preta, na zona rural"},"content":{"rendered":"\n<p>A programa\u00e7\u00e3o da &#8220;P\u00e1scoa na Floresta&#8221;, a\u00e7\u00e3o da Prefeitura de Manaus, realizada pelo Fundo Manaus Solid\u00e1ria (FMS), desembarcou, nesta quarta-feira, 16\/4, em duas comunidades da zona rural da capital amazonense, a comunidade agr\u00edcola Lindo Amanhecer e a comunidade ind\u00edgena Terra Preta.<\/p>\n\n\n\n<p>A &#8220;P\u00e1scoa na Floresta&#8221; tem como objetivo propiciar momentos de alegria para crian\u00e7as e suas fam\u00edlias nesta semana. Nesta a\u00e7\u00e3o, as comunidades receberam a visita do coelhinho da P\u00e1scoa, muitas brincadeiras do palha\u00e7o Lero Lero e a entrega do doce t\u00e3o esperado, os chocolates, que foram recebidos por cerca 1.900 crian\u00e7as e seus familiares.<\/p>\n\n\n\n<p>A vice-presidente do FMS, Giselle Postal, salientou que compartilhar esse momento com as comunidades da zona rural \u00e9 uma alegria. \u201cO objetivo do projeto \u00e9 trazer alegria, solidariedade, ludicidade e, sobretudo, nesse momento principal da P\u00e1scoa que \u00e9 a renova\u00e7\u00e3o. Estamos extremamente felizes em poder compartilhar isso com as comunidades&#8221;, afirmou.<\/p>\n\n\n\n<p>A chefe da Divis\u00e3o Distrital Zonal Rural (DDZ-Rural) da Secretaria Municipal de Educa\u00e7\u00e3o (Semed), Rosa Diniz afirmou que a\u00e7\u00f5es desse tipo nas comunidades rurais demonstram o verdadeiro sentido da P\u00e1scoa, que \u00e9 compartilhar a alegria e a renova\u00e7\u00e3o. \u201cVoc\u00ea olhar a alegria, a express\u00e3o que cada crian\u00e7a trouxe hoje, s\u00f3 isso tudo significa P\u00e1scoa para n\u00f3s\u201d, comentou.<\/p>\n\n\n\n<p>Laucin\u00e9ia Mendon\u00e7a estava muito feliz por compartilhar um evento de P\u00e1scoa como esse juntamente de seus dois filhos e tr\u00eas sobrinhos, algo que ela n\u00e3o teve quando crian\u00e7a.&nbsp; \u201cEu nunca tive essa experi\u00eancia quando eu era crian\u00e7a. Ent\u00e3o para mim \u00e9 gratificante ter meus sobrinhos e filhos, junto com as outras crian\u00e7as tendo isso\u201d, disse.<\/p>\n\n\n\n<p>Lucilene Pena da Silva, da Comunidade Ind\u00edgena Terra Preta, agradeceu a prefeitura por proporcionar esse momento de felicidade para as crian\u00e7as. \u201cS\u00f3 agradecer por recebermos essa P\u00e1scoa linda. Para as crian\u00e7as \u00e9 a felicidade. O meu netinho Mateus estava ansioso pelo chocolate, ent\u00e3o, \u00e9 a felicidade de todas as crian\u00e7as\u201d.<\/p>\n\n\n\n<p>Programa\u00e7\u00e3o<\/p>\n\n\n\n<p>A &#8220;P\u00e1scoa na Floresta&#8221; iniciou na segunda-feira, 14 de abril, no Parque das Tribos, no bairro Tarum\u00e3, com distribui\u00e7\u00e3o de chocolates para cerca de 2 mil crian\u00e7as. Na ter\u00e7a-feira, 15 de abril, foi iniciada a entrega de 120 toneladas de pescado para a Semana Santa, que beneficiar\u00e1 45 mil fam\u00edlias em vulnerabilidade social.&nbsp; Um grande evento de encerramento est\u00e1 programado para o domingo de P\u00e1scoa, 20 de abril, no parque Gigantes da Floresta, no bairro Novo Aleixo, zona Leste.&nbsp;<\/p>\n\n\n\n<p>&#8212; &#8212; &#8212;<\/p>\n\n\n\n<p><strong>Texto<\/strong> &#8211; Geraldo Farias \/ Semcom<\/p>\n\n\n\n<p><strong>Fotos <\/strong>\u2013 Jo\u00e3o Viana \/ Semcom<\/p>\n\n\n\n<p><strong>Dispon\u00edveis em<\/strong> &#8211; https:\/\/flic.kr\/s\/aHBqjC9aPv<\/p>\n","protected":false},"excerpt":{"rendered":"","protected":false},"author":25,"featured_media":237812,"comment_status":"closed","ping_status":"closed","sticky":false,"template":"","format":"standard","meta":{"footnotes":""},"categories":[834],"tags":[14455,14456,7784,14457],"acf":[],"yoast_head":"<!-- This site is optimized with the Yoast SEO plugin v23.0 - https:\/\/yoast.com\/wordpress\/plugins\/seo\/ -->\n<title>Prefeitura realiza a\u00e7\u00e3o \u2018Pascoa na Floresta\u2019 nas comunidades Lindo Amanhecer e Terra Preta, na zona rural<\/title>\n<meta name=\"description\" content=\"A programa\u00e7\u00e3o da &quot;P\u00e1scoa na Floresta&quot;, a\u00e7\u00e3o da Prefeitura de Manaus, realizada pelo Fundo Manaus Solid\u00e1ria (FMS)\" \/>\n<meta name=\"robots\" content=\"index, follow, max-snippet:-1, max-image-preview:large, max-video-preview:-1\" \/>\n<link rel=\"canonical\" href=\"https:\/\/www.manaus.am.gov.br\/semcom\/pascoa-na-floresta-zona-rural\/\" \/>\n<meta property=\"og:locale\" content=\"pt_BR\" \/>\n<meta property=\"og:type\" content=\"article\" \/>\n<meta property=\"og:title\" content=\"Prefeitura realiza a\u00e7\u00e3o \u2018Pascoa na Floresta\u2019 nas comunidades Lindo Amanhecer e Terra Preta, na zona rural\" \/>\n<meta property=\"og:description\" content=\"A programa\u00e7\u00e3o da &quot;P\u00e1scoa na Floresta&quot;, a\u00e7\u00e3o da Prefeitura de Manaus, realizada pelo Fundo Manaus Solid\u00e1ria (FMS)\" \/>\n<meta property=\"og:url\" content=\"https:\/\/www.manaus.am.gov.br\/semcom\/pascoa-na-floresta-zona-rural\/\" \/>\n<meta property=\"og:site_name\" content=\"SEMCOM\" \/>\n<meta property=\"article:published_time\" content=\"2025-04-16T20:48:19+00:00\" \/>\n<meta property=\"og:image\" content=\"https:\/\/www.manaus.am.gov.br\/semcom\/wp-content\/uploads\/sites\/5\/2025\/04\/54457094485_a297f644b5_c.jpg\" \/>\n\t<meta property=\"og:image:width\" content=\"799\" \/>\n\t<meta property=\"og:image:height\" content=\"533\" \/>\n\t<meta property=\"og:image:type\" content=\"image\/jpeg\" \/>\n<meta name=\"author\" content=\"Maur\u00edcio Freire\" \/>\n<meta name=\"twitter:card\" content=\"summary_large_image\" \/>\n<meta name=\"twitter:label1\" content=\"Written by\" \/>\n\t<meta name=\"twitter:data1\" content=\"Maur\u00edcio Freire\" \/>\n\t<meta name=\"twitter:label2\" content=\"Est. reading time\" \/>\n\t<meta name=\"twitter:data2\" content=\"3 minutos\" \/>\n<script type=\"application\/ld+json\" class=\"yoast-schema-graph\">{\"@context\":\"https:\/\/schema.org\",\"@graph\":[{\"@type\":\"WebPage\",\"@id\":\"https:\/\/www.manaus.am.gov.br\/semcom\/pascoa-na-floresta-zona-rural\/\",\"url\":\"https:\/\/www.manaus.am.gov.br\/semcom\/pascoa-na-floresta-zona-rural\/\",\"name\":\"Prefeitura realiza a\u00e7\u00e3o \u2018Pascoa na Floresta\u2019 nas comunidades Lindo Amanhecer e Terra Preta, na zona rural\",\"isPartOf\":{\"@id\":\"https:\/\/www.manaus.am.gov.br\/semcom\/#website\"},\"primaryImageOfPage\":{\"@id\":\"https:\/\/www.manaus.am.gov.br\/semcom\/pascoa-na-floresta-zona-rural\/#primaryimage\"},\"image\":{\"@id\":\"https:\/\/www.manaus.am.gov.br\/semcom\/pascoa-na-floresta-zona-rural\/#primaryimage\"},\"thumbnailUrl\":\"https:\/\/www.manaus.am.gov.br\/semcom\/wp-content\/uploads\/sites\/5\/2025\/04\/54457094485_a297f644b5_c.jpg\",\"datePublished\":\"2025-04-16T20:48:19+00:00\",\"dateModified\":\"2025-04-16T20:48:19+00:00\",\"author\":{\"@id\":\"https:\/\/www.manaus.am.gov.br\/semcom\/#\/schema\/person\/587989a23a463cde5618e6a028977a9a\"},\"description\":\"A programa\u00e7\u00e3o da \\\"P\u00e1scoa na Floresta\\\", a\u00e7\u00e3o da Prefeitura de Manaus, realizada pelo Fundo Manaus Solid\u00e1ria (FMS)\",\"inLanguage\":\"pt-BR\",\"potentialAction\":[{\"@type\":\"ReadAction\",\"target\":[\"https:\/\/www.manaus.am.gov.br\/semcom\/pascoa-na-floresta-zona-rural\/\"]}]},{\"@type\":\"ImageObject\",\"inLanguage\":\"pt-BR\",\"@id\":\"https:\/\/www.manaus.am.gov.br\/semcom\/pascoa-na-floresta-zona-rural\/#primaryimage\",\"url\":\"https:\/\/www.manaus.am.gov.br\/semcom\/wp-content\/uploads\/sites\/5\/2025\/04\/54457094485_a297f644b5_c.jpg\",\"contentUrl\":\"https:\/\/www.manaus.am.gov.br\/semcom\/wp-content\/uploads\/sites\/5\/2025\/04\/54457094485_a297f644b5_c.jpg\",\"width\":799,\"height\":533,\"caption\":\"#paratodosverem visita do projeto \\\"P\u00e1scoa na Floresta\\\" nas comunidade agr\u00edcola Lindo Amanhecer e a comunidade ind\u00edgena Terra Preta\"},{\"@type\":\"WebSite\",\"@id\":\"https:\/\/www.manaus.am.gov.br\/semcom\/#website\",\"url\":\"https:\/\/www.manaus.am.gov.br\/semcom\/\",\"name\":\"SEMCOM\",\"description\":\"Secretaria Municipal de Comunica\u00e7\u00e3o\",\"potentialAction\":[{\"@type\":\"SearchAction\",\"target\":{\"@type\":\"EntryPoint\",\"urlTemplate\":\"https:\/\/www.manaus.am.gov.br\/semcom\/?s={search_term_string}\"},\"query-input\":\"required name=search_term_string\"}],\"inLanguage\":\"pt-BR\"},{\"@type\":\"Person\",\"@id\":\"https:\/\/www.manaus.am.gov.br\/semcom\/#\/schema\/person\/587989a23a463cde5618e6a028977a9a\",\"name\":\"Maur\u00edcio Freire\",\"image\":{\"@type\":\"ImageObject\",\"inLanguage\":\"pt-BR\",\"@id\":\"https:\/\/www.manaus.am.gov.br\/semcom\/#\/schema\/person\/image\/\",\"url\":\"https:\/\/secure.gravatar.com\/avatar\/dc1481799a1f75c733ac3b2634cd6749?s=96&d=mm&r=g\",\"contentUrl\":\"https:\/\/secure.gravatar.com\/avatar\/dc1481799a1f75c733ac3b2634cd6749?s=96&d=mm&r=g\",\"caption\":\"Maur\u00edcio Freire\"}}]}<\/script>\n<!-- \/ Yoast SEO plugin. -->","yoast_head_json":{"title":"Prefeitura realiza a\u00e7\u00e3o \u2018Pascoa na Floresta\u2019 nas comunidades Lindo Amanhecer e Terra Preta, na zona rural","description":"A programa\u00e7\u00e3o da \"P\u00e1scoa na Floresta\", a\u00e7\u00e3o da Prefeitura de Manaus, realizada pelo Fundo Manaus Solid\u00e1ria (FMS)","robots":{"index":"index","follow":"follow","max-snippet":"max-snippet:-1","max-image-preview":"max-image-preview:large","max-video-preview":"max-video-preview:-1"},"canonical":"https:\/\/www.manaus.am.gov.br\/semcom\/pascoa-na-floresta-zona-rural\/","og_locale":"pt_BR","og_type":"article","og_title":"Prefeitura realiza a\u00e7\u00e3o \u2018Pascoa na Floresta\u2019 nas comunidades Lindo Amanhecer e Terra Preta, na zona rural","og_description":"A programa\u00e7\u00e3o da \"P\u00e1scoa na Floresta\", a\u00e7\u00e3o da Prefeitura de Manaus, realizada pelo Fundo Manaus Solid\u00e1ria (FMS)","og_url":"https:\/\/www.manaus.am.gov.br\/semcom\/pascoa-na-floresta-zona-rural\/","og_site_name":"SEMCOM","article_published_time":"2025-04-16T20:48:19+00:00","og_image":[{"width":799,"height":533,"url":"https:\/\/www.manaus.am.gov.br\/semcom\/wp-content\/uploads\/sites\/5\/2025\/04\/54457094485_a297f644b5_c.jpg","type":"image\/jpeg"}],"author":"Maur\u00edcio Freire","twitter_card":"summary_large_image","twitter_misc":{"Written by":"Maur\u00edcio Freire","Est. reading time":"3 minutos"},"schema":{"@context":"https:\/\/schema.org","@graph":[{"@type":"WebPage","@id":"https:\/\/www.manaus.am.gov.br\/semcom\/pascoa-na-floresta-zona-rural\/","url":"https:\/\/www.manaus.am.gov.br\/semcom\/pascoa-na-floresta-zona-rural\/","name":"Prefeitura realiza a\u00e7\u00e3o \u2018Pascoa na Floresta\u2019 nas comunidades Lindo Amanhecer e Terra Preta, na zona rural","isPartOf":{"@id":"https:\/\/www.manaus.am.gov.br\/semcom\/#website"},"primaryImageOfPage":{"@id":"https:\/\/www.manaus.am.gov.br\/semcom\/pascoa-na-floresta-zona-rural\/#primaryimage"},"image":{"@id":"https:\/\/www.manaus.am.gov.br\/semcom\/pascoa-na-floresta-zona-rural\/#primaryimage"},"thumbnailUrl":"https:\/\/www.manaus.am.gov.br\/semcom\/wp-content\/uploads\/sites\/5\/2025\/04\/54457094485_a297f644b5_c.jpg","datePublished":"2025-04-16T20:48:19+00:00","dateModified":"2025-04-16T20:48:19+00:00","author":{"@id":"https:\/\/www.manaus.am.gov.br\/semcom\/#\/schema\/person\/587989a23a463cde5618e6a028977a9a"},"description":"A programa\u00e7\u00e3o da \"P\u00e1scoa na Floresta\", a\u00e7\u00e3o da Prefeitura de Manaus, realizada pelo Fundo Manaus Solid\u00e1ria (FMS)","inLanguage":"pt-BR","potentialAction":[{"@type":"ReadAction","target":["https:\/\/www.manaus.am.gov.br\/semcom\/pascoa-na-floresta-zona-rural\/"]}]},{"@type":"ImageObject","inLanguage":"pt-BR","@id":"https:\/\/www.manaus.am.gov.br\/semcom\/pascoa-na-floresta-zona-rural\/#primaryimage","url":"https:\/\/www.manaus.am.gov.br\/semcom\/wp-content\/uploads\/sites\/5\/2025\/04\/54457094485_a297f644b5_c.jpg","contentUrl":"https:\/\/www.manaus.am.gov.br\/semcom\/wp-content\/uploads\/sites\/5\/2025\/04\/54457094485_a297f644b5_c.jpg","width":799,"height":533,"caption":"#paratodosverem visita do projeto \"P\u00e1scoa na Floresta\" nas comunidade agr\u00edcola Lindo Amanhecer e a comunidade ind\u00edgena Terra Preta"},{"@type":"WebSite","@id":"https:\/\/www.manaus.am.gov.br\/semcom\/#website","url":"https:\/\/www.manaus.am.gov.br\/semcom\/","name":"SEMCOM","description":"Secretaria Municipal de Comunica\u00e7\u00e3o","potentialAction":[{"@type":"SearchAction","target":{"@type":"EntryPoint","urlTemplate":"https:\/\/www.manaus.am.gov.br\/semcom\/?s={search_term_string}"},"query-input":"required name=search_term_string"}],"inLanguage":"pt-BR"},{"@type":"Person","@id":"https:\/\/www.manaus.am.gov.br\/semcom\/#\/schema\/person\/587989a23a463cde5618e6a028977a9a","name":"Maur\u00edcio Freire","image":{"@type":"ImageObject","inLanguage":"pt-BR","@id":"https:\/\/www.manaus.am.gov.br\/semcom\/#\/schema\/person\/image\/","url":"https:\/\/secure.gravatar.com\/avatar\/dc1481799a1f75c733ac3b2634cd6749?s=96&d=mm&r=g","contentUrl":"https:\/\/secure.gravatar.com\/avatar\/dc1481799a1f75c733ac3b2634cd6749?s=96&d=mm&r=g","caption":"Maur\u00edcio Freire"}}]}},"_links":{"self":[{"href":"https:\/\/www.manaus.am.gov.br\/semcom\/wp-json\/wp\/v2\/posts\/237811"}],"collection":[{"href":"https:\/\/www.manaus.am.gov.br\/semcom\/wp-json\/wp\/v2\/posts"}],"about":[{"href":"https:\/\/www.manaus.am.gov.br\/semcom\/wp-json\/wp\/v2\/types\/post"}],"author":[{"embeddable":true,"href":"https:\/\/www.manaus.am.gov.br\/semcom\/wp-json\/wp\/v2\/users\/25"}],"replies":[{"embeddable":true,"href":"https:\/\/www.manaus.am.gov.br\/semcom\/wp-json\/wp\/v2\/comments?post=237811"}],"version-history":[{"count":0,"href":"https:\/\/www.manaus.am.gov.br\/semcom\/wp-json\/wp\/v2\/posts\/237811\/revisions"}],"wp:featuredmedia":[{"embeddable":true,"href":"https:\/\/www.manaus.am.gov.br\/semcom\/wp-json\/wp\/v2\/media\/237812"}],"wp:attachment":[{"href":"https:\/\/www.manaus.am.gov.br\/semcom\/wp-json\/wp\/v2\/media?parent=237811"}],"wp:term":[{"taxonomy":"category","embeddable":true,"href":"https:\/\/www.manaus.am.gov.br\/semcom\/wp-json\/wp\/v2\/categories?post=237811"},{"taxonomy":"post_tag","embeddable":true,"href":"https:\/\/www.manaus.am.gov.br\/semcom\/wp-json\/wp\/v2\/tags?post=237811"}],"curies":[{"name":"wp","href":"https:\/\/api.w.org\/{rel}","templated":true}]}}