{"id":237798,"date":"2025-04-16T17:16:22","date_gmt":"2025-04-16T20:16:22","guid":{"rendered":"https:\/\/www.manaus.am.gov.br\/semcom\/prefeitura-semed-saladerecurso-creche-zumbi\/"},"modified":"2025-04-16T17:16:23","modified_gmt":"2025-04-16T20:16:23","slug":"prefeitura-semed-saladerecurso-creche-zumbi","status":"publish","type":"post","link":"https:\/\/www.manaus.am.gov.br\/semcom\/prefeitura-semed-saladerecurso-creche-zumbi\/","title":{"rendered":"Prefeitura de Manaus inaugura sala de recurso na creche municipal Professor Elias Lima de Souza"},"content":{"rendered":"\n<p>A creche municipal Professor Elias Lima de Souza, localizada no bairro Zumbi e vinculada \u00e0 Prefeitura de Manaus, realizou, nesta quarta-feira, 16\/4, a inaugura\u00e7\u00e3o da sala de recurso que atender\u00e1 alunos da educa\u00e7\u00e3o especial da unidade durante o ano letivo.<\/p>\n\n\n\n<p>A a\u00e7\u00e3o conta com o apoio da ger\u00eancia de Educa\u00e7\u00e3o Especial da Secretaria Municipal de Educa\u00e7\u00e3o (Semed) e teve a presen\u00e7a de educadores da creche, representantes da secretaria, do Centro Municipal de Atendimento Sociopedag\u00f3gico (Cemasp), da Divis\u00e3o Distrital Zonal (DDZ) Leste 1, al\u00e9m de pais e convidados.<\/p>\n\n\n\n<p>O novo projeto beneficiar\u00e1 11 crian\u00e7as da educa\u00e7\u00e3o especial com diagn\u00f3stico de autismo, paralisia cerebral e Transtorno do D\u00e9ficit de Aten\u00e7\u00e3o e Hiperatividade (TDAH). Al\u00e9m disso, outros cinco alunos que est\u00e3o em processo de avalia\u00e7\u00e3o m\u00e9dica tamb\u00e9m ser\u00e3o atendidos.<\/p>\n\n\n\n<p>Respons\u00e1vel pela sala de recurso e com especializa\u00e7\u00e3o em psicopedagogia, a professora Greice Jane da Silva afirmou que a inaugura\u00e7\u00e3o representa um marco importante para todos que trabalham com alunos que demandam aten\u00e7\u00e3o e cuidados especiais.<\/p>\n\n\n\n<p>\u201c\u00c9 de suma import\u00e2ncia que essa crian\u00e7a especial receba, o mais r\u00e1pido poss\u00edvel, os est\u00edmulos necess\u00e1rios para se desenvolver nos aspectos pedag\u00f3gico, psicossocial e motor. Nosso trabalho \u00e9 voltado tanto para as crian\u00e7as quanto para as fam\u00edlias. Vamos acolher esses alunos na sala de recurso, utilizar os materiais dispon\u00edveis e produzir recursos personalizados de acordo com as necessidades de cada um. O atendimento ser\u00e1 individualizado, com o objetivo de potencializar habilidades e atender necessidades espec\u00edficas\u201d, explicou a professora.<\/p>\n\n\n\n<p>A administradora Isabela Teodoro Gomes, 31, m\u00e3e do aluno Teodoro Gomes, de 2 anos, um dos beneficiados com a sala, destacou a import\u00e2ncia do projeto para o desenvolvimento do filho.<\/p>\n\n\n\n<p>\u201c\u00c9 um momento muito importante para n\u00f3s, porque desde o in\u00edcio sab\u00edamos que o Teodoro enfrentaria algumas barreiras por conta do autismo. Nunca neguei a realidade, sempre busquei melhorar a qualidade de vida dele. Eu era muito relutante em coloc\u00e1-lo na creche, porque ele ainda n\u00e3o fala, mas, desde que come\u00e7ou, neste ano, j\u00e1 percebemos uma grande diferen\u00e7a em apenas um m\u00eas. A sala de recurso \u00e9 algo pensado especificamente para ele. \u00c9 claro que torcemos pela inclus\u00e3o dele na sala de aula regular, mas esse suporte vai contribuir muito para sua evolu\u00e7\u00e3o e intera\u00e7\u00e3o com outras crian\u00e7as\u201d, disse.<\/p>\n\n\n\n<p>Segundo a gerente de creches da Semed, Wissilene Brand\u00e3o, esse trabalho j\u00e1 vem sendo realizado nas unidades, mas a implanta\u00e7\u00e3o da sala de recurso representa um avan\u00e7o significativo no processo pedag\u00f3gico.<\/p>\n\n\n\n<p>\u201cNas creches, j\u00e1 trabalhamos com interven\u00e7\u00e3o precoce, promovendo intera\u00e7\u00f5es que visam o desenvolvimento motor, psicol\u00f3gico, social e emocional da crian\u00e7a. A implanta\u00e7\u00e3o da sala de recurso oferece ainda mais ferramentas, especialmente para crian\u00e7as com defici\u00eancia. No caso do transtorno do espectro autista, por exemplo, que n\u00e3o \u00e9 uma defici\u00eancia, mas uma condi\u00e7\u00e3o do neurodesenvolvimento, poderemos compreender melhor as caracter\u00edsticas individuais de cada crian\u00e7a e trabalhar suas maiores necessidades. Os pais t\u00eam se mostrado parceiros nesse processo, o que \u00e9 fundamental\u201d, comentou.<\/p>\n\n\n\n<p>&#8212; &#8212; &#8212;<\/p>\n\n\n\n<p><strong>Texto<\/strong>&nbsp;&#8211; Paulo Rog\u00e9rio\/ Semed<\/p>\n\n\n\n<p><strong>Fotos<\/strong>&nbsp;\u2013 Divulga\u00e7\u00e3o\/Semed<\/p>\n\n\n\n<p><strong>Dispon\u00edveis em<\/strong>&nbsp;&#8211;&nbsp;<a href=\"https:\/\/flic.kr\/s\/aHBqjC982B\" target=\"_blank\" rel=\"noreferrer noopener\">https:\/\/flic.kr\/s\/aHBqjC982B<\/a><\/p>\n","protected":false},"excerpt":{"rendered":"","protected":false},"author":23,"featured_media":237799,"comment_status":"closed","ping_status":"closed","sticky":false,"template":"","format":"standard","meta":{"footnotes":""},"categories":[1625],"tags":[9159,12126,1671,77,3194,62,108,1830],"acf":[],"yoast_head":"<!-- This site is optimized with the Yoast SEO plugin v23.0 - https:\/\/yoast.com\/wordpress\/plugins\/seo\/ -->\n<title>Prefeitura de Manaus inaugura sala de recurso na creche municipal Professor Elias Lima de Souza<\/title>\n<meta name=\"description\" content=\"A creche municipal Professor Elias Lima de Souza, localizada no bairro Zumbi e vinculada \u00e0 Prefeitura de Manaus, realizou, nesta quarta-feira, 16\/4, a inaugura\u00e7\u00e3o da sala de recurso que atender\u00e1 alunos da educa\u00e7\u00e3o especial da unidade durante o ano letivo.\" \/>\n<meta name=\"robots\" content=\"index, follow, max-snippet:-1, max-image-preview:large, max-video-preview:-1\" \/>\n<link rel=\"canonical\" href=\"https:\/\/www.manaus.am.gov.br\/semcom\/prefeitura-semed-saladerecurso-creche-zumbi\/\" \/>\n<meta property=\"og:locale\" content=\"pt_BR\" \/>\n<meta property=\"og:type\" content=\"article\" \/>\n<meta property=\"og:title\" content=\"Prefeitura de Manaus inaugura sala de recurso na creche municipal Professor Elias Lima de Souza\" \/>\n<meta property=\"og:description\" content=\"A creche municipal Professor Elias Lima de Souza, localizada no bairro Zumbi e vinculada \u00e0 Prefeitura de Manaus, realizou, nesta quarta-feira, 16\/4, a inaugura\u00e7\u00e3o da sala de recurso que atender\u00e1 alunos da educa\u00e7\u00e3o especial da unidade durante o ano letivo.\" \/>\n<meta property=\"og:url\" content=\"https:\/\/www.manaus.am.gov.br\/semcom\/prefeitura-semed-saladerecurso-creche-zumbi\/\" \/>\n<meta property=\"og:site_name\" content=\"SEMCOM\" \/>\n<meta property=\"article:published_time\" content=\"2025-04-16T20:16:22+00:00\" \/>\n<meta property=\"article:modified_time\" content=\"2025-04-16T20:16:23+00:00\" \/>\n<meta property=\"og:image\" content=\"https:\/\/www.manaus.am.gov.br\/semcom\/wp-content\/uploads\/sites\/5\/2025\/04\/54455306797_b1f560c90e_c.jpg\" \/>\n\t<meta property=\"og:image:width\" content=\"799\" \/>\n\t<meta property=\"og:image:height\" content=\"533\" \/>\n\t<meta property=\"og:image:type\" content=\"image\/jpeg\" \/>\n<meta name=\"author\" content=\"Adriana Costa\" \/>\n<meta name=\"twitter:card\" content=\"summary_large_image\" \/>\n<meta name=\"twitter:label1\" content=\"Written by\" \/>\n\t<meta name=\"twitter:data1\" content=\"Adriana Costa\" \/>\n\t<meta name=\"twitter:label2\" content=\"Est. reading time\" \/>\n\t<meta name=\"twitter:data2\" content=\"3 minutos\" \/>\n<script type=\"application\/ld+json\" class=\"yoast-schema-graph\">{\"@context\":\"https:\/\/schema.org\",\"@graph\":[{\"@type\":\"WebPage\",\"@id\":\"https:\/\/www.manaus.am.gov.br\/semcom\/prefeitura-semed-saladerecurso-creche-zumbi\/\",\"url\":\"https:\/\/www.manaus.am.gov.br\/semcom\/prefeitura-semed-saladerecurso-creche-zumbi\/\",\"name\":\"Prefeitura de Manaus inaugura sala de recurso na creche municipal Professor Elias Lima de Souza\",\"isPartOf\":{\"@id\":\"https:\/\/www.manaus.am.gov.br\/semcom\/#website\"},\"primaryImageOfPage\":{\"@id\":\"https:\/\/www.manaus.am.gov.br\/semcom\/prefeitura-semed-saladerecurso-creche-zumbi\/#primaryimage\"},\"image\":{\"@id\":\"https:\/\/www.manaus.am.gov.br\/semcom\/prefeitura-semed-saladerecurso-creche-zumbi\/#primaryimage\"},\"thumbnailUrl\":\"https:\/\/www.manaus.am.gov.br\/semcom\/wp-content\/uploads\/sites\/5\/2025\/04\/54455306797_b1f560c90e_c.jpg\",\"datePublished\":\"2025-04-16T20:16:22+00:00\",\"dateModified\":\"2025-04-16T20:16:23+00:00\",\"author\":{\"@id\":\"https:\/\/www.manaus.am.gov.br\/semcom\/#\/schema\/person\/4e49f4e267757a06ca072ec61b2b9968\"},\"description\":\"A creche municipal Professor Elias Lima de Souza, localizada no bairro Zumbi e vinculada \u00e0 Prefeitura de Manaus, realizou, nesta quarta-feira, 16\/4, a inaugura\u00e7\u00e3o da sala de recurso que atender\u00e1 alunos da educa\u00e7\u00e3o especial da unidade durante o ano letivo.\",\"inLanguage\":\"pt-BR\",\"potentialAction\":[{\"@type\":\"ReadAction\",\"target\":[\"https:\/\/www.manaus.am.gov.br\/semcom\/prefeitura-semed-saladerecurso-creche-zumbi\/\"]}]},{\"@type\":\"ImageObject\",\"inLanguage\":\"pt-BR\",\"@id\":\"https:\/\/www.manaus.am.gov.br\/semcom\/prefeitura-semed-saladerecurso-creche-zumbi\/#primaryimage\",\"url\":\"https:\/\/www.manaus.am.gov.br\/semcom\/wp-content\/uploads\/sites\/5\/2025\/04\/54455306797_b1f560c90e_c.jpg\",\"contentUrl\":\"https:\/\/www.manaus.am.gov.br\/semcom\/wp-content\/uploads\/sites\/5\/2025\/04\/54455306797_b1f560c90e_c.jpg\",\"width\":799,\"height\":533},{\"@type\":\"WebSite\",\"@id\":\"https:\/\/www.manaus.am.gov.br\/semcom\/#website\",\"url\":\"https:\/\/www.manaus.am.gov.br\/semcom\/\",\"name\":\"SEMCOM\",\"description\":\"Secretaria Municipal de Comunica\u00e7\u00e3o\",\"potentialAction\":[{\"@type\":\"SearchAction\",\"target\":{\"@type\":\"EntryPoint\",\"urlTemplate\":\"https:\/\/www.manaus.am.gov.br\/semcom\/?s={search_term_string}\"},\"query-input\":\"required name=search_term_string\"}],\"inLanguage\":\"pt-BR\"},{\"@type\":\"Person\",\"@id\":\"https:\/\/www.manaus.am.gov.br\/semcom\/#\/schema\/person\/4e49f4e267757a06ca072ec61b2b9968\",\"name\":\"Adriana Costa\",\"image\":{\"@type\":\"ImageObject\",\"inLanguage\":\"pt-BR\",\"@id\":\"https:\/\/www.manaus.am.gov.br\/semcom\/#\/schema\/person\/image\/\",\"url\":\"https:\/\/secure.gravatar.com\/avatar\/576258617ef7194f718179e766d57bd4?s=96&d=mm&r=g\",\"contentUrl\":\"https:\/\/secure.gravatar.com\/avatar\/576258617ef7194f718179e766d57bd4?s=96&d=mm&r=g\",\"caption\":\"Adriana Costa\"}}]}<\/script>\n<!-- \/ Yoast SEO plugin. -->","yoast_head_json":{"title":"Prefeitura de Manaus inaugura sala de recurso na creche municipal Professor Elias Lima de Souza","description":"A creche municipal Professor Elias Lima de Souza, localizada no bairro Zumbi e vinculada \u00e0 Prefeitura de Manaus, realizou, nesta quarta-feira, 16\/4, a inaugura\u00e7\u00e3o da sala de recurso que atender\u00e1 alunos da educa\u00e7\u00e3o especial da unidade durante o ano letivo.","robots":{"index":"index","follow":"follow","max-snippet":"max-snippet:-1","max-image-preview":"max-image-preview:large","max-video-preview":"max-video-preview:-1"},"canonical":"https:\/\/www.manaus.am.gov.br\/semcom\/prefeitura-semed-saladerecurso-creche-zumbi\/","og_locale":"pt_BR","og_type":"article","og_title":"Prefeitura de Manaus inaugura sala de recurso na creche municipal Professor Elias Lima de Souza","og_description":"A creche municipal Professor Elias Lima de Souza, localizada no bairro Zumbi e vinculada \u00e0 Prefeitura de Manaus, realizou, nesta quarta-feira, 16\/4, a inaugura\u00e7\u00e3o da sala de recurso que atender\u00e1 alunos da educa\u00e7\u00e3o especial da unidade durante o ano letivo.","og_url":"https:\/\/www.manaus.am.gov.br\/semcom\/prefeitura-semed-saladerecurso-creche-zumbi\/","og_site_name":"SEMCOM","article_published_time":"2025-04-16T20:16:22+00:00","article_modified_time":"2025-04-16T20:16:23+00:00","og_image":[{"width":799,"height":533,"url":"https:\/\/www.manaus.am.gov.br\/semcom\/wp-content\/uploads\/sites\/5\/2025\/04\/54455306797_b1f560c90e_c.jpg","type":"image\/jpeg"}],"author":"Adriana Costa","twitter_card":"summary_large_image","twitter_misc":{"Written by":"Adriana Costa","Est. reading time":"3 minutos"},"schema":{"@context":"https:\/\/schema.org","@graph":[{"@type":"WebPage","@id":"https:\/\/www.manaus.am.gov.br\/semcom\/prefeitura-semed-saladerecurso-creche-zumbi\/","url":"https:\/\/www.manaus.am.gov.br\/semcom\/prefeitura-semed-saladerecurso-creche-zumbi\/","name":"Prefeitura de Manaus inaugura sala de recurso na creche municipal Professor Elias Lima de Souza","isPartOf":{"@id":"https:\/\/www.manaus.am.gov.br\/semcom\/#website"},"primaryImageOfPage":{"@id":"https:\/\/www.manaus.am.gov.br\/semcom\/prefeitura-semed-saladerecurso-creche-zumbi\/#primaryimage"},"image":{"@id":"https:\/\/www.manaus.am.gov.br\/semcom\/prefeitura-semed-saladerecurso-creche-zumbi\/#primaryimage"},"thumbnailUrl":"https:\/\/www.manaus.am.gov.br\/semcom\/wp-content\/uploads\/sites\/5\/2025\/04\/54455306797_b1f560c90e_c.jpg","datePublished":"2025-04-16T20:16:22+00:00","dateModified":"2025-04-16T20:16:23+00:00","author":{"@id":"https:\/\/www.manaus.am.gov.br\/semcom\/#\/schema\/person\/4e49f4e267757a06ca072ec61b2b9968"},"description":"A creche municipal Professor Elias Lima de Souza, localizada no bairro Zumbi e vinculada \u00e0 Prefeitura de Manaus, realizou, nesta quarta-feira, 16\/4, a inaugura\u00e7\u00e3o da sala de recurso que atender\u00e1 alunos da educa\u00e7\u00e3o especial da unidade durante o ano letivo.","inLanguage":"pt-BR","potentialAction":[{"@type":"ReadAction","target":["https:\/\/www.manaus.am.gov.br\/semcom\/prefeitura-semed-saladerecurso-creche-zumbi\/"]}]},{"@type":"ImageObject","inLanguage":"pt-BR","@id":"https:\/\/www.manaus.am.gov.br\/semcom\/prefeitura-semed-saladerecurso-creche-zumbi\/#primaryimage","url":"https:\/\/www.manaus.am.gov.br\/semcom\/wp-content\/uploads\/sites\/5\/2025\/04\/54455306797_b1f560c90e_c.jpg","contentUrl":"https:\/\/www.manaus.am.gov.br\/semcom\/wp-content\/uploads\/sites\/5\/2025\/04\/54455306797_b1f560c90e_c.jpg","width":799,"height":533},{"@type":"WebSite","@id":"https:\/\/www.manaus.am.gov.br\/semcom\/#website","url":"https:\/\/www.manaus.am.gov.br\/semcom\/","name":"SEMCOM","description":"Secretaria Municipal de Comunica\u00e7\u00e3o","potentialAction":[{"@type":"SearchAction","target":{"@type":"EntryPoint","urlTemplate":"https:\/\/www.manaus.am.gov.br\/semcom\/?s={search_term_string}"},"query-input":"required name=search_term_string"}],"inLanguage":"pt-BR"},{"@type":"Person","@id":"https:\/\/www.manaus.am.gov.br\/semcom\/#\/schema\/person\/4e49f4e267757a06ca072ec61b2b9968","name":"Adriana Costa","image":{"@type":"ImageObject","inLanguage":"pt-BR","@id":"https:\/\/www.manaus.am.gov.br\/semcom\/#\/schema\/person\/image\/","url":"https:\/\/secure.gravatar.com\/avatar\/576258617ef7194f718179e766d57bd4?s=96&d=mm&r=g","contentUrl":"https:\/\/secure.gravatar.com\/avatar\/576258617ef7194f718179e766d57bd4?s=96&d=mm&r=g","caption":"Adriana Costa"}}]}},"_links":{"self":[{"href":"https:\/\/www.manaus.am.gov.br\/semcom\/wp-json\/wp\/v2\/posts\/237798"}],"collection":[{"href":"https:\/\/www.manaus.am.gov.br\/semcom\/wp-json\/wp\/v2\/posts"}],"about":[{"href":"https:\/\/www.manaus.am.gov.br\/semcom\/wp-json\/wp\/v2\/types\/post"}],"author":[{"embeddable":true,"href":"https:\/\/www.manaus.am.gov.br\/semcom\/wp-json\/wp\/v2\/users\/23"}],"replies":[{"embeddable":true,"href":"https:\/\/www.manaus.am.gov.br\/semcom\/wp-json\/wp\/v2\/comments?post=237798"}],"version-history":[{"count":0,"href":"https:\/\/www.manaus.am.gov.br\/semcom\/wp-json\/wp\/v2\/posts\/237798\/revisions"}],"wp:featuredmedia":[{"embeddable":true,"href":"https:\/\/www.manaus.am.gov.br\/semcom\/wp-json\/wp\/v2\/media\/237799"}],"wp:attachment":[{"href":"https:\/\/www.manaus.am.gov.br\/semcom\/wp-json\/wp\/v2\/media?parent=237798"}],"wp:term":[{"taxonomy":"category","embeddable":true,"href":"https:\/\/www.manaus.am.gov.br\/semcom\/wp-json\/wp\/v2\/categories?post=237798"},{"taxonomy":"post_tag","embeddable":true,"href":"https:\/\/www.manaus.am.gov.br\/semcom\/wp-json\/wp\/v2\/tags?post=237798"}],"curies":[{"name":"wp","href":"https:\/\/api.w.org\/{rel}","templated":true}]}}