{"id":237771,"date":"2025-04-16T12:56:40","date_gmt":"2025-04-16T15:56:40","guid":{"rendered":"https:\/\/www.manaus.am.gov.br\/semcom\/prefeitura-fdt-palestra-saudedosidosos\/"},"modified":"2025-04-16T12:56:43","modified_gmt":"2025-04-16T15:56:43","slug":"prefeitura-fdt-palestra-saudedosidosos","status":"publish","type":"post","link":"https:\/\/www.manaus.am.gov.br\/semcom\/prefeitura-fdt-palestra-saudedosidosos\/","title":{"rendered":"Prefeitura de Manaus promove palestra sobre sa\u00fade e suplementa\u00e7\u00e3o para pessoas idosas"},"content":{"rendered":"\n<p>A Prefeitura de Manaus, por meio da&nbsp;Funda\u00e7\u00e3o de Apoio ao Idoso Doutor Thomas (FDT), promoveu, na ter\u00e7a-feira, 15\/4, a palestra \u201cSa\u00fade e Suplementa\u00e7\u00e3o na Terceira Idade\u201d, no Parque Municipal do Idoso (PMI), localizado no bairro Nossa Senhora das Gra\u00e7as, zona Centro-Sul da capital.<\/p>\n\n\n\n<p>A palestra conduzida pela m\u00e9dica da FDT, Tamyres Cidade, faz parte do programa \u201cConviver\u201d, do Parque Municipal do Idoso, e abordou o uso consciente da suplementa\u00e7\u00e3o nutricional para a pessoa idosa, destacando os impactos positivos desses recursos para a promo\u00e7\u00e3o de uma longevidade ativa e de qualidade. Com uma abordagem simples, a especialista explicou aos idosos a import\u00e2ncia da orienta\u00e7\u00e3o profissional para a ado\u00e7\u00e3o segura desses suplementos no cotidiano.<\/p>\n\n\n\n<p>O diretor-presidente da Funda\u00e7\u00e3o Doutor Thomas, Eduardo Lucas, destacou a import\u00e2ncia da iniciativa e enfatizou que a\u00e7\u00f5es como essa s\u00e3o fundamentais para promover um envelhecimento ativo e saud\u00e1vel, alinhado \u00e0s diretrizes de cuidado integral \u00e0 pessoa idosa.<\/p>\n\n\n\n<p>\u201cPromover espa\u00e7os de aprendizado como este \u00e9 garantir que os idosos tenham acesso \u00e0s informa\u00e7\u00f5es seguras, baseadas em evid\u00eancias, que os ajudem a tomar decis\u00f5es conscientes sobre o pr\u00f3prio corpo e bem-estar. Nosso compromisso \u00e9 com uma longevidade ativa, saud\u00e1vel e, acima de tudo, digna\u201d, afirmou o diretor-presidente da FDT.<\/p>\n\n\n\n<p>Ao longo da palestra, os participantes tiveram a oportunidade de aprofundar seus conhecimentos, tirar d\u00favidas e compreender melhor os benef\u00edcios de subst\u00e2ncias como a creatina, especialmente no contexto de pr\u00e1ticas f\u00edsicas voltadas \u00e0 maturidade. O encontro tamb\u00e9m foi marcado por um momento de confraterniza\u00e7\u00e3o, com o sorteio de brindes cuidadosamente selecionados, que proporcionaram ainda mais encanto \u00e0 experi\u00eancia vivenciada no espa\u00e7o.<\/p>\n\n\n\n<p>A m\u00e9dica Tamyres Cidade, que \u00e9 especializada em Estrat\u00e9gia Sa\u00fade da Fam\u00edlia, Geriatria e Cuidados Paliativos, destacou a import\u00e2ncia de proporcionar aos idosos o acesso a informa\u00e7\u00f5es seguras e atualizadas sobre a suplementa\u00e7\u00e3o.<\/p>\n\n\n\n<p>\u201cEu quis trazer uma abordagem diferente: falar sobre sa\u00fade de forma preventiva, com foco na suplementa\u00e7\u00e3o para a pessoa idosa. \u00c9 importante desmistificar esse tema e mostrar que suplementos, como o whey protein, n\u00e3o s\u00e3o exclusivos de quem frequenta academia, eles tamb\u00e9m podem ser grandes aliados na promo\u00e7\u00e3o da sa\u00fade e qualidade de vida da pessoa idosa\u201d, destacou a especialista.&nbsp;<\/p>\n\n\n\n<p>Frequentadora do PMI h\u00e1 9 anos, Eliza Nogueira, de 66 anos, compartilhou a experi\u00eancia e destacou os novos aprendizados adquiridos durante a palestra.&nbsp;\u201cParticipo das atividades do parque h\u00e1 muitos anos, mas, hoje, recebi informa\u00e7\u00f5es que nunca tinha ouvido antes. Aprendi como a suplementa\u00e7\u00e3o pode ser uma aliada para melhorar a minha disposi\u00e7\u00e3o e cuidar da minha sa\u00fade de forma mais consciente\u201d, afirmou a idosa.<\/p>\n\n\n\n<p>&nbsp;&#8212;<\/p>\n\n\n\n<p><strong>Texto e fotos<\/strong> &#8211;&nbsp;Luiz Benjamin\/FDT<\/p>\n","protected":false},"excerpt":{"rendered":"","protected":false},"author":23,"featured_media":237772,"comment_status":"closed","ping_status":"closed","sticky":false,"template":"","format":"standard","meta":{"footnotes":""},"categories":[7843],"tags":[935,1064,293,77,453,385],"acf":[],"yoast_head":"<!-- This site is optimized with the Yoast SEO plugin v23.0 - https:\/\/yoast.com\/wordpress\/plugins\/seo\/ -->\n<title>Prefeitura de Manaus promove palestra sobre sa\u00fade e suplementa\u00e7\u00e3o para pessoas idosas<\/title>\n<meta name=\"description\" content=\"A Prefeitura de Manaus, por meio da Funda\u00e7\u00e3o de Apoio ao Idoso Doutor Thomas (FDT), promoveu, na ter\u00e7a-feira, 15\/4, a palestra \u201cSa\u00fade e Suplementa\u00e7\u00e3o na Terceira Idade\u201d, no Parque Municipal do Idoso (PMI), localizado no bairro Nossa Senhora das Gra\u00e7as, zona Centro-Sul da capital.\" \/>\n<meta name=\"robots\" content=\"index, follow, max-snippet:-1, max-image-preview:large, max-video-preview:-1\" \/>\n<link rel=\"canonical\" href=\"https:\/\/www.manaus.am.gov.br\/semcom\/prefeitura-fdt-palestra-saudedosidosos\/\" \/>\n<meta property=\"og:locale\" content=\"pt_BR\" \/>\n<meta property=\"og:type\" content=\"article\" \/>\n<meta property=\"og:title\" content=\"Prefeitura de Manaus promove palestra sobre sa\u00fade e suplementa\u00e7\u00e3o para pessoas idosas\" \/>\n<meta property=\"og:description\" content=\"A Prefeitura de Manaus, por meio da Funda\u00e7\u00e3o de Apoio ao Idoso Doutor Thomas (FDT), promoveu, na ter\u00e7a-feira, 15\/4, a palestra \u201cSa\u00fade e Suplementa\u00e7\u00e3o na Terceira Idade\u201d, no Parque Municipal do Idoso (PMI), localizado no bairro Nossa Senhora das Gra\u00e7as, zona Centro-Sul da capital.\" \/>\n<meta property=\"og:url\" content=\"https:\/\/www.manaus.am.gov.br\/semcom\/prefeitura-fdt-palestra-saudedosidosos\/\" \/>\n<meta property=\"og:site_name\" content=\"SEMCOM\" \/>\n<meta property=\"article:published_time\" content=\"2025-04-16T15:56:40+00:00\" \/>\n<meta property=\"article:modified_time\" content=\"2025-04-16T15:56:43+00:00\" \/>\n<meta property=\"og:image\" content=\"https:\/\/www.manaus.am.gov.br\/semcom\/wp-content\/uploads\/sites\/5\/2025\/04\/668566a8-4b10-4787-9e44-3dbf09c8c2e0.jpeg\" \/>\n\t<meta property=\"og:image:width\" content=\"1600\" \/>\n\t<meta property=\"og:image:height\" content=\"1066\" \/>\n\t<meta property=\"og:image:type\" content=\"image\/jpeg\" \/>\n<meta name=\"author\" content=\"Adriana Costa\" \/>\n<meta name=\"twitter:card\" content=\"summary_large_image\" \/>\n<meta name=\"twitter:label1\" content=\"Written by\" \/>\n\t<meta name=\"twitter:data1\" content=\"Adriana Costa\" \/>\n\t<meta name=\"twitter:label2\" content=\"Est. reading time\" \/>\n\t<meta name=\"twitter:data2\" content=\"3 minutos\" \/>\n<script type=\"application\/ld+json\" class=\"yoast-schema-graph\">{\"@context\":\"https:\/\/schema.org\",\"@graph\":[{\"@type\":\"WebPage\",\"@id\":\"https:\/\/www.manaus.am.gov.br\/semcom\/prefeitura-fdt-palestra-saudedosidosos\/\",\"url\":\"https:\/\/www.manaus.am.gov.br\/semcom\/prefeitura-fdt-palestra-saudedosidosos\/\",\"name\":\"Prefeitura de Manaus promove palestra sobre sa\u00fade e suplementa\u00e7\u00e3o para pessoas idosas\",\"isPartOf\":{\"@id\":\"https:\/\/www.manaus.am.gov.br\/semcom\/#website\"},\"primaryImageOfPage\":{\"@id\":\"https:\/\/www.manaus.am.gov.br\/semcom\/prefeitura-fdt-palestra-saudedosidosos\/#primaryimage\"},\"image\":{\"@id\":\"https:\/\/www.manaus.am.gov.br\/semcom\/prefeitura-fdt-palestra-saudedosidosos\/#primaryimage\"},\"thumbnailUrl\":\"https:\/\/www.manaus.am.gov.br\/semcom\/wp-content\/uploads\/sites\/5\/2025\/04\/668566a8-4b10-4787-9e44-3dbf09c8c2e0.jpeg\",\"datePublished\":\"2025-04-16T15:56:40+00:00\",\"dateModified\":\"2025-04-16T15:56:43+00:00\",\"author\":{\"@id\":\"https:\/\/www.manaus.am.gov.br\/semcom\/#\/schema\/person\/4e49f4e267757a06ca072ec61b2b9968\"},\"description\":\"A Prefeitura de Manaus, por meio da Funda\u00e7\u00e3o de Apoio ao Idoso Doutor Thomas (FDT), promoveu, na ter\u00e7a-feira, 15\/4, a palestra \u201cSa\u00fade e Suplementa\u00e7\u00e3o na Terceira Idade\u201d, no Parque Municipal do Idoso (PMI), localizado no bairro Nossa Senhora das Gra\u00e7as, zona Centro-Sul da capital.\",\"inLanguage\":\"pt-BR\",\"potentialAction\":[{\"@type\":\"ReadAction\",\"target\":[\"https:\/\/www.manaus.am.gov.br\/semcom\/prefeitura-fdt-palestra-saudedosidosos\/\"]}]},{\"@type\":\"ImageObject\",\"inLanguage\":\"pt-BR\",\"@id\":\"https:\/\/www.manaus.am.gov.br\/semcom\/prefeitura-fdt-palestra-saudedosidosos\/#primaryimage\",\"url\":\"https:\/\/www.manaus.am.gov.br\/semcom\/wp-content\/uploads\/sites\/5\/2025\/04\/668566a8-4b10-4787-9e44-3dbf09c8c2e0.jpeg\",\"contentUrl\":\"https:\/\/www.manaus.am.gov.br\/semcom\/wp-content\/uploads\/sites\/5\/2025\/04\/668566a8-4b10-4787-9e44-3dbf09c8c2e0.jpeg\",\"width\":1600,\"height\":1066},{\"@type\":\"WebSite\",\"@id\":\"https:\/\/www.manaus.am.gov.br\/semcom\/#website\",\"url\":\"https:\/\/www.manaus.am.gov.br\/semcom\/\",\"name\":\"SEMCOM\",\"description\":\"Secretaria Municipal de Comunica\u00e7\u00e3o\",\"potentialAction\":[{\"@type\":\"SearchAction\",\"target\":{\"@type\":\"EntryPoint\",\"urlTemplate\":\"https:\/\/www.manaus.am.gov.br\/semcom\/?s={search_term_string}\"},\"query-input\":\"required name=search_term_string\"}],\"inLanguage\":\"pt-BR\"},{\"@type\":\"Person\",\"@id\":\"https:\/\/www.manaus.am.gov.br\/semcom\/#\/schema\/person\/4e49f4e267757a06ca072ec61b2b9968\",\"name\":\"Adriana Costa\",\"image\":{\"@type\":\"ImageObject\",\"inLanguage\":\"pt-BR\",\"@id\":\"https:\/\/www.manaus.am.gov.br\/semcom\/#\/schema\/person\/image\/\",\"url\":\"https:\/\/secure.gravatar.com\/avatar\/576258617ef7194f718179e766d57bd4?s=96&d=mm&r=g\",\"contentUrl\":\"https:\/\/secure.gravatar.com\/avatar\/576258617ef7194f718179e766d57bd4?s=96&d=mm&r=g\",\"caption\":\"Adriana Costa\"}}]}<\/script>\n<!-- \/ Yoast SEO plugin. -->","yoast_head_json":{"title":"Prefeitura de Manaus promove palestra sobre sa\u00fade e suplementa\u00e7\u00e3o para pessoas idosas","description":"A Prefeitura de Manaus, por meio da Funda\u00e7\u00e3o de Apoio ao Idoso Doutor Thomas (FDT), promoveu, na ter\u00e7a-feira, 15\/4, a palestra \u201cSa\u00fade e Suplementa\u00e7\u00e3o na Terceira Idade\u201d, no Parque Municipal do Idoso (PMI), localizado no bairro Nossa Senhora das Gra\u00e7as, zona Centro-Sul da capital.","robots":{"index":"index","follow":"follow","max-snippet":"max-snippet:-1","max-image-preview":"max-image-preview:large","max-video-preview":"max-video-preview:-1"},"canonical":"https:\/\/www.manaus.am.gov.br\/semcom\/prefeitura-fdt-palestra-saudedosidosos\/","og_locale":"pt_BR","og_type":"article","og_title":"Prefeitura de Manaus promove palestra sobre sa\u00fade e suplementa\u00e7\u00e3o para pessoas idosas","og_description":"A Prefeitura de Manaus, por meio da Funda\u00e7\u00e3o de Apoio ao Idoso Doutor Thomas (FDT), promoveu, na ter\u00e7a-feira, 15\/4, a palestra \u201cSa\u00fade e Suplementa\u00e7\u00e3o na Terceira Idade\u201d, no Parque Municipal do Idoso (PMI), localizado no bairro Nossa Senhora das Gra\u00e7as, zona Centro-Sul da capital.","og_url":"https:\/\/www.manaus.am.gov.br\/semcom\/prefeitura-fdt-palestra-saudedosidosos\/","og_site_name":"SEMCOM","article_published_time":"2025-04-16T15:56:40+00:00","article_modified_time":"2025-04-16T15:56:43+00:00","og_image":[{"width":1600,"height":1066,"url":"https:\/\/www.manaus.am.gov.br\/semcom\/wp-content\/uploads\/sites\/5\/2025\/04\/668566a8-4b10-4787-9e44-3dbf09c8c2e0.jpeg","type":"image\/jpeg"}],"author":"Adriana Costa","twitter_card":"summary_large_image","twitter_misc":{"Written by":"Adriana Costa","Est. reading time":"3 minutos"},"schema":{"@context":"https:\/\/schema.org","@graph":[{"@type":"WebPage","@id":"https:\/\/www.manaus.am.gov.br\/semcom\/prefeitura-fdt-palestra-saudedosidosos\/","url":"https:\/\/www.manaus.am.gov.br\/semcom\/prefeitura-fdt-palestra-saudedosidosos\/","name":"Prefeitura de Manaus promove palestra sobre sa\u00fade e suplementa\u00e7\u00e3o para pessoas idosas","isPartOf":{"@id":"https:\/\/www.manaus.am.gov.br\/semcom\/#website"},"primaryImageOfPage":{"@id":"https:\/\/www.manaus.am.gov.br\/semcom\/prefeitura-fdt-palestra-saudedosidosos\/#primaryimage"},"image":{"@id":"https:\/\/www.manaus.am.gov.br\/semcom\/prefeitura-fdt-palestra-saudedosidosos\/#primaryimage"},"thumbnailUrl":"https:\/\/www.manaus.am.gov.br\/semcom\/wp-content\/uploads\/sites\/5\/2025\/04\/668566a8-4b10-4787-9e44-3dbf09c8c2e0.jpeg","datePublished":"2025-04-16T15:56:40+00:00","dateModified":"2025-04-16T15:56:43+00:00","author":{"@id":"https:\/\/www.manaus.am.gov.br\/semcom\/#\/schema\/person\/4e49f4e267757a06ca072ec61b2b9968"},"description":"A Prefeitura de Manaus, por meio da Funda\u00e7\u00e3o de Apoio ao Idoso Doutor Thomas (FDT), promoveu, na ter\u00e7a-feira, 15\/4, a palestra \u201cSa\u00fade e Suplementa\u00e7\u00e3o na Terceira Idade\u201d, no Parque Municipal do Idoso (PMI), localizado no bairro Nossa Senhora das Gra\u00e7as, zona Centro-Sul da capital.","inLanguage":"pt-BR","potentialAction":[{"@type":"ReadAction","target":["https:\/\/www.manaus.am.gov.br\/semcom\/prefeitura-fdt-palestra-saudedosidosos\/"]}]},{"@type":"ImageObject","inLanguage":"pt-BR","@id":"https:\/\/www.manaus.am.gov.br\/semcom\/prefeitura-fdt-palestra-saudedosidosos\/#primaryimage","url":"https:\/\/www.manaus.am.gov.br\/semcom\/wp-content\/uploads\/sites\/5\/2025\/04\/668566a8-4b10-4787-9e44-3dbf09c8c2e0.jpeg","contentUrl":"https:\/\/www.manaus.am.gov.br\/semcom\/wp-content\/uploads\/sites\/5\/2025\/04\/668566a8-4b10-4787-9e44-3dbf09c8c2e0.jpeg","width":1600,"height":1066},{"@type":"WebSite","@id":"https:\/\/www.manaus.am.gov.br\/semcom\/#website","url":"https:\/\/www.manaus.am.gov.br\/semcom\/","name":"SEMCOM","description":"Secretaria Municipal de Comunica\u00e7\u00e3o","potentialAction":[{"@type":"SearchAction","target":{"@type":"EntryPoint","urlTemplate":"https:\/\/www.manaus.am.gov.br\/semcom\/?s={search_term_string}"},"query-input":"required name=search_term_string"}],"inLanguage":"pt-BR"},{"@type":"Person","@id":"https:\/\/www.manaus.am.gov.br\/semcom\/#\/schema\/person\/4e49f4e267757a06ca072ec61b2b9968","name":"Adriana Costa","image":{"@type":"ImageObject","inLanguage":"pt-BR","@id":"https:\/\/www.manaus.am.gov.br\/semcom\/#\/schema\/person\/image\/","url":"https:\/\/secure.gravatar.com\/avatar\/576258617ef7194f718179e766d57bd4?s=96&d=mm&r=g","contentUrl":"https:\/\/secure.gravatar.com\/avatar\/576258617ef7194f718179e766d57bd4?s=96&d=mm&r=g","caption":"Adriana Costa"}}]}},"_links":{"self":[{"href":"https:\/\/www.manaus.am.gov.br\/semcom\/wp-json\/wp\/v2\/posts\/237771"}],"collection":[{"href":"https:\/\/www.manaus.am.gov.br\/semcom\/wp-json\/wp\/v2\/posts"}],"about":[{"href":"https:\/\/www.manaus.am.gov.br\/semcom\/wp-json\/wp\/v2\/types\/post"}],"author":[{"embeddable":true,"href":"https:\/\/www.manaus.am.gov.br\/semcom\/wp-json\/wp\/v2\/users\/23"}],"replies":[{"embeddable":true,"href":"https:\/\/www.manaus.am.gov.br\/semcom\/wp-json\/wp\/v2\/comments?post=237771"}],"version-history":[{"count":0,"href":"https:\/\/www.manaus.am.gov.br\/semcom\/wp-json\/wp\/v2\/posts\/237771\/revisions"}],"wp:featuredmedia":[{"embeddable":true,"href":"https:\/\/www.manaus.am.gov.br\/semcom\/wp-json\/wp\/v2\/media\/237772"}],"wp:attachment":[{"href":"https:\/\/www.manaus.am.gov.br\/semcom\/wp-json\/wp\/v2\/media?parent=237771"}],"wp:term":[{"taxonomy":"category","embeddable":true,"href":"https:\/\/www.manaus.am.gov.br\/semcom\/wp-json\/wp\/v2\/categories?post=237771"},{"taxonomy":"post_tag","embeddable":true,"href":"https:\/\/www.manaus.am.gov.br\/semcom\/wp-json\/wp\/v2\/tags?post=237771"}],"curies":[{"name":"wp","href":"https:\/\/api.w.org\/{rel}","templated":true}]}}