{"id":237588,"date":"2025-04-13T14:52:36","date_gmt":"2025-04-13T17:52:36","guid":{"rendered":"https:\/\/www.manaus.am.gov.br\/semcom\/segunda-parcela-iptu-2025-15-4\/"},"modified":"2025-04-13T14:53:27","modified_gmt":"2025-04-13T17:53:27","slug":"segunda-parcela-iptu-2025-15-4","status":"publish","type":"post","link":"https:\/\/www.manaus.am.gov.br\/semcom\/segunda-parcela-iptu-2025-15-4\/","title":{"rendered":"Segunda parcela do IPTU 2025 vence nesta ter\u00e7a-feira, 15\/4"},"content":{"rendered":"\n<p>A Prefeitura de Manaus, por meio da Secretaria Municipal de Finan\u00e7as e Tecnologia da Informa\u00e7\u00e3o (Semef), alerta os contribuintes do Imposto Predial e Territorial Urbano (IPTU) 2025, que optaram pelo pagamento parcelado do tributo, sobre o vencimento da segunda parcela, que ocorre nesta ter\u00e7a-feira, 15\/4.<\/p>\n\n\n\n<p>\u201cO pagamento dentro do prazo credencia os contribuintes aos sorteios mensais da campanha IPTU Premiado, com premia\u00e7\u00f5es que chegam at\u00e9 R$ 40 mil e, no final do ano, teremos sorteios especiais de at\u00e9 R$ 200 mil e mais um pr\u00eamio extra de R$ 300 mil, para quem n\u00e3o tiver qualquer d\u00e9bito de IPTU\u201d, pontuou o subsecret\u00e1rio da Receita da Semef, Arminio Pontes, ao lembrar que, os contribuintes que j\u00e1 realizaram o pagamento em cota \u00fanica, concorrem a todos os sorteios previstos para este exerc\u00edcio.<\/p>\n\n\n\n<p>Quem n\u00e3o est\u00e1 de posse das guias de pagamento, a segunda via pode ser emitida diretamente no portal de servi\u00e7os Manaus Atende (manausatende.manaus.am.gov.br) ou por meio do aplicativo Manaus Atende Digital, dispon\u00edvel nas lojas App Store (iOS) e Google Play (Android).<\/p>\n\n\n\n<p>Pontes destacou que, al\u00e9m da praticidade, o aplicativo oferece ao contribuinte a op\u00e7\u00e3o de ades\u00e3o do IPTU Digital. \u201cAo aderir, o contribuinte assegura um desconto anual de 2% sobre o valor de lan\u00e7amento do IPTU e ter\u00e1 a facilidade de acessar suas informa\u00e7\u00f5es de forma digital, dispensando o carn\u00ea de papel\u201d, concluiu.<\/p>\n\n\n\n<p>&#8212; &#8212; &#8212;<\/p>\n\n\n\n<p><strong>Texto \u2013<\/strong> Anderson Farias\/Semef<\/p>\n\n\n\n<p><strong>Foto \u2013 <\/strong>Divulga\u00e7\u00e3o\/Semef<\/p>\n\n\n\n<p> <\/p>\n","protected":false},"excerpt":{"rendered":"","protected":false},"author":39,"featured_media":237589,"comment_status":"closed","ping_status":"closed","sticky":false,"template":"","format":"standard","meta":{"footnotes":""},"categories":[722],"tags":[14381,12546,77,11215,157],"acf":[],"yoast_head":"<!-- This site is optimized with the Yoast SEO plugin v23.0 - https:\/\/yoast.com\/wordpress\/plugins\/seo\/ -->\n<title>Segunda parcela do IPTU 2025 vence nesta ter\u00e7a-feira, 15\/4<\/title>\n<meta name=\"description\" content=\"Prefeitura de Manaus, por meio da Semef, alerta os contribuintes do IPTU 2025 para o vencimento da segunda parcela.\" \/>\n<meta name=\"robots\" content=\"index, follow, max-snippet:-1, max-image-preview:large, max-video-preview:-1\" \/>\n<link rel=\"canonical\" href=\"https:\/\/www.manaus.am.gov.br\/semcom\/segunda-parcela-iptu-2025-15-4\/\" \/>\n<meta property=\"og:locale\" content=\"pt_BR\" \/>\n<meta property=\"og:type\" content=\"article\" \/>\n<meta property=\"og:title\" content=\"Segunda parcela do IPTU 2025 vence nesta ter\u00e7a-feira, 15\/4\" \/>\n<meta property=\"og:description\" content=\"Prefeitura de Manaus, por meio da Semef, alerta os contribuintes do IPTU 2025 para o vencimento da segunda parcela.\" \/>\n<meta property=\"og:url\" content=\"https:\/\/www.manaus.am.gov.br\/semcom\/segunda-parcela-iptu-2025-15-4\/\" \/>\n<meta property=\"og:site_name\" content=\"SEMCOM\" \/>\n<meta property=\"article:published_time\" content=\"2025-04-13T17:52:36+00:00\" \/>\n<meta property=\"article:modified_time\" content=\"2025-04-13T17:53:27+00:00\" \/>\n<meta property=\"og:image\" content=\"https:\/\/www.manaus.am.gov.br\/semcom\/wp-content\/uploads\/sites\/5\/2025\/04\/IPTU.jpeg\" \/>\n\t<meta property=\"og:image:width\" content=\"1600\" \/>\n\t<meta property=\"og:image:height\" content=\"1200\" \/>\n\t<meta property=\"og:image:type\" content=\"image\/jpeg\" \/>\n<meta name=\"author\" content=\"Bruna Greco\" \/>\n<meta name=\"twitter:card\" content=\"summary_large_image\" \/>\n<meta name=\"twitter:label1\" content=\"Written by\" \/>\n\t<meta name=\"twitter:data1\" content=\"Bruna Greco\" \/>\n\t<meta name=\"twitter:label2\" content=\"Est. reading time\" \/>\n\t<meta name=\"twitter:data2\" content=\"2 minutos\" \/>\n<script type=\"application\/ld+json\" class=\"yoast-schema-graph\">{\"@context\":\"https:\/\/schema.org\",\"@graph\":[{\"@type\":\"WebPage\",\"@id\":\"https:\/\/www.manaus.am.gov.br\/semcom\/segunda-parcela-iptu-2025-15-4\/\",\"url\":\"https:\/\/www.manaus.am.gov.br\/semcom\/segunda-parcela-iptu-2025-15-4\/\",\"name\":\"Segunda parcela do IPTU 2025 vence nesta ter\u00e7a-feira, 15\/4\",\"isPartOf\":{\"@id\":\"https:\/\/www.manaus.am.gov.br\/semcom\/#website\"},\"primaryImageOfPage\":{\"@id\":\"https:\/\/www.manaus.am.gov.br\/semcom\/segunda-parcela-iptu-2025-15-4\/#primaryimage\"},\"image\":{\"@id\":\"https:\/\/www.manaus.am.gov.br\/semcom\/segunda-parcela-iptu-2025-15-4\/#primaryimage\"},\"thumbnailUrl\":\"https:\/\/www.manaus.am.gov.br\/semcom\/wp-content\/uploads\/sites\/5\/2025\/04\/IPTU.jpeg\",\"datePublished\":\"2025-04-13T17:52:36+00:00\",\"dateModified\":\"2025-04-13T17:53:27+00:00\",\"author\":{\"@id\":\"https:\/\/www.manaus.am.gov.br\/semcom\/#\/schema\/person\/05d223aea2bf115f9883a6ff3683d81b\"},\"description\":\"Prefeitura de Manaus, por meio da Semef, alerta os contribuintes do IPTU 2025 para o vencimento da segunda parcela.\",\"inLanguage\":\"pt-BR\",\"potentialAction\":[{\"@type\":\"ReadAction\",\"target\":[\"https:\/\/www.manaus.am.gov.br\/semcom\/segunda-parcela-iptu-2025-15-4\/\"]}]},{\"@type\":\"ImageObject\",\"inLanguage\":\"pt-BR\",\"@id\":\"https:\/\/www.manaus.am.gov.br\/semcom\/segunda-parcela-iptu-2025-15-4\/#primaryimage\",\"url\":\"https:\/\/www.manaus.am.gov.br\/semcom\/wp-content\/uploads\/sites\/5\/2025\/04\/IPTU.jpeg\",\"contentUrl\":\"https:\/\/www.manaus.am.gov.br\/semcom\/wp-content\/uploads\/sites\/5\/2025\/04\/IPTU.jpeg\",\"width\":1600,\"height\":1200,\"caption\":\"#paratodosverem - Celular com acesso a p\u00e1gina do IPTU Digital\"},{\"@type\":\"WebSite\",\"@id\":\"https:\/\/www.manaus.am.gov.br\/semcom\/#website\",\"url\":\"https:\/\/www.manaus.am.gov.br\/semcom\/\",\"name\":\"SEMCOM\",\"description\":\"Secretaria Municipal de Comunica\u00e7\u00e3o\",\"potentialAction\":[{\"@type\":\"SearchAction\",\"target\":{\"@type\":\"EntryPoint\",\"urlTemplate\":\"https:\/\/www.manaus.am.gov.br\/semcom\/?s={search_term_string}\"},\"query-input\":\"required name=search_term_string\"}],\"inLanguage\":\"pt-BR\"},{\"@type\":\"Person\",\"@id\":\"https:\/\/www.manaus.am.gov.br\/semcom\/#\/schema\/person\/05d223aea2bf115f9883a6ff3683d81b\",\"name\":\"Bruna Greco\",\"image\":{\"@type\":\"ImageObject\",\"inLanguage\":\"pt-BR\",\"@id\":\"https:\/\/www.manaus.am.gov.br\/semcom\/#\/schema\/person\/image\/\",\"url\":\"https:\/\/secure.gravatar.com\/avatar\/9c877d1a6adc2a055330e5c09a8653ce?s=96&d=mm&r=g\",\"contentUrl\":\"https:\/\/secure.gravatar.com\/avatar\/9c877d1a6adc2a055330e5c09a8653ce?s=96&d=mm&r=g\",\"caption\":\"Bruna Greco\"}}]}<\/script>\n<!-- \/ Yoast SEO plugin. -->","yoast_head_json":{"title":"Segunda parcela do IPTU 2025 vence nesta ter\u00e7a-feira, 15\/4","description":"Prefeitura de Manaus, por meio da Semef, alerta os contribuintes do IPTU 2025 para o vencimento da segunda parcela.","robots":{"index":"index","follow":"follow","max-snippet":"max-snippet:-1","max-image-preview":"max-image-preview:large","max-video-preview":"max-video-preview:-1"},"canonical":"https:\/\/www.manaus.am.gov.br\/semcom\/segunda-parcela-iptu-2025-15-4\/","og_locale":"pt_BR","og_type":"article","og_title":"Segunda parcela do IPTU 2025 vence nesta ter\u00e7a-feira, 15\/4","og_description":"Prefeitura de Manaus, por meio da Semef, alerta os contribuintes do IPTU 2025 para o vencimento da segunda parcela.","og_url":"https:\/\/www.manaus.am.gov.br\/semcom\/segunda-parcela-iptu-2025-15-4\/","og_site_name":"SEMCOM","article_published_time":"2025-04-13T17:52:36+00:00","article_modified_time":"2025-04-13T17:53:27+00:00","og_image":[{"width":1600,"height":1200,"url":"https:\/\/www.manaus.am.gov.br\/semcom\/wp-content\/uploads\/sites\/5\/2025\/04\/IPTU.jpeg","type":"image\/jpeg"}],"author":"Bruna Greco","twitter_card":"summary_large_image","twitter_misc":{"Written by":"Bruna Greco","Est. reading time":"2 minutos"},"schema":{"@context":"https:\/\/schema.org","@graph":[{"@type":"WebPage","@id":"https:\/\/www.manaus.am.gov.br\/semcom\/segunda-parcela-iptu-2025-15-4\/","url":"https:\/\/www.manaus.am.gov.br\/semcom\/segunda-parcela-iptu-2025-15-4\/","name":"Segunda parcela do IPTU 2025 vence nesta ter\u00e7a-feira, 15\/4","isPartOf":{"@id":"https:\/\/www.manaus.am.gov.br\/semcom\/#website"},"primaryImageOfPage":{"@id":"https:\/\/www.manaus.am.gov.br\/semcom\/segunda-parcela-iptu-2025-15-4\/#primaryimage"},"image":{"@id":"https:\/\/www.manaus.am.gov.br\/semcom\/segunda-parcela-iptu-2025-15-4\/#primaryimage"},"thumbnailUrl":"https:\/\/www.manaus.am.gov.br\/semcom\/wp-content\/uploads\/sites\/5\/2025\/04\/IPTU.jpeg","datePublished":"2025-04-13T17:52:36+00:00","dateModified":"2025-04-13T17:53:27+00:00","author":{"@id":"https:\/\/www.manaus.am.gov.br\/semcom\/#\/schema\/person\/05d223aea2bf115f9883a6ff3683d81b"},"description":"Prefeitura de Manaus, por meio da Semef, alerta os contribuintes do IPTU 2025 para o vencimento da segunda parcela.","inLanguage":"pt-BR","potentialAction":[{"@type":"ReadAction","target":["https:\/\/www.manaus.am.gov.br\/semcom\/segunda-parcela-iptu-2025-15-4\/"]}]},{"@type":"ImageObject","inLanguage":"pt-BR","@id":"https:\/\/www.manaus.am.gov.br\/semcom\/segunda-parcela-iptu-2025-15-4\/#primaryimage","url":"https:\/\/www.manaus.am.gov.br\/semcom\/wp-content\/uploads\/sites\/5\/2025\/04\/IPTU.jpeg","contentUrl":"https:\/\/www.manaus.am.gov.br\/semcom\/wp-content\/uploads\/sites\/5\/2025\/04\/IPTU.jpeg","width":1600,"height":1200,"caption":"#paratodosverem - Celular com acesso a p\u00e1gina do IPTU Digital"},{"@type":"WebSite","@id":"https:\/\/www.manaus.am.gov.br\/semcom\/#website","url":"https:\/\/www.manaus.am.gov.br\/semcom\/","name":"SEMCOM","description":"Secretaria Municipal de Comunica\u00e7\u00e3o","potentialAction":[{"@type":"SearchAction","target":{"@type":"EntryPoint","urlTemplate":"https:\/\/www.manaus.am.gov.br\/semcom\/?s={search_term_string}"},"query-input":"required name=search_term_string"}],"inLanguage":"pt-BR"},{"@type":"Person","@id":"https:\/\/www.manaus.am.gov.br\/semcom\/#\/schema\/person\/05d223aea2bf115f9883a6ff3683d81b","name":"Bruna Greco","image":{"@type":"ImageObject","inLanguage":"pt-BR","@id":"https:\/\/www.manaus.am.gov.br\/semcom\/#\/schema\/person\/image\/","url":"https:\/\/secure.gravatar.com\/avatar\/9c877d1a6adc2a055330e5c09a8653ce?s=96&d=mm&r=g","contentUrl":"https:\/\/secure.gravatar.com\/avatar\/9c877d1a6adc2a055330e5c09a8653ce?s=96&d=mm&r=g","caption":"Bruna Greco"}}]}},"_links":{"self":[{"href":"https:\/\/www.manaus.am.gov.br\/semcom\/wp-json\/wp\/v2\/posts\/237588"}],"collection":[{"href":"https:\/\/www.manaus.am.gov.br\/semcom\/wp-json\/wp\/v2\/posts"}],"about":[{"href":"https:\/\/www.manaus.am.gov.br\/semcom\/wp-json\/wp\/v2\/types\/post"}],"author":[{"embeddable":true,"href":"https:\/\/www.manaus.am.gov.br\/semcom\/wp-json\/wp\/v2\/users\/39"}],"replies":[{"embeddable":true,"href":"https:\/\/www.manaus.am.gov.br\/semcom\/wp-json\/wp\/v2\/comments?post=237588"}],"version-history":[{"count":1,"href":"https:\/\/www.manaus.am.gov.br\/semcom\/wp-json\/wp\/v2\/posts\/237588\/revisions"}],"predecessor-version":[{"id":237590,"href":"https:\/\/www.manaus.am.gov.br\/semcom\/wp-json\/wp\/v2\/posts\/237588\/revisions\/237590"}],"wp:featuredmedia":[{"embeddable":true,"href":"https:\/\/www.manaus.am.gov.br\/semcom\/wp-json\/wp\/v2\/media\/237589"}],"wp:attachment":[{"href":"https:\/\/www.manaus.am.gov.br\/semcom\/wp-json\/wp\/v2\/media?parent=237588"}],"wp:term":[{"taxonomy":"category","embeddable":true,"href":"https:\/\/www.manaus.am.gov.br\/semcom\/wp-json\/wp\/v2\/categories?post=237588"},{"taxonomy":"post_tag","embeddable":true,"href":"https:\/\/www.manaus.am.gov.br\/semcom\/wp-json\/wp\/v2\/tags?post=237588"}],"curies":[{"name":"wp","href":"https:\/\/api.w.org\/{rel}","templated":true}]}}