{"id":237569,"date":"2025-04-12T21:23:35","date_gmt":"2025-04-13T01:23:35","guid":{"rendered":"https:\/\/www.manaus.am.gov.br\/semcom\/requalificacao-area-bairro-monte-das-oliveiras\/"},"modified":"2025-04-12T21:23:35","modified_gmt":"2025-04-13T01:23:35","slug":"requalificacao-area-bairro-monte-das-oliveiras","status":"publish","type":"post","link":"https:\/\/www.manaus.am.gov.br\/semcom\/requalificacao-area-bairro-monte-das-oliveiras\/","title":{"rendered":"Prefeitura de Manaus inicia requalifica\u00e7\u00e3o de \u00e1rea com plantio de mudas no bairro Monte das Oliveiras"},"content":{"rendered":"\n<p>A Prefeitura de Manaus, por meio da Secretaria Municipal de Meio Ambiente, Sustentabilidade e Mudan\u00e7a do Clima&nbsp;(Semmasclima), realizou, neste s\u00e1bado, 12\/4, o plantio, distribui\u00e7\u00e3o de mudas e orienta\u00e7\u00f5es junto aos moradores do conjunto Carlos Braga, localizado no bairro Monte das Oliveiras, zona Norte. Na a\u00e7\u00e3o, que contou com a participa\u00e7\u00e3o da popula\u00e7\u00e3o, foram distribu\u00eddas 250 mudas e plantadas 50 novas \u00e1rvores frut\u00edferas e florestais em uma \u00e1rea que era utilizada para descarte de res\u00edduos.<\/p>\n\n\n\n<p>\u201cA gest\u00e3o do prefeito David Almeida se preocupa em atender as demandas da popula\u00e7\u00e3o. Viemos aqui a pedido dos moradores para requalificar esta \u00e1rea. Agora, contamos com o apoio de cada um para n\u00e3o permitir que este espa\u00e7o volte a ser ocupado de forma irregular e que as mudas plantadas n\u00e3o sofram a\u00e7\u00f5es de vandalismo\u201d, afirmou o secret\u00e1rio da Semmasclima, Fransu\u00e1 Matos.<\/p>\n\n\n\n<p>Uma das moradoras da \u00e1rea que participou da a\u00e7\u00e3o foi a Grace Paula de Lima. Ela afirma que, mesmo conscientizando as pessoas, elas continuam jogando res\u00edduos. \u201cEssa \u00e1rea era s\u00f3 lixo e, agora, vai ter arboriza\u00e7\u00e3o, um bosque, para a popula\u00e7\u00e3o poder usufruir mais. Agrade\u00e7o muito \u00e0 prefeitura por essa a\u00e7\u00e3o\u201d, disse.<\/p>\n\n\n\n<p>As esp\u00e9cies frut\u00edferas plantadas no local foram: manga, ing\u00e1, rambut\u00e3o, cacau e cupua\u00e7u, al\u00e9m das florestais, como pata-de-vaca, pau-pretinho e ip\u00ea.<\/p>\n\n\n\n<p>\u201cS\u00e3o \u00e1rvores que oferecer\u00e3o sombreamento e beleza para uma futura \u00e1rea de conviv\u00eancia e contato com a natureza, bem como frutos tanto para as pessoas, como para os p\u00e1ssaros\u201d, explicou o respons\u00e1vel pelas a\u00e7\u00f5es de Arboriza\u00e7\u00e3o da Semmasclima, Raimundo Ara\u00fajo.<\/p>\n\n\n\n<figure class=\"wp-block-image size-large\"><img loading=\"lazy\" decoding=\"async\" width=\"921\" height=\"1024\" src=\"https:\/\/www.manaus.am.gov.br\/semcom\/wp-content\/uploads\/sites\/5\/2025\/04\/Arborizacao-5-921x1024.jpeg\" alt=\"\" class=\"wp-image-237570\" srcset=\"https:\/\/www.manaus.am.gov.br\/semcom\/wp-content\/uploads\/sites\/5\/2025\/04\/Arborizacao-5-921x1024.jpeg 921w, https:\/\/www.manaus.am.gov.br\/semcom\/wp-content\/uploads\/sites\/5\/2025\/04\/Arborizacao-5-270x300.jpeg 270w, https:\/\/www.manaus.am.gov.br\/semcom\/wp-content\/uploads\/sites\/5\/2025\/04\/Arborizacao-5-768x854.jpeg 768w, https:\/\/www.manaus.am.gov.br\/semcom\/wp-content\/uploads\/sites\/5\/2025\/04\/Arborizacao-5.jpeg 1179w\" sizes=\"(max-width: 921px) 100vw, 921px\" \/><\/figure>\n\n\n\n<p>&#8212; &#8212; &#8212;<\/p>\n\n\n\n<p><strong>Texto e fotos<\/strong> &#8211; Taianna Castro\/Semmasclima<\/p>\n","protected":false},"excerpt":{"rendered":"","protected":false},"author":39,"featured_media":237571,"comment_status":"closed","ping_status":"closed","sticky":false,"template":"","format":"standard","meta":{"footnotes":""},"categories":[3878],"tags":[582,14372,77,14373,9959],"acf":[],"yoast_head":"<!-- This site is optimized with the Yoast SEO plugin v23.0 - https:\/\/yoast.com\/wordpress\/plugins\/seo\/ -->\n<title>Requalifica\u00e7\u00e3o de \u00e1rea no bairro Monte das Oliveiras<\/title>\n<meta name=\"description\" content=\"Prefeitura de Manaus, por meio da Semmasclima, inicia requalifica\u00e7\u00e3o de \u00e1rea com plantio de mudas no bairro Monte das Oliveiras.\" \/>\n<meta name=\"robots\" content=\"index, follow, max-snippet:-1, max-image-preview:large, max-video-preview:-1\" \/>\n<link rel=\"canonical\" href=\"https:\/\/www.manaus.am.gov.br\/semcom\/requalificacao-area-bairro-monte-das-oliveiras\/\" \/>\n<meta property=\"og:locale\" content=\"pt_BR\" \/>\n<meta property=\"og:type\" content=\"article\" \/>\n<meta property=\"og:title\" content=\"Requalifica\u00e7\u00e3o de \u00e1rea no bairro Monte das Oliveiras\" \/>\n<meta property=\"og:description\" content=\"Prefeitura de Manaus, por meio da Semmasclima, inicia requalifica\u00e7\u00e3o de \u00e1rea com plantio de mudas no bairro Monte das Oliveiras.\" \/>\n<meta property=\"og:url\" content=\"https:\/\/www.manaus.am.gov.br\/semcom\/requalificacao-area-bairro-monte-das-oliveiras\/\" \/>\n<meta property=\"og:site_name\" content=\"SEMCOM\" \/>\n<meta property=\"article:published_time\" content=\"2025-04-13T01:23:35+00:00\" \/>\n<meta property=\"og:image\" content=\"https:\/\/www.manaus.am.gov.br\/semcom\/wp-content\/uploads\/sites\/5\/2025\/04\/Arborizacao-1.jpeg\" \/>\n\t<meta property=\"og:image:width\" content=\"1600\" \/>\n\t<meta property=\"og:image:height\" content=\"1200\" \/>\n\t<meta property=\"og:image:type\" content=\"image\/jpeg\" \/>\n<meta name=\"author\" content=\"Bruna Greco\" \/>\n<meta name=\"twitter:card\" content=\"summary_large_image\" \/>\n<meta name=\"twitter:label1\" content=\"Written by\" \/>\n\t<meta name=\"twitter:data1\" content=\"Bruna Greco\" \/>\n\t<meta name=\"twitter:label2\" content=\"Est. reading time\" \/>\n\t<meta name=\"twitter:data2\" content=\"2 minutos\" \/>\n<script type=\"application\/ld+json\" class=\"yoast-schema-graph\">{\"@context\":\"https:\/\/schema.org\",\"@graph\":[{\"@type\":\"WebPage\",\"@id\":\"https:\/\/www.manaus.am.gov.br\/semcom\/requalificacao-area-bairro-monte-das-oliveiras\/\",\"url\":\"https:\/\/www.manaus.am.gov.br\/semcom\/requalificacao-area-bairro-monte-das-oliveiras\/\",\"name\":\"Requalifica\u00e7\u00e3o de \u00e1rea no bairro Monte das Oliveiras\",\"isPartOf\":{\"@id\":\"https:\/\/www.manaus.am.gov.br\/semcom\/#website\"},\"primaryImageOfPage\":{\"@id\":\"https:\/\/www.manaus.am.gov.br\/semcom\/requalificacao-area-bairro-monte-das-oliveiras\/#primaryimage\"},\"image\":{\"@id\":\"https:\/\/www.manaus.am.gov.br\/semcom\/requalificacao-area-bairro-monte-das-oliveiras\/#primaryimage\"},\"thumbnailUrl\":\"https:\/\/www.manaus.am.gov.br\/semcom\/wp-content\/uploads\/sites\/5\/2025\/04\/Arborizacao-1.jpeg\",\"datePublished\":\"2025-04-13T01:23:35+00:00\",\"dateModified\":\"2025-04-13T01:23:35+00:00\",\"author\":{\"@id\":\"https:\/\/www.manaus.am.gov.br\/semcom\/#\/schema\/person\/05d223aea2bf115f9883a6ff3683d81b\"},\"description\":\"Prefeitura de Manaus, por meio da Semmasclima, inicia requalifica\u00e7\u00e3o de \u00e1rea com plantio de mudas no bairro Monte das Oliveiras.\",\"inLanguage\":\"pt-BR\",\"potentialAction\":[{\"@type\":\"ReadAction\",\"target\":[\"https:\/\/www.manaus.am.gov.br\/semcom\/requalificacao-area-bairro-monte-das-oliveiras\/\"]}]},{\"@type\":\"ImageObject\",\"inLanguage\":\"pt-BR\",\"@id\":\"https:\/\/www.manaus.am.gov.br\/semcom\/requalificacao-area-bairro-monte-das-oliveiras\/#primaryimage\",\"url\":\"https:\/\/www.manaus.am.gov.br\/semcom\/wp-content\/uploads\/sites\/5\/2025\/04\/Arborizacao-1.jpeg\",\"contentUrl\":\"https:\/\/www.manaus.am.gov.br\/semcom\/wp-content\/uploads\/sites\/5\/2025\/04\/Arborizacao-1.jpeg\",\"width\":1600,\"height\":1200,\"caption\":\"#paratodosverem - Equipe da Semmasclima requalificando \u00e1rea no bairro Monte das Oliveiras com plantio de mudas\"},{\"@type\":\"WebSite\",\"@id\":\"https:\/\/www.manaus.am.gov.br\/semcom\/#website\",\"url\":\"https:\/\/www.manaus.am.gov.br\/semcom\/\",\"name\":\"SEMCOM\",\"description\":\"Secretaria Municipal de Comunica\u00e7\u00e3o\",\"potentialAction\":[{\"@type\":\"SearchAction\",\"target\":{\"@type\":\"EntryPoint\",\"urlTemplate\":\"https:\/\/www.manaus.am.gov.br\/semcom\/?s={search_term_string}\"},\"query-input\":\"required name=search_term_string\"}],\"inLanguage\":\"pt-BR\"},{\"@type\":\"Person\",\"@id\":\"https:\/\/www.manaus.am.gov.br\/semcom\/#\/schema\/person\/05d223aea2bf115f9883a6ff3683d81b\",\"name\":\"Bruna Greco\",\"image\":{\"@type\":\"ImageObject\",\"inLanguage\":\"pt-BR\",\"@id\":\"https:\/\/www.manaus.am.gov.br\/semcom\/#\/schema\/person\/image\/\",\"url\":\"https:\/\/secure.gravatar.com\/avatar\/9c877d1a6adc2a055330e5c09a8653ce?s=96&d=mm&r=g\",\"contentUrl\":\"https:\/\/secure.gravatar.com\/avatar\/9c877d1a6adc2a055330e5c09a8653ce?s=96&d=mm&r=g\",\"caption\":\"Bruna Greco\"}}]}<\/script>\n<!-- \/ Yoast SEO plugin. -->","yoast_head_json":{"title":"Requalifica\u00e7\u00e3o de \u00e1rea no bairro Monte das Oliveiras","description":"Prefeitura de Manaus, por meio da Semmasclima, inicia requalifica\u00e7\u00e3o de \u00e1rea com plantio de mudas no bairro Monte das Oliveiras.","robots":{"index":"index","follow":"follow","max-snippet":"max-snippet:-1","max-image-preview":"max-image-preview:large","max-video-preview":"max-video-preview:-1"},"canonical":"https:\/\/www.manaus.am.gov.br\/semcom\/requalificacao-area-bairro-monte-das-oliveiras\/","og_locale":"pt_BR","og_type":"article","og_title":"Requalifica\u00e7\u00e3o de \u00e1rea no bairro Monte das Oliveiras","og_description":"Prefeitura de Manaus, por meio da Semmasclima, inicia requalifica\u00e7\u00e3o de \u00e1rea com plantio de mudas no bairro Monte das Oliveiras.","og_url":"https:\/\/www.manaus.am.gov.br\/semcom\/requalificacao-area-bairro-monte-das-oliveiras\/","og_site_name":"SEMCOM","article_published_time":"2025-04-13T01:23:35+00:00","og_image":[{"width":1600,"height":1200,"url":"https:\/\/www.manaus.am.gov.br\/semcom\/wp-content\/uploads\/sites\/5\/2025\/04\/Arborizacao-1.jpeg","type":"image\/jpeg"}],"author":"Bruna Greco","twitter_card":"summary_large_image","twitter_misc":{"Written by":"Bruna Greco","Est. reading time":"2 minutos"},"schema":{"@context":"https:\/\/schema.org","@graph":[{"@type":"WebPage","@id":"https:\/\/www.manaus.am.gov.br\/semcom\/requalificacao-area-bairro-monte-das-oliveiras\/","url":"https:\/\/www.manaus.am.gov.br\/semcom\/requalificacao-area-bairro-monte-das-oliveiras\/","name":"Requalifica\u00e7\u00e3o de \u00e1rea no bairro Monte das Oliveiras","isPartOf":{"@id":"https:\/\/www.manaus.am.gov.br\/semcom\/#website"},"primaryImageOfPage":{"@id":"https:\/\/www.manaus.am.gov.br\/semcom\/requalificacao-area-bairro-monte-das-oliveiras\/#primaryimage"},"image":{"@id":"https:\/\/www.manaus.am.gov.br\/semcom\/requalificacao-area-bairro-monte-das-oliveiras\/#primaryimage"},"thumbnailUrl":"https:\/\/www.manaus.am.gov.br\/semcom\/wp-content\/uploads\/sites\/5\/2025\/04\/Arborizacao-1.jpeg","datePublished":"2025-04-13T01:23:35+00:00","dateModified":"2025-04-13T01:23:35+00:00","author":{"@id":"https:\/\/www.manaus.am.gov.br\/semcom\/#\/schema\/person\/05d223aea2bf115f9883a6ff3683d81b"},"description":"Prefeitura de Manaus, por meio da Semmasclima, inicia requalifica\u00e7\u00e3o de \u00e1rea com plantio de mudas no bairro Monte das Oliveiras.","inLanguage":"pt-BR","potentialAction":[{"@type":"ReadAction","target":["https:\/\/www.manaus.am.gov.br\/semcom\/requalificacao-area-bairro-monte-das-oliveiras\/"]}]},{"@type":"ImageObject","inLanguage":"pt-BR","@id":"https:\/\/www.manaus.am.gov.br\/semcom\/requalificacao-area-bairro-monte-das-oliveiras\/#primaryimage","url":"https:\/\/www.manaus.am.gov.br\/semcom\/wp-content\/uploads\/sites\/5\/2025\/04\/Arborizacao-1.jpeg","contentUrl":"https:\/\/www.manaus.am.gov.br\/semcom\/wp-content\/uploads\/sites\/5\/2025\/04\/Arborizacao-1.jpeg","width":1600,"height":1200,"caption":"#paratodosverem - Equipe da Semmasclima requalificando \u00e1rea no bairro Monte das Oliveiras com plantio de mudas"},{"@type":"WebSite","@id":"https:\/\/www.manaus.am.gov.br\/semcom\/#website","url":"https:\/\/www.manaus.am.gov.br\/semcom\/","name":"SEMCOM","description":"Secretaria Municipal de Comunica\u00e7\u00e3o","potentialAction":[{"@type":"SearchAction","target":{"@type":"EntryPoint","urlTemplate":"https:\/\/www.manaus.am.gov.br\/semcom\/?s={search_term_string}"},"query-input":"required name=search_term_string"}],"inLanguage":"pt-BR"},{"@type":"Person","@id":"https:\/\/www.manaus.am.gov.br\/semcom\/#\/schema\/person\/05d223aea2bf115f9883a6ff3683d81b","name":"Bruna Greco","image":{"@type":"ImageObject","inLanguage":"pt-BR","@id":"https:\/\/www.manaus.am.gov.br\/semcom\/#\/schema\/person\/image\/","url":"https:\/\/secure.gravatar.com\/avatar\/9c877d1a6adc2a055330e5c09a8653ce?s=96&d=mm&r=g","contentUrl":"https:\/\/secure.gravatar.com\/avatar\/9c877d1a6adc2a055330e5c09a8653ce?s=96&d=mm&r=g","caption":"Bruna Greco"}}]}},"_links":{"self":[{"href":"https:\/\/www.manaus.am.gov.br\/semcom\/wp-json\/wp\/v2\/posts\/237569"}],"collection":[{"href":"https:\/\/www.manaus.am.gov.br\/semcom\/wp-json\/wp\/v2\/posts"}],"about":[{"href":"https:\/\/www.manaus.am.gov.br\/semcom\/wp-json\/wp\/v2\/types\/post"}],"author":[{"embeddable":true,"href":"https:\/\/www.manaus.am.gov.br\/semcom\/wp-json\/wp\/v2\/users\/39"}],"replies":[{"embeddable":true,"href":"https:\/\/www.manaus.am.gov.br\/semcom\/wp-json\/wp\/v2\/comments?post=237569"}],"version-history":[{"count":1,"href":"https:\/\/www.manaus.am.gov.br\/semcom\/wp-json\/wp\/v2\/posts\/237569\/revisions"}],"predecessor-version":[{"id":237572,"href":"https:\/\/www.manaus.am.gov.br\/semcom\/wp-json\/wp\/v2\/posts\/237569\/revisions\/237572"}],"wp:featuredmedia":[{"embeddable":true,"href":"https:\/\/www.manaus.am.gov.br\/semcom\/wp-json\/wp\/v2\/media\/237571"}],"wp:attachment":[{"href":"https:\/\/www.manaus.am.gov.br\/semcom\/wp-json\/wp\/v2\/media?parent=237569"}],"wp:term":[{"taxonomy":"category","embeddable":true,"href":"https:\/\/www.manaus.am.gov.br\/semcom\/wp-json\/wp\/v2\/categories?post=237569"},{"taxonomy":"post_tag","embeddable":true,"href":"https:\/\/www.manaus.am.gov.br\/semcom\/wp-json\/wp\/v2\/tags?post=237569"}],"curies":[{"name":"wp","href":"https:\/\/api.w.org\/{rel}","templated":true}]}}