{"id":237516,"date":"2025-04-11T15:57:00","date_gmt":"2025-04-11T18:57:00","guid":{"rendered":"https:\/\/www.manaus.am.gov.br\/semcom\/prefeitura-semed-saladerecursos-2\/"},"modified":"2025-04-11T15:57:01","modified_gmt":"2025-04-11T18:57:01","slug":"prefeitura-semed-saladerecursos-2","status":"publish","type":"post","link":"https:\/\/www.manaus.am.gov.br\/semcom\/prefeitura-semed-saladerecursos-2\/","title":{"rendered":"Prefeitura de Manaus inaugura 11\u00aa sala de recursos em creche da zona Norte"},"content":{"rendered":"\n<p>Estudantes com defici\u00eancia da creche municipal Maria Ferreira Bernardes, no bairro Fazendinha, zona Norte da capital, come\u00e7aram a receber atendimento especializado, a partir desta sexta-feira, 11\/4. Isso porque a Prefeitura de Manaus, por meio da Secretaria Municipal de Educa\u00e7\u00e3o (Semed), inaugurou a 11\u00aa sala de recursos em creche municipal.<\/p>\n\n\n\n<p>A sala de recurso faz parte do plano de governo do Poder Executivo municipal, fortalecendo a educa\u00e7\u00e3o especial no munic\u00edpio. Na creche Maria Ferreira Bernardes, o atendimento especializado ser\u00e1 para 18&nbsp;alunos com necessidades educacionais espec\u00edficas, por meio do suporte de profissionais do Atendimento Educacional Especializado (AEE).<\/p>\n\n\n\n<p>Na oportunidade, a gerente da Educa\u00e7\u00e3o Especial da Semed, Amanda Macanoni, destacou a import\u00e2ncia da estrutura na vida dos estudantes da educa\u00e7\u00e3o especial.<\/p>\n\n\n\n<p>\u201cA sala de recursos n\u00e3o \u00e9 s\u00f3 um lugar. Para os alunos, significa acolhimento, respeito \u00e0s diferen\u00e7as e, principalmente, oportunidade. \u00c9 aqui que eles encontram apoio para aprender do jeito que precisam, com materiais especiais e profissionais preparados para ajudar de forma atenciosa e eficiente\u201d, disse Macanoni.<\/p>\n\n\n\n<p>Para Rosiane Fab\u00edola Lins, m\u00e3e at\u00edpica do aluno Luiz Eduardo, do maternal 3, a inaugura\u00e7\u00e3o do espa\u00e7o \u00e9 uma conquista importante. \u201cAcredito que esta sala vai fazer toda a diferen\u00e7a na vida do meu filho. Com o suporte adequado, ele ter\u00e1 mais oportunidades de aprender no seu ritmo e de se integrar melhor com os colegas. \u00c9 um avan\u00e7o importante para n\u00f3s, m\u00e3es at\u00edpicas, e para nossas crian\u00e7as\u201d, afirmou Rosiane.<\/p>\n\n\n\n<p>A professora Melina Farias, respons\u00e1vel por atender os 18&nbsp;alunos, ressalta a import\u00e2ncia das salas de recursos, principalmente, nas creches.<\/p>\n\n\n\n<p>\u201c\u00c9 na fase de creche que a gente come\u00e7a a perceber quando uma crian\u00e7a precisa de um olhar mais atento. Com este espa\u00e7o, conseguimos oferecer atividades adaptadas e usar materiais que, realmente, ajudam no desenvolvimento de cada um. Isso faz com que os alunos aprendam de um jeito mais leve, no seu tempo, e ainda se sintam parte do grupo\u201d, enfatizou a professora.<\/p>\n\n\n\n<p>&#8212; &#8212; &#8212; &nbsp;<\/p>\n\n\n\n<p><strong>Texto<\/strong>&nbsp;&#8211; Thalia Rodrigues\/Semed<\/p>\n\n\n\n<p><strong>Foto<\/strong>&nbsp;\u2013 Divulga\u00e7\u00e3o\/Semed<\/p>\n","protected":false},"excerpt":{"rendered":"","protected":false},"author":23,"featured_media":237517,"comment_status":"closed","ping_status":"closed","sticky":false,"template":"","format":"standard","meta":{"footnotes":""},"categories":[1625],"tags":[1881,77,14113],"acf":[],"yoast_head":"<!-- This site is optimized with the Yoast SEO plugin v23.0 - https:\/\/yoast.com\/wordpress\/plugins\/seo\/ -->\n<title>Prefeitura de Manaus inaugura 11\u00aa sala de recursos em creche da zona Norte<\/title>\n<meta name=\"description\" content=\"Estudantes com defici\u00eancia da creche municipal Maria Ferreira Bernardes, no bairro Fazendinha, zona Norte da capital, come\u00e7aram a receber atendimento especializado, a partir desta sexta-feira, 11\/4. Isso porque a Prefeitura de Manaus, por meio da Secretaria Municipal de Educa\u00e7\u00e3o (Semed), inaugurou a 11\u00aa sala de recursos em creche municipal.\" \/>\n<meta name=\"robots\" content=\"index, follow, max-snippet:-1, max-image-preview:large, max-video-preview:-1\" \/>\n<link rel=\"canonical\" href=\"https:\/\/www.manaus.am.gov.br\/semcom\/prefeitura-semed-saladerecursos-2\/\" \/>\n<meta property=\"og:locale\" content=\"pt_BR\" \/>\n<meta property=\"og:type\" content=\"article\" \/>\n<meta property=\"og:title\" content=\"Prefeitura de Manaus inaugura 11\u00aa sala de recursos em creche da zona Norte\" \/>\n<meta property=\"og:description\" content=\"Estudantes com defici\u00eancia da creche municipal Maria Ferreira Bernardes, no bairro Fazendinha, zona Norte da capital, come\u00e7aram a receber atendimento especializado, a partir desta sexta-feira, 11\/4. Isso porque a Prefeitura de Manaus, por meio da Secretaria Municipal de Educa\u00e7\u00e3o (Semed), inaugurou a 11\u00aa sala de recursos em creche municipal.\" \/>\n<meta property=\"og:url\" content=\"https:\/\/www.manaus.am.gov.br\/semcom\/prefeitura-semed-saladerecursos-2\/\" \/>\n<meta property=\"og:site_name\" content=\"SEMCOM\" \/>\n<meta property=\"article:published_time\" content=\"2025-04-11T18:57:00+00:00\" \/>\n<meta property=\"article:modified_time\" content=\"2025-04-11T18:57:01+00:00\" \/>\n<meta property=\"og:image\" content=\"https:\/\/www.manaus.am.gov.br\/semcom\/wp-content\/uploads\/sites\/5\/2025\/04\/WhatsApp-Image-2025-04-11-at-14.55.41.jpeg\" \/>\n\t<meta property=\"og:image:width\" content=\"4032\" \/>\n\t<meta property=\"og:image:height\" content=\"3024\" \/>\n\t<meta property=\"og:image:type\" content=\"image\/jpeg\" \/>\n<meta name=\"author\" content=\"Adriana Costa\" \/>\n<meta name=\"twitter:card\" content=\"summary_large_image\" \/>\n<meta name=\"twitter:label1\" content=\"Written by\" \/>\n\t<meta name=\"twitter:data1\" content=\"Adriana Costa\" \/>\n\t<meta name=\"twitter:label2\" content=\"Est. reading time\" \/>\n\t<meta name=\"twitter:data2\" content=\"2 minutos\" \/>\n<script type=\"application\/ld+json\" class=\"yoast-schema-graph\">{\"@context\":\"https:\/\/schema.org\",\"@graph\":[{\"@type\":\"WebPage\",\"@id\":\"https:\/\/www.manaus.am.gov.br\/semcom\/prefeitura-semed-saladerecursos-2\/\",\"url\":\"https:\/\/www.manaus.am.gov.br\/semcom\/prefeitura-semed-saladerecursos-2\/\",\"name\":\"Prefeitura de Manaus inaugura 11\u00aa sala de recursos em creche da zona Norte\",\"isPartOf\":{\"@id\":\"https:\/\/www.manaus.am.gov.br\/semcom\/#website\"},\"primaryImageOfPage\":{\"@id\":\"https:\/\/www.manaus.am.gov.br\/semcom\/prefeitura-semed-saladerecursos-2\/#primaryimage\"},\"image\":{\"@id\":\"https:\/\/www.manaus.am.gov.br\/semcom\/prefeitura-semed-saladerecursos-2\/#primaryimage\"},\"thumbnailUrl\":\"https:\/\/www.manaus.am.gov.br\/semcom\/wp-content\/uploads\/sites\/5\/2025\/04\/WhatsApp-Image-2025-04-11-at-14.55.41.jpeg\",\"datePublished\":\"2025-04-11T18:57:00+00:00\",\"dateModified\":\"2025-04-11T18:57:01+00:00\",\"author\":{\"@id\":\"https:\/\/www.manaus.am.gov.br\/semcom\/#\/schema\/person\/4e49f4e267757a06ca072ec61b2b9968\"},\"description\":\"Estudantes com defici\u00eancia da creche municipal Maria Ferreira Bernardes, no bairro Fazendinha, zona Norte da capital, come\u00e7aram a receber atendimento especializado, a partir desta sexta-feira, 11\/4. Isso porque a Prefeitura de Manaus, por meio da Secretaria Municipal de Educa\u00e7\u00e3o (Semed), inaugurou a 11\u00aa sala de recursos em creche municipal.\",\"inLanguage\":\"pt-BR\",\"potentialAction\":[{\"@type\":\"ReadAction\",\"target\":[\"https:\/\/www.manaus.am.gov.br\/semcom\/prefeitura-semed-saladerecursos-2\/\"]}]},{\"@type\":\"ImageObject\",\"inLanguage\":\"pt-BR\",\"@id\":\"https:\/\/www.manaus.am.gov.br\/semcom\/prefeitura-semed-saladerecursos-2\/#primaryimage\",\"url\":\"https:\/\/www.manaus.am.gov.br\/semcom\/wp-content\/uploads\/sites\/5\/2025\/04\/WhatsApp-Image-2025-04-11-at-14.55.41.jpeg\",\"contentUrl\":\"https:\/\/www.manaus.am.gov.br\/semcom\/wp-content\/uploads\/sites\/5\/2025\/04\/WhatsApp-Image-2025-04-11-at-14.55.41.jpeg\",\"width\":4032,\"height\":3024},{\"@type\":\"WebSite\",\"@id\":\"https:\/\/www.manaus.am.gov.br\/semcom\/#website\",\"url\":\"https:\/\/www.manaus.am.gov.br\/semcom\/\",\"name\":\"SEMCOM\",\"description\":\"Secretaria Municipal de Comunica\u00e7\u00e3o\",\"potentialAction\":[{\"@type\":\"SearchAction\",\"target\":{\"@type\":\"EntryPoint\",\"urlTemplate\":\"https:\/\/www.manaus.am.gov.br\/semcom\/?s={search_term_string}\"},\"query-input\":\"required name=search_term_string\"}],\"inLanguage\":\"pt-BR\"},{\"@type\":\"Person\",\"@id\":\"https:\/\/www.manaus.am.gov.br\/semcom\/#\/schema\/person\/4e49f4e267757a06ca072ec61b2b9968\",\"name\":\"Adriana Costa\",\"image\":{\"@type\":\"ImageObject\",\"inLanguage\":\"pt-BR\",\"@id\":\"https:\/\/www.manaus.am.gov.br\/semcom\/#\/schema\/person\/image\/\",\"url\":\"https:\/\/secure.gravatar.com\/avatar\/576258617ef7194f718179e766d57bd4?s=96&d=mm&r=g\",\"contentUrl\":\"https:\/\/secure.gravatar.com\/avatar\/576258617ef7194f718179e766d57bd4?s=96&d=mm&r=g\",\"caption\":\"Adriana Costa\"}}]}<\/script>\n<!-- \/ Yoast SEO plugin. -->","yoast_head_json":{"title":"Prefeitura de Manaus inaugura 11\u00aa sala de recursos em creche da zona Norte","description":"Estudantes com defici\u00eancia da creche municipal Maria Ferreira Bernardes, no bairro Fazendinha, zona Norte da capital, come\u00e7aram a receber atendimento especializado, a partir desta sexta-feira, 11\/4. Isso porque a Prefeitura de Manaus, por meio da Secretaria Municipal de Educa\u00e7\u00e3o (Semed), inaugurou a 11\u00aa sala de recursos em creche municipal.","robots":{"index":"index","follow":"follow","max-snippet":"max-snippet:-1","max-image-preview":"max-image-preview:large","max-video-preview":"max-video-preview:-1"},"canonical":"https:\/\/www.manaus.am.gov.br\/semcom\/prefeitura-semed-saladerecursos-2\/","og_locale":"pt_BR","og_type":"article","og_title":"Prefeitura de Manaus inaugura 11\u00aa sala de recursos em creche da zona Norte","og_description":"Estudantes com defici\u00eancia da creche municipal Maria Ferreira Bernardes, no bairro Fazendinha, zona Norte da capital, come\u00e7aram a receber atendimento especializado, a partir desta sexta-feira, 11\/4. Isso porque a Prefeitura de Manaus, por meio da Secretaria Municipal de Educa\u00e7\u00e3o (Semed), inaugurou a 11\u00aa sala de recursos em creche municipal.","og_url":"https:\/\/www.manaus.am.gov.br\/semcom\/prefeitura-semed-saladerecursos-2\/","og_site_name":"SEMCOM","article_published_time":"2025-04-11T18:57:00+00:00","article_modified_time":"2025-04-11T18:57:01+00:00","og_image":[{"width":4032,"height":3024,"url":"https:\/\/www.manaus.am.gov.br\/semcom\/wp-content\/uploads\/sites\/5\/2025\/04\/WhatsApp-Image-2025-04-11-at-14.55.41.jpeg","type":"image\/jpeg"}],"author":"Adriana Costa","twitter_card":"summary_large_image","twitter_misc":{"Written by":"Adriana Costa","Est. reading time":"2 minutos"},"schema":{"@context":"https:\/\/schema.org","@graph":[{"@type":"WebPage","@id":"https:\/\/www.manaus.am.gov.br\/semcom\/prefeitura-semed-saladerecursos-2\/","url":"https:\/\/www.manaus.am.gov.br\/semcom\/prefeitura-semed-saladerecursos-2\/","name":"Prefeitura de Manaus inaugura 11\u00aa sala de recursos em creche da zona Norte","isPartOf":{"@id":"https:\/\/www.manaus.am.gov.br\/semcom\/#website"},"primaryImageOfPage":{"@id":"https:\/\/www.manaus.am.gov.br\/semcom\/prefeitura-semed-saladerecursos-2\/#primaryimage"},"image":{"@id":"https:\/\/www.manaus.am.gov.br\/semcom\/prefeitura-semed-saladerecursos-2\/#primaryimage"},"thumbnailUrl":"https:\/\/www.manaus.am.gov.br\/semcom\/wp-content\/uploads\/sites\/5\/2025\/04\/WhatsApp-Image-2025-04-11-at-14.55.41.jpeg","datePublished":"2025-04-11T18:57:00+00:00","dateModified":"2025-04-11T18:57:01+00:00","author":{"@id":"https:\/\/www.manaus.am.gov.br\/semcom\/#\/schema\/person\/4e49f4e267757a06ca072ec61b2b9968"},"description":"Estudantes com defici\u00eancia da creche municipal Maria Ferreira Bernardes, no bairro Fazendinha, zona Norte da capital, come\u00e7aram a receber atendimento especializado, a partir desta sexta-feira, 11\/4. Isso porque a Prefeitura de Manaus, por meio da Secretaria Municipal de Educa\u00e7\u00e3o (Semed), inaugurou a 11\u00aa sala de recursos em creche municipal.","inLanguage":"pt-BR","potentialAction":[{"@type":"ReadAction","target":["https:\/\/www.manaus.am.gov.br\/semcom\/prefeitura-semed-saladerecursos-2\/"]}]},{"@type":"ImageObject","inLanguage":"pt-BR","@id":"https:\/\/www.manaus.am.gov.br\/semcom\/prefeitura-semed-saladerecursos-2\/#primaryimage","url":"https:\/\/www.manaus.am.gov.br\/semcom\/wp-content\/uploads\/sites\/5\/2025\/04\/WhatsApp-Image-2025-04-11-at-14.55.41.jpeg","contentUrl":"https:\/\/www.manaus.am.gov.br\/semcom\/wp-content\/uploads\/sites\/5\/2025\/04\/WhatsApp-Image-2025-04-11-at-14.55.41.jpeg","width":4032,"height":3024},{"@type":"WebSite","@id":"https:\/\/www.manaus.am.gov.br\/semcom\/#website","url":"https:\/\/www.manaus.am.gov.br\/semcom\/","name":"SEMCOM","description":"Secretaria Municipal de Comunica\u00e7\u00e3o","potentialAction":[{"@type":"SearchAction","target":{"@type":"EntryPoint","urlTemplate":"https:\/\/www.manaus.am.gov.br\/semcom\/?s={search_term_string}"},"query-input":"required name=search_term_string"}],"inLanguage":"pt-BR"},{"@type":"Person","@id":"https:\/\/www.manaus.am.gov.br\/semcom\/#\/schema\/person\/4e49f4e267757a06ca072ec61b2b9968","name":"Adriana Costa","image":{"@type":"ImageObject","inLanguage":"pt-BR","@id":"https:\/\/www.manaus.am.gov.br\/semcom\/#\/schema\/person\/image\/","url":"https:\/\/secure.gravatar.com\/avatar\/576258617ef7194f718179e766d57bd4?s=96&d=mm&r=g","contentUrl":"https:\/\/secure.gravatar.com\/avatar\/576258617ef7194f718179e766d57bd4?s=96&d=mm&r=g","caption":"Adriana Costa"}}]}},"_links":{"self":[{"href":"https:\/\/www.manaus.am.gov.br\/semcom\/wp-json\/wp\/v2\/posts\/237516"}],"collection":[{"href":"https:\/\/www.manaus.am.gov.br\/semcom\/wp-json\/wp\/v2\/posts"}],"about":[{"href":"https:\/\/www.manaus.am.gov.br\/semcom\/wp-json\/wp\/v2\/types\/post"}],"author":[{"embeddable":true,"href":"https:\/\/www.manaus.am.gov.br\/semcom\/wp-json\/wp\/v2\/users\/23"}],"replies":[{"embeddable":true,"href":"https:\/\/www.manaus.am.gov.br\/semcom\/wp-json\/wp\/v2\/comments?post=237516"}],"version-history":[{"count":0,"href":"https:\/\/www.manaus.am.gov.br\/semcom\/wp-json\/wp\/v2\/posts\/237516\/revisions"}],"wp:featuredmedia":[{"embeddable":true,"href":"https:\/\/www.manaus.am.gov.br\/semcom\/wp-json\/wp\/v2\/media\/237517"}],"wp:attachment":[{"href":"https:\/\/www.manaus.am.gov.br\/semcom\/wp-json\/wp\/v2\/media?parent=237516"}],"wp:term":[{"taxonomy":"category","embeddable":true,"href":"https:\/\/www.manaus.am.gov.br\/semcom\/wp-json\/wp\/v2\/categories?post=237516"},{"taxonomy":"post_tag","embeddable":true,"href":"https:\/\/www.manaus.am.gov.br\/semcom\/wp-json\/wp\/v2\/tags?post=237516"}],"curies":[{"name":"wp","href":"https:\/\/api.w.org\/{rel}","templated":true}]}}