{"id":237419,"date":"2025-04-10T17:53:45","date_gmt":"2025-04-10T21:53:45","guid":{"rendered":"https:\/\/www.manaus.am.gov.br\/semcom\/visita-consules-e-embaixador\/"},"modified":"2025-04-10T17:53:45","modified_gmt":"2025-04-10T21:53:45","slug":"visita-consules-e-embaixador","status":"publish","type":"post","link":"https:\/\/www.manaus.am.gov.br\/semcom\/visita-consules-e-embaixador\/","title":{"rendered":"Prefeito David Almeida recebe c\u00f4nsules e embaixador no Centro de Coopera\u00e7\u00e3o da Cidade e fortalece la\u00e7os internacionais"},"content":{"rendered":"\n<p>O prefeito de Manaus, David Almeida, recebeu, nesta quinta-feira, 10\/4, no Centro de Coopera\u00e7\u00e3o da Cidade (CCC), na zona Centro-Sul, a visita de representantes diplom\u00e1ticos de tr\u00eas na\u00e7\u00f5es: o c\u00f4nsul-geral do Jap\u00e3o em Manaus, Yuichi Miyagawa, o c\u00f4nsul de Portugal, Ant\u00f4nio Humberto de Matos Figueiredo, e o embaixador da It\u00e1lia, Alessandro Cortese. A agenda, articulada em parceria com a 24\u00aa Comiss\u00e3o de Turismo e Rela\u00e7\u00f5es Internacionais da C\u00e2mara Municipal de Manaus (CMM), teve como objetivo ampliar o di\u00e1logo institucional e estreitar rela\u00e7\u00f5es de coopera\u00e7\u00e3o entre a capital amazonense e os respectivos pa\u00edses.<\/p>\n\n\n\n<p>Durante os encontros, foram debatidos temas estrat\u00e9gicos como interc\u00e2mbio tecnol\u00f3gico, parcerias nas \u00e1reas de sa\u00fade e educa\u00e7\u00e3o, fortalecimento de la\u00e7os culturais e iniciativas voltadas ao desenvolvimento econ\u00f4mico sustent\u00e1vel. O prefeito destacou a import\u00e2ncia do momento para a cidade e o interesse m\u00fatuo em ampliar o di\u00e1logo com as na\u00e7\u00f5es amigas.<\/p>\n\n\n\n<p>\u201cA visita dos representantes diplom\u00e1ticos demonstra o respeito e o interesse que Manaus desperta no cen\u00e1rio internacional. Estamos abertos \u00e0 troca de experi\u00eancias, investimentos e coopera\u00e7\u00e3o t\u00e9cnica que beneficiem diretamente nossa popula\u00e7\u00e3o\u201d, afirmou Almeida.<\/p>\n\n\n\n<p>O presidente da 24\u00aa Comiss\u00e3o de Turismo e Rela\u00e7\u00f5es Internacionais da CMM, vereador Jo\u00e3o Carlos, que acompanhou toda a agenda, enfatizou o car\u00e1ter estrat\u00e9gico das reuni\u00f5es e os avan\u00e7os obtidos nas conversas.<\/p>\n\n\n\n<p>\u201cS\u00e3o di\u00e1logos que dizem respeito ao progresso e ao avan\u00e7o da nossa cidade. Pa\u00edses como Jap\u00e3o, Portugal e It\u00e1lia possuem experi\u00eancias consolidadas em \u00e1reas como sa\u00fade, educa\u00e7\u00e3o e tecnologia. Nosso papel \u00e9 aproximar esses conhecimentos da nossa realidade, trazendo solu\u00e7\u00f5es e oportunidades para Manaus\u201d, pontuou o vereador.<\/p>\n\n\n\n<p>Entre os temas em destaque, o chefe do Executivo municipal ressaltou o pedido recebido para consolidar a tradicional col\u00f4nia japonesa da cidade em um futuro \u201cBairro Japon\u00eas\u201d, valorizando a cultura e a contribui\u00e7\u00e3o hist\u00f3rica da comunidade nip\u00f4nica. \u201cTemos mais de 40 empresas japonesas atuando na Zona Franca e mais de 35 mil descendentes japoneses em Manaus. Isso representa um elo forte que pode ser ainda mais explorado. Isso ser\u00e1 avaliado\u201d, ressaltou o prefeito.<\/p>\n\n\n\n<figure class=\"wp-block-image size-large\"><img loading=\"lazy\" decoding=\"async\" width=\"1024\" height=\"768\" src=\"https:\/\/www.manaus.am.gov.br\/semcom\/wp-content\/uploads\/sites\/5\/2025\/04\/WhatsApp-Image-2025-04-10-at-17.50.31-2-1024x768.jpeg\" alt=\"\" class=\"wp-image-237420\" srcset=\"https:\/\/www.manaus.am.gov.br\/semcom\/wp-content\/uploads\/sites\/5\/2025\/04\/WhatsApp-Image-2025-04-10-at-17.50.31-2-1024x768.jpeg 1024w, https:\/\/www.manaus.am.gov.br\/semcom\/wp-content\/uploads\/sites\/5\/2025\/04\/WhatsApp-Image-2025-04-10-at-17.50.31-2-300x225.jpeg 300w, https:\/\/www.manaus.am.gov.br\/semcom\/wp-content\/uploads\/sites\/5\/2025\/04\/WhatsApp-Image-2025-04-10-at-17.50.31-2-768x576.jpeg 768w, https:\/\/www.manaus.am.gov.br\/semcom\/wp-content\/uploads\/sites\/5\/2025\/04\/WhatsApp-Image-2025-04-10-at-17.50.31-2-1536x1152.jpeg 1536w, https:\/\/www.manaus.am.gov.br\/semcom\/wp-content\/uploads\/sites\/5\/2025\/04\/WhatsApp-Image-2025-04-10-at-17.50.31-2.jpeg 1600w\" sizes=\"(max-width: 1024px) 100vw, 1024px\" \/><\/figure>\n\n\n\n<p>Na ocasi\u00e3o, o embaixador da It\u00e1lia, Alessandro Cortese, elogiou a recep\u00e7\u00e3o e demonstrou entusiasmo com as possibilidades de coopera\u00e7\u00e3o, tendo em vista que a comunidade italiana residente em Manaus, est\u00e1 estimada em mais de mil cidad\u00e3os.<\/p>\n\n\n\n<p>\u201cEsta \u00e9 minha primeira visita oficial a Manaus, e fico muito feliz em ser recebido pelo prefeito David Almeida. Tamb\u00e9m fiquei muito impressionado com a obra suntuosa que ele est\u00e1 fazendo pr\u00f3xima ao Encontro das \u00c1guas. A cidade tem um potencial enorme para o desenvolvimento de parcerias em diversas \u00e1reas, como o turismo ecol\u00f3gico, por exemplo\u201d, declarou.<\/p>\n\n\n\n<p>De acordo com o prefeito, as visitas diplom\u00e1ticas refor\u00e7am o papel estrat\u00e9gico de Manaus como protagonista na agenda internacional da Amaz\u00f4nia, sobretudo para atrair investimentos, projetar internacionalmente a cidade e fortalecer rela\u00e7\u00f5es bilaterais com outros pa\u00edses.<\/p>\n\n\n\n<p>\u201cPara al\u00e9m dos ganhos pr\u00e1ticos, essas visitas valorizam institucionalmente a Prefeitura de Manaus e refor\u00e7am o protagonismo da capital amaz\u00f4nica no cen\u00e1rio global\u201d, finalizou.<\/p>\n\n\n\n<p>&#8212; &#8212; &#8212;<\/p>\n\n\n\n<p><strong>Texto &#8211; <\/strong>Emanuelle Baires\/Semcom<\/p>\n\n\n\n<p><strong>Fotos &#8211;<\/strong> Dhyeizo Lemos\/Semcom<\/p>\n","protected":false},"excerpt":{"rendered":"","protected":false},"author":68,"featured_media":237421,"comment_status":"closed","ping_status":"closed","sticky":false,"template":"","format":"standard","meta":{"footnotes":""},"categories":[338],"tags":[35,14326,77],"acf":[],"yoast_head":"<!-- This site is optimized with the Yoast SEO plugin v23.0 - https:\/\/yoast.com\/wordpress\/plugins\/seo\/ -->\n<title>Prefeito David Almeida recebe c\u00f4nsules e embaixador no Centro de Coopera\u00e7\u00e3o da Cidade e fortalece la\u00e7os internacionais<\/title>\n<meta name=\"description\" content=\"O prefeito de Manaus, David Almeida, recebeu, nesta quinta-feira, 10\/4, no Centro de Coopera\u00e7\u00e3o da Cidade (CCC), na zona Centro-Sul, a visita de representantes diplom\u00e1ticos de tr\u00eas na\u00e7\u00f5es: o c\u00f4nsul-geral do Jap\u00e3o em Manaus, Yuichi Miyagawa, o c\u00f4nsul de Portugal, Ant\u00f4nio Humberto de Matos Figueiredo, e o embaixador da It\u00e1lia, Alessandro Cortese. A agenda, articulada em parceria com a 24\u00aa Comiss\u00e3o de Turismo e Rela\u00e7\u00f5es Internacionais da C\u00e2mara Municipal de Manaus (CMM), teve como objetivo ampliar o di\u00e1logo institucional e estreitar rela\u00e7\u00f5es de coopera\u00e7\u00e3o entre a capital amazonense e os respectivos pa\u00edses.\" \/>\n<meta name=\"robots\" content=\"index, follow, max-snippet:-1, max-image-preview:large, max-video-preview:-1\" \/>\n<link rel=\"canonical\" href=\"https:\/\/www.manaus.am.gov.br\/semcom\/visita-consules-e-embaixador\/\" \/>\n<meta property=\"og:locale\" content=\"pt_BR\" \/>\n<meta property=\"og:type\" content=\"article\" \/>\n<meta property=\"og:title\" content=\"Prefeito David Almeida recebe c\u00f4nsules e embaixador no Centro de Coopera\u00e7\u00e3o da Cidade e fortalece la\u00e7os internacionais\" \/>\n<meta property=\"og:description\" content=\"O prefeito de Manaus, David Almeida, recebeu, nesta quinta-feira, 10\/4, no Centro de Coopera\u00e7\u00e3o da Cidade (CCC), na zona Centro-Sul, a visita de representantes diplom\u00e1ticos de tr\u00eas na\u00e7\u00f5es: o c\u00f4nsul-geral do Jap\u00e3o em Manaus, Yuichi Miyagawa, o c\u00f4nsul de Portugal, Ant\u00f4nio Humberto de Matos Figueiredo, e o embaixador da It\u00e1lia, Alessandro Cortese. A agenda, articulada em parceria com a 24\u00aa Comiss\u00e3o de Turismo e Rela\u00e7\u00f5es Internacionais da C\u00e2mara Municipal de Manaus (CMM), teve como objetivo ampliar o di\u00e1logo institucional e estreitar rela\u00e7\u00f5es de coopera\u00e7\u00e3o entre a capital amazonense e os respectivos pa\u00edses.\" \/>\n<meta property=\"og:url\" content=\"https:\/\/www.manaus.am.gov.br\/semcom\/visita-consules-e-embaixador\/\" \/>\n<meta property=\"og:site_name\" content=\"SEMCOM\" \/>\n<meta property=\"article:published_time\" content=\"2025-04-10T21:53:45+00:00\" \/>\n<meta property=\"og:image\" content=\"https:\/\/www.manaus.am.gov.br\/semcom\/wp-content\/uploads\/sites\/5\/2025\/04\/WhatsApp-Image-2025-04-10-at-17.50.30.jpeg\" \/>\n\t<meta property=\"og:image:width\" content=\"1600\" \/>\n\t<meta property=\"og:image:height\" content=\"1066\" \/>\n\t<meta property=\"og:image:type\" content=\"image\/jpeg\" \/>\n<meta name=\"author\" content=\"bvalente\" \/>\n<meta name=\"twitter:card\" content=\"summary_large_image\" \/>\n<meta name=\"twitter:label1\" content=\"Written by\" \/>\n\t<meta name=\"twitter:data1\" content=\"bvalente\" \/>\n\t<meta name=\"twitter:label2\" content=\"Est. reading time\" \/>\n\t<meta name=\"twitter:data2\" content=\"4 minutos\" \/>\n<script type=\"application\/ld+json\" class=\"yoast-schema-graph\">{\"@context\":\"https:\/\/schema.org\",\"@graph\":[{\"@type\":\"WebPage\",\"@id\":\"https:\/\/www.manaus.am.gov.br\/semcom\/visita-consules-e-embaixador\/\",\"url\":\"https:\/\/www.manaus.am.gov.br\/semcom\/visita-consules-e-embaixador\/\",\"name\":\"Prefeito David Almeida recebe c\u00f4nsules e embaixador no Centro de Coopera\u00e7\u00e3o da Cidade e fortalece la\u00e7os internacionais\",\"isPartOf\":{\"@id\":\"https:\/\/www.manaus.am.gov.br\/semcom\/#website\"},\"primaryImageOfPage\":{\"@id\":\"https:\/\/www.manaus.am.gov.br\/semcom\/visita-consules-e-embaixador\/#primaryimage\"},\"image\":{\"@id\":\"https:\/\/www.manaus.am.gov.br\/semcom\/visita-consules-e-embaixador\/#primaryimage\"},\"thumbnailUrl\":\"https:\/\/www.manaus.am.gov.br\/semcom\/wp-content\/uploads\/sites\/5\/2025\/04\/WhatsApp-Image-2025-04-10-at-17.50.30.jpeg\",\"datePublished\":\"2025-04-10T21:53:45+00:00\",\"dateModified\":\"2025-04-10T21:53:45+00:00\",\"author\":{\"@id\":\"https:\/\/www.manaus.am.gov.br\/semcom\/#\/schema\/person\/466a0e03ae4b6062809046bd560ac955\"},\"description\":\"O prefeito de Manaus, David Almeida, recebeu, nesta quinta-feira, 10\/4, no Centro de Coopera\u00e7\u00e3o da Cidade (CCC), na zona Centro-Sul, a visita de representantes diplom\u00e1ticos de tr\u00eas na\u00e7\u00f5es: o c\u00f4nsul-geral do Jap\u00e3o em Manaus, Yuichi Miyagawa, o c\u00f4nsul de Portugal, Ant\u00f4nio Humberto de Matos Figueiredo, e o embaixador da It\u00e1lia, Alessandro Cortese. A agenda, articulada em parceria com a 24\u00aa Comiss\u00e3o de Turismo e Rela\u00e7\u00f5es Internacionais da C\u00e2mara Municipal de Manaus (CMM), teve como objetivo ampliar o di\u00e1logo institucional e estreitar rela\u00e7\u00f5es de coopera\u00e7\u00e3o entre a capital amazonense e os respectivos pa\u00edses.\",\"inLanguage\":\"pt-BR\",\"potentialAction\":[{\"@type\":\"ReadAction\",\"target\":[\"https:\/\/www.manaus.am.gov.br\/semcom\/visita-consules-e-embaixador\/\"]}]},{\"@type\":\"ImageObject\",\"inLanguage\":\"pt-BR\",\"@id\":\"https:\/\/www.manaus.am.gov.br\/semcom\/visita-consules-e-embaixador\/#primaryimage\",\"url\":\"https:\/\/www.manaus.am.gov.br\/semcom\/wp-content\/uploads\/sites\/5\/2025\/04\/WhatsApp-Image-2025-04-10-at-17.50.30.jpeg\",\"contentUrl\":\"https:\/\/www.manaus.am.gov.br\/semcom\/wp-content\/uploads\/sites\/5\/2025\/04\/WhatsApp-Image-2025-04-10-at-17.50.30.jpeg\",\"width\":1600,\"height\":1066},{\"@type\":\"WebSite\",\"@id\":\"https:\/\/www.manaus.am.gov.br\/semcom\/#website\",\"url\":\"https:\/\/www.manaus.am.gov.br\/semcom\/\",\"name\":\"SEMCOM\",\"description\":\"Secretaria Municipal de Comunica\u00e7\u00e3o\",\"potentialAction\":[{\"@type\":\"SearchAction\",\"target\":{\"@type\":\"EntryPoint\",\"urlTemplate\":\"https:\/\/www.manaus.am.gov.br\/semcom\/?s={search_term_string}\"},\"query-input\":\"required name=search_term_string\"}],\"inLanguage\":\"pt-BR\"},{\"@type\":\"Person\",\"@id\":\"https:\/\/www.manaus.am.gov.br\/semcom\/#\/schema\/person\/466a0e03ae4b6062809046bd560ac955\",\"name\":\"bvalente\",\"image\":{\"@type\":\"ImageObject\",\"inLanguage\":\"pt-BR\",\"@id\":\"https:\/\/www.manaus.am.gov.br\/semcom\/#\/schema\/person\/image\/\",\"url\":\"https:\/\/secure.gravatar.com\/avatar\/3e69bc2b014bdad41adfec3a39de07d2?s=96&d=mm&r=g\",\"contentUrl\":\"https:\/\/secure.gravatar.com\/avatar\/3e69bc2b014bdad41adfec3a39de07d2?s=96&d=mm&r=g\",\"caption\":\"bvalente\"}}]}<\/script>\n<!-- \/ Yoast SEO plugin. -->","yoast_head_json":{"title":"Prefeito David Almeida recebe c\u00f4nsules e embaixador no Centro de Coopera\u00e7\u00e3o da Cidade e fortalece la\u00e7os internacionais","description":"O prefeito de Manaus, David Almeida, recebeu, nesta quinta-feira, 10\/4, no Centro de Coopera\u00e7\u00e3o da Cidade (CCC), na zona Centro-Sul, a visita de representantes diplom\u00e1ticos de tr\u00eas na\u00e7\u00f5es: o c\u00f4nsul-geral do Jap\u00e3o em Manaus, Yuichi Miyagawa, o c\u00f4nsul de Portugal, Ant\u00f4nio Humberto de Matos Figueiredo, e o embaixador da It\u00e1lia, Alessandro Cortese. A agenda, articulada em parceria com a 24\u00aa Comiss\u00e3o de Turismo e Rela\u00e7\u00f5es Internacionais da C\u00e2mara Municipal de Manaus (CMM), teve como objetivo ampliar o di\u00e1logo institucional e estreitar rela\u00e7\u00f5es de coopera\u00e7\u00e3o entre a capital amazonense e os respectivos pa\u00edses.","robots":{"index":"index","follow":"follow","max-snippet":"max-snippet:-1","max-image-preview":"max-image-preview:large","max-video-preview":"max-video-preview:-1"},"canonical":"https:\/\/www.manaus.am.gov.br\/semcom\/visita-consules-e-embaixador\/","og_locale":"pt_BR","og_type":"article","og_title":"Prefeito David Almeida recebe c\u00f4nsules e embaixador no Centro de Coopera\u00e7\u00e3o da Cidade e fortalece la\u00e7os internacionais","og_description":"O prefeito de Manaus, David Almeida, recebeu, nesta quinta-feira, 10\/4, no Centro de Coopera\u00e7\u00e3o da Cidade (CCC), na zona Centro-Sul, a visita de representantes diplom\u00e1ticos de tr\u00eas na\u00e7\u00f5es: o c\u00f4nsul-geral do Jap\u00e3o em Manaus, Yuichi Miyagawa, o c\u00f4nsul de Portugal, Ant\u00f4nio Humberto de Matos Figueiredo, e o embaixador da It\u00e1lia, Alessandro Cortese. A agenda, articulada em parceria com a 24\u00aa Comiss\u00e3o de Turismo e Rela\u00e7\u00f5es Internacionais da C\u00e2mara Municipal de Manaus (CMM), teve como objetivo ampliar o di\u00e1logo institucional e estreitar rela\u00e7\u00f5es de coopera\u00e7\u00e3o entre a capital amazonense e os respectivos pa\u00edses.","og_url":"https:\/\/www.manaus.am.gov.br\/semcom\/visita-consules-e-embaixador\/","og_site_name":"SEMCOM","article_published_time":"2025-04-10T21:53:45+00:00","og_image":[{"width":1600,"height":1066,"url":"https:\/\/www.manaus.am.gov.br\/semcom\/wp-content\/uploads\/sites\/5\/2025\/04\/WhatsApp-Image-2025-04-10-at-17.50.30.jpeg","type":"image\/jpeg"}],"author":"bvalente","twitter_card":"summary_large_image","twitter_misc":{"Written by":"bvalente","Est. reading time":"4 minutos"},"schema":{"@context":"https:\/\/schema.org","@graph":[{"@type":"WebPage","@id":"https:\/\/www.manaus.am.gov.br\/semcom\/visita-consules-e-embaixador\/","url":"https:\/\/www.manaus.am.gov.br\/semcom\/visita-consules-e-embaixador\/","name":"Prefeito David Almeida recebe c\u00f4nsules e embaixador no Centro de Coopera\u00e7\u00e3o da Cidade e fortalece la\u00e7os internacionais","isPartOf":{"@id":"https:\/\/www.manaus.am.gov.br\/semcom\/#website"},"primaryImageOfPage":{"@id":"https:\/\/www.manaus.am.gov.br\/semcom\/visita-consules-e-embaixador\/#primaryimage"},"image":{"@id":"https:\/\/www.manaus.am.gov.br\/semcom\/visita-consules-e-embaixador\/#primaryimage"},"thumbnailUrl":"https:\/\/www.manaus.am.gov.br\/semcom\/wp-content\/uploads\/sites\/5\/2025\/04\/WhatsApp-Image-2025-04-10-at-17.50.30.jpeg","datePublished":"2025-04-10T21:53:45+00:00","dateModified":"2025-04-10T21:53:45+00:00","author":{"@id":"https:\/\/www.manaus.am.gov.br\/semcom\/#\/schema\/person\/466a0e03ae4b6062809046bd560ac955"},"description":"O prefeito de Manaus, David Almeida, recebeu, nesta quinta-feira, 10\/4, no Centro de Coopera\u00e7\u00e3o da Cidade (CCC), na zona Centro-Sul, a visita de representantes diplom\u00e1ticos de tr\u00eas na\u00e7\u00f5es: o c\u00f4nsul-geral do Jap\u00e3o em Manaus, Yuichi Miyagawa, o c\u00f4nsul de Portugal, Ant\u00f4nio Humberto de Matos Figueiredo, e o embaixador da It\u00e1lia, Alessandro Cortese. A agenda, articulada em parceria com a 24\u00aa Comiss\u00e3o de Turismo e Rela\u00e7\u00f5es Internacionais da C\u00e2mara Municipal de Manaus (CMM), teve como objetivo ampliar o di\u00e1logo institucional e estreitar rela\u00e7\u00f5es de coopera\u00e7\u00e3o entre a capital amazonense e os respectivos pa\u00edses.","inLanguage":"pt-BR","potentialAction":[{"@type":"ReadAction","target":["https:\/\/www.manaus.am.gov.br\/semcom\/visita-consules-e-embaixador\/"]}]},{"@type":"ImageObject","inLanguage":"pt-BR","@id":"https:\/\/www.manaus.am.gov.br\/semcom\/visita-consules-e-embaixador\/#primaryimage","url":"https:\/\/www.manaus.am.gov.br\/semcom\/wp-content\/uploads\/sites\/5\/2025\/04\/WhatsApp-Image-2025-04-10-at-17.50.30.jpeg","contentUrl":"https:\/\/www.manaus.am.gov.br\/semcom\/wp-content\/uploads\/sites\/5\/2025\/04\/WhatsApp-Image-2025-04-10-at-17.50.30.jpeg","width":1600,"height":1066},{"@type":"WebSite","@id":"https:\/\/www.manaus.am.gov.br\/semcom\/#website","url":"https:\/\/www.manaus.am.gov.br\/semcom\/","name":"SEMCOM","description":"Secretaria Municipal de Comunica\u00e7\u00e3o","potentialAction":[{"@type":"SearchAction","target":{"@type":"EntryPoint","urlTemplate":"https:\/\/www.manaus.am.gov.br\/semcom\/?s={search_term_string}"},"query-input":"required name=search_term_string"}],"inLanguage":"pt-BR"},{"@type":"Person","@id":"https:\/\/www.manaus.am.gov.br\/semcom\/#\/schema\/person\/466a0e03ae4b6062809046bd560ac955","name":"bvalente","image":{"@type":"ImageObject","inLanguage":"pt-BR","@id":"https:\/\/www.manaus.am.gov.br\/semcom\/#\/schema\/person\/image\/","url":"https:\/\/secure.gravatar.com\/avatar\/3e69bc2b014bdad41adfec3a39de07d2?s=96&d=mm&r=g","contentUrl":"https:\/\/secure.gravatar.com\/avatar\/3e69bc2b014bdad41adfec3a39de07d2?s=96&d=mm&r=g","caption":"bvalente"}}]}},"_links":{"self":[{"href":"https:\/\/www.manaus.am.gov.br\/semcom\/wp-json\/wp\/v2\/posts\/237419"}],"collection":[{"href":"https:\/\/www.manaus.am.gov.br\/semcom\/wp-json\/wp\/v2\/posts"}],"about":[{"href":"https:\/\/www.manaus.am.gov.br\/semcom\/wp-json\/wp\/v2\/types\/post"}],"author":[{"embeddable":true,"href":"https:\/\/www.manaus.am.gov.br\/semcom\/wp-json\/wp\/v2\/users\/68"}],"replies":[{"embeddable":true,"href":"https:\/\/www.manaus.am.gov.br\/semcom\/wp-json\/wp\/v2\/comments?post=237419"}],"version-history":[{"count":1,"href":"https:\/\/www.manaus.am.gov.br\/semcom\/wp-json\/wp\/v2\/posts\/237419\/revisions"}],"predecessor-version":[{"id":237422,"href":"https:\/\/www.manaus.am.gov.br\/semcom\/wp-json\/wp\/v2\/posts\/237419\/revisions\/237422"}],"wp:featuredmedia":[{"embeddable":true,"href":"https:\/\/www.manaus.am.gov.br\/semcom\/wp-json\/wp\/v2\/media\/237421"}],"wp:attachment":[{"href":"https:\/\/www.manaus.am.gov.br\/semcom\/wp-json\/wp\/v2\/media?parent=237419"}],"wp:term":[{"taxonomy":"category","embeddable":true,"href":"https:\/\/www.manaus.am.gov.br\/semcom\/wp-json\/wp\/v2\/categories?post=237419"},{"taxonomy":"post_tag","embeddable":true,"href":"https:\/\/www.manaus.am.gov.br\/semcom\/wp-json\/wp\/v2\/tags?post=237419"}],"curies":[{"name":"wp","href":"https:\/\/api.w.org\/{rel}","templated":true}]}}